{"id":4823,"date":"2025-02-14T13:35:27","date_gmt":"2025-02-14T12:35:27","guid":{"rendered":"https:\/\/www.studio-klara.cz\/?p=4823"},"modified":"2025-07-04T10:46:09","modified_gmt":"2025-07-04T08:46:09","slug":"nostalgickou-chvilka","status":"publish","type":"post","link":"https:\/\/d.r1.wbsprt.com\/studio-klara.cz\/nostalgickou-chvilka\/","title":{"rendered":"Nostalgick\u00e1 chvilka"},"content":{"rendered":"<div class=\"x11i5rnm xat24cr x1mh8g0r x1vvkbs xdj266r x126k92a\">\n<div dir=\"auto\">N\u011bkdy m\u00e1me nostalgickou chvilku a vzpom\u00edn\u00e1me. Vzpom\u00edn\u00e1me na dobu p\u0159ed Covidem, kdy lid\u00e9 voln\u011b sportovali a z\u00faro\u010dovali sv\u00e9 \u00fasil\u00ed. Tenkr\u00e1te bylo v\u0161e v po\u0159\u00e1dku a my se v Odd\u00edle \u0160EMBI p\u0159ipravovali na ka\u017edou sout\u011b\u017en\u00ed sez\u00f3nu. P\u0159\u00edprava zahrnovala objemov\u00e9 p\u0159ej\u00edd\u00e1n\u00ed, tvarovac\u00ed \u010d\u00e1st a z\u00e1v\u011b\u0159e\u010dn\u00e9 t\u011b\u017ek\u00e9 diety. Cvi\u010dili jsme, makali, nad\u00e1vali, \u017ee u\u017e nikdy v\u00edce, \u017ee tahle dieta je posledn\u00ed, padali na zem. Ale je\u0161t\u011b v\u00edce jsme se radovali, brali jsme medaile, \u00fa\u010dastnili se v\u00fdb\u011brov\u00fdch soust\u0159ed\u011bn\u00ed, po\u0159\u00e1dali jsme sout\u011b\u017ee&#8230; byli jsme v Chorvatsku, kter\u00e9 bylo sv\u00e9ho \u010dasu legend\u00e1rn\u00ed <span class=\"x3nfvp2 x1j61x8r x1fcty0u xdj266r xhhsvwb xat24cr xgzva0m xxymvpz xlup9mm x1kky2od\"><img decoding=\"async\" src=\"https:\/\/static.xx.fbcdn.net\/images\/emoji.php\/v9\/t5b\/1.5\/16\/1f60d.png\" alt=\"\ud83d\ude0d\" width=\"16\" height=\"16\" \/><\/span>. Ale p\u0159edev\u0161\u00edm jsme \u017eili pro fitness a p\u0159\u00e1telstv\u00ed. Ta atmosf\u00e9ra a spole\u010dn\u00fd c\u00edl, to n\u00e1s spojovalo v\u00edc, ne\u017e cokoli jin\u00e9ho. Nyn\u00ed m\u016f\u017eeme znovu opravdu cvi\u010dit a vytv\u00e1\u0159et ty c\u00edle znovu a znovu. Poj\u010fme op\u011bt obnovit tradici a \u010dest na\u0161eho odd\u00edlu<span class=\"x3nfvp2 x1j61x8r x1fcty0u xdj266r xhhsvwb xat24cr xgzva0m xxymvpz xlup9mm x1kky2od\"><img decoding=\"async\" src=\"https:\/\/static.xx.fbcdn.net\/images\/emoji.php\/v9\/t82\/1.5\/16\/263a.png\" alt=\"\u263a\ufe0f\" width=\"16\" height=\"16\" \/><\/span>. \u010clenem nem\u016f\u017ee b\u00fdt \u00fapln\u011b ka\u017ed\u00fd, ale to neznamen\u00e1, \u017ee to nem\u016f\u017eeme zkusit&#8230; sta\u010d\u00ed se ozvat a \u0159\u00edct &#8220;j\u00e1 CHCI&#8221;. Osobn\u011b? Mailem &#8211; styd\u00ed\u0161 se? Ok..<\/div>\n<div dir=\"auto\">Roman<\/div>\n<div dir=\"auto\">kuca.solaria-shark@seznam.cz<\/div>\n<\/div>\n<div class=\"x11i5rnm xat24cr x1mh8g0r x1vvkbs xtlvy1s x126k92a\">\n<div dir=\"auto\">T\u0159eba zrovna TY bude\u0161 v dal\u0161\u00ed galerii&#8230;<\/div>\n<\/div>\n","protected":false},"excerpt":{"rendered":"<p>N\u011bkdy m\u00e1me nostalgickou chvilku a vzpom\u00edn\u00e1me. Vzpom\u00edn\u00e1me na dobu p\u0159ed Covidem, kdy lid\u00e9 voln\u011b sportovali a z\u00faro\u010dovali sv\u00e9 \u00fasil\u00ed. Tenkr\u00e1te bylo v\u0161e v po\u0159\u00e1dku a my se v Odd\u00edle \u0160EMBI p\u0159ipravovali na ka\u017edou sout\u011b\u017en\u00ed sez\u00f3nu. P\u0159\u00edprava zahrnovala objemov\u00e9 p\u0159ej\u00edd\u00e1n\u00ed, tvarovac\u00ed \u010d\u00e1st a z\u00e1v\u011b\u0159e\u010dn\u00e9 t\u011b\u017ek\u00e9 diety. Cvi\u010dili jsme, makali, nad\u00e1vali, \u017ee u\u017e nikdy v\u00edce, \u017ee tahle [&hellip;]<\/p>\n","protected":false},"author":2,"featured_media":4824,"comment_status":"open","ping_status":"open","sticky":false,"template":"","format":"standard","meta":{"footnotes":""},"categories":[248,478,337,338],"tags":[],"class_list":["post-4823","post","type-post","status-publish","format-standard","has-post-thumbnail","hentry","category-fitness","category-kulturisticky-oddil-sembi","category-studio-bohumin","category-studio-orlova"],"_links":{"self":[{"href":"https:\/\/d.r1.wbsprt.com\/studio-klara.cz\/wp-json\/wp\/v2\/posts\/4823","targetHints":{"allow":["GET"]}}],"collection":[{"href":"https:\/\/d.r1.wbsprt.com\/studio-klara.cz\/wp-json\/wp\/v2\/posts"}],"about":[{"href":"https:\/\/d.r1.wbsprt.com\/studio-klara.cz\/wp-json\/wp\/v2\/types\/post"}],"author":[{"embeddable":true,"href":"https:\/\/d.r1.wbsprt.com\/studio-klara.cz\/wp-json\/wp\/v2\/users\/2"}],"replies":[{"embeddable":true,"href":"https:\/\/d.r1.wbsprt.com\/studio-klara.cz\/wp-json\/wp\/v2\/comments?post=4823"}],"version-history":[{"count":2,"href":"https:\/\/d.r1.wbsprt.com\/studio-klara.cz\/wp-json\/wp\/v2\/posts\/4823\/revisions"}],"predecessor-version":[{"id":5120,"href":"https:\/\/d.r1.wbsprt.com\/studio-klara.cz\/wp-json\/wp\/v2\/posts\/4823\/revisions\/5120"}],"wp:featuredmedia":[{"embeddable":true,"href":"https:\/\/d.r1.wbsprt.com\/studio-klara.cz\/wp-json\/wp\/v2\/media\/4824"}],"wp:attachment":[{"href":"https:\/\/d.r1.wbsprt.com\/studio-klara.cz\/wp-json\/wp\/v2\/media?parent=4823"}],"wp:term":[{"taxonomy":"category","embeddable":true,"href":"https:\/\/d.r1.wbsprt.com\/studio-klara.cz\/wp-json\/wp\/v2\/categories?post=4823"},{"taxonomy":"post_tag","embeddable":true,"href":"https:\/\/d.r1.wbsprt.com\/studio-klara.cz\/wp-json\/wp\/v2\/tags?post=4823"}],"curies":[{"name":"wp","href":"https:\/\/api.w.org\/{rel}","templated":true}]}}