{"id":757,"date":"2024-02-22T20:30:54","date_gmt":"2024-02-22T19:30:54","guid":{"rendered":"https:\/\/www.lemra.net\/?p=757"},"modified":"2024-02-22T20:30:56","modified_gmt":"2024-02-22T19:30:56","slug":"jeju-ostrov-prirodnych-kras-a-pokojnych-zakuti","status":"publish","type":"post","link":"https:\/\/d.r1.wbsprt.com\/lemra.net\/jeju-ostrov-prirodnych-kras-a-pokojnych-zakuti\/","title":{"rendered":"Jeju: Ostrov pr\u00edrodn\u00fdch kr\u00e1s a pokojn\u00fdch z\u00e1kut\u00ed"},"content":{"rendered":"\n<h4 class=\"wp-block-heading\">\u00davod do K\u00fazla Jeju<\/h4>\n\n\n\n<p>Po rannom odlete z Busanu sa ocitneme na \u00fachvatnom ostrove Jeju. Na programe m\u00e1me n\u00e1v\u0161tevu l\u00e1vov\u00fdch tunelov Manjanggul, kde si m\u00f4\u017eeme vychutna\u0165 jedine\u010dn\u00e9 pr\u00edrodn\u00e9 \u00fatvary vytvoren\u00e9 l\u00e1vov\u00fdmi v\u00fdlevmi. N\u00e1sledne sa vyberieme na pl\u00e1\u017e Hamdeok Beach, kde si doprajeme oddych na pieso\u010dn\u00fdch pl\u00e1\u017each a k\u00fapanie v jasnej vode Ju\u017en\u00e9ho mora.<\/p>\n\n\n\n<h4 class=\"wp-block-heading\">Vrcholn\u00e9 Z\u00e1\u017eitky na Hore Hallasan<\/h4>\n\n\n\n<p>Posledn\u00fd de\u0148 n\u00e1\u0161ho dobrodru\u017estva sa za\u010dne v\u00fdletom na Horu Hallasan, najvy\u0161\u0161\u00ed vrchol Ju\u017enej K\u00f3rey. Urob\u00edme si turistick\u00fa prech\u00e1dzku v okol\u00ed vrchu a obdivujeme n\u00e1dhern\u00fa pr\u00edrodu tohto miesta. Po n\u00e1vrate sa vyberieme na letisko v Jeju a prilet\u00edme sp\u00e4\u0165 do Soulu, kde sa n\u00e1\u0161 nezabudnute\u013en\u00fd v\u00fdlet zakon\u010d\u00ed.<\/p>\n","protected":false},"excerpt":{"rendered":"<p>\u00davod do K\u00fazla Jeju Po rannom odlete z Busanu sa ocitneme na \u00fachvatnom ostrove Jeju. Na programe m\u00e1me n\u00e1v\u0161tevu l\u00e1vov\u00fdch tunelov Manjanggul, kde si m\u00f4\u017eeme vychutna\u0165 jedine\u010dn\u00e9 pr\u00edrodn\u00e9 \u00fatvary vytvoren\u00e9 l\u00e1vov\u00fdmi v\u00fdlevmi. N\u00e1sledne sa vyberieme na pl\u00e1\u017e Hamdeok Beach, kde si doprajeme oddych na pieso\u010dn\u00fdch pl\u00e1\u017each a k\u00fapanie v jasnej vode Ju\u017en\u00e9ho mora. Vrcholn\u00e9 Z\u00e1\u017eitky [&hellip;]<\/p>\n","protected":false},"author":2,"featured_media":0,"comment_status":"open","ping_status":"open","sticky":false,"template":"","format":"standard","meta":{"footnotes":""},"categories":[23,35,32],"tags":[5,10,9],"class_list":["post-757","post","type-post","status-publish","format-standard","hentry","category-azia","category-jeju","category-juzna-korea","tag-cestovanie","tag-dovolenka","tag-more"],"yoast_head":"<!-- This site is optimized with the Yoast SEO plugin v23.5 - https:\/\/yoast.com\/wordpress\/plugins\/seo\/ -->\n<title>Jeju: Ostrov pr\u00edrodn\u00fdch kr\u00e1s a pokojn\u00fdch z\u00e1kut\u00ed - LeMra<\/title>\n<meta name=\"description\" content=\"Po rannom odlete z Busanu sa ocitneme na \u00fachvatnom ostrove Jeju. Na programe je hne\u010f nieko\u013eko miest, ktor\u00e9 utkvej\u00fa v pam\u00e4ti.\" \/>\n<meta name=\"robots\" content=\"index, follow, max-snippet:-1, max-image-preview:large, max-video-preview:-1\" \/>\n<link rel=\"canonical\" href=\"https:\/\/www.lemra.net\/jeju-ostrov-prirodnych-kras-a-pokojnych-zakuti\/\" \/>\n<meta property=\"og:locale\" content=\"sk_SK\" \/>\n<meta property=\"og:type\" content=\"article\" \/>\n<meta property=\"og:title\" content=\"Jeju: Ostrov pr\u00edrodn\u00fdch kr\u00e1s a pokojn\u00fdch z\u00e1kut\u00ed - LeMra\" \/>\n<meta property=\"og:description\" content=\"Po rannom odlete z Busanu sa ocitneme na \u00fachvatnom ostrove Jeju. Na programe je hne\u010f nieko\u013eko miest, ktor\u00e9 utkvej\u00fa v pam\u00e4ti.\" \/>\n<meta property=\"og:url\" content=\"https:\/\/www.lemra.net\/jeju-ostrov-prirodnych-kras-a-pokojnych-zakuti\/\" \/>\n<meta property=\"og:site_name\" content=\"LeMra\" \/>\n<meta property=\"article:publisher\" content=\"https:\/\/www.facebook.com\/LEMRAblog\" \/>\n<meta property=\"article:published_time\" content=\"2024-02-22T19:30:54+00:00\" \/>\n<meta property=\"article:modified_time\" content=\"2024-02-22T19:30:56+00:00\" \/>\n<meta name=\"author\" content=\"Matty\" \/>\n<meta name=\"twitter:card\" content=\"summary_large_image\" \/>\n<meta name=\"twitter:label1\" content=\"Autor\" \/>\n\t<meta name=\"twitter:data1\" content=\"Matty\" \/>\n\t<meta name=\"twitter:label2\" content=\"Predpokladan\u00fd \u010das \u010d\u00edtania\" \/>\n\t<meta name=\"twitter:data2\" content=\"1 min\u00fata\" \/>\n<script type=\"application\/ld+json\" class=\"yoast-schema-graph\">{\"@context\":\"https:\/\/schema.org\",\"@graph\":[{\"@type\":\"Article\",\"@id\":\"https:\/\/www.lemra.net\/jeju-ostrov-prirodnych-kras-a-pokojnych-zakuti\/#article\",\"isPartOf\":{\"@id\":\"https:\/\/www.lemra.net\/jeju-ostrov-prirodnych-kras-a-pokojnych-zakuti\/\"},\"author\":{\"name\":\"Matty\",\"@id\":\"https:\/\/www.lemra.net\/#\/schema\/person\/cd97e55b160800374e6002960dbd4258\"},\"headline\":\"Jeju: Ostrov pr\u00edrodn\u00fdch kr\u00e1s a pokojn\u00fdch z\u00e1kut\u00ed\",\"datePublished\":\"2024-02-22T19:30:54+00:00\",\"dateModified\":\"2024-02-22T19:30:56+00:00\",\"mainEntityOfPage\":{\"@id\":\"https:\/\/www.lemra.net\/jeju-ostrov-prirodnych-kras-a-pokojnych-zakuti\/\"},\"wordCount\":150,\"commentCount\":0,\"publisher\":{\"@id\":\"https:\/\/www.lemra.net\/#organization\"},\"keywords\":[\"cestovanie\",\"dovolenka\",\"more\"],\"articleSection\":[\"\u00c1zia\",\"Jeju\",\"Ju\u017en\u00e1 K\u00f3rea\"],\"inLanguage\":\"sk-SK\",\"potentialAction\":[{\"@type\":\"CommentAction\",\"name\":\"Comment\",\"target\":[\"https:\/\/www.lemra.net\/jeju-ostrov-prirodnych-kras-a-pokojnych-zakuti\/#respond\"]}]},{\"@type\":\"WebPage\",\"@id\":\"https:\/\/www.lemra.net\/jeju-ostrov-prirodnych-kras-a-pokojnych-zakuti\/\",\"url\":\"https:\/\/www.lemra.net\/jeju-ostrov-prirodnych-kras-a-pokojnych-zakuti\/\",\"name\":\"Jeju: Ostrov pr\u00edrodn\u00fdch kr\u00e1s a pokojn\u00fdch z\u00e1kut\u00ed - LeMra\",\"isPartOf\":{\"@id\":\"https:\/\/www.lemra.net\/#website\"},\"datePublished\":\"2024-02-22T19:30:54+00:00\",\"dateModified\":\"2024-02-22T19:30:56+00:00\",\"description\":\"Po rannom odlete z Busanu sa ocitneme na \u00fachvatnom ostrove Jeju. Na programe je hne\u010f nieko\u013eko miest, ktor\u00e9 utkvej\u00fa v pam\u00e4ti.\",\"breadcrumb\":{\"@id\":\"https:\/\/www.lemra.net\/jeju-ostrov-prirodnych-kras-a-pokojnych-zakuti\/#breadcrumb\"},\"inLanguage\":\"sk-SK\",\"potentialAction\":[{\"@type\":\"ReadAction\",\"target\":[\"https:\/\/www.lemra.net\/jeju-ostrov-prirodnych-kras-a-pokojnych-zakuti\/\"]}]},{\"@type\":\"BreadcrumbList\",\"@id\":\"https:\/\/www.lemra.net\/jeju-ostrov-prirodnych-kras-a-pokojnych-zakuti\/#breadcrumb\",\"itemListElement\":[{\"@type\":\"ListItem\",\"position\":1,\"name\":\"Home\",\"item\":\"https:\/\/www.lemra.net\/\"},{\"@type\":\"ListItem\",\"position\":2,\"name\":\"Jeju: Ostrov pr\u00edrodn\u00fdch kr\u00e1s a pokojn\u00fdch z\u00e1kut\u00ed\"}]},{\"@type\":\"WebSite\",\"@id\":\"https:\/\/www.lemra.net\/#website\",\"url\":\"https:\/\/www.lemra.net\/\",\"name\":\"LeMra\",\"description\":\"na cest\u00e1ch\",\"publisher\":{\"@id\":\"https:\/\/www.lemra.net\/#organization\"},\"potentialAction\":[{\"@type\":\"SearchAction\",\"target\":{\"@type\":\"EntryPoint\",\"urlTemplate\":\"https:\/\/www.lemra.net\/?s={search_term_string}\"},\"query-input\":{\"@type\":\"PropertyValueSpecification\",\"valueRequired\":true,\"valueName\":\"search_term_string\"}}],\"inLanguage\":\"sk-SK\"},{\"@type\":\"Organization\",\"@id\":\"https:\/\/www.lemra.net\/#organization\",\"name\":\"LeMra\",\"url\":\"https:\/\/www.lemra.net\/\",\"logo\":{\"@type\":\"ImageObject\",\"inLanguage\":\"sk-SK\",\"@id\":\"https:\/\/www.lemra.net\/#\/schema\/logo\/image\/\",\"url\":\"https:\/\/d.r1.wbsprt.com\/lemra.net\/wp-content\/uploads\/2023\/05\/Lemra_logo_PNG-e1683057579929.png\",\"contentUrl\":\"https:\/\/d.r1.wbsprt.com\/lemra.net\/wp-content\/uploads\/2023\/05\/Lemra_logo_PNG-e1683057579929.png\",\"width\":250,\"height\":79,\"caption\":\"LeMra\"},\"image\":{\"@id\":\"https:\/\/www.lemra.net\/#\/schema\/logo\/image\/\"},\"sameAs\":[\"https:\/\/www.facebook.com\/LEMRAblog\"]},{\"@type\":\"Person\",\"@id\":\"https:\/\/www.lemra.net\/#\/schema\/person\/cd97e55b160800374e6002960dbd4258\",\"name\":\"Matty\",\"image\":{\"@type\":\"ImageObject\",\"inLanguage\":\"sk-SK\",\"@id\":\"https:\/\/www.lemra.net\/#\/schema\/person\/image\/\",\"url\":\"https:\/\/secure.gravatar.com\/avatar\/7a3444cac71871aaf370d211c1372e39?s=96&d=mm&r=g\",\"contentUrl\":\"https:\/\/secure.gravatar.com\/avatar\/7a3444cac71871aaf370d211c1372e39?s=96&d=mm&r=g\",\"caption\":\"Matty\"},\"url\":\"https:\/\/d.r1.wbsprt.com\/lemra.net\/author\/matthew\/\"}]}<\/script>\n<!-- \/ Yoast SEO plugin. -->","yoast_head_json":{"title":"Jeju: Ostrov pr\u00edrodn\u00fdch kr\u00e1s a pokojn\u00fdch z\u00e1kut\u00ed - LeMra","description":"Po rannom odlete z Busanu sa ocitneme na \u00fachvatnom ostrove Jeju. Na programe je hne\u010f nieko\u013eko miest, ktor\u00e9 utkvej\u00fa v pam\u00e4ti.","robots":{"index":"index","follow":"follow","max-snippet":"max-snippet:-1","max-image-preview":"max-image-preview:large","max-video-preview":"max-video-preview:-1"},"canonical":"https:\/\/www.lemra.net\/jeju-ostrov-prirodnych-kras-a-pokojnych-zakuti\/","og_locale":"sk_SK","og_type":"article","og_title":"Jeju: Ostrov pr\u00edrodn\u00fdch kr\u00e1s a pokojn\u00fdch z\u00e1kut\u00ed - LeMra","og_description":"Po rannom odlete z Busanu sa ocitneme na \u00fachvatnom ostrove Jeju. Na programe je hne\u010f nieko\u013eko miest, ktor\u00e9 utkvej\u00fa v pam\u00e4ti.","og_url":"https:\/\/www.lemra.net\/jeju-ostrov-prirodnych-kras-a-pokojnych-zakuti\/","og_site_name":"LeMra","article_publisher":"https:\/\/www.facebook.com\/LEMRAblog","article_published_time":"2024-02-22T19:30:54+00:00","article_modified_time":"2024-02-22T19:30:56+00:00","author":"Matty","twitter_card":"summary_large_image","twitter_misc":{"Autor":"Matty","Predpokladan\u00fd \u010das \u010d\u00edtania":"1 min\u00fata"},"schema":{"@context":"https:\/\/schema.org","@graph":[{"@type":"Article","@id":"https:\/\/www.lemra.net\/jeju-ostrov-prirodnych-kras-a-pokojnych-zakuti\/#article","isPartOf":{"@id":"https:\/\/www.lemra.net\/jeju-ostrov-prirodnych-kras-a-pokojnych-zakuti\/"},"author":{"name":"Matty","@id":"https:\/\/www.lemra.net\/#\/schema\/person\/cd97e55b160800374e6002960dbd4258"},"headline":"Jeju: Ostrov pr\u00edrodn\u00fdch kr\u00e1s a pokojn\u00fdch z\u00e1kut\u00ed","datePublished":"2024-02-22T19:30:54+00:00","dateModified":"2024-02-22T19:30:56+00:00","mainEntityOfPage":{"@id":"https:\/\/www.lemra.net\/jeju-ostrov-prirodnych-kras-a-pokojnych-zakuti\/"},"wordCount":150,"commentCount":0,"publisher":{"@id":"https:\/\/www.lemra.net\/#organization"},"keywords":["cestovanie","dovolenka","more"],"articleSection":["\u00c1zia","Jeju","Ju\u017en\u00e1 K\u00f3rea"],"inLanguage":"sk-SK","potentialAction":[{"@type":"CommentAction","name":"Comment","target":["https:\/\/www.lemra.net\/jeju-ostrov-prirodnych-kras-a-pokojnych-zakuti\/#respond"]}]},{"@type":"WebPage","@id":"https:\/\/www.lemra.net\/jeju-ostrov-prirodnych-kras-a-pokojnych-zakuti\/","url":"https:\/\/www.lemra.net\/jeju-ostrov-prirodnych-kras-a-pokojnych-zakuti\/","name":"Jeju: Ostrov pr\u00edrodn\u00fdch kr\u00e1s a pokojn\u00fdch z\u00e1kut\u00ed - LeMra","isPartOf":{"@id":"https:\/\/www.lemra.net\/#website"},"datePublished":"2024-02-22T19:30:54+00:00","dateModified":"2024-02-22T19:30:56+00:00","description":"Po rannom odlete z Busanu sa ocitneme na \u00fachvatnom ostrove Jeju. Na programe je hne\u010f nieko\u013eko miest, ktor\u00e9 utkvej\u00fa v pam\u00e4ti.","breadcrumb":{"@id":"https:\/\/www.lemra.net\/jeju-ostrov-prirodnych-kras-a-pokojnych-zakuti\/#breadcrumb"},"inLanguage":"sk-SK","potentialAction":[{"@type":"ReadAction","target":["https:\/\/www.lemra.net\/jeju-ostrov-prirodnych-kras-a-pokojnych-zakuti\/"]}]},{"@type":"BreadcrumbList","@id":"https:\/\/www.lemra.net\/jeju-ostrov-prirodnych-kras-a-pokojnych-zakuti\/#breadcrumb","itemListElement":[{"@type":"ListItem","position":1,"name":"Home","item":"https:\/\/www.lemra.net\/"},{"@type":"ListItem","position":2,"name":"Jeju: Ostrov pr\u00edrodn\u00fdch kr\u00e1s a pokojn\u00fdch z\u00e1kut\u00ed"}]},{"@type":"WebSite","@id":"https:\/\/www.lemra.net\/#website","url":"https:\/\/www.lemra.net\/","name":"LeMra","description":"na cest\u00e1ch","publisher":{"@id":"https:\/\/www.lemra.net\/#organization"},"potentialAction":[{"@type":"SearchAction","target":{"@type":"EntryPoint","urlTemplate":"https:\/\/www.lemra.net\/?s={search_term_string}"},"query-input":{"@type":"PropertyValueSpecification","valueRequired":true,"valueName":"search_term_string"}}],"inLanguage":"sk-SK"},{"@type":"Organization","@id":"https:\/\/www.lemra.net\/#organization","name":"LeMra","url":"https:\/\/www.lemra.net\/","logo":{"@type":"ImageObject","inLanguage":"sk-SK","@id":"https:\/\/www.lemra.net\/#\/schema\/logo\/image\/","url":"https:\/\/d.r1.wbsprt.com\/lemra.net\/wp-content\/uploads\/2023\/05\/Lemra_logo_PNG-e1683057579929.png","contentUrl":"https:\/\/d.r1.wbsprt.com\/lemra.net\/wp-content\/uploads\/2023\/05\/Lemra_logo_PNG-e1683057579929.png","width":250,"height":79,"caption":"LeMra"},"image":{"@id":"https:\/\/www.lemra.net\/#\/schema\/logo\/image\/"},"sameAs":["https:\/\/www.facebook.com\/LEMRAblog"]},{"@type":"Person","@id":"https:\/\/www.lemra.net\/#\/schema\/person\/cd97e55b160800374e6002960dbd4258","name":"Matty","image":{"@type":"ImageObject","inLanguage":"sk-SK","@id":"https:\/\/www.lemra.net\/#\/schema\/person\/image\/","url":"https:\/\/secure.gravatar.com\/avatar\/7a3444cac71871aaf370d211c1372e39?s=96&d=mm&r=g","contentUrl":"https:\/\/secure.gravatar.com\/avatar\/7a3444cac71871aaf370d211c1372e39?s=96&d=mm&r=g","caption":"Matty"},"url":"https:\/\/d.r1.wbsprt.com\/lemra.net\/author\/matthew\/"}]}},"_links":{"self":[{"href":"https:\/\/d.r1.wbsprt.com\/lemra.net\/wp-json\/wp\/v2\/posts\/757"}],"collection":[{"href":"https:\/\/d.r1.wbsprt.com\/lemra.net\/wp-json\/wp\/v2\/posts"}],"about":[{"href":"https:\/\/d.r1.wbsprt.com\/lemra.net\/wp-json\/wp\/v2\/types\/post"}],"author":[{"embeddable":true,"href":"https:\/\/d.r1.wbsprt.com\/lemra.net\/wp-json\/wp\/v2\/users\/2"}],"replies":[{"embeddable":true,"href":"https:\/\/d.r1.wbsprt.com\/lemra.net\/wp-json\/wp\/v2\/comments?post=757"}],"version-history":[{"count":2,"href":"https:\/\/d.r1.wbsprt.com\/lemra.net\/wp-json\/wp\/v2\/posts\/757\/revisions"}],"predecessor-version":[{"id":759,"href":"https:\/\/d.r1.wbsprt.com\/lemra.net\/wp-json\/wp\/v2\/posts\/757\/revisions\/759"}],"wp:attachment":[{"href":"https:\/\/d.r1.wbsprt.com\/lemra.net\/wp-json\/wp\/v2\/media?parent=757"}],"wp:term":[{"taxonomy":"category","embeddable":true,"href":"https:\/\/d.r1.wbsprt.com\/lemra.net\/wp-json\/wp\/v2\/categories?post=757"},{"taxonomy":"post_tag","embeddable":true,"href":"https:\/\/d.r1.wbsprt.com\/lemra.net\/wp-json\/wp\/v2\/tags?post=757"}],"curies":[{"name":"wp","href":"https:\/\/api.w.org\/{rel}","templated":true}]}}