{"id":928,"date":"2016-02-04T14:50:48","date_gmt":"2016-02-04T12:50:48","guid":{"rendered":"http:\/\/klasterrr.sk\/?p=928"},"modified":"2016-10-18T10:29:37","modified_gmt":"2016-10-18T08:29:37","slug":"konferencia-smart-cities-2016-2","status":"publish","type":"post","link":"https:\/\/d.r1.wbsprt.com\/krr.sk\/konferencia-smart-cities-2016-2\/","title":{"rendered":"Konferencia Smart Cities 2016"},"content":{"rendered":"<p>&nbsp;<\/p>\n<p style=\"text-align: justify;\">Trnavsk\u00fd samospr\u00e1vny kraj, Klaster cestovn\u00e9ho ruchu \u2013 z\u00e1padn\u00e9 Slovensko a\u00a0vydavate\u013e \u010dasopisu\u00a0 Smart Cities (magaz\u00edn o\u00a0chytr\u00fdch technol\u00f3gi\u00e1ch pre efekt\u00edvnej\u0161iu spr\u00e1vu miest a\u00a0obc\u00ed) usporiadali d\u0148a <strong>4. febru\u00e1ra 2016<\/strong> v\u00a0priestoroch zrekon\u0161truovanej trnavskej Synag\u00f3gy status quo ante <strong>Konferenciu \u010dasopisu Smart Cities.<\/strong> <!--more--><\/p>\n<p style=\"text-align: justify;\">Z\u00fa\u010dastnilo sa jej viac ako 100 pozvan\u00fdch prim\u00e1torov miest, ich z\u00e1stupcov, pracovn\u00edkov ministerstiev a\u00a0mana\u017e\u00e9rov r\u00f4znych podnikate\u013esk\u00fdch subjektov a organiz\u00e1ci\u00ed. Konferencia sa uskuto\u010dnila s\u00a0podporou Zdru\u017eenia miest a\u00a0obc\u00ed Slovenska.<\/p>\n<p style=\"text-align: justify;\">Konferenciu otvoril JUDr. Marek Turansk\u00fd, MBA &#8211; riadite\u013e Sekcie region\u00e1lneho rozvoja Trnavsk\u00e9ho samospr\u00e1vneho kraja, ktor\u00fd z\u00e1rove\u0148 predstavil \u00fa\u010dastn\u00edkom priebeh realiz\u00e1cie projektu obnovy Synag\u00f3gy, ktor\u00fd Trnavsk\u00fd samospr\u00e1vny kraj realizoval v\u00a0roku 2015 z\u00a0prostriedkov EU a\u00a0vlastn\u00fdch zdrojov.<\/p>\n<p style=\"text-align: justify;\">Celodenn\u00fd program bol rozdelen\u00fd do tematick\u00fdch blokov &#8211; financovanie mestsk\u00e9ho rozvoja, inov\u00e1cie v spr\u00e1ve mesta, verejn\u00e9 obstar\u00e1vanie a <strong>Klaster cestovn\u00e9ho ruchu &#8211; z\u00e1padn\u00e9 Slovensko<\/strong>. V r\u00e1mci programu \u00fa\u010dastn\u00edci z\u00edskali inform\u00e1cie o aktu\u00e1lnom stave nov\u00e9ho Integrovan\u00e9ho region\u00e1lneho opera\u010dn\u00e9ho programu (IROP), mno\u017estvo praktick\u00fdch n\u00e1vodov na postupn\u00fa tvorbu inteligentn\u00e9ho mesta s oh\u013eadom na vhodn\u00e9 koncepcie a technol\u00f3gie ako aj n\u00e1mety na obnovu a vyu\u017eitie verejn\u00fdch priestranstiev. Klaster cestovn\u00e9ho ruchu &#8211; z\u00e1padn\u00e9 Slovensko prezentoval svoj \u00fa\u010del, prioritn\u00e9 ciele, pl\u00e1novan\u00e9 aktivity pre rok 2016 a v neposlednom rade v\u00fdhody \u010dlenstva.<\/p>\n<p>&nbsp;<\/p>\n<p>Fotogal\u00e9ria:<\/p>\n<div id='gallery-1' class='gallery galleryid-928 gallery-columns-4 gallery-size-thumbnail'><figure class='gallery-item'>\n\t\t\t<div class='gallery-icon landscape'>\n\t\t\t\t<a href='https:\/\/d.r1.wbsprt.com\/krr.sk\/wp-content\/uploads\/2016\/02\/IMG_5509-1-scaled.jpg'><img decoding=\"async\" width=\"120\" height=\"90\" src=\"https:\/\/d.r1.wbsprt.com\/krr.sk\/wp-content\/uploads\/2016\/02\/IMG_5509-1-120x90.jpg\" class=\"attachment-thumbnail size-thumbnail\" alt=\"\" \/><\/a>\n\t\t\t<\/div><\/figure><figure class='gallery-item'>\n\t\t\t<div class='gallery-icon landscape'>\n\t\t\t\t<a href='https:\/\/d.r1.wbsprt.com\/krr.sk\/wp-content\/uploads\/2016\/02\/IMG_5475-1-scaled.jpg'><img decoding=\"async\" width=\"120\" height=\"90\" src=\"https:\/\/d.r1.wbsprt.com\/krr.sk\/wp-content\/uploads\/2016\/02\/IMG_5475-1-120x90.jpg\" class=\"attachment-thumbnail size-thumbnail\" alt=\"\" \/><\/a>\n\t\t\t<\/div><\/figure><figure class='gallery-item'>\n\t\t\t<div class='gallery-icon landscape'>\n\t\t\t\t<a href='https:\/\/d.r1.wbsprt.com\/krr.sk\/wp-content\/uploads\/2016\/02\/IMG_5457-1-scaled.jpg'><img decoding=\"async\" width=\"120\" height=\"90\" src=\"https:\/\/d.r1.wbsprt.com\/krr.sk\/wp-content\/uploads\/2016\/02\/IMG_5457-1-120x90.jpg\" class=\"attachment-thumbnail size-thumbnail\" alt=\"\" \/><\/a>\n\t\t\t<\/div><\/figure><figure class='gallery-item'>\n\t\t\t<div class='gallery-icon landscape'>\n\t\t\t\t<a href='https:\/\/d.r1.wbsprt.com\/krr.sk\/wp-content\/uploads\/2016\/02\/IMG_5463-1-scaled.jpg'><img loading=\"lazy\" decoding=\"async\" width=\"120\" height=\"90\" src=\"https:\/\/d.r1.wbsprt.com\/krr.sk\/wp-content\/uploads\/2016\/02\/IMG_5463-1-120x90.jpg\" class=\"attachment-thumbnail size-thumbnail\" alt=\"\" \/><\/a>\n\t\t\t<\/div><\/figure>\n\t\t<\/div>\n\n<p><a href=\"http:\/\/klasterrr.sk\/wp-content\/uploads\/2016\/02\/IMG_5475.jpg\" target=\"_blank\" rel=\"noopener\">\u00a0 <\/a><a href=\"http:\/\/klasterrr.sk\/wp-content\/uploads\/2016\/02\/IMG_5475.jpg\" target=\"_blank\" rel=\"noopener\">\u00a0\u00a0\u00a0<\/a><\/p>\n","protected":false},"excerpt":{"rendered":"<p>&nbsp; Trnavsk\u00fd samospr\u00e1vny kraj, Klaster cestovn\u00e9ho ruchu \u2013 z\u00e1padn\u00e9 Slovensko a\u00a0vydavate\u013e \u010dasopisu\u00a0 Smart Cities (magaz\u00edn o\u00a0chytr\u00fdch technol\u00f3gi\u00e1ch pre efekt\u00edvnej\u0161iu spr\u00e1vu miest a\u00a0obc\u00ed) usporiadali d\u0148a 4. febru\u00e1ra 2016 v\u00a0priestoroch zrekon\u0161truovanej trnavskej Synag\u00f3gy status quo ante Konferenciu \u010dasopisu Smart Cities.<\/p>\n","protected":false},"author":2,"featured_media":919,"comment_status":"closed","ping_status":"open","sticky":false,"template":"","format":"standard","meta":{"_acf_changed":false,"footnotes":""},"categories":[78],"tags":[],"class_list":["post-928","post","type-post","status-publish","format-standard","has-post-thumbnail","hentry","category-klaster"],"acf":[],"_links":{"self":[{"href":"https:\/\/d.r1.wbsprt.com\/krr.sk\/wp-json\/wp\/v2\/posts\/928","targetHints":{"allow":["GET"]}}],"collection":[{"href":"https:\/\/d.r1.wbsprt.com\/krr.sk\/wp-json\/wp\/v2\/posts"}],"about":[{"href":"https:\/\/d.r1.wbsprt.com\/krr.sk\/wp-json\/wp\/v2\/types\/post"}],"author":[{"embeddable":true,"href":"https:\/\/d.r1.wbsprt.com\/krr.sk\/wp-json\/wp\/v2\/users\/2"}],"replies":[{"embeddable":true,"href":"https:\/\/d.r1.wbsprt.com\/krr.sk\/wp-json\/wp\/v2\/comments?post=928"}],"version-history":[{"count":0,"href":"https:\/\/d.r1.wbsprt.com\/krr.sk\/wp-json\/wp\/v2\/posts\/928\/revisions"}],"wp:featuredmedia":[{"embeddable":true,"href":"https:\/\/d.r1.wbsprt.com\/krr.sk\/wp-json\/wp\/v2\/media\/919"}],"wp:attachment":[{"href":"https:\/\/d.r1.wbsprt.com\/krr.sk\/wp-json\/wp\/v2\/media?parent=928"}],"wp:term":[{"taxonomy":"category","embeddable":true,"href":"https:\/\/d.r1.wbsprt.com\/krr.sk\/wp-json\/wp\/v2\/categories?post=928"},{"taxonomy":"post_tag","embeddable":true,"href":"https:\/\/d.r1.wbsprt.com\/krr.sk\/wp-json\/wp\/v2\/tags?post=928"}],"curies":[{"name":"wp","href":"https:\/\/api.w.org\/{rel}","templated":true}]}}