{"id":8869,"date":"2021-10-21T23:42:46","date_gmt":"2021-10-21T21:42:46","guid":{"rendered":"https:\/\/krr.sk\/?p=8869"},"modified":"2021-10-30T23:51:24","modified_gmt":"2021-10-30T21:51:24","slug":"pracovna-cesta-na-moravu","status":"publish","type":"post","link":"https:\/\/d.r1.wbsprt.com\/krr.sk\/pracovna-cesta-na-moravu\/","title":{"rendered":"Pracovn\u00e1 cesta na Moravu"},"content":{"rendered":"\n<p>V\u00e1\u017een\u00ed \u010dlenovia a&nbsp;partneri Klastra region\u00e1lneho rozvoja,<\/p>\n\n\n\n<p>dovo\u013euje si V\u00e1s pozva\u0165 na zauj\u00edmav\u00fa pracovn\u00fa cestu na Moravu, v&nbsp;s\u00favislosti s&nbsp;realiz\u00e1ciou projektu Eur\u00f3pa pre ob\u010danov, ktor\u00fa organizuje<\/p>\n\n\n\n<p>n\u00e1\u0161 moravsk\u00fd partner Obec Rat\u00ed\u0161kovice, ktor\u00fd hrad\u00ed aj v\u0161etky n\u00e1klady (doprava, ob\u010derstvenie).<\/p>\n\n\n\n<p>Program je laden\u00fd \u201eturisticky a spolo\u010densky\u201c a &nbsp;jeho hlavn\u00fdm cie\u013eom je v\u00fdmena sk\u00fasenost\u00ed (mali by tam by\u0165 aj partneri s&nbsp;Chorv\u00e1tska a Franc\u00fazska.)<\/p>\n\n\n\n<p>Uskuto\u010dn\u00ed sa 28.10.2021. Bude zabezpe\u010den\u00fd autobus. Predpokladan\u00fd odchod a&nbsp;pr\u00edchod bude z&nbsp;obce C\u00edfer.<\/p>\n\n\n\n<p>Odchod pribli\u017ene okolo 8:00. (mo\u017eno 7:30 \u2013 e\u0161te by som upresnil), n\u00e1vrat predbe\u017ene okolo 20:00. (pod\u013ea toho ako od\u00eddeme)<\/p>\n\n\n\n<p>V&nbsp;r\u00e1mci programu nav\u0161t\u00edvime z\u00e1mok v&nbsp;Str\u00e1\u017enici, m\u00fazeum moravskej dediny, ochutn\u00e1me lok\u00e1lne v\u00fdrobky a&nbsp;podobne.<\/p>\n\n\n\n<p>Pr\u00edpadn\u00fd z\u00e1ujem pros\u00edm potvrdi\u0165 najnesk\u00f4r zajtra (22.10.2021) do 10:00 hod. Po\u010det miest je limitovan\u00fd na 20.<\/p>\n\n\n\n<p>V&nbsp;pr\u00edpade zhor\u0161enia pandemickej situ\u00e1cie je mo\u017enos\u0165 zru\u0161enia akcie \u2013 ale zatia\u013e sme odhodlan\u00ed ju zrealizova\u0165.<\/p>\n\n\n\n<p>Ver\u00edme, \u017ee aj tak\u00e1to \u201espolo\u010densk\u00e1 aktivita\u201c prispeje k&nbsp;mo\u017enosti sie\u0165ovania \u010dlenov a&nbsp;partnerov KRR a&nbsp;vytvor\u00ed tak priestor pre \u010fal\u0161ie<\/p>\n\n\n\n<p>nadv\u00e4zuj\u00face aktivity.<\/p>\n\n\n\n<p>So \u017eelan\u00edm pekn\u00e9ho d\u0148a<\/p>\n\n\n\n<p>Marek Turansk\u00fd<\/p>\n","protected":false},"excerpt":{"rendered":"<p>V\u00e1\u017een\u00ed \u010dlenovia a&nbsp;partneri Klastra region\u00e1lneho rozvoja, dovo\u013euje si V\u00e1s pozva\u0165 na zauj\u00edmav\u00fa pracovn\u00fa cestu na Moravu, v&nbsp;s\u00favislosti s&nbsp;realiz\u00e1ciou projektu Eur\u00f3pa pre ob\u010danov, ktor\u00fa organizuje n\u00e1\u0161 moravsk\u00fd partner Obec Rat\u00ed\u0161kovice, ktor\u00fd hrad\u00ed aj v\u0161etky n\u00e1klady (doprava, ob\u010derstvenie). Program je laden\u00fd \u201eturisticky a spolo\u010densky\u201c a &nbsp;jeho hlavn\u00fdm cie\u013eom je v\u00fdmena sk\u00fasenost\u00ed (mali by tam by\u0165 aj partneri [&hellip;]<\/p>\n","protected":false},"author":9,"featured_media":8870,"comment_status":"closed","ping_status":"open","sticky":false,"template":"","format":"standard","meta":{"_acf_changed":false,"footnotes":""},"categories":[138,93,80,89],"tags":[],"class_list":["post-8869","post","type-post","status-publish","format-standard","has-post-thumbnail","hentry","category-cestovny-ruch-a-turizmus-aktuality","category-novinky","category-vsetky-clanky","category-zcinnostiklastra"],"acf":[],"_links":{"self":[{"href":"https:\/\/d.r1.wbsprt.com\/krr.sk\/wp-json\/wp\/v2\/posts\/8869","targetHints":{"allow":["GET"]}}],"collection":[{"href":"https:\/\/d.r1.wbsprt.com\/krr.sk\/wp-json\/wp\/v2\/posts"}],"about":[{"href":"https:\/\/d.r1.wbsprt.com\/krr.sk\/wp-json\/wp\/v2\/types\/post"}],"author":[{"embeddable":true,"href":"https:\/\/d.r1.wbsprt.com\/krr.sk\/wp-json\/wp\/v2\/users\/9"}],"replies":[{"embeddable":true,"href":"https:\/\/d.r1.wbsprt.com\/krr.sk\/wp-json\/wp\/v2\/comments?post=8869"}],"version-history":[{"count":1,"href":"https:\/\/d.r1.wbsprt.com\/krr.sk\/wp-json\/wp\/v2\/posts\/8869\/revisions"}],"predecessor-version":[{"id":8871,"href":"https:\/\/d.r1.wbsprt.com\/krr.sk\/wp-json\/wp\/v2\/posts\/8869\/revisions\/8871"}],"wp:featuredmedia":[{"embeddable":true,"href":"https:\/\/d.r1.wbsprt.com\/krr.sk\/wp-json\/wp\/v2\/media\/8870"}],"wp:attachment":[{"href":"https:\/\/d.r1.wbsprt.com\/krr.sk\/wp-json\/wp\/v2\/media?parent=8869"}],"wp:term":[{"taxonomy":"category","embeddable":true,"href":"https:\/\/d.r1.wbsprt.com\/krr.sk\/wp-json\/wp\/v2\/categories?post=8869"},{"taxonomy":"post_tag","embeddable":true,"href":"https:\/\/d.r1.wbsprt.com\/krr.sk\/wp-json\/wp\/v2\/tags?post=8869"}],"curies":[{"name":"wp","href":"https:\/\/api.w.org\/{rel}","templated":true}]}}