{"id":8461,"date":"2021-08-17T13:09:37","date_gmt":"2021-08-17T11:09:37","guid":{"rendered":"https:\/\/krr.sk\/?p=8461"},"modified":"2021-08-17T13:09:38","modified_gmt":"2021-08-17T11:09:38","slug":"cyklisticky-maraton-zelenec","status":"publish","type":"post","link":"https:\/\/d.r1.wbsprt.com\/krr.sk\/cyklisticky-maraton-zelenec\/","title":{"rendered":"Cyklistick\u00fd Marat\u00f3n Zelene\u010d"},"content":{"rendered":"\n<p>Poz\u00fdvame v\u00e1s na 3 ro\u010dn\u00edk cyklopodujatia s n\u00e1zvom \u201cCyklistick\u00fd Marat\u00f3n Zelene\u010d\u201d, na ktorom sa klaster podiela ako spoluorganiz\u00e1tor. Kona\u0165 sa bude u\u017e t\u00fato sobotu, tak nev\u00e1hajte, a pr\u00eddte s nami za\u017ei\u0165 pekn\u00fd \u0161portov\u00fd de\u0148.<\/p>\n\n\n\n<p><strong>Info: Ka\u017ed\u00fd \u00fa\u010dastn\u00edk sa cyklistick\u00e9ho marat\u00f3nu z\u00fa\u010dast\u0148uje na vlastn\u00e9 nebezpe\u010denstvo, \u010do potvrdzuje svojim podpisom na registra\u010dnej listine pri preberan\u00ed \u0161tartov\u00e9ho \u010d\u00edsla. Taktie\u017e ka\u017ed\u00fd \u00fa\u010dastn\u00edk podujatia m\u00e1 osobn\u00fa zodpovednos\u0165 za \u0161kody na majetku alebo zdrav\u00ed, ktor\u00e9 sp\u00f4sob\u00ed sebe alebo inej osobe.\u00da\u010dastn\u00edk mus\u00ed ma\u0165 po\u010das cel\u00e9ho cyklistick\u00e9ho marat\u00f3nu nasaden\u00fa prilbu a by\u0165 ozna\u010den\u00fd \u0161tartov\u00fdm \u010d\u00edslom. Podujatie bude prebieha\u0165 bez obmedzenia cestnej dopravy, preto je ka\u017ed\u00fd \u00fa\u010dastn\u00edk cyklistick\u00e9ho marat\u00f3nu povinn\u00fd dodr\u017eiava\u0165 z\u00e1kon a pravidl\u00e1 cestnej prem\u00e1vky. Za pr\u00edpadn\u00e9 \u0161kody na majetku alebo zdrav\u00ed \u00fa\u010dastn\u00edkov organiz\u00e1tor nenesie zodpovednos\u0165. Po\u010das celej trasy je \u00fa\u010dastn\u00edk povinn\u00fd dodr\u017eiava\u0165 pravidl\u00e1 cestnej prem\u00e1vky, pokyny pol\u00edcie, re\u0161pektova\u0165 dopravn\u00e9 zna\u010denie, pokyny organiz\u00e1torov a signaliz\u00e1ciu spolujazdcov. V\u0161etci \u00fa\u010dastn\u00edci (pretek\u00e1ri, div\u00e1ci&#8230;) s\u00fa povinn\u00fd dodr\u017eiava\u0165 nariadenia hlavn\u00e9ho hygienika SR o spr\u00e1van\u00ed po\u010das COVID 19<\/strong>.<\/p>\n\n\n\n<p><strong>D\u00e1tum:<\/strong> <strong>21.8.2021<\/strong><\/p>\n\n\n\n<p><strong>Vek \u00fa\u010dastn\u00edkov: od 18 rokov veku a star\u0161\u00ed<\/strong><\/p>\n\n\n\n<p><strong>Stravovanie: vzh\u013eadom k situ\u00e1cii s pand\u00e9miou Covid19 organiz\u00e1tor tento rok nepod\u00e1va jedlo. Stravovanie je mo\u017en\u00e9 v PIZZA Roman na vlastn\u00e9 n\u00e1klady \u00fa\u010dastn\u00edka.<\/strong><\/p>\n\n\n\n<p><strong>Vhodn\u00fd bicykel: cestn\u00fd, trekkov\u00fd, horsk\u00fd, krosov\u00fd, elektrick\u00fd, gravelov\u00fd.<\/strong><\/p>\n\n\n\n<p><strong>V\u00fddaj \u0161tartov\u00fdch \u010d\u00edsiel, podpisovanie prihl\u00e1\u0161ok: 9.00 &#8211; 9.55 hod. v Pizza Roman Zelene\u010d,&nbsp;<\/strong><strong>Dru\u017estevn\u00e1 716\/40, 919 21 Zelene\u010d<\/strong><\/p>\n\n\n\n<p><strong>\u0160tart: 10.00 hod. pred<\/strong>&nbsp;<strong>Pizza Roman Zelene\u010d, Dru\u017estevn\u00e1 716\/40, 919 21 Zelene\u010d&nbsp;<\/strong><\/p>\n\n\n\n<p><strong>Cie\u013e: cca 12.30 &#8211; 13.00 hod.&nbsp;<\/strong><strong>Pizza Roman Zelene\u010d, Dru\u017estevn\u00e1 716\/40, 919 21 Zelene\u010d&nbsp;<\/strong><strong>. Po 14.00 hod. bude podujatie ukon\u010den\u00e9 a kancel\u00e1ria uzavret\u00e1.<\/strong><\/p>\n","protected":false},"excerpt":{"rendered":"<p>Poz\u00fdvame v\u00e1s na 3 ro\u010dn\u00edk cyklopodujatia s n\u00e1zvom \u201cCyklistick\u00fd Marat\u00f3n Zelene\u010d\u201d, na ktorom sa klaster podiela ako spoluorganiz\u00e1tor. Kona\u0165 sa bude u\u017e t\u00fato sobotu, tak nev\u00e1hajte, a pr\u00eddte s nami za\u017ei\u0165 pekn\u00fd \u0161portov\u00fd de\u0148. Info: Ka\u017ed\u00fd \u00fa\u010dastn\u00edk sa cyklistick\u00e9ho marat\u00f3nu z\u00fa\u010dast\u0148uje na vlastn\u00e9 nebezpe\u010denstvo, \u010do potvrdzuje svojim podpisom na registra\u010dnej listine pri preberan\u00ed \u0161tartov\u00e9ho \u010d\u00edsla. [&hellip;]<\/p>\n","protected":false},"author":10,"featured_media":8462,"comment_status":"closed","ping_status":"open","sticky":false,"template":"","format":"standard","meta":{"_acf_changed":false,"footnotes":""},"categories":[138,93,142,80,89],"tags":[],"class_list":["post-8461","post","type-post","status-publish","format-standard","has-post-thumbnail","hentry","category-cestovny-ruch-a-turizmus-aktuality","category-novinky","category-spolocenska-oblast","category-vsetky-clanky","category-zcinnostiklastra"],"acf":[],"_links":{"self":[{"href":"https:\/\/d.r1.wbsprt.com\/krr.sk\/wp-json\/wp\/v2\/posts\/8461","targetHints":{"allow":["GET"]}}],"collection":[{"href":"https:\/\/d.r1.wbsprt.com\/krr.sk\/wp-json\/wp\/v2\/posts"}],"about":[{"href":"https:\/\/d.r1.wbsprt.com\/krr.sk\/wp-json\/wp\/v2\/types\/post"}],"author":[{"embeddable":true,"href":"https:\/\/d.r1.wbsprt.com\/krr.sk\/wp-json\/wp\/v2\/users\/10"}],"replies":[{"embeddable":true,"href":"https:\/\/d.r1.wbsprt.com\/krr.sk\/wp-json\/wp\/v2\/comments?post=8461"}],"version-history":[{"count":1,"href":"https:\/\/d.r1.wbsprt.com\/krr.sk\/wp-json\/wp\/v2\/posts\/8461\/revisions"}],"predecessor-version":[{"id":8463,"href":"https:\/\/d.r1.wbsprt.com\/krr.sk\/wp-json\/wp\/v2\/posts\/8461\/revisions\/8463"}],"wp:featuredmedia":[{"embeddable":true,"href":"https:\/\/d.r1.wbsprt.com\/krr.sk\/wp-json\/wp\/v2\/media\/8462"}],"wp:attachment":[{"href":"https:\/\/d.r1.wbsprt.com\/krr.sk\/wp-json\/wp\/v2\/media?parent=8461"}],"wp:term":[{"taxonomy":"category","embeddable":true,"href":"https:\/\/d.r1.wbsprt.com\/krr.sk\/wp-json\/wp\/v2\/categories?post=8461"},{"taxonomy":"post_tag","embeddable":true,"href":"https:\/\/d.r1.wbsprt.com\/krr.sk\/wp-json\/wp\/v2\/tags?post=8461"}],"curies":[{"name":"wp","href":"https:\/\/api.w.org\/{rel}","templated":true}]}}