{"id":692,"date":"2015-12-17T21:44:18","date_gmt":"2015-12-17T19:44:18","guid":{"rendered":"http:\/\/novy.klasterrr.sk\/?p=692"},"modified":"2016-10-18T10:31:21","modified_gmt":"2016-10-18T08:31:21","slug":"rokovanie-s-primatorom-mesta-galanta","status":"publish","type":"post","link":"https:\/\/d.r1.wbsprt.com\/krr.sk\/rokovanie-s-primatorom-mesta-galanta\/","title":{"rendered":"Rokovanie s prim\u00e1torom mesta Galanta"},"content":{"rendered":"<p style=\"text-align: justify;\">D\u0148a 16.12.2015 sa uskuto\u010dnilo stretnutie s\u00a0prim\u00e1torom Galanty p\u00e1nom Petrom Pa\u0161kom, na podnet Sekcie region\u00e1lneho rozvoja, \u00a0s cie\u013eom n\u00e1jdenia spolo\u010dn\u00e9ho z\u00e1ujmu v r\u00e1mci rozvoja cestovn\u00e9ho ruchu.<!--more--> Mesto Galanta ako jeden zo zakladate\u013eov Klastra cestovn\u00e9ho ruchu, spolu s\u00a0Trnavsk\u00fdm samospr\u00e1vnym krajom, maj\u00fa podiel na nosnej \u0161trukt\u00fare zdru\u017eenia. P\u00e1n prim\u00e1tor vyjadril svoje presved\u010denie o efekt\u00edvnosti a \u00fa\u010dinnosti revitaliz\u00e1cie \u010dinnost\u00ed a prispel na stretnut\u00ed viacer\u00fdmi podporn\u00fdmi\u00a0my\u0161lienkami, \u00a0otvoril aj konkr\u00e9tnu ponuku spolupr\u00e1ce pri podpore zvidite\u013enenia \u010dinnost\u00ed Klastra v region\u00e1lnych novin\u00e1ch\u00a0 &#8211; Galantsk\u00e9 noviny. Pod\u013ea mienky ob\u010danov mesta je potrebn\u00e9 venova\u0165 \u010das a z\u00e1ujem v r\u00e1mci politiky Klastra cie\u013eovej skupine mlad\u00fdch rod\u00edn s de\u0165mi. Po\u010das stretnutia sme na\u0161li spolo\u010dn\u00fd prienik zam\u00fd\u0161\u013ean\u00fdch\u00a0 aktiv\u00edt na cyklotrase galantsko &#8211; \u0161alianskeho regi\u00f3nu a mnoh\u00e9 in\u00e9. N\u00e1vrhom zo strany p\u00e1na prim\u00e1tora bolo z\u00fa\u010dastni\u0165 sa na spolo\u010dnom pracovnom stretnut\u00ed so ZCR Galantsko a s podnikate\u013emi v Galantsku.<\/p>\n","protected":false},"excerpt":{"rendered":"<p>D\u0148a 16.12.2015 sa uskuto\u010dnilo stretnutie s\u00a0prim\u00e1torom Galanty p\u00e1nom Petrom Pa\u0161kom, na podnet Sekcie region\u00e1lneho rozvoja, \u00a0s cie\u013eom n\u00e1jdenia spolo\u010dn\u00e9ho z\u00e1ujmu v r\u00e1mci rozvoja cestovn\u00e9ho ruchu.<\/p>\n","protected":false},"author":2,"featured_media":693,"comment_status":"closed","ping_status":"open","sticky":false,"template":"","format":"standard","meta":{"_acf_changed":false,"footnotes":""},"categories":[78],"tags":[],"class_list":["post-692","post","type-post","status-publish","format-standard","has-post-thumbnail","hentry","category-klaster"],"acf":[],"_links":{"self":[{"href":"https:\/\/d.r1.wbsprt.com\/krr.sk\/wp-json\/wp\/v2\/posts\/692","targetHints":{"allow":["GET"]}}],"collection":[{"href":"https:\/\/d.r1.wbsprt.com\/krr.sk\/wp-json\/wp\/v2\/posts"}],"about":[{"href":"https:\/\/d.r1.wbsprt.com\/krr.sk\/wp-json\/wp\/v2\/types\/post"}],"author":[{"embeddable":true,"href":"https:\/\/d.r1.wbsprt.com\/krr.sk\/wp-json\/wp\/v2\/users\/2"}],"replies":[{"embeddable":true,"href":"https:\/\/d.r1.wbsprt.com\/krr.sk\/wp-json\/wp\/v2\/comments?post=692"}],"version-history":[{"count":0,"href":"https:\/\/d.r1.wbsprt.com\/krr.sk\/wp-json\/wp\/v2\/posts\/692\/revisions"}],"wp:featuredmedia":[{"embeddable":true,"href":"https:\/\/d.r1.wbsprt.com\/krr.sk\/wp-json\/wp\/v2\/media\/693"}],"wp:attachment":[{"href":"https:\/\/d.r1.wbsprt.com\/krr.sk\/wp-json\/wp\/v2\/media?parent=692"}],"wp:term":[{"taxonomy":"category","embeddable":true,"href":"https:\/\/d.r1.wbsprt.com\/krr.sk\/wp-json\/wp\/v2\/categories?post=692"},{"taxonomy":"post_tag","embeddable":true,"href":"https:\/\/d.r1.wbsprt.com\/krr.sk\/wp-json\/wp\/v2\/tags?post=692"}],"curies":[{"name":"wp","href":"https:\/\/api.w.org\/{rel}","templated":true}]}}