{"id":687,"date":"2015-12-18T21:40:29","date_gmt":"2015-12-18T19:40:29","guid":{"rendered":"http:\/\/novy.klasterrr.sk\/?p=687"},"modified":"2016-10-18T10:30:50","modified_gmt":"2016-10-18T08:30:50","slug":"stretnutie-pridruzenych-clenov","status":"publish","type":"post","link":"https:\/\/d.r1.wbsprt.com\/krr.sk\/stretnutie-pridruzenych-clenov\/","title":{"rendered":"Stretnutie pridru\u017een\u00fdch \u010dlenov"},"content":{"rendered":"<p style=\"text-align: justify;\">D\u0148a 17.12.2015 sme sa stretli so \u0161iestimi pridru\u017een\u00fdmi \u010dlenmi <strong>Klastra cestovn\u00e9ho ruchu &#8211; z\u00e1padn\u00e9 Slovensko<\/strong> (KCR), ktor\u00ed boli v KCR od jeho vzniku v roku 2008. (na z\u00e1bere rokovanie so z\u00e1stupcami Serede)<!--more--><\/p>\n<p style=\"text-align: justify;\">Stretnutia sa z\u00fa\u010dastnili z\u00e1stupcovia <strong>mesta Sere\u010f, obce\u00a0\u0160opor\u0148a, obce Smolenice, obce Doln\u00e1 Streda,\u00a0Klastra Smolenice,\u00a0ZCR Galantsko<\/strong>.<br \/>\nCie\u013eom stretnutia bolo predstavi\u0165 nov\u00e9 v\u00edzie, ciele a u\u017e existuj\u00face projekty, ako aj predstavi\u0165 vypracovan\u00fa \u0161t\u00fadiu uskuto\u010dnite\u013enosti Vinohradn\u00edckej cyklocesty. \u010eal\u0161\u00edm bodom programu boli aktivity smeruj\u00face k vypracovaniu vy\u0161\u0161ieho stup\u0148a projektovej dokument\u00e1cie pre \u00fazemn\u00e9 rozhodnutie, \u010falej \u0161t\u00fadia cyklocesty sp\u00e1jaj\u00facej Trnavu so Sere\u010fou cez Zavar a \u0160\u00farovce , vr\u00e1tane napojenia na V\u00e1\u017esku cyklomagistr\u00e1lu.<\/p>\n<p style=\"text-align: justify;\">Po n\u00e1ro\u010dnej diskusii sa pr\u00edtomn\u00ed \u010dlenovia stoto\u017enili s novou filozofiou KCR a \u00faspe\u0161ne dospeli k dohode oh\u013eadom \u010fal\u0161ej spolupr\u00e1ce. \u010eakujeme za toto plodn\u00e9 a in\u0161pirat\u00edvne stretnutie a sme nesmierne radi, \u017ee otvoren\u00e1 diskusia napomohla k upevneniu vz\u00e1jomn\u00fdch vz\u0165ahov.<\/p>\n<p>&nbsp;<\/p>\n","protected":false},"excerpt":{"rendered":"<p>D\u0148a 17.12.2015 sme sa stretli so \u0161iestimi pridru\u017een\u00fdmi \u010dlenmi Klastra cestovn\u00e9ho ruchu &#8211; z\u00e1padn\u00e9 Slovensko (KCR), ktor\u00ed boli v KCR od jeho vzniku v roku 2008. (na z\u00e1bere rokovanie so z\u00e1stupcami Serede)<\/p>\n","protected":false},"author":2,"featured_media":688,"comment_status":"closed","ping_status":"open","sticky":false,"template":"","format":"standard","meta":{"_acf_changed":false,"footnotes":""},"categories":[78],"tags":[],"class_list":["post-687","post","type-post","status-publish","format-standard","has-post-thumbnail","hentry","category-klaster"],"acf":[],"_links":{"self":[{"href":"https:\/\/d.r1.wbsprt.com\/krr.sk\/wp-json\/wp\/v2\/posts\/687","targetHints":{"allow":["GET"]}}],"collection":[{"href":"https:\/\/d.r1.wbsprt.com\/krr.sk\/wp-json\/wp\/v2\/posts"}],"about":[{"href":"https:\/\/d.r1.wbsprt.com\/krr.sk\/wp-json\/wp\/v2\/types\/post"}],"author":[{"embeddable":true,"href":"https:\/\/d.r1.wbsprt.com\/krr.sk\/wp-json\/wp\/v2\/users\/2"}],"replies":[{"embeddable":true,"href":"https:\/\/d.r1.wbsprt.com\/krr.sk\/wp-json\/wp\/v2\/comments?post=687"}],"version-history":[{"count":0,"href":"https:\/\/d.r1.wbsprt.com\/krr.sk\/wp-json\/wp\/v2\/posts\/687\/revisions"}],"wp:featuredmedia":[{"embeddable":true,"href":"https:\/\/d.r1.wbsprt.com\/krr.sk\/wp-json\/wp\/v2\/media\/688"}],"wp:attachment":[{"href":"https:\/\/d.r1.wbsprt.com\/krr.sk\/wp-json\/wp\/v2\/media?parent=687"}],"wp:term":[{"taxonomy":"category","embeddable":true,"href":"https:\/\/d.r1.wbsprt.com\/krr.sk\/wp-json\/wp\/v2\/categories?post=687"},{"taxonomy":"post_tag","embeddable":true,"href":"https:\/\/d.r1.wbsprt.com\/krr.sk\/wp-json\/wp\/v2\/tags?post=687"}],"curies":[{"name":"wp","href":"https:\/\/api.w.org\/{rel}","templated":true}]}}