{"id":683,"date":"2015-12-08T21:32:17","date_gmt":"2015-12-08T19:32:17","guid":{"rendered":"http:\/\/novy.klasterrr.sk\/?p=683"},"modified":"2016-10-18T10:32:55","modified_gmt":"2016-10-18T08:32:55","slug":"rezort-piestany-potvrdil-vstup-do-klastra","status":"publish","type":"post","link":"https:\/\/d.r1.wbsprt.com\/krr.sk\/rezort-piestany-potvrdil-vstup-do-klastra\/","title":{"rendered":"Rezort Pie\u0161\u0165any potvrdil vstup do Klastra"},"content":{"rendered":"<p style=\"text-align: justify;\">D\u0148a 7.12. 2015 n\u00e1s z\u00a0<strong>Rezortu Pie\u0161\u0165any<\/strong>\u00a0nav\u0161t\u00edvili predseda predstavenstva \u00a0RNDr. Peter Trembo\u0161\u00a0a\u00a0p\u00e1n Ing. \u0160tefan \u0160i\u0161ka v\u00fdkonn\u00fd riadite\u013e OOCR Rezort Pie\u0161\u0165any.\u00a0Na spolo\u010dnom stretnut\u00ed sme okrem toho, \u017ee n\u00e1m Rezort Pie\u0161\u0165any potvrdil vstup do <strong>Klastra cestovn\u00e9ho ruchu &#8211; z\u00e1padn\u00e9 Slovensko<\/strong> (KCR),\u00a0prijali aj ich uv\u00edtanie aktivity z\u00fa\u010dastni\u0165 sa na ve\u013etrhoch, ako aj z\u00e1ujem na systematickom rozvoji cestovn\u00e9ho ruchu na \u00fazem\u00ed Trnavsk\u00e9ho samospr\u00e1vneho kraja v s\u00falade s politikou klastra.<!--more-->V Janu\u00e1ri 2016 spolu s ich \u010dlenmi budeme prezentova\u0165 Trnavsk\u00fd kraj na v\u00fdstave <strong>ITF Slovakiatour v Bratislave<\/strong> a n\u00e1sledne na v\u00fdstave <strong>Holiday World<\/strong> vo febru\u00e1ri v Prahe.\u00a0My\u0161lienkami\u00a0 pln\u00e9 pracovn\u00e9 stretnutie je d\u00f4kazom n\u00e1\u0161ho presved\u010denia \u00a0a v\u00edzie, \u017ee spolo\u010dn\u00fd brainstorming alebo in\u00e9 formy kreovania spolupr\u00e1ce s\u00fa ve\u013emi efekt\u00edvne a pr\u00ednosn\u00e9. Nov\u00e9 my\u0161lienky o marketingovej propag\u00e1cii alebo prepojenia aktiv\u00edt medzi \u010dlenmi v KCR chceme zv\u00e1\u017ei\u0165, najm\u00e4 ak by v praxi\u00a0 zjednodu\u0161ili chod aktiv\u00edt.\u00a0Najbli\u017e\u0161ie stretnutie pl\u00e1nujeme\u00a0 u\u017e koncom roka, aby sme mohli zadefinova\u0165 grafick\u00fd prejav spolo\u010dn\u00e9ho st\u00e1nku a rozdeli\u0165 miesta pre v\u0161etk\u00fdch \u010dlenov.<\/p>\n","protected":false},"excerpt":{"rendered":"<p>D\u0148a 7.12. 2015 n\u00e1s z\u00a0Rezortu Pie\u0161\u0165any\u00a0nav\u0161t\u00edvili predseda predstavenstva \u00a0RNDr. Peter Trembo\u0161\u00a0a\u00a0p\u00e1n Ing. \u0160tefan \u0160i\u0161ka v\u00fdkonn\u00fd riadite\u013e OOCR Rezort Pie\u0161\u0165any.\u00a0Na spolo\u010dnom stretnut\u00ed sme okrem toho, \u017ee n\u00e1m Rezort Pie\u0161\u0165any potvrdil vstup do Klastra cestovn\u00e9ho ruchu &#8211; z\u00e1padn\u00e9 Slovensko (KCR),\u00a0prijali aj ich uv\u00edtanie aktivity z\u00fa\u010dastni\u0165 sa na ve\u013etrhoch, ako aj z\u00e1ujem na systematickom rozvoji cestovn\u00e9ho ruchu na [&hellip;]<\/p>\n","protected":false},"author":2,"featured_media":684,"comment_status":"closed","ping_status":"open","sticky":false,"template":"","format":"standard","meta":{"_acf_changed":false,"footnotes":""},"categories":[78],"tags":[],"class_list":["post-683","post","type-post","status-publish","format-standard","has-post-thumbnail","hentry","category-klaster"],"acf":[],"_links":{"self":[{"href":"https:\/\/d.r1.wbsprt.com\/krr.sk\/wp-json\/wp\/v2\/posts\/683","targetHints":{"allow":["GET"]}}],"collection":[{"href":"https:\/\/d.r1.wbsprt.com\/krr.sk\/wp-json\/wp\/v2\/posts"}],"about":[{"href":"https:\/\/d.r1.wbsprt.com\/krr.sk\/wp-json\/wp\/v2\/types\/post"}],"author":[{"embeddable":true,"href":"https:\/\/d.r1.wbsprt.com\/krr.sk\/wp-json\/wp\/v2\/users\/2"}],"replies":[{"embeddable":true,"href":"https:\/\/d.r1.wbsprt.com\/krr.sk\/wp-json\/wp\/v2\/comments?post=683"}],"version-history":[{"count":0,"href":"https:\/\/d.r1.wbsprt.com\/krr.sk\/wp-json\/wp\/v2\/posts\/683\/revisions"}],"wp:featuredmedia":[{"embeddable":true,"href":"https:\/\/d.r1.wbsprt.com\/krr.sk\/wp-json\/wp\/v2\/media\/684"}],"wp:attachment":[{"href":"https:\/\/d.r1.wbsprt.com\/krr.sk\/wp-json\/wp\/v2\/media?parent=683"}],"wp:term":[{"taxonomy":"category","embeddable":true,"href":"https:\/\/d.r1.wbsprt.com\/krr.sk\/wp-json\/wp\/v2\/categories?post=683"},{"taxonomy":"post_tag","embeddable":true,"href":"https:\/\/d.r1.wbsprt.com\/krr.sk\/wp-json\/wp\/v2\/tags?post=683"}],"curies":[{"name":"wp","href":"https:\/\/api.w.org\/{rel}","templated":true}]}}