{"id":6354,"date":"2018-04-25T08:54:03","date_gmt":"2018-04-25T06:54:03","guid":{"rendered":"http:\/\/d.r1.wbsprt.com\/krr.sk\/?p=6354"},"modified":"2018-04-25T08:54:19","modified_gmt":"2018-04-25T06:54:19","slug":"nove-priestory-pre-aktivity-klastra","status":"publish","type":"post","link":"https:\/\/d.r1.wbsprt.com\/krr.sk\/nove-priestory-pre-aktivity-klastra\/","title":{"rendered":"Nov\u00e9 priestory pre aktivity klastra"},"content":{"rendered":"<p>Klaster region\u00e1lneho rozvoja &#8211; z\u00e1padn\u00e9 Slovensko bude od m\u00e1ja 2018 s\u00eddli\u0165 v nov\u00fdch priestoroch, ktor\u00e9 sa nach\u00e1dzaj\u00fa v Trnave na Mikov\u00edniho ulici \u010d. 4. Okrem administrat\u00edvnej \u010dasti pl\u00e1nujeme v priestoroch vytvori\u0165 rokovaciu miestnos\u0165, ktor\u00e1 bude sl\u00fa\u017ei\u0165 aj pre potreby \u010dlenov KRR, pri\u010dom predpoklad\u00e1me, \u017ee \u010dlenovia bud\u00fa m\u00f4c\u0165 t\u00fato slu\u017ebu vyu\u017e\u00edva\u0165 od j\u00fana 2018. Ak \u010dlenovia, vzh\u013eadom k tomu, \u017ee v\u00e4\u010d\u0161ina nie je z Trnavy alebo bl\u00edzkeho okolia, bud\u00fa potrebova\u0165 v Trnave vyu\u017ei\u0165 rokovaciu miestnos\u0165, bude k dispoz\u00edcii pr\u00e1ve takto pripraven\u00e1 rokovacia miestnos\u0165. V objekte je dostatok parkovac\u00edch miest, \u010do bolo jedn\u00fdm z hlavn\u00fdch krit\u00e9ri\u00ed pre v\u00fdber nov\u00e9ho s\u00eddla. V s\u00fa\u010dasnosti prebieha pr\u00edprava priestorov a ich zaria\u010fovanie. Ak niekto z \u010dlenov m\u00e1 mo\u017enos\u0165 pon\u00faknu\u0165 veci na vybavenie priestorov budeme radi takejto ponuke. Okrem toho bude miestnos\u0165 sl\u00fa\u017ei\u0165 v pr\u00edpade z\u00e1ujmu aj ako men\u0161ia \u0161koliaca miestnos\u0165 s predpokladanou\u00a0kapacitou\u00a0pribli\u017ene 20 os\u00f4b.<\/p>\n<div id='gallery-1' class='gallery galleryid-6354 gallery-columns-3 gallery-size-medium'><figure class='gallery-item'>\n\t\t\t<div class='gallery-icon landscape'>\n\t\t\t\t<a href='https:\/\/d.r1.wbsprt.com\/krr.sk\/wp-content\/uploads\/2018\/04\/Nov\u251ce-kancel\u251cirie-KRR-1.jpg'><img fetchpriority=\"high\" decoding=\"async\" width=\"300\" height=\"200\" src=\"https:\/\/d.r1.wbsprt.com\/krr.sk\/wp-content\/uploads\/2018\/04\/Nov\u251ce-kancel\u251cirie-KRR-1-300x200.jpg\" class=\"attachment-medium size-medium\" alt=\"\" srcset=\"https:\/\/d.r1.wbsprt.com\/krr.sk\/wp-content\/uploads\/2018\/04\/Nov\u251ce-kancel\u251cirie-KRR-1-300x200.jpg 300w, https:\/\/d.r1.wbsprt.com\/krr.sk\/wp-content\/uploads\/2018\/04\/Nov\u251ce-kancel\u251cirie-KRR-1-1024x683.jpg 1024w, https:\/\/d.r1.wbsprt.com\/krr.sk\/wp-content\/uploads\/2018\/04\/Nov\u251ce-kancel\u251cirie-KRR-1-768x512.jpg 768w, https:\/\/d.r1.wbsprt.com\/krr.sk\/wp-content\/uploads\/2018\/04\/Nov\u251ce-kancel\u251cirie-KRR-1-391x260.jpg 391w, https:\/\/d.r1.wbsprt.com\/krr.sk\/wp-content\/uploads\/2018\/04\/Nov\u251ce-kancel\u251cirie-KRR-1-1536x1024.jpg 1536w, https:\/\/d.r1.wbsprt.com\/krr.sk\/wp-content\/uploads\/2018\/04\/Nov\u251ce-kancel\u251cirie-KRR-1-600x400.jpg 600w, https:\/\/d.r1.wbsprt.com\/krr.sk\/wp-content\/uploads\/2018\/04\/Nov\u251ce-kancel\u251cirie-KRR-1.jpg 1620w\" sizes=\"(max-width: 300px) 100vw, 300px\" \/><\/a>\n\t\t\t<\/div><\/figure><figure class='gallery-item'>\n\t\t\t<div class='gallery-icon landscape'>\n\t\t\t\t<a href='https:\/\/d.r1.wbsprt.com\/krr.sk\/wp-content\/uploads\/2018\/04\/Nov\u251ce-s\u251csdlo-KRR-poh\u2500zad-1-1.jpg'><img decoding=\"async\" width=\"300\" height=\"200\" src=\"https:\/\/d.r1.wbsprt.com\/krr.sk\/wp-content\/uploads\/2018\/04\/Nov\u251ce-s\u251csdlo-KRR-poh\u2500zad-1-1-300x200.jpg\" class=\"attachment-medium size-medium\" alt=\"\" srcset=\"https:\/\/d.r1.wbsprt.com\/krr.sk\/wp-content\/uploads\/2018\/04\/Nov\u251ce-s\u251csdlo-KRR-poh\u2500zad-1-1-300x200.jpg 300w, https:\/\/d.r1.wbsprt.com\/krr.sk\/wp-content\/uploads\/2018\/04\/Nov\u251ce-s\u251csdlo-KRR-poh\u2500zad-1-1-1024x683.jpg 1024w, https:\/\/d.r1.wbsprt.com\/krr.sk\/wp-content\/uploads\/2018\/04\/Nov\u251ce-s\u251csdlo-KRR-poh\u2500zad-1-1-768x512.jpg 768w, https:\/\/d.r1.wbsprt.com\/krr.sk\/wp-content\/uploads\/2018\/04\/Nov\u251ce-s\u251csdlo-KRR-poh\u2500zad-1-1-391x260.jpg 391w, https:\/\/d.r1.wbsprt.com\/krr.sk\/wp-content\/uploads\/2018\/04\/Nov\u251ce-s\u251csdlo-KRR-poh\u2500zad-1-1-1536x1024.jpg 1536w, https:\/\/d.r1.wbsprt.com\/krr.sk\/wp-content\/uploads\/2018\/04\/Nov\u251ce-s\u251csdlo-KRR-poh\u2500zad-1-1-600x400.jpg 600w, https:\/\/d.r1.wbsprt.com\/krr.sk\/wp-content\/uploads\/2018\/04\/Nov\u251ce-s\u251csdlo-KRR-poh\u2500zad-1-1.jpg 1620w\" sizes=\"(max-width: 300px) 100vw, 300px\" \/><\/a>\n\t\t\t<\/div><\/figure><figure class='gallery-item'>\n\t\t\t<div class='gallery-icon landscape'>\n\t\t\t\t<a href='https:\/\/d.r1.wbsprt.com\/krr.sk\/wp-content\/uploads\/2018\/04\/Vestibul-pri-vstupe-do-KRR-1.jpg'><img decoding=\"async\" width=\"300\" height=\"200\" src=\"https:\/\/d.r1.wbsprt.com\/krr.sk\/wp-content\/uploads\/2018\/04\/Vestibul-pri-vstupe-do-KRR-1-300x200.jpg\" class=\"attachment-medium size-medium\" alt=\"\" srcset=\"https:\/\/d.r1.wbsprt.com\/krr.sk\/wp-content\/uploads\/2018\/04\/Vestibul-pri-vstupe-do-KRR-1-300x200.jpg 300w, https:\/\/d.r1.wbsprt.com\/krr.sk\/wp-content\/uploads\/2018\/04\/Vestibul-pri-vstupe-do-KRR-1-1024x683.jpg 1024w, https:\/\/d.r1.wbsprt.com\/krr.sk\/wp-content\/uploads\/2018\/04\/Vestibul-pri-vstupe-do-KRR-1-768x512.jpg 768w, https:\/\/d.r1.wbsprt.com\/krr.sk\/wp-content\/uploads\/2018\/04\/Vestibul-pri-vstupe-do-KRR-1-391x260.jpg 391w, https:\/\/d.r1.wbsprt.com\/krr.sk\/wp-content\/uploads\/2018\/04\/Vestibul-pri-vstupe-do-KRR-1-1536x1024.jpg 1536w, https:\/\/d.r1.wbsprt.com\/krr.sk\/wp-content\/uploads\/2018\/04\/Vestibul-pri-vstupe-do-KRR-1-600x400.jpg 600w, https:\/\/d.r1.wbsprt.com\/krr.sk\/wp-content\/uploads\/2018\/04\/Vestibul-pri-vstupe-do-KRR-1.jpg 1620w\" sizes=\"(max-width: 300px) 100vw, 300px\" \/><\/a>\n\t\t\t<\/div><\/figure>\n\t\t<\/div>\n\n","protected":false},"excerpt":{"rendered":"<p>Klaster region\u00e1lneho rozvoja &#8211; z\u00e1padn\u00e9 Slovensko bude od m\u00e1ja 2018 s\u00eddli\u0165 v nov\u00fdch priestoroch, ktor\u00e9 sa nach\u00e1dzaj\u00fa v Trnave na Mikov\u00edniho ulici \u010d. 4. Okrem administrat\u00edvnej \u010dasti pl\u00e1nujeme v priestoroch vytvori\u0165 rokovaciu miestnos\u0165, ktor\u00e1 bude sl\u00fa\u017ei\u0165 aj pre potreby \u010dlenov KRR, pri\u010dom predpoklad\u00e1me, \u017ee \u010dlenovia bud\u00fa m\u00f4c\u0165 t\u00fato slu\u017ebu vyu\u017e\u00edva\u0165 od j\u00fana 2018. Ak \u010dlenovia, [&hellip;]<\/p>\n","protected":false},"author":2,"featured_media":6356,"comment_status":"closed","ping_status":"open","sticky":false,"template":"","format":"standard","meta":{"_acf_changed":false,"footnotes":""},"categories":[80,89],"tags":[],"class_list":["post-6354","post","type-post","status-publish","format-standard","has-post-thumbnail","hentry","category-vsetky-clanky","category-zcinnostiklastra"],"acf":[],"_links":{"self":[{"href":"https:\/\/d.r1.wbsprt.com\/krr.sk\/wp-json\/wp\/v2\/posts\/6354","targetHints":{"allow":["GET"]}}],"collection":[{"href":"https:\/\/d.r1.wbsprt.com\/krr.sk\/wp-json\/wp\/v2\/posts"}],"about":[{"href":"https:\/\/d.r1.wbsprt.com\/krr.sk\/wp-json\/wp\/v2\/types\/post"}],"author":[{"embeddable":true,"href":"https:\/\/d.r1.wbsprt.com\/krr.sk\/wp-json\/wp\/v2\/users\/2"}],"replies":[{"embeddable":true,"href":"https:\/\/d.r1.wbsprt.com\/krr.sk\/wp-json\/wp\/v2\/comments?post=6354"}],"version-history":[{"count":0,"href":"https:\/\/d.r1.wbsprt.com\/krr.sk\/wp-json\/wp\/v2\/posts\/6354\/revisions"}],"wp:featuredmedia":[{"embeddable":true,"href":"https:\/\/d.r1.wbsprt.com\/krr.sk\/wp-json\/wp\/v2\/media\/6356"}],"wp:attachment":[{"href":"https:\/\/d.r1.wbsprt.com\/krr.sk\/wp-json\/wp\/v2\/media?parent=6354"}],"wp:term":[{"taxonomy":"category","embeddable":true,"href":"https:\/\/d.r1.wbsprt.com\/krr.sk\/wp-json\/wp\/v2\/categories?post=6354"},{"taxonomy":"post_tag","embeddable":true,"href":"https:\/\/d.r1.wbsprt.com\/krr.sk\/wp-json\/wp\/v2\/tags?post=6354"}],"curies":[{"name":"wp","href":"https:\/\/api.w.org\/{rel}","templated":true}]}}