{"id":6347,"date":"2018-04-23T19:32:01","date_gmt":"2018-04-23T17:32:01","guid":{"rendered":"http:\/\/d.r1.wbsprt.com\/krr.sk\/?p=6347"},"modified":"2021-05-19T17:50:31","modified_gmt":"2021-05-19T15:50:31","slug":"rokovanie-s-predstavitelmi-regionalnych-zmos-ov","status":"publish","type":"post","link":"https:\/\/d.r1.wbsprt.com\/krr.sk\/rokovanie-s-predstavitelmi-regionalnych-zmos-ov\/","title":{"rendered":"Rokovanie s predstavite\u013emi region\u00e1lnych ZMOS-ov"},"content":{"rendered":"<p>Spolupr\u00e1ca s miestnou samospr\u00e1vou je dlhodobou t\u00e9mou a jednou z prior\u00edt Klastra region\u00e1lneho rozvoja &#8211; z\u00e1padn\u00e9 Slovensko. Sved\u010d\u00ed o tom aj skuto\u010dnos\u0165, \u017ee nieko\u013eko desiatok \u010dlenov na\u0161ej organiz\u00e1cie je pr\u00e1ve z radov obc\u00ed a miest. Na rokovan\u00ed z predstavite\u013emi region\u00e1lnych ZMOS-ov o mo\u017enostiach spolupr\u00e1ce diskutoval v\u00fdkonn\u00fd riadite\u013e KRR Marek Turansk\u00fd. Predsedovia ZMO &#8211; Jaslovsk\u00e9 Bohunice, p\u00e1n Vladim\u00edr P\u00fa\u010dik (starosta obce Ru\u017eindol), ZMO Galantsko &#8211; \u0160aliansko, p\u00e1n Franti\u0161ek Gogh (starosta obce Ve\u013ek\u00e9 \u00da\u013eany) a Zdru\u017eenia miest a obc\u00ed \u017ditn\u00e9ho ostrova, p\u00e1n Osk\u00e1r Bereczk (starosta obce Doln\u00fd Bar) vyjadrili presved\u010denie, \u017ee by intenz\u00edvnej\u0161ia spolupr\u00e1ca s klastrom mohla prinies\u0165 pre samotn\u00e9 zdru\u017eenia ako aj jednotliv\u00fdch \u010dlenov konkr\u00e9tne v\u00fdsledky. Rokovania sa z\u00fa\u010dastnil aj \u010dlen rady ZMO &#8211; Jaslovsk\u00e9 Bohunice, p\u00e1n Maro\u0161 Sagan, starosta obce C\u00edfer, ktor\u00fd vyzdvihol doteraj\u0161iu spolupr\u00e1cu s klastrom jednak na \u00farovni obce C\u00edfer aj v r\u00e1mci Mikroregi\u00f3nu 11PLUS. V diskusii boli otvoren\u00e9 viacer\u00e9 t\u00e9my, ktor\u00fdm by bolo potrebn\u00e9 venova\u0165 v\u00e4\u010d\u0161iu pozornos\u0165. Podrobnej\u0161ie boli prediskutovan\u00e9 mo\u017enosti spolupr\u00e1ce na rozv\u00edjaj\u00facom sa port\u00e1li GOWEST.SK, ktor\u00fd by mohol v\u00fdraznej\u0161\u00edm sp\u00f4sobom prispie\u0165 k propag\u00e1cii \u010dlenov a podpore cestovn\u00e9ho ruchu v regi\u00f3ne.<\/p>\n<div id='gallery-1' class='gallery galleryid-6347 gallery-columns-3 gallery-size-medium'><figure class='gallery-item'>\n\t\t\t<div class='gallery-icon landscape'>\n\t\t\t\t<a href='https:\/\/d.r1.wbsprt.com\/krr.sk\/wp-content\/uploads\/2018\/04\/Rokovanie-vo-Ve\u2500zk\u251cZch-\u251cU\u2500zanoch-1-1.jpg'><img fetchpriority=\"high\" decoding=\"async\" width=\"300\" height=\"200\" src=\"https:\/\/d.r1.wbsprt.com\/krr.sk\/wp-content\/uploads\/2018\/04\/Rokovanie-vo-Ve\u2500zk\u251cZch-\u251cU\u2500zanoch-1-1-300x200.jpg\" class=\"attachment-medium size-medium\" alt=\"\" srcset=\"https:\/\/d.r1.wbsprt.com\/krr.sk\/wp-content\/uploads\/2018\/04\/Rokovanie-vo-Ve\u2500zk\u251cZch-\u251cU\u2500zanoch-1-1-300x200.jpg 300w, https:\/\/d.r1.wbsprt.com\/krr.sk\/wp-content\/uploads\/2018\/04\/Rokovanie-vo-Ve\u2500zk\u251cZch-\u251cU\u2500zanoch-1-1-1024x683.jpg 1024w, https:\/\/d.r1.wbsprt.com\/krr.sk\/wp-content\/uploads\/2018\/04\/Rokovanie-vo-Ve\u2500zk\u251cZch-\u251cU\u2500zanoch-1-1-768x512.jpg 768w, https:\/\/d.r1.wbsprt.com\/krr.sk\/wp-content\/uploads\/2018\/04\/Rokovanie-vo-Ve\u2500zk\u251cZch-\u251cU\u2500zanoch-1-1-391x260.jpg 391w, https:\/\/d.r1.wbsprt.com\/krr.sk\/wp-content\/uploads\/2018\/04\/Rokovanie-vo-Ve\u2500zk\u251cZch-\u251cU\u2500zanoch-1-1-1536x1024.jpg 1536w, https:\/\/d.r1.wbsprt.com\/krr.sk\/wp-content\/uploads\/2018\/04\/Rokovanie-vo-Ve\u2500zk\u251cZch-\u251cU\u2500zanoch-1-1-600x400.jpg 600w, https:\/\/d.r1.wbsprt.com\/krr.sk\/wp-content\/uploads\/2018\/04\/Rokovanie-vo-Ve\u2500zk\u251cZch-\u251cU\u2500zanoch-1-1.jpg 1620w\" sizes=\"(max-width: 300px) 100vw, 300px\" \/><\/a>\n\t\t\t<\/div><\/figure><figure class='gallery-item'>\n\t\t\t<div class='gallery-icon landscape'>\n\t\t\t\t<a href='https:\/\/d.r1.wbsprt.com\/krr.sk\/wp-content\/uploads\/2018\/04\/Rokovanie-vo-Ve\u2500zk\u251cZch-\u251cU\u2500zanoch-2-1.jpg'><img decoding=\"async\" width=\"300\" height=\"200\" src=\"https:\/\/d.r1.wbsprt.com\/krr.sk\/wp-content\/uploads\/2018\/04\/Rokovanie-vo-Ve\u2500zk\u251cZch-\u251cU\u2500zanoch-2-1-300x200.jpg\" class=\"attachment-medium size-medium\" alt=\"\" srcset=\"https:\/\/d.r1.wbsprt.com\/krr.sk\/wp-content\/uploads\/2018\/04\/Rokovanie-vo-Ve\u2500zk\u251cZch-\u251cU\u2500zanoch-2-1-300x200.jpg 300w, https:\/\/d.r1.wbsprt.com\/krr.sk\/wp-content\/uploads\/2018\/04\/Rokovanie-vo-Ve\u2500zk\u251cZch-\u251cU\u2500zanoch-2-1-1024x683.jpg 1024w, https:\/\/d.r1.wbsprt.com\/krr.sk\/wp-content\/uploads\/2018\/04\/Rokovanie-vo-Ve\u2500zk\u251cZch-\u251cU\u2500zanoch-2-1-768x512.jpg 768w, https:\/\/d.r1.wbsprt.com\/krr.sk\/wp-content\/uploads\/2018\/04\/Rokovanie-vo-Ve\u2500zk\u251cZch-\u251cU\u2500zanoch-2-1-391x260.jpg 391w, https:\/\/d.r1.wbsprt.com\/krr.sk\/wp-content\/uploads\/2018\/04\/Rokovanie-vo-Ve\u2500zk\u251cZch-\u251cU\u2500zanoch-2-1-1536x1024.jpg 1536w, https:\/\/d.r1.wbsprt.com\/krr.sk\/wp-content\/uploads\/2018\/04\/Rokovanie-vo-Ve\u2500zk\u251cZch-\u251cU\u2500zanoch-2-1-600x400.jpg 600w, https:\/\/d.r1.wbsprt.com\/krr.sk\/wp-content\/uploads\/2018\/04\/Rokovanie-vo-Ve\u2500zk\u251cZch-\u251cU\u2500zanoch-2-1.jpg 1620w\" sizes=\"(max-width: 300px) 100vw, 300px\" \/><\/a>\n\t\t\t<\/div><\/figure>\n\t\t<\/div>\n\n","protected":false},"excerpt":{"rendered":"<p>Spolupr\u00e1ca s miestnou samospr\u00e1vou je dlhodobou t\u00e9mou a jednou z prior\u00edt Klastra region\u00e1lneho rozvoja &#8211; z\u00e1padn\u00e9 Slovensko. Sved\u010d\u00ed o tom aj skuto\u010dnos\u0165, \u017ee nieko\u013eko desiatok \u010dlenov na\u0161ej organiz\u00e1cie je pr\u00e1ve z radov obc\u00ed a miest. Na rokovan\u00ed z predstavite\u013emi region\u00e1lnych ZMOS-ov o mo\u017enostiach spolupr\u00e1ce diskutoval v\u00fdkonn\u00fd riadite\u013e KRR Marek Turansk\u00fd. Predsedovia ZMO &#8211; Jaslovsk\u00e9 Bohunice, [&hellip;]<\/p>\n","protected":false},"author":2,"featured_media":6350,"comment_status":"closed","ping_status":"open","sticky":false,"template":"","format":"standard","meta":{"_acf_changed":false,"footnotes":""},"categories":[93],"tags":[],"class_list":["post-6347","post","type-post","status-publish","format-standard","has-post-thumbnail","hentry","category-novinky"],"acf":[],"_links":{"self":[{"href":"https:\/\/d.r1.wbsprt.com\/krr.sk\/wp-json\/wp\/v2\/posts\/6347","targetHints":{"allow":["GET"]}}],"collection":[{"href":"https:\/\/d.r1.wbsprt.com\/krr.sk\/wp-json\/wp\/v2\/posts"}],"about":[{"href":"https:\/\/d.r1.wbsprt.com\/krr.sk\/wp-json\/wp\/v2\/types\/post"}],"author":[{"embeddable":true,"href":"https:\/\/d.r1.wbsprt.com\/krr.sk\/wp-json\/wp\/v2\/users\/2"}],"replies":[{"embeddable":true,"href":"https:\/\/d.r1.wbsprt.com\/krr.sk\/wp-json\/wp\/v2\/comments?post=6347"}],"version-history":[{"count":0,"href":"https:\/\/d.r1.wbsprt.com\/krr.sk\/wp-json\/wp\/v2\/posts\/6347\/revisions"}],"wp:featuredmedia":[{"embeddable":true,"href":"https:\/\/d.r1.wbsprt.com\/krr.sk\/wp-json\/wp\/v2\/media\/6350"}],"wp:attachment":[{"href":"https:\/\/d.r1.wbsprt.com\/krr.sk\/wp-json\/wp\/v2\/media?parent=6347"}],"wp:term":[{"taxonomy":"category","embeddable":true,"href":"https:\/\/d.r1.wbsprt.com\/krr.sk\/wp-json\/wp\/v2\/categories?post=6347"},{"taxonomy":"post_tag","embeddable":true,"href":"https:\/\/d.r1.wbsprt.com\/krr.sk\/wp-json\/wp\/v2\/tags?post=6347"}],"curies":[{"name":"wp","href":"https:\/\/api.w.org\/{rel}","templated":true}]}}