{"id":6340,"date":"2018-04-23T19:13:44","date_gmt":"2018-04-23T17:13:44","guid":{"rendered":"http:\/\/d.r1.wbsprt.com\/krr.sk\/?p=6340"},"modified":"2018-04-23T19:13:44","modified_gmt":"2018-04-23T17:13:44","slug":"aprilove-zasadanie-spravnej-rady-krr","status":"publish","type":"post","link":"https:\/\/d.r1.wbsprt.com\/krr.sk\/aprilove-zasadanie-spravnej-rady-krr\/","title":{"rendered":"Apr\u00edlov\u00e9 zasadanie Spr\u00e1vnej rady KRR"},"content":{"rendered":"<p>D\u0148a 19. apr\u00edla 2018 sa konalo zasadanie Spr\u00e1vnej rady Klastra region\u00e1lneho rozvoja \u2013 z\u00e1padn\u00e9 Slovensko. Rokovanie sa uskuto\u010dnilo v\u00a0priestoroch neogotick\u00e9ho ka\u0161tie\u013ea v\u00a0Galante. Spr\u00e1vna rada sa historicky po prv\u00fdkr\u00e1t doplnila na celkov\u00fd po\u010det 7 \u010dlenov, pri\u010dom Trnavsk\u00fd samospr\u00e1vny kraj ako zakladaj\u00faci \u010dlen nominoval dvoch z\u00e1stupcov, ktor\u00fdmi s\u00fa p\u00e1n L\u00e1szl\u00f3 B\u00edr\u00f3 a p\u00e1n Pavol Kalman, jedn\u00e9ho z\u00e1stupcu p\u00e1na Marka Seme\u0161a nominoval nov\u00fd pridru\u017een\u00fd \u010dlen &#8211; I.A.S. zdru\u017eenie. Okrem doplnenia \u010dlenov Spr\u00e1vna rada KRR zobrala na vedomie prijatie nov\u00fdch \u010dlenov, ktor\u00ed roz\u0161\u00edrili rady KRR, zobrala na vedomie v\u00fdro\u010dn\u00fa spr\u00e1vu za rok 2017 a ur\u010dila term\u00edn Valn\u00e9ho zhroma\u017edenia KRR na 24. m\u00e1ja 2018. V r\u00e1mci doplnen\u00fdch bodov sa rokovalo o mo\u017enom vstupe do organiz\u00e1cie Slovensk\u00fd dom CENTROPE a bol schv\u00e1len\u00fd nov\u00fd n\u00e1vrh loga a s t\u00fdm s\u00favisiaca zmena dizajn identity organiz\u00e1cie. Najdlh\u0161\u00edm aj najdiskutovanej\u0161\u00edm bodom bol n\u00e1vrh TTSK na person\u00e1lne nomin\u00e1cie svojich z\u00e1stupcov do Spr\u00e1vnej rady, Dozornej rady a najm\u00e4 n\u00e1vrh na v\u00fdmenu v\u00fdkonn\u00e9ho riadite\u013ea Mareka Turansk\u00e9ho. Tento n\u00e1vrh nez\u00edskal potrebn\u00fa v\u00e4\u010d\u0161inov\u00fa podporu Spr\u00e1vnej rady. Spr\u00e1vna rada otvorila okrajovo aj ot\u00e1zku zmeny STANOV zdru\u017eenia, ktor\u00e1 po\u010d\u00edta so zapracovan\u00edm aktu\u00e1lnych potrieb, ako je napr\u00edklad zmena s\u00eddla organiz\u00e1cie a podobne. \u010clenovia KRR maj\u00fa mo\u017enos\u0165 pod\u00e1va\u0165 pr\u00edpadn\u00e9 n\u00e1vrhy na zmenu alebo doplnenie stanov.<\/p>\n<div id='gallery-1' class='gallery galleryid-6340 gallery-columns-3 gallery-size-medium'><figure class='gallery-item'>\n\t\t\t<div class='gallery-icon landscape'>\n\t\t\t\t<a href='https:\/\/d.r1.wbsprt.com\/krr.sk\/wp-content\/uploads\/2018\/04\/Spr\u251civna-rada-v-Galante-2-1.jpg'><img fetchpriority=\"high\" decoding=\"async\" width=\"300\" height=\"200\" src=\"https:\/\/d.r1.wbsprt.com\/krr.sk\/wp-content\/uploads\/2018\/04\/Spr\u251civna-rada-v-Galante-2-1-300x200.jpg\" class=\"attachment-medium size-medium\" alt=\"\" srcset=\"https:\/\/d.r1.wbsprt.com\/krr.sk\/wp-content\/uploads\/2018\/04\/Spr\u251civna-rada-v-Galante-2-1-300x200.jpg 300w, https:\/\/d.r1.wbsprt.com\/krr.sk\/wp-content\/uploads\/2018\/04\/Spr\u251civna-rada-v-Galante-2-1-1024x683.jpg 1024w, https:\/\/d.r1.wbsprt.com\/krr.sk\/wp-content\/uploads\/2018\/04\/Spr\u251civna-rada-v-Galante-2-1-768x512.jpg 768w, https:\/\/d.r1.wbsprt.com\/krr.sk\/wp-content\/uploads\/2018\/04\/Spr\u251civna-rada-v-Galante-2-1-391x260.jpg 391w, https:\/\/d.r1.wbsprt.com\/krr.sk\/wp-content\/uploads\/2018\/04\/Spr\u251civna-rada-v-Galante-2-1-1536x1024.jpg 1536w, https:\/\/d.r1.wbsprt.com\/krr.sk\/wp-content\/uploads\/2018\/04\/Spr\u251civna-rada-v-Galante-2-1-600x400.jpg 600w, https:\/\/d.r1.wbsprt.com\/krr.sk\/wp-content\/uploads\/2018\/04\/Spr\u251civna-rada-v-Galante-2-1.jpg 1620w\" sizes=\"(max-width: 300px) 100vw, 300px\" \/><\/a>\n\t\t\t<\/div><\/figure><figure class='gallery-item'>\n\t\t\t<div class='gallery-icon landscape'>\n\t\t\t\t<a href='https:\/\/d.r1.wbsprt.com\/krr.sk\/wp-content\/uploads\/2018\/04\/Spr\u251civna-rada-v-Galante-3-1.jpg'><img decoding=\"async\" width=\"300\" height=\"200\" src=\"https:\/\/d.r1.wbsprt.com\/krr.sk\/wp-content\/uploads\/2018\/04\/Spr\u251civna-rada-v-Galante-3-1-300x200.jpg\" class=\"attachment-medium size-medium\" alt=\"\" srcset=\"https:\/\/d.r1.wbsprt.com\/krr.sk\/wp-content\/uploads\/2018\/04\/Spr\u251civna-rada-v-Galante-3-1-300x200.jpg 300w, https:\/\/d.r1.wbsprt.com\/krr.sk\/wp-content\/uploads\/2018\/04\/Spr\u251civna-rada-v-Galante-3-1-1024x683.jpg 1024w, https:\/\/d.r1.wbsprt.com\/krr.sk\/wp-content\/uploads\/2018\/04\/Spr\u251civna-rada-v-Galante-3-1-768x512.jpg 768w, https:\/\/d.r1.wbsprt.com\/krr.sk\/wp-content\/uploads\/2018\/04\/Spr\u251civna-rada-v-Galante-3-1-391x260.jpg 391w, https:\/\/d.r1.wbsprt.com\/krr.sk\/wp-content\/uploads\/2018\/04\/Spr\u251civna-rada-v-Galante-3-1-1536x1024.jpg 1536w, https:\/\/d.r1.wbsprt.com\/krr.sk\/wp-content\/uploads\/2018\/04\/Spr\u251civna-rada-v-Galante-3-1-600x400.jpg 600w, https:\/\/d.r1.wbsprt.com\/krr.sk\/wp-content\/uploads\/2018\/04\/Spr\u251civna-rada-v-Galante-3-1.jpg 1620w\" sizes=\"(max-width: 300px) 100vw, 300px\" \/><\/a>\n\t\t\t<\/div><\/figure><figure class='gallery-item'>\n\t\t\t<div class='gallery-icon landscape'>\n\t\t\t\t<a href='https:\/\/d.r1.wbsprt.com\/krr.sk\/wp-content\/uploads\/2018\/04\/Spravna-rada-KRR-v-Galante-1-1.jpg'><img decoding=\"async\" width=\"300\" height=\"200\" src=\"https:\/\/d.r1.wbsprt.com\/krr.sk\/wp-content\/uploads\/2018\/04\/Spravna-rada-KRR-v-Galante-1-1-300x200.jpg\" class=\"attachment-medium size-medium\" alt=\"\" srcset=\"https:\/\/d.r1.wbsprt.com\/krr.sk\/wp-content\/uploads\/2018\/04\/Spravna-rada-KRR-v-Galante-1-1-300x200.jpg 300w, https:\/\/d.r1.wbsprt.com\/krr.sk\/wp-content\/uploads\/2018\/04\/Spravna-rada-KRR-v-Galante-1-1-1024x683.jpg 1024w, https:\/\/d.r1.wbsprt.com\/krr.sk\/wp-content\/uploads\/2018\/04\/Spravna-rada-KRR-v-Galante-1-1-768x512.jpg 768w, https:\/\/d.r1.wbsprt.com\/krr.sk\/wp-content\/uploads\/2018\/04\/Spravna-rada-KRR-v-Galante-1-1-391x260.jpg 391w, https:\/\/d.r1.wbsprt.com\/krr.sk\/wp-content\/uploads\/2018\/04\/Spravna-rada-KRR-v-Galante-1-1-1536x1024.jpg 1536w, https:\/\/d.r1.wbsprt.com\/krr.sk\/wp-content\/uploads\/2018\/04\/Spravna-rada-KRR-v-Galante-1-1-600x400.jpg 600w, https:\/\/d.r1.wbsprt.com\/krr.sk\/wp-content\/uploads\/2018\/04\/Spravna-rada-KRR-v-Galante-1-1.jpg 1620w\" sizes=\"(max-width: 300px) 100vw, 300px\" \/><\/a>\n\t\t\t<\/div><\/figure>\n\t\t<\/div>\n\n","protected":false},"excerpt":{"rendered":"<p>D\u0148a 19. apr\u00edla 2018 sa konalo zasadanie Spr\u00e1vnej rady Klastra region\u00e1lneho rozvoja \u2013 z\u00e1padn\u00e9 Slovensko. Rokovanie sa uskuto\u010dnilo v\u00a0priestoroch neogotick\u00e9ho ka\u0161tie\u013ea v\u00a0Galante. Spr\u00e1vna rada sa historicky po prv\u00fdkr\u00e1t doplnila na celkov\u00fd po\u010det 7 \u010dlenov, pri\u010dom Trnavsk\u00fd samospr\u00e1vny kraj ako zakladaj\u00faci \u010dlen nominoval dvoch z\u00e1stupcov, ktor\u00fdmi s\u00fa p\u00e1n L\u00e1szl\u00f3 B\u00edr\u00f3 a p\u00e1n Pavol Kalman, jedn\u00e9ho z\u00e1stupcu [&hellip;]<\/p>\n","protected":false},"author":2,"featured_media":6345,"comment_status":"closed","ping_status":"open","sticky":false,"template":"","format":"standard","meta":{"_acf_changed":false,"footnotes":""},"categories":[80,89],"tags":[],"class_list":["post-6340","post","type-post","status-publish","format-standard","has-post-thumbnail","hentry","category-vsetky-clanky","category-zcinnostiklastra"],"acf":[],"_links":{"self":[{"href":"https:\/\/d.r1.wbsprt.com\/krr.sk\/wp-json\/wp\/v2\/posts\/6340","targetHints":{"allow":["GET"]}}],"collection":[{"href":"https:\/\/d.r1.wbsprt.com\/krr.sk\/wp-json\/wp\/v2\/posts"}],"about":[{"href":"https:\/\/d.r1.wbsprt.com\/krr.sk\/wp-json\/wp\/v2\/types\/post"}],"author":[{"embeddable":true,"href":"https:\/\/d.r1.wbsprt.com\/krr.sk\/wp-json\/wp\/v2\/users\/2"}],"replies":[{"embeddable":true,"href":"https:\/\/d.r1.wbsprt.com\/krr.sk\/wp-json\/wp\/v2\/comments?post=6340"}],"version-history":[{"count":0,"href":"https:\/\/d.r1.wbsprt.com\/krr.sk\/wp-json\/wp\/v2\/posts\/6340\/revisions"}],"wp:featuredmedia":[{"embeddable":true,"href":"https:\/\/d.r1.wbsprt.com\/krr.sk\/wp-json\/wp\/v2\/media\/6345"}],"wp:attachment":[{"href":"https:\/\/d.r1.wbsprt.com\/krr.sk\/wp-json\/wp\/v2\/media?parent=6340"}],"wp:term":[{"taxonomy":"category","embeddable":true,"href":"https:\/\/d.r1.wbsprt.com\/krr.sk\/wp-json\/wp\/v2\/categories?post=6340"},{"taxonomy":"post_tag","embeddable":true,"href":"https:\/\/d.r1.wbsprt.com\/krr.sk\/wp-json\/wp\/v2\/tags?post=6340"}],"curies":[{"name":"wp","href":"https:\/\/api.w.org\/{rel}","templated":true}]}}