{"id":6305,"date":"2018-04-11T12:45:55","date_gmt":"2018-04-11T10:45:55","guid":{"rendered":"http:\/\/d.r1.wbsprt.com\/krr.sk\/?p=6305"},"modified":"2018-04-11T14:10:47","modified_gmt":"2018-04-11T12:10:47","slug":"priprava-valneho-zhromazdenia-a-spravnej-rady","status":"publish","type":"post","link":"https:\/\/d.r1.wbsprt.com\/krr.sk\/priprava-valneho-zhromazdenia-a-spravnej-rady\/","title":{"rendered":"Pr\u00edprava valn\u00e9ho zhroma\u017edenia a spr\u00e1vnej rady"},"content":{"rendered":"<p>V\u00e1\u017een\u00ed \u010dlenovia Klastra region\u00e1lneho rozvoja \u2013 z\u00e1padn\u00e9 Slovensko (KRR),<\/p>\n<p>1. Pripravujeme Valn\u00e9 zhroma\u017edenie KRR, ktor\u00e9 sa bude kona\u0165 24. m\u00e1ja 2018. O mieste, \u010dase konania a programe v\u00e1s budeme \u010do najsk\u00f4r informova\u0165 pozv\u00e1nkou. Rezervujte si v\u0161ak pros\u00edm, ak je to mo\u017en\u00e9, term\u00edn vo va\u0161om pracovnom programe.<\/p>\n<p>2. Valn\u00e9mu zhroma\u017edeniu bude predch\u00e1dza\u0165 zasadnutie Spr\u00e1vnej rady (SR) KRR 19.04.2018. V pr\u00edpade ak\u00fdchko\u013evek podnetov, ktor\u00e9 by SR mohla pod\u013ea v\u00e1\u0161ho n\u00e1zoru prerokova\u0165 pred samotn\u00fdm Valn\u00fdm zhroma\u017eden\u00edm n\u00e1m pros\u00edm va\u0161e podnety za\u0161lite pred term\u00ednom zasadnutia SR na adresu: riaditel@krr.5pixel.sk.<\/p>\n<p>3. Pripravujeme spustenie benefitn\u00e9ho syst\u00e9mu \u010cLENOVIA \u010cLENOM. Budeme radi, ak sa v \u010do najv\u00e4\u010d\u0161om po\u010dte zapoj\u00edte a pon\u00faknete produkty alebo slu\u017eby z v\u00e1\u0161ho portf\u00f3lia pre \u010dlenov KRR tak, aby mali mo\u017enos\u0165 ich z\u00edska\u0165 v\u00fdhodnej\u0161ie ako in\u00ed.<\/p>\n<p>4. Pl\u00e1nujeme zmenu a \u00fapravu STANOV zdru\u017eenia. Ak m\u00e1te konkr\u00e9tne po\u017eiadavky alebo pripomienky, nev\u00e1hajte ich predlo\u017ei\u0165 ako podnet na prerokovanie v spr\u00e1vnej rade.<\/p>\n<p>V ka\u017edom pr\u00edpade si ve\u013emi v\u00e1\u017eime va\u0161u doteraj\u0161iu podporu Klastru akouko\u013evek formou, ktor\u00fa ste doteraz my\u0161lienke v\u00fdnimo\u010dn\u00e9ho s\u00fakromno-verejn\u00e9ho partnerstva venovali.<\/p>\n<p>S \u00factou a prian\u00edm skor\u00e9ho osobn\u00e9ho stretnutia, Marek Turansk\u00fd, v\u00fdkonn\u00fd riadite\u013e.<\/p>\n<div id='gallery-1' class='gallery galleryid-6305 gallery-columns-3 gallery-size-medium'><figure class='gallery-item'>\n\t\t\t<div class='gallery-icon landscape'>\n\t\t\t\t<a href='https:\/\/d.r1.wbsprt.com\/krr.sk\/wp-content\/uploads\/2018\/04\/f1-2.jpg'><img decoding=\"async\" width=\"300\" height=\"163\" src=\"https:\/\/d.r1.wbsprt.com\/krr.sk\/wp-content\/uploads\/2018\/04\/f1-2-300x163.jpg\" class=\"attachment-medium size-medium\" alt=\"\" srcset=\"https:\/\/d.r1.wbsprt.com\/krr.sk\/wp-content\/uploads\/2018\/04\/f1-2-300x163.jpg 300w, https:\/\/d.r1.wbsprt.com\/krr.sk\/wp-content\/uploads\/2018\/04\/f1-2-1024x558.jpg 1024w, https:\/\/d.r1.wbsprt.com\/krr.sk\/wp-content\/uploads\/2018\/04\/f1-2-768x418.jpg 768w, https:\/\/d.r1.wbsprt.com\/krr.sk\/wp-content\/uploads\/2018\/04\/f1-2-600x327.jpg 600w, https:\/\/d.r1.wbsprt.com\/krr.sk\/wp-content\/uploads\/2018\/04\/f1-2.jpg 1069w\" sizes=\"(max-width: 300px) 100vw, 300px\" \/><\/a>\n\t\t\t<\/div><\/figure><figure class='gallery-item'>\n\t\t\t<div class='gallery-icon landscape'>\n\t\t\t\t<a href='https:\/\/d.r1.wbsprt.com\/krr.sk\/wp-content\/uploads\/2018\/04\/f2-2.jpg'><img decoding=\"async\" width=\"300\" height=\"160\" src=\"https:\/\/d.r1.wbsprt.com\/krr.sk\/wp-content\/uploads\/2018\/04\/f2-2-300x160.jpg\" class=\"attachment-medium size-medium\" alt=\"\" srcset=\"https:\/\/d.r1.wbsprt.com\/krr.sk\/wp-content\/uploads\/2018\/04\/f2-2-300x160.jpg 300w, https:\/\/d.r1.wbsprt.com\/krr.sk\/wp-content\/uploads\/2018\/04\/f2-2-1024x547.jpg 1024w, https:\/\/d.r1.wbsprt.com\/krr.sk\/wp-content\/uploads\/2018\/04\/f2-2-768x410.jpg 768w, https:\/\/d.r1.wbsprt.com\/krr.sk\/wp-content\/uploads\/2018\/04\/f2-2-600x320.jpg 600w, https:\/\/d.r1.wbsprt.com\/krr.sk\/wp-content\/uploads\/2018\/04\/f2-2.jpg 1167w\" sizes=\"(max-width: 300px) 100vw, 300px\" \/><\/a>\n\t\t\t<\/div><\/figure><figure class='gallery-item'>\n\t\t\t<div class='gallery-icon landscape'>\n\t\t\t\t<a href='https:\/\/d.r1.wbsprt.com\/krr.sk\/wp-content\/uploads\/2018\/04\/f3-2.jpg'><img fetchpriority=\"high\" decoding=\"async\" width=\"300\" height=\"169\" src=\"https:\/\/d.r1.wbsprt.com\/krr.sk\/wp-content\/uploads\/2018\/04\/f3-2-300x169.jpg\" class=\"attachment-medium size-medium\" alt=\"\" srcset=\"https:\/\/d.r1.wbsprt.com\/krr.sk\/wp-content\/uploads\/2018\/04\/f3-2-300x169.jpg 300w, https:\/\/d.r1.wbsprt.com\/krr.sk\/wp-content\/uploads\/2018\/04\/f3-2-1024x578.jpg 1024w, https:\/\/d.r1.wbsprt.com\/krr.sk\/wp-content\/uploads\/2018\/04\/f3-2-768x434.jpg 768w, https:\/\/d.r1.wbsprt.com\/krr.sk\/wp-content\/uploads\/2018\/04\/f3-2-150x85.jpg 150w, https:\/\/d.r1.wbsprt.com\/krr.sk\/wp-content\/uploads\/2018\/04\/f3-2-600x339.jpg 600w, https:\/\/d.r1.wbsprt.com\/krr.sk\/wp-content\/uploads\/2018\/04\/f3-2.jpg 1114w\" sizes=\"(max-width: 300px) 100vw, 300px\" \/><\/a>\n\t\t\t<\/div><\/figure>\n\t\t<\/div>\n\n","protected":false},"excerpt":{"rendered":"<p>V\u00e1\u017een\u00ed \u010dlenovia Klastra region\u00e1lneho rozvoja \u2013 z\u00e1padn\u00e9 Slovensko (KRR), 1. Pripravujeme Valn\u00e9 zhroma\u017edenie KRR, ktor\u00e9 sa bude kona\u0165 24. m\u00e1ja 2018. O mieste, \u010dase konania a programe v\u00e1s budeme \u010do najsk\u00f4r informova\u0165 pozv\u00e1nkou. Rezervujte si v\u0161ak pros\u00edm, ak je to mo\u017en\u00e9, term\u00edn vo va\u0161om pracovnom programe. 2. Valn\u00e9mu zhroma\u017edeniu bude predch\u00e1dza\u0165 zasadnutie Spr\u00e1vnej rady (SR) [&hellip;]<\/p>\n","protected":false},"author":2,"featured_media":6307,"comment_status":"closed","ping_status":"open","sticky":false,"template":"","format":"standard","meta":{"_acf_changed":false,"footnotes":""},"categories":[89],"tags":[],"class_list":["post-6305","post","type-post","status-publish","format-standard","has-post-thumbnail","hentry","category-zcinnostiklastra"],"acf":[],"_links":{"self":[{"href":"https:\/\/d.r1.wbsprt.com\/krr.sk\/wp-json\/wp\/v2\/posts\/6305","targetHints":{"allow":["GET"]}}],"collection":[{"href":"https:\/\/d.r1.wbsprt.com\/krr.sk\/wp-json\/wp\/v2\/posts"}],"about":[{"href":"https:\/\/d.r1.wbsprt.com\/krr.sk\/wp-json\/wp\/v2\/types\/post"}],"author":[{"embeddable":true,"href":"https:\/\/d.r1.wbsprt.com\/krr.sk\/wp-json\/wp\/v2\/users\/2"}],"replies":[{"embeddable":true,"href":"https:\/\/d.r1.wbsprt.com\/krr.sk\/wp-json\/wp\/v2\/comments?post=6305"}],"version-history":[{"count":0,"href":"https:\/\/d.r1.wbsprt.com\/krr.sk\/wp-json\/wp\/v2\/posts\/6305\/revisions"}],"wp:featuredmedia":[{"embeddable":true,"href":"https:\/\/d.r1.wbsprt.com\/krr.sk\/wp-json\/wp\/v2\/media\/6307"}],"wp:attachment":[{"href":"https:\/\/d.r1.wbsprt.com\/krr.sk\/wp-json\/wp\/v2\/media?parent=6305"}],"wp:term":[{"taxonomy":"category","embeddable":true,"href":"https:\/\/d.r1.wbsprt.com\/krr.sk\/wp-json\/wp\/v2\/categories?post=6305"},{"taxonomy":"post_tag","embeddable":true,"href":"https:\/\/d.r1.wbsprt.com\/krr.sk\/wp-json\/wp\/v2\/tags?post=6305"}],"curies":[{"name":"wp","href":"https:\/\/api.w.org\/{rel}","templated":true}]}}