{"id":5909,"date":"2018-02-19T20:10:06","date_gmt":"2018-02-19T18:10:06","guid":{"rendered":"http:\/\/klasterrr.sk\/?p=5909"},"modified":"2021-05-19T17:51:03","modified_gmt":"2021-05-19T15:51:03","slug":"rokovala-spravna-rada-krr","status":"publish","type":"post","link":"https:\/\/d.r1.wbsprt.com\/krr.sk\/rokovala-spravna-rada-krr\/","title":{"rendered":"Rokovala Spr\u00e1vna rada KRR"},"content":{"rendered":"<p>D\u0148a 15.febru\u00e1ra 2018 sa konalo zasadanie Spr\u00e1vnej rady Klastra region\u00e1lneho rozvoja \u2013 z\u00e1padn\u00e9 Slovensko. Rokovanie sa uskuto\u010dnilo v\u00a0priestoroch neogotick\u00e9ho ka\u0161tie\u013ea v\u00a0Galante. Mesto Galanta je zakladaj\u00facim \u010dlenom KRR. Na programe rokovania bolo viacero d\u00f4le\u017eit\u00fdch bodov a\u00a0zauj\u00edmav\u00fdch t\u00e9m. Okrem in\u00e9ho zhodnotenie aktiv\u00edt za rok 2017, schva\u013eovanie ekonomick\u00fdch dokumentov ako \u00fa\u010dtovn\u00e1 z\u00e1vierka za rok 2017, \u010di inform\u00e1cia o\u00a0z\u00fa\u010dtovan\u00ed dot\u00e1cie za rok 2017 ale aj rozsiahla diskusia o\u00a0pl\u00e1noch a\u00a0aktivit\u00e1ch na rok 2018. V\u00a0r\u00e1mci diskusie boli predstaven\u00e9 aj aktivity s\u00favisiace s\u00a0opravami a\u00a0vyu\u017e\u00edvan\u00edm neogotick\u00e9ho ka\u0161tie\u013ea, v\u00a0ktor\u00e9ho priestoroch u\u017e dnes maj\u00fa mo\u017enos\u0165 n\u00e1v\u0161tevn\u00edci spozn\u00e1va\u0165 hist\u00f3riu spojen\u00fa so sl\u00e1vnym rodom Esterh\u00e1zy a\u00a0v\u00fdnimo\u010dnos\u0165 atmosf\u00e9ry doslova prec\u00edti\u0165 v\u00a0n\u00e1dherne a\u00a0funk\u010dne zrekon\u0161truovan\u00fdch priestoroch \u0161t\u00fdlovej kaviarne a\u00a0vinot\u00e9ky. Srde\u010dne v\u00e1s poz\u00fdvame. (<a href=\"http:\/\/www.esterhazygalanta.sk\/\" target=\"_blank\" rel=\"noopener\">www.esterhazygalanta.sk<\/a>)<\/p>\n<div id='gallery-1' class='gallery galleryid-5909 gallery-columns-3 gallery-size-medium'><figure class='gallery-item'>\n\t\t\t<div class='gallery-icon landscape'>\n\t\t\t\t<a href=\"https:\/\/d.r1.wbsprt.com\/krr.sk\/wp-content\/uploads\/2018\/02\/zdroj-esterhazygalanta.sk-fotogaleria-exterier-2.jpg\"><img fetchpriority=\"high\" decoding=\"async\" width=\"300\" height=\"200\" src=\"https:\/\/d.r1.wbsprt.com\/krr.sk\/wp-content\/uploads\/2018\/02\/zdroj-esterhazygalanta.sk-fotogaleria-exterier-2-300x200.jpg\" class=\"attachment-medium size-medium\" alt=\"\" aria-describedby=\"gallery-1-5910\" srcset=\"https:\/\/d.r1.wbsprt.com\/krr.sk\/wp-content\/uploads\/2018\/02\/zdroj-esterhazygalanta.sk-fotogaleria-exterier-2-300x200.jpg 300w, https:\/\/d.r1.wbsprt.com\/krr.sk\/wp-content\/uploads\/2018\/02\/zdroj-esterhazygalanta.sk-fotogaleria-exterier-2-1024x683.jpg 1024w, https:\/\/d.r1.wbsprt.com\/krr.sk\/wp-content\/uploads\/2018\/02\/zdroj-esterhazygalanta.sk-fotogaleria-exterier-2-768x512.jpg 768w, https:\/\/d.r1.wbsprt.com\/krr.sk\/wp-content\/uploads\/2018\/02\/zdroj-esterhazygalanta.sk-fotogaleria-exterier-2-391x260.jpg 391w, https:\/\/d.r1.wbsprt.com\/krr.sk\/wp-content\/uploads\/2018\/02\/zdroj-esterhazygalanta.sk-fotogaleria-exterier-2-600x400.jpg 600w, https:\/\/d.r1.wbsprt.com\/krr.sk\/wp-content\/uploads\/2018\/02\/zdroj-esterhazygalanta.sk-fotogaleria-exterier-2.jpg 1200w\" sizes=\"(max-width: 300px) 100vw, 300px\" \/><\/a>\n\t\t\t<\/div>\n\t\t\t\t<figcaption class='wp-caption-text gallery-caption' id='gallery-1-5910'>\n\t\t\t\tExteri\u00e9r kaviarne a vinot\u00e9ky (zdroj www.esterhazygalanta.sk)\n\t\t\t\t<\/figcaption><\/figure><figure class='gallery-item'>\n\t\t\t<div class='gallery-icon landscape'>\n\t\t\t\t<a href=\"https:\/\/d.r1.wbsprt.com\/krr.sk\/wp-content\/uploads\/2018\/02\/zdroj-esterhazygalanta.sk-fotogaleria-interier-1.jpg\"><img decoding=\"async\" width=\"300\" height=\"200\" src=\"https:\/\/d.r1.wbsprt.com\/krr.sk\/wp-content\/uploads\/2018\/02\/zdroj-esterhazygalanta.sk-fotogaleria-interier-1.jpg\" class=\"attachment-medium size-medium\" alt=\"\" aria-describedby=\"gallery-1-5911\" \/><\/a>\n\t\t\t<\/div>\n\t\t\t\t<figcaption class='wp-caption-text gallery-caption' id='gallery-1-5911'>\n\t\t\t\tKaviare\u0148 (zdroj www.esterhazygalanta.sk)\n\t\t\t\t<\/figcaption><\/figure><figure class='gallery-item'>\n\t\t\t<div class='gallery-icon landscape'>\n\t\t\t\t<a href=\"https:\/\/d.r1.wbsprt.com\/krr.sk\/wp-content\/uploads\/2018\/02\/zdroj-esterhazygalanta.sk-fotogaleria-interier2-2.jpg\"><img decoding=\"async\" width=\"300\" height=\"200\" src=\"https:\/\/d.r1.wbsprt.com\/krr.sk\/wp-content\/uploads\/2018\/02\/zdroj-esterhazygalanta.sk-fotogaleria-interier2-2-300x200.jpg\" class=\"attachment-medium size-medium\" alt=\"\" aria-describedby=\"gallery-1-5912\" srcset=\"https:\/\/d.r1.wbsprt.com\/krr.sk\/wp-content\/uploads\/2018\/02\/zdroj-esterhazygalanta.sk-fotogaleria-interier2-2-300x200.jpg 300w, https:\/\/d.r1.wbsprt.com\/krr.sk\/wp-content\/uploads\/2018\/02\/zdroj-esterhazygalanta.sk-fotogaleria-interier2-2-1024x683.jpg 1024w, https:\/\/d.r1.wbsprt.com\/krr.sk\/wp-content\/uploads\/2018\/02\/zdroj-esterhazygalanta.sk-fotogaleria-interier2-2-768x512.jpg 768w, https:\/\/d.r1.wbsprt.com\/krr.sk\/wp-content\/uploads\/2018\/02\/zdroj-esterhazygalanta.sk-fotogaleria-interier2-2-391x260.jpg 391w, https:\/\/d.r1.wbsprt.com\/krr.sk\/wp-content\/uploads\/2018\/02\/zdroj-esterhazygalanta.sk-fotogaleria-interier2-2-600x400.jpg 600w, https:\/\/d.r1.wbsprt.com\/krr.sk\/wp-content\/uploads\/2018\/02\/zdroj-esterhazygalanta.sk-fotogaleria-interier2-2.jpg 1200w\" sizes=\"(max-width: 300px) 100vw, 300px\" \/><\/a>\n\t\t\t<\/div>\n\t\t\t\t<figcaption class='wp-caption-text gallery-caption' id='gallery-1-5912'>\n\t\t\t\tVinot\u00e9ka (zdroj www.esterhazygalanta.sk)\n\t\t\t\t<\/figcaption><\/figure>\n\t\t<\/div>\n\n","protected":false},"excerpt":{"rendered":"<p>D\u0148a 15.febru\u00e1ra 2018 sa konalo zasadanie Spr\u00e1vnej rady Klastra region\u00e1lneho rozvoja \u2013 z\u00e1padn\u00e9 Slovensko. Rokovanie sa uskuto\u010dnilo v\u00a0priestoroch neogotick\u00e9ho ka\u0161tie\u013ea v\u00a0Galante. Mesto Galanta je zakladaj\u00facim \u010dlenom KRR. Na programe rokovania bolo viacero d\u00f4le\u017eit\u00fdch bodov a\u00a0zauj\u00edmav\u00fdch t\u00e9m. Okrem in\u00e9ho zhodnotenie aktiv\u00edt za rok 2017, schva\u013eovanie ekonomick\u00fdch dokumentov ako \u00fa\u010dtovn\u00e1 z\u00e1vierka za rok 2017, \u010di inform\u00e1cia o\u00a0z\u00fa\u010dtovan\u00ed [&hellip;]<\/p>\n","protected":false},"author":2,"featured_media":5910,"comment_status":"closed","ping_status":"open","sticky":false,"template":"","format":"standard","meta":{"_acf_changed":false,"footnotes":""},"categories":[93],"tags":[],"class_list":["post-5909","post","type-post","status-publish","format-standard","has-post-thumbnail","hentry","category-novinky"],"acf":[],"_links":{"self":[{"href":"https:\/\/d.r1.wbsprt.com\/krr.sk\/wp-json\/wp\/v2\/posts\/5909","targetHints":{"allow":["GET"]}}],"collection":[{"href":"https:\/\/d.r1.wbsprt.com\/krr.sk\/wp-json\/wp\/v2\/posts"}],"about":[{"href":"https:\/\/d.r1.wbsprt.com\/krr.sk\/wp-json\/wp\/v2\/types\/post"}],"author":[{"embeddable":true,"href":"https:\/\/d.r1.wbsprt.com\/krr.sk\/wp-json\/wp\/v2\/users\/2"}],"replies":[{"embeddable":true,"href":"https:\/\/d.r1.wbsprt.com\/krr.sk\/wp-json\/wp\/v2\/comments?post=5909"}],"version-history":[{"count":0,"href":"https:\/\/d.r1.wbsprt.com\/krr.sk\/wp-json\/wp\/v2\/posts\/5909\/revisions"}],"wp:featuredmedia":[{"embeddable":true,"href":"https:\/\/d.r1.wbsprt.com\/krr.sk\/wp-json\/wp\/v2\/media\/5910"}],"wp:attachment":[{"href":"https:\/\/d.r1.wbsprt.com\/krr.sk\/wp-json\/wp\/v2\/media?parent=5909"}],"wp:term":[{"taxonomy":"category","embeddable":true,"href":"https:\/\/d.r1.wbsprt.com\/krr.sk\/wp-json\/wp\/v2\/categories?post=5909"},{"taxonomy":"post_tag","embeddable":true,"href":"https:\/\/d.r1.wbsprt.com\/krr.sk\/wp-json\/wp\/v2\/tags?post=5909"}],"curies":[{"name":"wp","href":"https:\/\/api.w.org\/{rel}","templated":true}]}}