{"id":5632,"date":"2017-10-23T13:50:04","date_gmt":"2017-10-23T11:50:04","guid":{"rendered":"http:\/\/klasterrr.sk\/?p=5632"},"modified":"2021-05-19T17:53:17","modified_gmt":"2021-05-19T15:53:17","slug":"den-otvorenych-bud-v-skalici-21-10-2017","status":"publish","type":"post","link":"https:\/\/d.r1.wbsprt.com\/krr.sk\/den-otvorenych-bud-v-skalici-21-10-2017\/","title":{"rendered":"De\u0148 otvoren\u00fdch b\u00fad v Skalici, 21.10.2017"},"content":{"rendered":"<p>U\u017e od roku 2010 vinohradn\u00edci a vin\u00e1ri zo Z\u00e1horia pripravuj\u00fa pre n\u00e1v\u0161tevn\u00edkov nielen svoje v\u00edno, ale tie\u017e pohostenie. Mo\u017enos\u0165 prezrie\u0165 si priestory b\u00fad a\u00a0pivn\u00edc sa V\u00e1m vyskytuje u\u017e pravidelne pri pr\u00edle\u017eitosti d\u0148a otvoren\u00fdch b\u00fad na v\u00ednnej ceste Z\u00e1horie. Tento rok sme mali mo\u017enos\u0165 za\u017ei\u0165 u\u017e 8.ro\u010dn\u00edk.<\/p>\n<p>Akcia sa kon\u00e1 pod patron\u00e1tom V\u00ednnej cesty Z\u00e1horie. Tento rok n\u00e1v\u0161tevn\u00edci za\u010d\u00ednali vyzdvihnut\u00edm preukazov vo Vin\u00e1rni pri H\u00e1jku, kde si mohli pochuti\u0165 na pr\u00edjemnom ob\u010derstven\u00ed miestnej re\u0161taur\u00e1cie.<\/p>\n<p>Pre n\u00e1v\u0161tevn\u00edkov bolo pri tomto ro\u010dn\u00edku otvoren\u00fdch a\u017e 63 \u201eb\u00fad\u201c alebo inak v\u00ednnych pivn\u00edc. I\u00a0ke\u010f tento rok podujatiu po\u010dasie neprialo, \u013eud\u00ed to neodradilo a\u00a0na v\u00edne si pochutna\u0165 pri\u0161li.<\/p>\n<p>Na podujat\u00ed sa tento rok \u00fa\u010dastnil aj Klaster region\u00e1lneho rozvoja \u2013 z\u00e1padn\u00e9 Slovensko a\u00a0v\u00a0spolo\u010dnom st\u00e1nku so svoj\u00edm zakladaj\u00facim \u010dlenom Trnavsk\u00fdm samospr\u00e1vnym krajom propagoval cestovn\u00fd ruch v\u00a0trnavskom kraji. Prezent\u00e1cia bola predov\u0161etk\u00fdm zameran\u00e1 na region\u00e1lne produkty, z\u00e1\u017eitkov\u00fa turistiku a\u00a0sakr\u00e1lne a\u00a0kult\u00farne pamiatky. V\u00a0st\u00e1nku mohli n\u00e1v\u0161tevn\u00edci n\u00e1js\u0165 inform\u00e1cie o\u00a0kraji, zauj\u00edmavostiach a\u00a0pote\u0161i\u0165 sa aj drobn\u00fdmi propaga\u010dn\u00fdmi predmetmi.<\/p>\n<div id='gallery-1' class='gallery galleryid-5632 gallery-columns-3 gallery-size-medium'><figure class='gallery-item'>\n\t\t\t<div class='gallery-icon landscape'>\n\t\t\t\t<a href='https:\/\/d.r1.wbsprt.com\/krr.sk\/den-otvorenych-bud-v-skalici-21-10-3\/'><img fetchpriority=\"high\" decoding=\"async\" width=\"300\" height=\"225\" src=\"https:\/\/d.r1.wbsprt.com\/krr.sk\/wp-content\/uploads\/2017\/10\/Den-otvorenych-bud-v-Skalici-21.10-3-1-300x225.jpg\" class=\"attachment-medium size-medium\" alt=\"\" srcset=\"https:\/\/d.r1.wbsprt.com\/krr.sk\/wp-content\/uploads\/2017\/10\/Den-otvorenych-bud-v-Skalici-21.10-3-1-300x225.jpg 300w, https:\/\/d.r1.wbsprt.com\/krr.sk\/wp-content\/uploads\/2017\/10\/Den-otvorenych-bud-v-Skalici-21.10-3-1-1024x768.jpg 1024w, https:\/\/d.r1.wbsprt.com\/krr.sk\/wp-content\/uploads\/2017\/10\/Den-otvorenych-bud-v-Skalici-21.10-3-1-120x90.jpg 120w, https:\/\/d.r1.wbsprt.com\/krr.sk\/wp-content\/uploads\/2017\/10\/Den-otvorenych-bud-v-Skalici-21.10-3-1-768x576.jpg 768w, https:\/\/d.r1.wbsprt.com\/krr.sk\/wp-content\/uploads\/2017\/10\/Den-otvorenych-bud-v-Skalici-21.10-3-1-1536x1152.jpg 1536w, https:\/\/d.r1.wbsprt.com\/krr.sk\/wp-content\/uploads\/2017\/10\/Den-otvorenych-bud-v-Skalici-21.10-3-1-600x450.jpg 600w, https:\/\/d.r1.wbsprt.com\/krr.sk\/wp-content\/uploads\/2017\/10\/Den-otvorenych-bud-v-Skalici-21.10-3-1.jpg 1632w\" sizes=\"(max-width: 300px) 100vw, 300px\" \/><\/a>\n\t\t\t<\/div><\/figure><figure class='gallery-item'>\n\t\t\t<div class='gallery-icon landscape'>\n\t\t\t\t<a href='https:\/\/d.r1.wbsprt.com\/krr.sk\/den-otvorenych-bud-v-skalici-21-10-1\/'><img decoding=\"async\" width=\"300\" height=\"244\" src=\"https:\/\/d.r1.wbsprt.com\/krr.sk\/wp-content\/uploads\/2017\/10\/Den-otvorenych-bud-v-Skalici-21.10-1-1-300x244.jpg\" class=\"attachment-medium size-medium\" alt=\"\" srcset=\"https:\/\/d.r1.wbsprt.com\/krr.sk\/wp-content\/uploads\/2017\/10\/Den-otvorenych-bud-v-Skalici-21.10-1-1-300x244.jpg 300w, https:\/\/d.r1.wbsprt.com\/krr.sk\/wp-content\/uploads\/2017\/10\/Den-otvorenych-bud-v-Skalici-21.10-1-1-1024x833.jpg 1024w, https:\/\/d.r1.wbsprt.com\/krr.sk\/wp-content\/uploads\/2017\/10\/Den-otvorenych-bud-v-Skalici-21.10-1-1-768x625.jpg 768w, https:\/\/d.r1.wbsprt.com\/krr.sk\/wp-content\/uploads\/2017\/10\/Den-otvorenych-bud-v-Skalici-21.10-1-1-600x488.jpg 600w, https:\/\/d.r1.wbsprt.com\/krr.sk\/wp-content\/uploads\/2017\/10\/Den-otvorenych-bud-v-Skalici-21.10-1-1.jpg 1426w\" sizes=\"(max-width: 300px) 100vw, 300px\" \/><\/a>\n\t\t\t<\/div><\/figure><figure class='gallery-item'>\n\t\t\t<div class='gallery-icon landscape'>\n\t\t\t\t<a href='https:\/\/d.r1.wbsprt.com\/krr.sk\/den-otvorenych-bud-v-skalici-21-10-4\/'><img decoding=\"async\" width=\"300\" height=\"232\" src=\"https:\/\/d.r1.wbsprt.com\/krr.sk\/wp-content\/uploads\/2017\/10\/Den-otvorenych-bud-v-Skalici-21.10-4-1-300x232.jpg\" class=\"attachment-medium size-medium\" alt=\"\" srcset=\"https:\/\/d.r1.wbsprt.com\/krr.sk\/wp-content\/uploads\/2017\/10\/Den-otvorenych-bud-v-Skalici-21.10-4-1-300x232.jpg 300w, https:\/\/d.r1.wbsprt.com\/krr.sk\/wp-content\/uploads\/2017\/10\/Den-otvorenych-bud-v-Skalici-21.10-4-1-1024x793.jpg 1024w, https:\/\/d.r1.wbsprt.com\/krr.sk\/wp-content\/uploads\/2017\/10\/Den-otvorenych-bud-v-Skalici-21.10-4-1-768x595.jpg 768w, https:\/\/d.r1.wbsprt.com\/krr.sk\/wp-content\/uploads\/2017\/10\/Den-otvorenych-bud-v-Skalici-21.10-4-1-600x465.jpg 600w, https:\/\/d.r1.wbsprt.com\/krr.sk\/wp-content\/uploads\/2017\/10\/Den-otvorenych-bud-v-Skalici-21.10-4-1.jpg 1314w\" sizes=\"(max-width: 300px) 100vw, 300px\" \/><\/a>\n\t\t\t<\/div><\/figure><figure class='gallery-item'>\n\t\t\t<div class='gallery-icon landscape'>\n\t\t\t\t<a href='https:\/\/d.r1.wbsprt.com\/krr.sk\/den-otvorenych-bud-v-skalici-21-10-5\/'><img loading=\"lazy\" decoding=\"async\" width=\"300\" height=\"225\" src=\"https:\/\/d.r1.wbsprt.com\/krr.sk\/wp-content\/uploads\/2017\/10\/Den-otvorenych-bud-v-Skalici-21.10-5-2-300x225.jpg\" class=\"attachment-medium size-medium\" alt=\"\" srcset=\"https:\/\/d.r1.wbsprt.com\/krr.sk\/wp-content\/uploads\/2017\/10\/Den-otvorenych-bud-v-Skalici-21.10-5-2-300x225.jpg 300w, https:\/\/d.r1.wbsprt.com\/krr.sk\/wp-content\/uploads\/2017\/10\/Den-otvorenych-bud-v-Skalici-21.10-5-2-1024x768.jpg 1024w, https:\/\/d.r1.wbsprt.com\/krr.sk\/wp-content\/uploads\/2017\/10\/Den-otvorenych-bud-v-Skalici-21.10-5-2-120x90.jpg 120w, https:\/\/d.r1.wbsprt.com\/krr.sk\/wp-content\/uploads\/2017\/10\/Den-otvorenych-bud-v-Skalici-21.10-5-2-768x576.jpg 768w, https:\/\/d.r1.wbsprt.com\/krr.sk\/wp-content\/uploads\/2017\/10\/Den-otvorenych-bud-v-Skalici-21.10-5-2-1536x1152.jpg 1536w, https:\/\/d.r1.wbsprt.com\/krr.sk\/wp-content\/uploads\/2017\/10\/Den-otvorenych-bud-v-Skalici-21.10-5-2-600x450.jpg 600w, https:\/\/d.r1.wbsprt.com\/krr.sk\/wp-content\/uploads\/2017\/10\/Den-otvorenych-bud-v-Skalici-21.10-5-2.jpg 1632w\" sizes=\"(max-width: 300px) 100vw, 300px\" \/><\/a>\n\t\t\t<\/div><\/figure><figure class='gallery-item'>\n\t\t\t<div class='gallery-icon landscape'>\n\t\t\t\t<a href='https:\/\/d.r1.wbsprt.com\/krr.sk\/den-otvorenych-bud-v-skalici-21-10-2\/'><img loading=\"lazy\" decoding=\"async\" width=\"300\" height=\"233\" src=\"https:\/\/d.r1.wbsprt.com\/krr.sk\/wp-content\/uploads\/2017\/10\/Den-otvorenych-bud-v-Skalici-21.10-2-1-300x233.jpg\" class=\"attachment-medium size-medium\" alt=\"\" srcset=\"https:\/\/d.r1.wbsprt.com\/krr.sk\/wp-content\/uploads\/2017\/10\/Den-otvorenych-bud-v-Skalici-21.10-2-1-300x233.jpg 300w, https:\/\/d.r1.wbsprt.com\/krr.sk\/wp-content\/uploads\/2017\/10\/Den-otvorenych-bud-v-Skalici-21.10-2-1-1024x795.jpg 1024w, https:\/\/d.r1.wbsprt.com\/krr.sk\/wp-content\/uploads\/2017\/10\/Den-otvorenych-bud-v-Skalici-21.10-2-1-768x596.jpg 768w, https:\/\/d.r1.wbsprt.com\/krr.sk\/wp-content\/uploads\/2017\/10\/Den-otvorenych-bud-v-Skalici-21.10-2-1-600x466.jpg 600w, https:\/\/d.r1.wbsprt.com\/krr.sk\/wp-content\/uploads\/2017\/10\/Den-otvorenych-bud-v-Skalici-21.10-2-1.jpg 1384w\" sizes=\"(max-width: 300px) 100vw, 300px\" \/><\/a>\n\t\t\t<\/div><\/figure><figure class='gallery-item'>\n\t\t\t<div class='gallery-icon landscape'>\n\t\t\t\t<a href='https:\/\/d.r1.wbsprt.com\/krr.sk\/den-otvorenych-bud-v-skalici-21-10-6\/'><img loading=\"lazy\" decoding=\"async\" width=\"300\" height=\"211\" src=\"https:\/\/d.r1.wbsprt.com\/krr.sk\/wp-content\/uploads\/2017\/10\/Den-otvorenych-bud-v-Skalici-21.10-6-2-300x211.jpg\" class=\"attachment-medium size-medium\" alt=\"\" srcset=\"https:\/\/d.r1.wbsprt.com\/krr.sk\/wp-content\/uploads\/2017\/10\/Den-otvorenych-bud-v-Skalici-21.10-6-2-300x211.jpg 300w, https:\/\/d.r1.wbsprt.com\/krr.sk\/wp-content\/uploads\/2017\/10\/Den-otvorenych-bud-v-Skalici-21.10-6-2-1024x719.jpg 1024w, https:\/\/d.r1.wbsprt.com\/krr.sk\/wp-content\/uploads\/2017\/10\/Den-otvorenych-bud-v-Skalici-21.10-6-2-768x539.jpg 768w, https:\/\/d.r1.wbsprt.com\/krr.sk\/wp-content\/uploads\/2017\/10\/Den-otvorenych-bud-v-Skalici-21.10-6-2-600x421.jpg 600w, https:\/\/d.r1.wbsprt.com\/krr.sk\/wp-content\/uploads\/2017\/10\/Den-otvorenych-bud-v-Skalici-21.10-6-2.jpg 1418w\" sizes=\"(max-width: 300px) 100vw, 300px\" \/><\/a>\n\t\t\t<\/div><\/figure><figure class='gallery-item'>\n\t\t\t<div class='gallery-icon landscape'>\n\t\t\t\t<a href='https:\/\/d.r1.wbsprt.com\/krr.sk\/den-otvorenych-bud-v-skalici-21-10-7\/'><img loading=\"lazy\" decoding=\"async\" width=\"300\" height=\"225\" src=\"https:\/\/d.r1.wbsprt.com\/krr.sk\/wp-content\/uploads\/2017\/10\/Den-otvorenych-bud-v-Skalici-21.10-7-1-300x225.jpg\" class=\"attachment-medium size-medium\" alt=\"\" srcset=\"https:\/\/d.r1.wbsprt.com\/krr.sk\/wp-content\/uploads\/2017\/10\/Den-otvorenych-bud-v-Skalici-21.10-7-1-300x225.jpg 300w, https:\/\/d.r1.wbsprt.com\/krr.sk\/wp-content\/uploads\/2017\/10\/Den-otvorenych-bud-v-Skalici-21.10-7-1-1024x768.jpg 1024w, https:\/\/d.r1.wbsprt.com\/krr.sk\/wp-content\/uploads\/2017\/10\/Den-otvorenych-bud-v-Skalici-21.10-7-1-120x90.jpg 120w, https:\/\/d.r1.wbsprt.com\/krr.sk\/wp-content\/uploads\/2017\/10\/Den-otvorenych-bud-v-Skalici-21.10-7-1-768x576.jpg 768w, https:\/\/d.r1.wbsprt.com\/krr.sk\/wp-content\/uploads\/2017\/10\/Den-otvorenych-bud-v-Skalici-21.10-7-1-1536x1152.jpg 1536w, https:\/\/d.r1.wbsprt.com\/krr.sk\/wp-content\/uploads\/2017\/10\/Den-otvorenych-bud-v-Skalici-21.10-7-1-600x450.jpg 600w, https:\/\/d.r1.wbsprt.com\/krr.sk\/wp-content\/uploads\/2017\/10\/Den-otvorenych-bud-v-Skalici-21.10-7-1.jpg 1632w\" sizes=\"(max-width: 300px) 100vw, 300px\" \/><\/a>\n\t\t\t<\/div><\/figure><figure class='gallery-item'>\n\t\t\t<div class='gallery-icon portrait'>\n\t\t\t\t<a href='https:\/\/d.r1.wbsprt.com\/krr.sk\/den-otvorenych-bud-v-skalici-21-10-8\/'><img loading=\"lazy\" decoding=\"async\" width=\"220\" height=\"300\" src=\"https:\/\/d.r1.wbsprt.com\/krr.sk\/wp-content\/uploads\/2017\/10\/Den-otvorenych-bud-v-Skalici-21.10-8-1-220x300.jpg\" class=\"attachment-medium size-medium\" alt=\"\" srcset=\"https:\/\/d.r1.wbsprt.com\/krr.sk\/wp-content\/uploads\/2017\/10\/Den-otvorenych-bud-v-Skalici-21.10-8-1-220x300.jpg 220w, https:\/\/d.r1.wbsprt.com\/krr.sk\/wp-content\/uploads\/2017\/10\/Den-otvorenych-bud-v-Skalici-21.10-8-1-751x1024.jpg 751w, https:\/\/d.r1.wbsprt.com\/krr.sk\/wp-content\/uploads\/2017\/10\/Den-otvorenych-bud-v-Skalici-21.10-8-1-768x1047.jpg 768w, https:\/\/d.r1.wbsprt.com\/krr.sk\/wp-content\/uploads\/2017\/10\/Den-otvorenych-bud-v-Skalici-21.10-8-1-1127x1536.jpg 1127w, https:\/\/d.r1.wbsprt.com\/krr.sk\/wp-content\/uploads\/2017\/10\/Den-otvorenych-bud-v-Skalici-21.10-8-1-600x818.jpg 600w, https:\/\/d.r1.wbsprt.com\/krr.sk\/wp-content\/uploads\/2017\/10\/Den-otvorenych-bud-v-Skalici-21.10-8-1.jpg 1134w\" sizes=\"(max-width: 220px) 100vw, 220px\" \/><\/a>\n\t\t\t<\/div><\/figure><figure class='gallery-item'>\n\t\t\t<div class='gallery-icon landscape'>\n\t\t\t\t<a href='https:\/\/d.r1.wbsprt.com\/krr.sk\/den-otvorenych-bud-v-skalici-21-10-9\/'><img loading=\"lazy\" decoding=\"async\" width=\"300\" height=\"223\" src=\"https:\/\/d.r1.wbsprt.com\/krr.sk\/wp-content\/uploads\/2017\/10\/Den-otvorenych-bud-v-Skalici-21.10-9-1-300x223.jpg\" class=\"attachment-medium size-medium\" alt=\"\" srcset=\"https:\/\/d.r1.wbsprt.com\/krr.sk\/wp-content\/uploads\/2017\/10\/Den-otvorenych-bud-v-Skalici-21.10-9-1-300x223.jpg 300w, https:\/\/d.r1.wbsprt.com\/krr.sk\/wp-content\/uploads\/2017\/10\/Den-otvorenych-bud-v-Skalici-21.10-9-1-1024x761.jpg 1024w, https:\/\/d.r1.wbsprt.com\/krr.sk\/wp-content\/uploads\/2017\/10\/Den-otvorenych-bud-v-Skalici-21.10-9-1-120x90.jpg 120w, https:\/\/d.r1.wbsprt.com\/krr.sk\/wp-content\/uploads\/2017\/10\/Den-otvorenych-bud-v-Skalici-21.10-9-1-768x571.jpg 768w, https:\/\/d.r1.wbsprt.com\/krr.sk\/wp-content\/uploads\/2017\/10\/Den-otvorenych-bud-v-Skalici-21.10-9-1-600x446.jpg 600w, https:\/\/d.r1.wbsprt.com\/krr.sk\/wp-content\/uploads\/2017\/10\/Den-otvorenych-bud-v-Skalici-21.10-9-1.jpg 1404w\" sizes=\"(max-width: 300px) 100vw, 300px\" \/><\/a>\n\t\t\t<\/div><\/figure><figure class='gallery-item'>\n\t\t\t<div class='gallery-icon portrait'>\n\t\t\t\t<a href='https:\/\/d.r1.wbsprt.com\/krr.sk\/den-otvorenych-bud-v-skalici-21-10-10\/'><img loading=\"lazy\" decoding=\"async\" width=\"225\" height=\"300\" src=\"https:\/\/d.r1.wbsprt.com\/krr.sk\/wp-content\/uploads\/2017\/10\/Den-otvorenych-bud-v-Skalici-21.10-10-1-225x300.jpg\" class=\"attachment-medium size-medium\" alt=\"\" srcset=\"https:\/\/d.r1.wbsprt.com\/krr.sk\/wp-content\/uploads\/2017\/10\/Den-otvorenych-bud-v-Skalici-21.10-10-1-225x300.jpg 225w, https:\/\/d.r1.wbsprt.com\/krr.sk\/wp-content\/uploads\/2017\/10\/Den-otvorenych-bud-v-Skalici-21.10-10-1-768x1024.jpg 768w, https:\/\/d.r1.wbsprt.com\/krr.sk\/wp-content\/uploads\/2017\/10\/Den-otvorenych-bud-v-Skalici-21.10-10-1-300x400.jpg 300w, https:\/\/d.r1.wbsprt.com\/krr.sk\/wp-content\/uploads\/2017\/10\/Den-otvorenych-bud-v-Skalici-21.10-10-1-1152x1536.jpg 1152w, https:\/\/d.r1.wbsprt.com\/krr.sk\/wp-content\/uploads\/2017\/10\/Den-otvorenych-bud-v-Skalici-21.10-10-1-600x800.jpg 600w, https:\/\/d.r1.wbsprt.com\/krr.sk\/wp-content\/uploads\/2017\/10\/Den-otvorenych-bud-v-Skalici-21.10-10-1.jpg 1224w\" sizes=\"(max-width: 225px) 100vw, 225px\" \/><\/a>\n\t\t\t<\/div><\/figure><figure class='gallery-item'>\n\t\t\t<div class='gallery-icon landscape'>\n\t\t\t\t<a href='https:\/\/d.r1.wbsprt.com\/krr.sk\/den-otvorenych-bud-v-skalici-21-10-11\/'><img loading=\"lazy\" decoding=\"async\" width=\"300\" height=\"225\" src=\"https:\/\/d.r1.wbsprt.com\/krr.sk\/wp-content\/uploads\/2017\/10\/Den-otvorenych-bud-v-Skalici-21.10-11-2-300x225.jpg\" class=\"attachment-medium size-medium\" alt=\"\" srcset=\"https:\/\/d.r1.wbsprt.com\/krr.sk\/wp-content\/uploads\/2017\/10\/Den-otvorenych-bud-v-Skalici-21.10-11-2-300x225.jpg 300w, https:\/\/d.r1.wbsprt.com\/krr.sk\/wp-content\/uploads\/2017\/10\/Den-otvorenych-bud-v-Skalici-21.10-11-2-1024x768.jpg 1024w, https:\/\/d.r1.wbsprt.com\/krr.sk\/wp-content\/uploads\/2017\/10\/Den-otvorenych-bud-v-Skalici-21.10-11-2-120x90.jpg 120w, https:\/\/d.r1.wbsprt.com\/krr.sk\/wp-content\/uploads\/2017\/10\/Den-otvorenych-bud-v-Skalici-21.10-11-2-768x576.jpg 768w, https:\/\/d.r1.wbsprt.com\/krr.sk\/wp-content\/uploads\/2017\/10\/Den-otvorenych-bud-v-Skalici-21.10-11-2-1536x1152.jpg 1536w, https:\/\/d.r1.wbsprt.com\/krr.sk\/wp-content\/uploads\/2017\/10\/Den-otvorenych-bud-v-Skalici-21.10-11-2-600x450.jpg 600w, https:\/\/d.r1.wbsprt.com\/krr.sk\/wp-content\/uploads\/2017\/10\/Den-otvorenych-bud-v-Skalici-21.10-11-2.jpg 1632w\" sizes=\"(max-width: 300px) 100vw, 300px\" \/><\/a>\n\t\t\t<\/div><\/figure><figure class='gallery-item'>\n\t\t\t<div class='gallery-icon landscape'>\n\t\t\t\t<a href='https:\/\/d.r1.wbsprt.com\/krr.sk\/den-otvorenych-bud-v-skalici-21-10-12\/'><img loading=\"lazy\" decoding=\"async\" width=\"300\" height=\"225\" src=\"https:\/\/d.r1.wbsprt.com\/krr.sk\/wp-content\/uploads\/2017\/10\/Den-otvorenych-bud-v-Skalici-21.10-12-2-300x225.jpg\" class=\"attachment-medium size-medium\" alt=\"\" srcset=\"https:\/\/d.r1.wbsprt.com\/krr.sk\/wp-content\/uploads\/2017\/10\/Den-otvorenych-bud-v-Skalici-21.10-12-2-300x225.jpg 300w, https:\/\/d.r1.wbsprt.com\/krr.sk\/wp-content\/uploads\/2017\/10\/Den-otvorenych-bud-v-Skalici-21.10-12-2-1024x768.jpg 1024w, https:\/\/d.r1.wbsprt.com\/krr.sk\/wp-content\/uploads\/2017\/10\/Den-otvorenych-bud-v-Skalici-21.10-12-2-120x90.jpg 120w, https:\/\/d.r1.wbsprt.com\/krr.sk\/wp-content\/uploads\/2017\/10\/Den-otvorenych-bud-v-Skalici-21.10-12-2-768x576.jpg 768w, https:\/\/d.r1.wbsprt.com\/krr.sk\/wp-content\/uploads\/2017\/10\/Den-otvorenych-bud-v-Skalici-21.10-12-2-1536x1152.jpg 1536w, https:\/\/d.r1.wbsprt.com\/krr.sk\/wp-content\/uploads\/2017\/10\/Den-otvorenych-bud-v-Skalici-21.10-12-2-600x450.jpg 600w, https:\/\/d.r1.wbsprt.com\/krr.sk\/wp-content\/uploads\/2017\/10\/Den-otvorenych-bud-v-Skalici-21.10-12-2.jpg 1632w\" sizes=\"(max-width: 300px) 100vw, 300px\" \/><\/a>\n\t\t\t<\/div><\/figure><figure class='gallery-item'>\n\t\t\t<div class='gallery-icon landscape'>\n\t\t\t\t<a href='https:\/\/d.r1.wbsprt.com\/krr.sk\/den-otvorenych-bud-v-skalici-21-10-13\/'><img loading=\"lazy\" decoding=\"async\" width=\"300\" height=\"235\" src=\"https:\/\/d.r1.wbsprt.com\/krr.sk\/wp-content\/uploads\/2017\/10\/Den-otvorenych-bud-v-Skalici-21.10-13-2-300x235.jpg\" class=\"attachment-medium size-medium\" alt=\"\" srcset=\"https:\/\/d.r1.wbsprt.com\/krr.sk\/wp-content\/uploads\/2017\/10\/Den-otvorenych-bud-v-Skalici-21.10-13-2-300x235.jpg 300w, https:\/\/d.r1.wbsprt.com\/krr.sk\/wp-content\/uploads\/2017\/10\/Den-otvorenych-bud-v-Skalici-21.10-13-2-1024x801.jpg 1024w, https:\/\/d.r1.wbsprt.com\/krr.sk\/wp-content\/uploads\/2017\/10\/Den-otvorenych-bud-v-Skalici-21.10-13-2-768x601.jpg 768w, https:\/\/d.r1.wbsprt.com\/krr.sk\/wp-content\/uploads\/2017\/10\/Den-otvorenych-bud-v-Skalici-21.10-13-2-600x469.jpg 600w, https:\/\/d.r1.wbsprt.com\/krr.sk\/wp-content\/uploads\/2017\/10\/Den-otvorenych-bud-v-Skalici-21.10-13-2.jpg 1442w\" sizes=\"(max-width: 300px) 100vw, 300px\" \/><\/a>\n\t\t\t<\/div><\/figure><figure class='gallery-item'>\n\t\t\t<div class='gallery-icon landscape'>\n\t\t\t\t<a href='https:\/\/d.r1.wbsprt.com\/krr.sk\/den-otvorenych-bud-v-skalici-21-10-14\/'><img loading=\"lazy\" decoding=\"async\" width=\"300\" height=\"215\" src=\"https:\/\/d.r1.wbsprt.com\/krr.sk\/wp-content\/uploads\/2017\/10\/Den-otvorenych-bud-v-Skalici-21.10-14-1-300x215.jpg\" class=\"attachment-medium size-medium\" alt=\"\" srcset=\"https:\/\/d.r1.wbsprt.com\/krr.sk\/wp-content\/uploads\/2017\/10\/Den-otvorenych-bud-v-Skalici-21.10-14-1-300x215.jpg 300w, https:\/\/d.r1.wbsprt.com\/krr.sk\/wp-content\/uploads\/2017\/10\/Den-otvorenych-bud-v-Skalici-21.10-14-1-1024x734.jpg 1024w, https:\/\/d.r1.wbsprt.com\/krr.sk\/wp-content\/uploads\/2017\/10\/Den-otvorenych-bud-v-Skalici-21.10-14-1-768x551.jpg 768w, https:\/\/d.r1.wbsprt.com\/krr.sk\/wp-content\/uploads\/2017\/10\/Den-otvorenych-bud-v-Skalici-21.10-14-1-370x265.jpg 370w, https:\/\/d.r1.wbsprt.com\/krr.sk\/wp-content\/uploads\/2017\/10\/Den-otvorenych-bud-v-Skalici-21.10-14-1-600x430.jpg 600w, https:\/\/d.r1.wbsprt.com\/krr.sk\/wp-content\/uploads\/2017\/10\/Den-otvorenych-bud-v-Skalici-21.10-14-1.jpg 1464w\" sizes=\"(max-width: 300px) 100vw, 300px\" \/><\/a>\n\t\t\t<\/div><\/figure>\n\t\t<\/div>\n\n","protected":false},"excerpt":{"rendered":"<p>U\u017e od roku 2010 vinohradn\u00edci a vin\u00e1ri zo Z\u00e1horia pripravuj\u00fa pre n\u00e1v\u0161tevn\u00edkov nielen svoje v\u00edno, ale tie\u017e pohostenie. Mo\u017enos\u0165 prezrie\u0165 si priestory b\u00fad a\u00a0pivn\u00edc sa V\u00e1m vyskytuje u\u017e pravidelne pri pr\u00edle\u017eitosti d\u0148a otvoren\u00fdch b\u00fad na v\u00ednnej ceste Z\u00e1horie. Tento rok sme mali mo\u017enos\u0165 za\u017ei\u0165 u\u017e 8.ro\u010dn\u00edk. Akcia sa kon\u00e1 pod patron\u00e1tom V\u00ednnej cesty Z\u00e1horie. Tento [&hellip;]<\/p>\n","protected":false},"author":7,"featured_media":5635,"comment_status":"closed","ping_status":"open","sticky":false,"template":"","format":"standard","meta":{"_acf_changed":false,"footnotes":""},"categories":[138,93,142],"tags":[],"class_list":["post-5632","post","type-post","status-publish","format-standard","has-post-thumbnail","hentry","category-cestovny-ruch-a-turizmus-aktuality","category-novinky","category-spolocenska-oblast"],"acf":[],"_links":{"self":[{"href":"https:\/\/d.r1.wbsprt.com\/krr.sk\/wp-json\/wp\/v2\/posts\/5632","targetHints":{"allow":["GET"]}}],"collection":[{"href":"https:\/\/d.r1.wbsprt.com\/krr.sk\/wp-json\/wp\/v2\/posts"}],"about":[{"href":"https:\/\/d.r1.wbsprt.com\/krr.sk\/wp-json\/wp\/v2\/types\/post"}],"author":[{"embeddable":true,"href":"https:\/\/d.r1.wbsprt.com\/krr.sk\/wp-json\/wp\/v2\/users\/7"}],"replies":[{"embeddable":true,"href":"https:\/\/d.r1.wbsprt.com\/krr.sk\/wp-json\/wp\/v2\/comments?post=5632"}],"version-history":[{"count":0,"href":"https:\/\/d.r1.wbsprt.com\/krr.sk\/wp-json\/wp\/v2\/posts\/5632\/revisions"}],"wp:featuredmedia":[{"embeddable":true,"href":"https:\/\/d.r1.wbsprt.com\/krr.sk\/wp-json\/wp\/v2\/media\/5635"}],"wp:attachment":[{"href":"https:\/\/d.r1.wbsprt.com\/krr.sk\/wp-json\/wp\/v2\/media?parent=5632"}],"wp:term":[{"taxonomy":"category","embeddable":true,"href":"https:\/\/d.r1.wbsprt.com\/krr.sk\/wp-json\/wp\/v2\/categories?post=5632"},{"taxonomy":"post_tag","embeddable":true,"href":"https:\/\/d.r1.wbsprt.com\/krr.sk\/wp-json\/wp\/v2\/tags?post=5632"}],"curies":[{"name":"wp","href":"https:\/\/api.w.org\/{rel}","templated":true}]}}