{"id":4887,"date":"2017-08-14T16:00:39","date_gmt":"2017-08-14T14:00:39","guid":{"rendered":"http:\/\/klasterrr.sk\/?p=4887"},"modified":"2021-05-19T18:08:49","modified_gmt":"2021-05-19T16:08:49","slug":"cervenik-den-ucty-k-polnohospodarom-52-rocnik-11-13-8-2017","status":"publish","type":"post","link":"https:\/\/d.r1.wbsprt.com\/krr.sk\/cervenik-den-ucty-k-polnohospodarom-52-rocnik-11-13-8-2017\/","title":{"rendered":"\u010cerven\u00edk \u2013 De\u0148 \u00facty k po\u013enohospod\u00e1rom 52. ro\u010dn\u00edk, 11.-13.8.2017"},"content":{"rendered":"<p><strong>Obec \u010cerven\u00edk<\/strong>, ktor\u00e1 je \u010dlenom Klastra region\u00e1lneho rozvoja \u2013 z\u00e1padn\u00e9 Slovensko, usporiadala v\u00a0d\u0148och 11. &#8211; 13. augusta 2017 u\u017e 52.ro\u010dn\u00edk sl\u00e1vnost\u00ed spevu, hudby a\u00a0tanca &#8211; De\u0148 \u00facty k\u00a0po\u013enohospod\u00e1rom<strong>. <\/strong>Podujatie bolo rozdelen\u00e9 na dve \u010dasti. Hudobn\u00fd festival sa konal v\u00a0amfite\u00e1tri a\u00a0priniesol n\u00e1v\u0161tevn\u00edkom bohat\u00fd program v\u00a0ktorom vyst\u00fapili zn\u00e1me hudobn\u00e9 skupiny ako napr\u00edklad Slobodn\u00e1 Eur\u00f3pa, Desmod, NOC A\u00a0DE\u0147, Smola a\u00a0hru\u0161ky, INE KAFE a\u00a0mnoho in\u00fdch. Medzin\u00e1rodn\u00fd dru\u017estevn\u00fd de\u0148 bol situovan\u00fd\u00a0 v\u00a0centre obce pri Zvonici. Program sa ofici\u00e1lne za\u010dal sprievodom ma\u017eoretiek a\u00a0dychov\u00e9ho orchestra z\u00a0Novej Dubnice. V\u00a0kult\u00farnom programe sa n\u00e1v\u0161tevn\u00edkom podujatia predstavili folkl\u00f3rne s\u00fabory z\u00a0bl\u00edzkeho i\u00a0\u0161ir\u0161ieho okolia.\u00a0 S\u00fa\u010das\u0165ou sl\u00e1vnost\u00ed bol aj Beh zdravia o\u00a0poh\u00e1r predsedu Coop Jednoty Trnava SD. Pre deti bolo pripraven\u00e9 b\u00e1bkov\u00e9 divadielko a\u00a0tvoriv\u00e9 dielne.<\/p>\n<p>Osobnou \u00fa\u010das\u0165ou podporil podujatie aj Klaster RR, ktor\u00fd spolu so zakladaj\u00facim \u010dlenom Trnavsk\u00fdm samospr\u00e1vnym krajom prezentoval mo\u017enosti cestovn\u00e9ho ruchu v\u00a0kraji. Prezent\u00e1cia bola zameran\u00e1 na cykloturistiku a region\u00e1lne produkty. V\u00a0propaga\u010dnom st\u00e1nku boli pre n\u00e1v\u0161tevn\u00edkov pripraven\u00e9 informa\u010dn\u00e9 a\u00a0propaga\u010dn\u00e9 materi\u00e1ly z\u00a0ktor\u00fdch si mohli n\u00e1v\u0161tevn\u00edci podujatia vybra\u0165 a z\u00edska\u0165 tak inform\u00e1cie o\u00a0zauj\u00edmav\u00fdch turistick\u00fdch a\u00a0historick\u00fdch miestach, ktor\u00e9 m\u00f4\u017eu v\u00a0kraji nav\u0161t\u00edvi\u0165. Deti\u010dky sa pote\u0161ili oma\u013eov\u00e1nkam, pexesu a\u00a0farebn\u00fdm bal\u00f3nom. \u00a0Okolo id\u00faci n\u00e1v\u0161tevn\u00edci si mohli odd\u00fdchnu\u0165 na tulivakoch, ktor\u00e9 boli k\u00a0dispoz\u00edcii v\u00a0oddychovej z\u00f3ne.<\/p>\n<div id='gallery-1' class='gallery galleryid-4887 gallery-columns-3 gallery-size-medium'><figure class='gallery-item'>\n\t\t\t<div class='gallery-icon landscape'>\n\t\t\t\t<a href='https:\/\/d.r1.wbsprt.com\/krr.sk\/cervenik-festival-12-8-2017-1\/'><img fetchpriority=\"high\" decoding=\"async\" width=\"300\" height=\"200\" src=\"https:\/\/d.r1.wbsprt.com\/krr.sk\/wp-content\/uploads\/2017\/08\/Cervenik-festival-12.8.2017-1-2-300x200.jpg\" class=\"attachment-medium size-medium\" alt=\"\" srcset=\"https:\/\/d.r1.wbsprt.com\/krr.sk\/wp-content\/uploads\/2017\/08\/Cervenik-festival-12.8.2017-1-2-300x200.jpg 300w, https:\/\/d.r1.wbsprt.com\/krr.sk\/wp-content\/uploads\/2017\/08\/Cervenik-festival-12.8.2017-1-2-1024x683.jpg 1024w, https:\/\/d.r1.wbsprt.com\/krr.sk\/wp-content\/uploads\/2017\/08\/Cervenik-festival-12.8.2017-1-2-768x512.jpg 768w, https:\/\/d.r1.wbsprt.com\/krr.sk\/wp-content\/uploads\/2017\/08\/Cervenik-festival-12.8.2017-1-2-391x260.jpg 391w, https:\/\/d.r1.wbsprt.com\/krr.sk\/wp-content\/uploads\/2017\/08\/Cervenik-festival-12.8.2017-1-2-600x400.jpg 600w, https:\/\/d.r1.wbsprt.com\/krr.sk\/wp-content\/uploads\/2017\/08\/Cervenik-festival-12.8.2017-1-2.jpg 1200w\" sizes=\"(max-width: 300px) 100vw, 300px\" \/><\/a>\n\t\t\t<\/div><\/figure><figure class='gallery-item'>\n\t\t\t<div class='gallery-icon landscape'>\n\t\t\t\t<a href='https:\/\/d.r1.wbsprt.com\/krr.sk\/cervenik-festival-12-8-2017-2\/'><img decoding=\"async\" width=\"300\" height=\"200\" src=\"https:\/\/d.r1.wbsprt.com\/krr.sk\/wp-content\/uploads\/2017\/08\/Cervenik-festival-12.8.2017-2-2-300x200.jpg\" class=\"attachment-medium size-medium\" alt=\"\" srcset=\"https:\/\/d.r1.wbsprt.com\/krr.sk\/wp-content\/uploads\/2017\/08\/Cervenik-festival-12.8.2017-2-2-300x200.jpg 300w, https:\/\/d.r1.wbsprt.com\/krr.sk\/wp-content\/uploads\/2017\/08\/Cervenik-festival-12.8.2017-2-2-1024x683.jpg 1024w, https:\/\/d.r1.wbsprt.com\/krr.sk\/wp-content\/uploads\/2017\/08\/Cervenik-festival-12.8.2017-2-2-768x512.jpg 768w, https:\/\/d.r1.wbsprt.com\/krr.sk\/wp-content\/uploads\/2017\/08\/Cervenik-festival-12.8.2017-2-2-391x260.jpg 391w, https:\/\/d.r1.wbsprt.com\/krr.sk\/wp-content\/uploads\/2017\/08\/Cervenik-festival-12.8.2017-2-2-600x400.jpg 600w, https:\/\/d.r1.wbsprt.com\/krr.sk\/wp-content\/uploads\/2017\/08\/Cervenik-festival-12.8.2017-2-2.jpg 1200w\" sizes=\"(max-width: 300px) 100vw, 300px\" \/><\/a>\n\t\t\t<\/div><\/figure><figure class='gallery-item'>\n\t\t\t<div class='gallery-icon landscape'>\n\t\t\t\t<a href='https:\/\/d.r1.wbsprt.com\/krr.sk\/cervenik-festival-12-8-2017-3\/'><img decoding=\"async\" width=\"300\" height=\"200\" src=\"https:\/\/d.r1.wbsprt.com\/krr.sk\/wp-content\/uploads\/2017\/08\/Cervenik-festival-12.8.2017-3-2-300x200.jpg\" class=\"attachment-medium size-medium\" alt=\"\" srcset=\"https:\/\/d.r1.wbsprt.com\/krr.sk\/wp-content\/uploads\/2017\/08\/Cervenik-festival-12.8.2017-3-2-300x200.jpg 300w, https:\/\/d.r1.wbsprt.com\/krr.sk\/wp-content\/uploads\/2017\/08\/Cervenik-festival-12.8.2017-3-2-1024x683.jpg 1024w, https:\/\/d.r1.wbsprt.com\/krr.sk\/wp-content\/uploads\/2017\/08\/Cervenik-festival-12.8.2017-3-2-768x512.jpg 768w, https:\/\/d.r1.wbsprt.com\/krr.sk\/wp-content\/uploads\/2017\/08\/Cervenik-festival-12.8.2017-3-2-391x260.jpg 391w, https:\/\/d.r1.wbsprt.com\/krr.sk\/wp-content\/uploads\/2017\/08\/Cervenik-festival-12.8.2017-3-2-600x400.jpg 600w, https:\/\/d.r1.wbsprt.com\/krr.sk\/wp-content\/uploads\/2017\/08\/Cervenik-festival-12.8.2017-3-2.jpg 1200w\" sizes=\"(max-width: 300px) 100vw, 300px\" \/><\/a>\n\t\t\t<\/div><\/figure><figure class='gallery-item'>\n\t\t\t<div class='gallery-icon landscape'>\n\t\t\t\t<a href='https:\/\/d.r1.wbsprt.com\/krr.sk\/cervenik-festival-12-8-2017-4\/'><img loading=\"lazy\" decoding=\"async\" width=\"300\" height=\"200\" src=\"https:\/\/d.r1.wbsprt.com\/krr.sk\/wp-content\/uploads\/2017\/08\/Cervenik-festival-12.8.2017-4-1-300x200.jpg\" class=\"attachment-medium size-medium\" alt=\"\" srcset=\"https:\/\/d.r1.wbsprt.com\/krr.sk\/wp-content\/uploads\/2017\/08\/Cervenik-festival-12.8.2017-4-1-300x200.jpg 300w, https:\/\/d.r1.wbsprt.com\/krr.sk\/wp-content\/uploads\/2017\/08\/Cervenik-festival-12.8.2017-4-1-1024x683.jpg 1024w, https:\/\/d.r1.wbsprt.com\/krr.sk\/wp-content\/uploads\/2017\/08\/Cervenik-festival-12.8.2017-4-1-768x512.jpg 768w, https:\/\/d.r1.wbsprt.com\/krr.sk\/wp-content\/uploads\/2017\/08\/Cervenik-festival-12.8.2017-4-1-391x260.jpg 391w, https:\/\/d.r1.wbsprt.com\/krr.sk\/wp-content\/uploads\/2017\/08\/Cervenik-festival-12.8.2017-4-1-600x400.jpg 600w, https:\/\/d.r1.wbsprt.com\/krr.sk\/wp-content\/uploads\/2017\/08\/Cervenik-festival-12.8.2017-4-1.jpg 1200w\" sizes=\"(max-width: 300px) 100vw, 300px\" \/><\/a>\n\t\t\t<\/div><\/figure><figure class='gallery-item'>\n\t\t\t<div class='gallery-icon landscape'>\n\t\t\t\t<a href='https:\/\/d.r1.wbsprt.com\/krr.sk\/cervenik-festival-12-8-2017-5\/'><img loading=\"lazy\" decoding=\"async\" width=\"300\" height=\"200\" src=\"https:\/\/d.r1.wbsprt.com\/krr.sk\/wp-content\/uploads\/2017\/08\/Cervenik-festival-12.8.2017-5-1-300x200.jpg\" class=\"attachment-medium size-medium\" alt=\"\" srcset=\"https:\/\/d.r1.wbsprt.com\/krr.sk\/wp-content\/uploads\/2017\/08\/Cervenik-festival-12.8.2017-5-1-300x200.jpg 300w, https:\/\/d.r1.wbsprt.com\/krr.sk\/wp-content\/uploads\/2017\/08\/Cervenik-festival-12.8.2017-5-1-1024x683.jpg 1024w, https:\/\/d.r1.wbsprt.com\/krr.sk\/wp-content\/uploads\/2017\/08\/Cervenik-festival-12.8.2017-5-1-768x512.jpg 768w, https:\/\/d.r1.wbsprt.com\/krr.sk\/wp-content\/uploads\/2017\/08\/Cervenik-festival-12.8.2017-5-1-391x260.jpg 391w, https:\/\/d.r1.wbsprt.com\/krr.sk\/wp-content\/uploads\/2017\/08\/Cervenik-festival-12.8.2017-5-1-600x400.jpg 600w, https:\/\/d.r1.wbsprt.com\/krr.sk\/wp-content\/uploads\/2017\/08\/Cervenik-festival-12.8.2017-5-1.jpg 1200w\" sizes=\"(max-width: 300px) 100vw, 300px\" \/><\/a>\n\t\t\t<\/div><\/figure><figure class='gallery-item'>\n\t\t\t<div class='gallery-icon landscape'>\n\t\t\t\t<a href='https:\/\/d.r1.wbsprt.com\/krr.sk\/cervenik-festival-12-8-2017-6\/'><img loading=\"lazy\" decoding=\"async\" width=\"300\" height=\"200\" src=\"https:\/\/d.r1.wbsprt.com\/krr.sk\/wp-content\/uploads\/2017\/08\/Cervenik-festival-12.8.2017-6-2-300x200.jpg\" class=\"attachment-medium size-medium\" alt=\"\" srcset=\"https:\/\/d.r1.wbsprt.com\/krr.sk\/wp-content\/uploads\/2017\/08\/Cervenik-festival-12.8.2017-6-2-300x200.jpg 300w, https:\/\/d.r1.wbsprt.com\/krr.sk\/wp-content\/uploads\/2017\/08\/Cervenik-festival-12.8.2017-6-2-1024x683.jpg 1024w, https:\/\/d.r1.wbsprt.com\/krr.sk\/wp-content\/uploads\/2017\/08\/Cervenik-festival-12.8.2017-6-2-768x512.jpg 768w, https:\/\/d.r1.wbsprt.com\/krr.sk\/wp-content\/uploads\/2017\/08\/Cervenik-festival-12.8.2017-6-2-391x260.jpg 391w, https:\/\/d.r1.wbsprt.com\/krr.sk\/wp-content\/uploads\/2017\/08\/Cervenik-festival-12.8.2017-6-2-1536x1024.jpg 1536w, https:\/\/d.r1.wbsprt.com\/krr.sk\/wp-content\/uploads\/2017\/08\/Cervenik-festival-12.8.2017-6-2-2048x1365.jpg 2048w, https:\/\/d.r1.wbsprt.com\/krr.sk\/wp-content\/uploads\/2017\/08\/Cervenik-festival-12.8.2017-6-2-600x400.jpg 600w\" sizes=\"(max-width: 300px) 100vw, 300px\" \/><\/a>\n\t\t\t<\/div><\/figure><figure class='gallery-item'>\n\t\t\t<div class='gallery-icon landscape'>\n\t\t\t\t<a href='https:\/\/d.r1.wbsprt.com\/krr.sk\/cervenik-festival-12-8-2017-7\/'><img loading=\"lazy\" decoding=\"async\" width=\"300\" height=\"200\" src=\"https:\/\/d.r1.wbsprt.com\/krr.sk\/wp-content\/uploads\/2017\/08\/Cervenik-festival-12.8.2017-7-2-300x200.jpg\" class=\"attachment-medium size-medium\" alt=\"\" srcset=\"https:\/\/d.r1.wbsprt.com\/krr.sk\/wp-content\/uploads\/2017\/08\/Cervenik-festival-12.8.2017-7-2-300x200.jpg 300w, https:\/\/d.r1.wbsprt.com\/krr.sk\/wp-content\/uploads\/2017\/08\/Cervenik-festival-12.8.2017-7-2-1024x683.jpg 1024w, https:\/\/d.r1.wbsprt.com\/krr.sk\/wp-content\/uploads\/2017\/08\/Cervenik-festival-12.8.2017-7-2-768x512.jpg 768w, https:\/\/d.r1.wbsprt.com\/krr.sk\/wp-content\/uploads\/2017\/08\/Cervenik-festival-12.8.2017-7-2-391x260.jpg 391w, https:\/\/d.r1.wbsprt.com\/krr.sk\/wp-content\/uploads\/2017\/08\/Cervenik-festival-12.8.2017-7-2-600x400.jpg 600w, https:\/\/d.r1.wbsprt.com\/krr.sk\/wp-content\/uploads\/2017\/08\/Cervenik-festival-12.8.2017-7-2.jpg 1200w\" sizes=\"(max-width: 300px) 100vw, 300px\" \/><\/a>\n\t\t\t<\/div><\/figure><figure class='gallery-item'>\n\t\t\t<div class='gallery-icon landscape'>\n\t\t\t\t<a href='https:\/\/d.r1.wbsprt.com\/krr.sk\/cervenik-festival-12-8-2017-8\/'><img loading=\"lazy\" decoding=\"async\" width=\"300\" height=\"200\" src=\"https:\/\/d.r1.wbsprt.com\/krr.sk\/wp-content\/uploads\/2017\/08\/Cervenik-festival-12.8.2017-8-2-300x200.jpg\" class=\"attachment-medium size-medium\" alt=\"\" srcset=\"https:\/\/d.r1.wbsprt.com\/krr.sk\/wp-content\/uploads\/2017\/08\/Cervenik-festival-12.8.2017-8-2-300x200.jpg 300w, https:\/\/d.r1.wbsprt.com\/krr.sk\/wp-content\/uploads\/2017\/08\/Cervenik-festival-12.8.2017-8-2-1024x683.jpg 1024w, https:\/\/d.r1.wbsprt.com\/krr.sk\/wp-content\/uploads\/2017\/08\/Cervenik-festival-12.8.2017-8-2-768x512.jpg 768w, https:\/\/d.r1.wbsprt.com\/krr.sk\/wp-content\/uploads\/2017\/08\/Cervenik-festival-12.8.2017-8-2-391x260.jpg 391w, https:\/\/d.r1.wbsprt.com\/krr.sk\/wp-content\/uploads\/2017\/08\/Cervenik-festival-12.8.2017-8-2-600x400.jpg 600w, https:\/\/d.r1.wbsprt.com\/krr.sk\/wp-content\/uploads\/2017\/08\/Cervenik-festival-12.8.2017-8-2.jpg 1200w\" sizes=\"(max-width: 300px) 100vw, 300px\" \/><\/a>\n\t\t\t<\/div><\/figure><figure class='gallery-item'>\n\t\t\t<div class='gallery-icon landscape'>\n\t\t\t\t<a href='https:\/\/d.r1.wbsprt.com\/krr.sk\/cervenik-festival-12-8-2017-9\/'><img loading=\"lazy\" decoding=\"async\" width=\"300\" height=\"200\" src=\"https:\/\/d.r1.wbsprt.com\/krr.sk\/wp-content\/uploads\/2017\/08\/Cervenik-festival-12.8.2017-9-2-300x200.jpg\" class=\"attachment-medium size-medium\" alt=\"\" srcset=\"https:\/\/d.r1.wbsprt.com\/krr.sk\/wp-content\/uploads\/2017\/08\/Cervenik-festival-12.8.2017-9-2-300x200.jpg 300w, https:\/\/d.r1.wbsprt.com\/krr.sk\/wp-content\/uploads\/2017\/08\/Cervenik-festival-12.8.2017-9-2-1024x683.jpg 1024w, https:\/\/d.r1.wbsprt.com\/krr.sk\/wp-content\/uploads\/2017\/08\/Cervenik-festival-12.8.2017-9-2-768x512.jpg 768w, https:\/\/d.r1.wbsprt.com\/krr.sk\/wp-content\/uploads\/2017\/08\/Cervenik-festival-12.8.2017-9-2-391x260.jpg 391w, https:\/\/d.r1.wbsprt.com\/krr.sk\/wp-content\/uploads\/2017\/08\/Cervenik-festival-12.8.2017-9-2-600x400.jpg 600w, https:\/\/d.r1.wbsprt.com\/krr.sk\/wp-content\/uploads\/2017\/08\/Cervenik-festival-12.8.2017-9-2.jpg 1200w\" sizes=\"(max-width: 300px) 100vw, 300px\" \/><\/a>\n\t\t\t<\/div><\/figure><figure class='gallery-item'>\n\t\t\t<div class='gallery-icon landscape'>\n\t\t\t\t<a href='https:\/\/d.r1.wbsprt.com\/krr.sk\/cervenik-festival-12-8-2017-10\/'><img loading=\"lazy\" decoding=\"async\" width=\"300\" height=\"200\" src=\"https:\/\/d.r1.wbsprt.com\/krr.sk\/wp-content\/uploads\/2017\/08\/Cervenik-festival-12.8.2017-10-2-300x200.jpg\" class=\"attachment-medium size-medium\" alt=\"\" srcset=\"https:\/\/d.r1.wbsprt.com\/krr.sk\/wp-content\/uploads\/2017\/08\/Cervenik-festival-12.8.2017-10-2-300x200.jpg 300w, https:\/\/d.r1.wbsprt.com\/krr.sk\/wp-content\/uploads\/2017\/08\/Cervenik-festival-12.8.2017-10-2-1024x683.jpg 1024w, https:\/\/d.r1.wbsprt.com\/krr.sk\/wp-content\/uploads\/2017\/08\/Cervenik-festival-12.8.2017-10-2-768x512.jpg 768w, https:\/\/d.r1.wbsprt.com\/krr.sk\/wp-content\/uploads\/2017\/08\/Cervenik-festival-12.8.2017-10-2-391x260.jpg 391w, https:\/\/d.r1.wbsprt.com\/krr.sk\/wp-content\/uploads\/2017\/08\/Cervenik-festival-12.8.2017-10-2-600x400.jpg 600w, https:\/\/d.r1.wbsprt.com\/krr.sk\/wp-content\/uploads\/2017\/08\/Cervenik-festival-12.8.2017-10-2.jpg 1200w\" sizes=\"(max-width: 300px) 100vw, 300px\" \/><\/a>\n\t\t\t<\/div><\/figure><figure class='gallery-item'>\n\t\t\t<div class='gallery-icon landscape'>\n\t\t\t\t<a href='https:\/\/d.r1.wbsprt.com\/krr.sk\/cervenik-festival-12-8-2017-11\/'><img loading=\"lazy\" decoding=\"async\" width=\"300\" height=\"200\" src=\"https:\/\/d.r1.wbsprt.com\/krr.sk\/wp-content\/uploads\/2017\/08\/Cervenik-festival-12.8.2017-11-1-300x200.jpg\" class=\"attachment-medium size-medium\" alt=\"\" srcset=\"https:\/\/d.r1.wbsprt.com\/krr.sk\/wp-content\/uploads\/2017\/08\/Cervenik-festival-12.8.2017-11-1-300x200.jpg 300w, https:\/\/d.r1.wbsprt.com\/krr.sk\/wp-content\/uploads\/2017\/08\/Cervenik-festival-12.8.2017-11-1-1024x683.jpg 1024w, https:\/\/d.r1.wbsprt.com\/krr.sk\/wp-content\/uploads\/2017\/08\/Cervenik-festival-12.8.2017-11-1-768x512.jpg 768w, https:\/\/d.r1.wbsprt.com\/krr.sk\/wp-content\/uploads\/2017\/08\/Cervenik-festival-12.8.2017-11-1-391x260.jpg 391w, https:\/\/d.r1.wbsprt.com\/krr.sk\/wp-content\/uploads\/2017\/08\/Cervenik-festival-12.8.2017-11-1-600x400.jpg 600w, https:\/\/d.r1.wbsprt.com\/krr.sk\/wp-content\/uploads\/2017\/08\/Cervenik-festival-12.8.2017-11-1.jpg 1200w\" sizes=\"(max-width: 300px) 100vw, 300px\" \/><\/a>\n\t\t\t<\/div><\/figure><figure class='gallery-item'>\n\t\t\t<div class='gallery-icon landscape'>\n\t\t\t\t<a href='https:\/\/d.r1.wbsprt.com\/krr.sk\/cervenik-festival-12-8-2017-12\/'><img loading=\"lazy\" decoding=\"async\" width=\"300\" height=\"200\" src=\"https:\/\/d.r1.wbsprt.com\/krr.sk\/wp-content\/uploads\/2017\/08\/Cervenik-festival-12.8.2017-12-1-300x200.jpg\" class=\"attachment-medium size-medium\" alt=\"\" srcset=\"https:\/\/d.r1.wbsprt.com\/krr.sk\/wp-content\/uploads\/2017\/08\/Cervenik-festival-12.8.2017-12-1-300x200.jpg 300w, https:\/\/d.r1.wbsprt.com\/krr.sk\/wp-content\/uploads\/2017\/08\/Cervenik-festival-12.8.2017-12-1-1024x683.jpg 1024w, https:\/\/d.r1.wbsprt.com\/krr.sk\/wp-content\/uploads\/2017\/08\/Cervenik-festival-12.8.2017-12-1-768x512.jpg 768w, https:\/\/d.r1.wbsprt.com\/krr.sk\/wp-content\/uploads\/2017\/08\/Cervenik-festival-12.8.2017-12-1-391x260.jpg 391w, https:\/\/d.r1.wbsprt.com\/krr.sk\/wp-content\/uploads\/2017\/08\/Cervenik-festival-12.8.2017-12-1-600x400.jpg 600w, https:\/\/d.r1.wbsprt.com\/krr.sk\/wp-content\/uploads\/2017\/08\/Cervenik-festival-12.8.2017-12-1.jpg 1200w\" sizes=\"(max-width: 300px) 100vw, 300px\" \/><\/a>\n\t\t\t<\/div><\/figure><figure class='gallery-item'>\n\t\t\t<div class='gallery-icon landscape'>\n\t\t\t\t<a href='https:\/\/d.r1.wbsprt.com\/krr.sk\/cervenik-festival-12-8-2017-13\/'><img loading=\"lazy\" decoding=\"async\" width=\"300\" height=\"200\" src=\"https:\/\/d.r1.wbsprt.com\/krr.sk\/wp-content\/uploads\/2017\/08\/Cervenik-festival-12.8.2017-13-1-300x200.jpg\" class=\"attachment-medium size-medium\" alt=\"\" srcset=\"https:\/\/d.r1.wbsprt.com\/krr.sk\/wp-content\/uploads\/2017\/08\/Cervenik-festival-12.8.2017-13-1-300x200.jpg 300w, https:\/\/d.r1.wbsprt.com\/krr.sk\/wp-content\/uploads\/2017\/08\/Cervenik-festival-12.8.2017-13-1-1024x683.jpg 1024w, https:\/\/d.r1.wbsprt.com\/krr.sk\/wp-content\/uploads\/2017\/08\/Cervenik-festival-12.8.2017-13-1-768x512.jpg 768w, https:\/\/d.r1.wbsprt.com\/krr.sk\/wp-content\/uploads\/2017\/08\/Cervenik-festival-12.8.2017-13-1-391x260.jpg 391w, https:\/\/d.r1.wbsprt.com\/krr.sk\/wp-content\/uploads\/2017\/08\/Cervenik-festival-12.8.2017-13-1-600x400.jpg 600w, https:\/\/d.r1.wbsprt.com\/krr.sk\/wp-content\/uploads\/2017\/08\/Cervenik-festival-12.8.2017-13-1.jpg 1200w\" sizes=\"(max-width: 300px) 100vw, 300px\" \/><\/a>\n\t\t\t<\/div><\/figure><figure class='gallery-item'>\n\t\t\t<div class='gallery-icon landscape'>\n\t\t\t\t<a href='https:\/\/d.r1.wbsprt.com\/krr.sk\/cervenik-festival-12-8-2017\/'><img loading=\"lazy\" decoding=\"async\" width=\"300\" height=\"200\" src=\"https:\/\/d.r1.wbsprt.com\/krr.sk\/wp-content\/uploads\/2017\/08\/Cervenik-festival-12.8.2017-14-300x200.jpg\" class=\"attachment-medium size-medium\" alt=\"\" srcset=\"https:\/\/d.r1.wbsprt.com\/krr.sk\/wp-content\/uploads\/2017\/08\/Cervenik-festival-12.8.2017-14-300x200.jpg 300w, https:\/\/d.r1.wbsprt.com\/krr.sk\/wp-content\/uploads\/2017\/08\/Cervenik-festival-12.8.2017-14-1024x683.jpg 1024w, https:\/\/d.r1.wbsprt.com\/krr.sk\/wp-content\/uploads\/2017\/08\/Cervenik-festival-12.8.2017-14-768x512.jpg 768w, https:\/\/d.r1.wbsprt.com\/krr.sk\/wp-content\/uploads\/2017\/08\/Cervenik-festival-12.8.2017-14-391x260.jpg 391w, https:\/\/d.r1.wbsprt.com\/krr.sk\/wp-content\/uploads\/2017\/08\/Cervenik-festival-12.8.2017-14-600x400.jpg 600w, https:\/\/d.r1.wbsprt.com\/krr.sk\/wp-content\/uploads\/2017\/08\/Cervenik-festival-12.8.2017-14.jpg 1200w\" sizes=\"(max-width: 300px) 100vw, 300px\" \/><\/a>\n\t\t\t<\/div><\/figure>\n\t\t<\/div>\n\n","protected":false},"excerpt":{"rendered":"<p>Obec \u010cerven\u00edk, ktor\u00e1 je \u010dlenom Klastra region\u00e1lneho rozvoja \u2013 z\u00e1padn\u00e9 Slovensko, usporiadala v\u00a0d\u0148och 11. &#8211; 13. augusta 2017 u\u017e 52.ro\u010dn\u00edk sl\u00e1vnost\u00ed spevu, hudby a\u00a0tanca &#8211; De\u0148 \u00facty k\u00a0po\u013enohospod\u00e1rom. Podujatie bolo rozdelen\u00e9 na dve \u010dasti. Hudobn\u00fd festival sa konal v\u00a0amfite\u00e1tri a\u00a0priniesol n\u00e1v\u0161tevn\u00edkom bohat\u00fd program v\u00a0ktorom vyst\u00fapili zn\u00e1me hudobn\u00e9 skupiny ako napr\u00edklad Slobodn\u00e1 Eur\u00f3pa, Desmod, NOC A\u00a0DE\u0147, [&hellip;]<\/p>\n","protected":false},"author":7,"featured_media":4893,"comment_status":"closed","ping_status":"open","sticky":false,"template":"","format":"standard","meta":{"_acf_changed":false,"footnotes":""},"categories":[93,142],"tags":[],"class_list":["post-4887","post","type-post","status-publish","format-standard","has-post-thumbnail","hentry","category-novinky","category-spolocenska-oblast"],"acf":[],"_links":{"self":[{"href":"https:\/\/d.r1.wbsprt.com\/krr.sk\/wp-json\/wp\/v2\/posts\/4887","targetHints":{"allow":["GET"]}}],"collection":[{"href":"https:\/\/d.r1.wbsprt.com\/krr.sk\/wp-json\/wp\/v2\/posts"}],"about":[{"href":"https:\/\/d.r1.wbsprt.com\/krr.sk\/wp-json\/wp\/v2\/types\/post"}],"author":[{"embeddable":true,"href":"https:\/\/d.r1.wbsprt.com\/krr.sk\/wp-json\/wp\/v2\/users\/7"}],"replies":[{"embeddable":true,"href":"https:\/\/d.r1.wbsprt.com\/krr.sk\/wp-json\/wp\/v2\/comments?post=4887"}],"version-history":[{"count":0,"href":"https:\/\/d.r1.wbsprt.com\/krr.sk\/wp-json\/wp\/v2\/posts\/4887\/revisions"}],"wp:featuredmedia":[{"embeddable":true,"href":"https:\/\/d.r1.wbsprt.com\/krr.sk\/wp-json\/wp\/v2\/media\/4893"}],"wp:attachment":[{"href":"https:\/\/d.r1.wbsprt.com\/krr.sk\/wp-json\/wp\/v2\/media?parent=4887"}],"wp:term":[{"taxonomy":"category","embeddable":true,"href":"https:\/\/d.r1.wbsprt.com\/krr.sk\/wp-json\/wp\/v2\/categories?post=4887"},{"taxonomy":"post_tag","embeddable":true,"href":"https:\/\/d.r1.wbsprt.com\/krr.sk\/wp-json\/wp\/v2\/tags?post=4887"}],"curies":[{"name":"wp","href":"https:\/\/api.w.org\/{rel}","templated":true}]}}