{"id":4854,"date":"2017-08-09T14:57:10","date_gmt":"2017-08-09T12:57:10","guid":{"rendered":"http:\/\/klasterrr.sk\/?p=4854"},"modified":"2021-05-19T18:09:30","modified_gmt":"2021-05-19T16:09:30","slug":"registraciu-do-kampane-na-bicykli-do-obchodu-2017-spustena","status":"publish","type":"post","link":"https:\/\/d.r1.wbsprt.com\/krr.sk\/registraciu-do-kampane-na-bicykli-do-obchodu-2017-spustena\/","title":{"rendered":"Registr\u00e1ciu do kampane Na bicykli do obchodu 2017 spusten\u00e1!"},"content":{"rendered":"<p>U\u017e v septembri budete ma\u0165 op\u00e4\u0165 mo\u017enos\u0165 zapoji\u0165 sa do n\u00e1rodnej kampane Na bicykli do obchodu.<br \/>\nKampa\u0148 je zameran\u00e1 na rozvoj nemotorovej dopravy so zameran\u00edm na nakupovanie na bicykli.<br \/>\nPrebieha\u0165 bude po\u010das mesiaca september na celom \u00fazem\u00ed Slovenska, pri\u010dom registr\u00e1cia pre<br \/>\nz\u00e1kazn\u00edkov ako aj pre predajcov je spusten\u00e1 u\u017e od 1. augusta. Registr\u00e1ciu tvor\u00ed p\u00e1r jednoduch\u00fdch<br \/>\nkrokov a okrem podpory rozvoja cyklistickej dopravy bud\u00fa ma\u0165 mo\u017enos\u0165 v\u0161etci registrovan\u00ed<br \/>\n\u00fa\u010dastn\u00edci s\u00fa\u0165a\u017ei\u0165 o hodnotn\u00e9 vecn\u00e9 ceny ak\u00fdmi s\u00fa e-bike, mestsk\u00e9 bicykle, pr\u00edslu\u0161enstvo na bicykle<br \/>\na \u010fal\u0161ie hodnotn\u00e9 ceny.<br \/>\nKampa\u0148 m\u00e1 za cie\u013e oslovi\u0165 s\u00fakromn\u00fd sektor, aby sa predajcovia sna\u017eili vytv\u00e1ra\u0165 lep\u0161ie podmienky<br \/>\npre z\u00e1kazn\u00edkov na bicykli, \u010di u\u017e je to na b\u00e1ze trval\u00fdch alebo do\u010dasn\u00fdch opatren\u00ed. Tak\u00e9to aktivity<br \/>\nmaj\u00fa zvy\u010dajne pozit\u00edvny vplyv na z\u00e1kazn\u00edcku z\u00e1klad\u0148u, vzh\u013eadom k tomu, \u017ee poskytuj\u00fa viac<br \/>\nmo\u017enost\u00ed pri vo\u013ebe formy dopravy. Z\u00e1rove\u0148 je cie\u013eom kampane motivova\u0165 \u013eud\u00ed, aby pri svojich<br \/>\nn\u00e1kupoch vyu\u017e\u00edvali ako dopravn\u00fd prostriedok pr\u00e1ve bicykel. T\u00e1to forma dopravy so sebou prin\u00e1\u0161a<br \/>\nmnoho v\u00fdhod, ktor\u00e9 si \u013eudia \u010dasto ani neuvedomuj\u00fa. Nakupovanie na bicykli je toti\u017e jednoduch\u00e9,<br \/>\nr\u00fdchle a lacn\u00e9 rie\u0161enie ako nak\u00fapi\u0165 \u010di sa dopravi\u0165 za slu\u017ebami. Pr\u00ednos v oblasti zdravia a jeho vplyv<br \/>\nna \u017eivotn\u00e9 prostredie s\u00fa samozrejm\u00e9.<br \/>\nPrinc\u00edp kampane spo\u010d\u00edva pre z\u00e1kazn\u00edkov v zaznamen\u00e1van\u00ed svojich n\u00e1kupov do syst\u00e9mu po\u010das jej<br \/>\ntrvania. Pre predajcov v samotnej registr\u00e1cii a n\u00e1slednej propag\u00e1cii kampane svojim z\u00e1kazn\u00edkom, \u010di<br \/>\nu\u017e s\u00fa\u010dasn\u00fdm alebo bud\u00facim. Vzh\u013eadom k stavbe port\u00e1lu si bud\u00fa m\u00f4c\u0165 z\u00e1kazn\u00edci \u013eahko vyh\u013eada\u0165<br \/>\nzaregistrovan\u00fdch predajcov a tak si bu\u010f vybera\u0165 v jednotliv\u00fdch kateg\u00f3ri\u00e1ch ktor\u00e9ho nav\u0161t\u00edvia,<br \/>\nuprednostnia, alebo takouto formou len zvy\u0161ova\u0165 svoje \u0161ance v s\u00fa\u0165a\u017ei.<br \/>\nVyhlasovate\u013eom tohtoro\u010dnej kampane je op\u00e4\u0165 n\u00e1rodn\u00fd cyklokoordin\u00e1tor p\u00e1n Peter Klu\u010dka, ktor\u00fd<br \/>\n\u00faspe\u0161ne prispieva svojimi aktivitami k rozvoju cyklistickej dopravy na Slovensku a s\u00e1m vyu\u017e\u00edva<br \/>\nbicykel na nakupovanie. Garanciu nad kampa\u0148ou prebral osobne minister Dopravy a v\u00fdstavby SR<br \/>\np\u00e1n Arp\u00e1d \u00c9rsek, \u010d\u00edm potvrdil d\u00f4le\u017eitos\u0165 kampane a ver\u00ed v jej pozit\u00edvny dopad na spolo\u010dnos\u0165.<br \/>\nRegistr\u00e1ciu, ako aj v\u0161etky potrebn\u00e9 inform\u00e1cie ku kampani n\u00e1jdete na ofici\u00e1lnej str\u00e1nke kampane<br \/>\nwww.nabicyklidoobchodu.sk alebo aj skr\u00e1tene www.nbdo.sk.<br \/>\nOrganiz\u00e1tori kampane Na bicykli do obchodu 2017<\/p>\n","protected":false},"excerpt":{"rendered":"<p>U\u017e v septembri budete ma\u0165 op\u00e4\u0165 mo\u017enos\u0165 zapoji\u0165 sa do n\u00e1rodnej kampane Na bicykli do obchodu. Kampa\u0148 je zameran\u00e1 na rozvoj nemotorovej dopravy so zameran\u00edm na nakupovanie na bicykli. Prebieha\u0165 bude po\u010das mesiaca september na celom \u00fazem\u00ed Slovenska, pri\u010dom registr\u00e1cia pre z\u00e1kazn\u00edkov ako aj pre predajcov je spusten\u00e1 u\u017e od 1. augusta. Registr\u00e1ciu tvor\u00ed p\u00e1r [&hellip;]<\/p>\n","protected":false},"author":7,"featured_media":4855,"comment_status":"closed","ping_status":"open","sticky":false,"template":"","format":"standard","meta":{"_acf_changed":false,"footnotes":""},"categories":[93,142],"tags":[],"class_list":["post-4854","post","type-post","status-publish","format-standard","has-post-thumbnail","hentry","category-novinky","category-spolocenska-oblast"],"acf":[],"_links":{"self":[{"href":"https:\/\/d.r1.wbsprt.com\/krr.sk\/wp-json\/wp\/v2\/posts\/4854","targetHints":{"allow":["GET"]}}],"collection":[{"href":"https:\/\/d.r1.wbsprt.com\/krr.sk\/wp-json\/wp\/v2\/posts"}],"about":[{"href":"https:\/\/d.r1.wbsprt.com\/krr.sk\/wp-json\/wp\/v2\/types\/post"}],"author":[{"embeddable":true,"href":"https:\/\/d.r1.wbsprt.com\/krr.sk\/wp-json\/wp\/v2\/users\/7"}],"replies":[{"embeddable":true,"href":"https:\/\/d.r1.wbsprt.com\/krr.sk\/wp-json\/wp\/v2\/comments?post=4854"}],"version-history":[{"count":0,"href":"https:\/\/d.r1.wbsprt.com\/krr.sk\/wp-json\/wp\/v2\/posts\/4854\/revisions"}],"wp:featuredmedia":[{"embeddable":true,"href":"https:\/\/d.r1.wbsprt.com\/krr.sk\/wp-json\/wp\/v2\/media\/4855"}],"wp:attachment":[{"href":"https:\/\/d.r1.wbsprt.com\/krr.sk\/wp-json\/wp\/v2\/media?parent=4854"}],"wp:term":[{"taxonomy":"category","embeddable":true,"href":"https:\/\/d.r1.wbsprt.com\/krr.sk\/wp-json\/wp\/v2\/categories?post=4854"},{"taxonomy":"post_tag","embeddable":true,"href":"https:\/\/d.r1.wbsprt.com\/krr.sk\/wp-json\/wp\/v2\/tags?post=4854"}],"curies":[{"name":"wp","href":"https:\/\/api.w.org\/{rel}","templated":true}]}}