{"id":4817,"date":"2017-08-08T16:01:05","date_gmt":"2017-08-08T14:01:05","guid":{"rendered":"http:\/\/klasterrr.sk\/?p=4817"},"modified":"2021-05-19T18:10:01","modified_gmt":"2021-05-19T16:10:01","slug":"kniha-podunajsko-z-neba","status":"publish","type":"post","link":"https:\/\/d.r1.wbsprt.com\/krr.sk\/kniha-podunajsko-z-neba\/","title":{"rendered":"Kniha Podunajsko z neba"},"content":{"rendered":"<p>V snahe neust\u00e1leho zve\u013ea\u010fovania regi\u00f3nu spolo\u010dnos\u0165 CBS s.r.o. v spolupr\u00e1ci s Trnavsk\u00fdm samospr\u00e1vnym krajom a Klastrom region\u00e1lneho rozvoja \u2013 z\u00e1padn\u00e9 Slovensko pripravilo tril\u00f3giu kni\u017en\u00fdch publik\u00e1ci\u00ed s tematikou propag\u00e1cie trnavsk\u00e9ho kraja.<\/p>\n<p>Kniha Podunajsko z\u00a0neba je poslednou \u010das\u0165ou tril\u00f3gie a\u00a0nadv\u00e4zuje na predch\u00e1dzaj\u00face dve \u010dasti \u2013 Doln\u00e9 Pova\u017eie z\u00a0neba a\u00a0Z\u00e1horie z\u00a0neba.<\/p>\n<p>\u010carovn\u00e9 z\u00e1kutia Mal\u00e9ho Dunaja, obrovsk\u00e9 vodn\u00e9 dielo Gab\u010d\u00edkovo, dreven\u00e9 vodn\u00e9 mlyny, upraven\u00e9 ka\u0161tiele, mocn\u00e9 ba\u0161ty kom\u00e1r\u0148anskej pevnosti, \u010di \u00fazke dom\u010deky N\u00e1mestia Eur\u00f3py. To v\u0161etko a z v\u00fd\u0161ky v knihe PODUNAJSKO Z NEBA. Kniha obsahuje slovensk\u00fd popis fotografi\u00ed s\u00a0anglick\u00fdm a ma\u010farsk\u00fdm prekladom.<\/p>\n<p>Zalietajte si ponad Podunajsko aj Vy!<\/p>\n<p>&nbsp;<\/p>\n<p>Link: <a href=\"http:\/\/www.cbs.sk\/knihy\/podunajsko\/\" target=\"_blank\" rel=\"noopener\">http:\/\/www.cbs.sk\/knihy\/podunajsko\/<\/a><\/p>\n","protected":false},"excerpt":{"rendered":"<p>V snahe neust\u00e1leho zve\u013ea\u010fovania regi\u00f3nu spolo\u010dnos\u0165 CBS s.r.o. v spolupr\u00e1ci s Trnavsk\u00fdm samospr\u00e1vnym krajom a Klastrom region\u00e1lneho rozvoja \u2013 z\u00e1padn\u00e9 Slovensko pripravilo tril\u00f3giu kni\u017en\u00fdch publik\u00e1ci\u00ed s tematikou propag\u00e1cie trnavsk\u00e9ho kraja. Kniha Podunajsko z\u00a0neba je poslednou \u010das\u0165ou tril\u00f3gie a\u00a0nadv\u00e4zuje na predch\u00e1dzaj\u00face dve \u010dasti \u2013 Doln\u00e9 Pova\u017eie z\u00a0neba a\u00a0Z\u00e1horie z\u00a0neba. \u010carovn\u00e9 z\u00e1kutia Mal\u00e9ho Dunaja, obrovsk\u00e9 vodn\u00e9 dielo [&hellip;]<\/p>\n","protected":false},"author":7,"featured_media":4818,"comment_status":"closed","ping_status":"open","sticky":false,"template":"","format":"standard","meta":{"_acf_changed":false,"footnotes":""},"categories":[93],"tags":[],"class_list":["post-4817","post","type-post","status-publish","format-standard","has-post-thumbnail","hentry","category-novinky"],"acf":[],"_links":{"self":[{"href":"https:\/\/d.r1.wbsprt.com\/krr.sk\/wp-json\/wp\/v2\/posts\/4817","targetHints":{"allow":["GET"]}}],"collection":[{"href":"https:\/\/d.r1.wbsprt.com\/krr.sk\/wp-json\/wp\/v2\/posts"}],"about":[{"href":"https:\/\/d.r1.wbsprt.com\/krr.sk\/wp-json\/wp\/v2\/types\/post"}],"author":[{"embeddable":true,"href":"https:\/\/d.r1.wbsprt.com\/krr.sk\/wp-json\/wp\/v2\/users\/7"}],"replies":[{"embeddable":true,"href":"https:\/\/d.r1.wbsprt.com\/krr.sk\/wp-json\/wp\/v2\/comments?post=4817"}],"version-history":[{"count":0,"href":"https:\/\/d.r1.wbsprt.com\/krr.sk\/wp-json\/wp\/v2\/posts\/4817\/revisions"}],"wp:featuredmedia":[{"embeddable":true,"href":"https:\/\/d.r1.wbsprt.com\/krr.sk\/wp-json\/wp\/v2\/media\/4818"}],"wp:attachment":[{"href":"https:\/\/d.r1.wbsprt.com\/krr.sk\/wp-json\/wp\/v2\/media?parent=4817"}],"wp:term":[{"taxonomy":"category","embeddable":true,"href":"https:\/\/d.r1.wbsprt.com\/krr.sk\/wp-json\/wp\/v2\/categories?post=4817"},{"taxonomy":"post_tag","embeddable":true,"href":"https:\/\/d.r1.wbsprt.com\/krr.sk\/wp-json\/wp\/v2\/tags?post=4817"}],"curies":[{"name":"wp","href":"https:\/\/api.w.org\/{rel}","templated":true}]}}