{"id":4514,"date":"2017-07-04T14:59:34","date_gmt":"2017-07-04T12:59:34","guid":{"rendered":"http:\/\/klasterrr.sk\/?p=4514"},"modified":"2021-05-19T18:00:58","modified_gmt":"2021-05-19T16:00:58","slug":"jarne-putovanie-po-vinohradoch-starej-hlohovecko-sintavskej-oblasti-4-rocnik","status":"publish","type":"post","link":"https:\/\/d.r1.wbsprt.com\/krr.sk\/jarne-putovanie-po-vinohradoch-starej-hlohovecko-sintavskej-oblasti-4-rocnik\/","title":{"rendered":"Jarn\u00e9 putovanie po vinohradoch starej Hlohovecko \u2013 \u0161intavskej oblasti (4. ro\u010dn\u00edk)"},"content":{"rendered":"<p>V\u00a0poslednom obdob\u00ed\u00a0 st\u00e1le viac a\u00a0viac rezonuje v\u00a0na\u0161ej spolo\u010dnosti\u00a0 ozna\u010denie <u>\u201e Vin\u00e1ri s\u00fa zlatou ozdobou na\u0161ej krajiny\u201c.<\/u><\/p>\n<p>Na\u0161e v\u00edna by mali vysla\u0165 podnet k\u00a0tomu, aby sme viac zve\u013ea\u010fovali slovensk\u00e9 vinohradn\u00edcke \u00fazemie a\u00a0pri\u0165ahovali cudzincov a dom\u00e1cich na v\u00ednnu turistiku na Slovensko.<\/p>\n<p>A\u00a0to je pr\u00e1ve v\u00fdzva, ktor\u00e1 viedla Hlohoveck\u00fd cech vin\u00e1rov k\u00a0zorganizovaniu v\u00a0porad\u00ed u\u017e 4. ro\u010dn\u00edka akcie Jarn\u00e9 putovanie po vinohradoch starej Hlohovecko \u2013 \u0160intavskej oblasti . Toto podujatie sa konalo v\u00a0sobotu 10.j\u00fana 2017 so \u0161tartom na Urb\u00e1nku v\u00a0Hlohovci, pam\u00e4tnom to mieste\u00a0\u00a0 vin\u00e1rov a\u00a0vinohradn\u00edkov n\u00e1\u0161ho regi\u00f3nu. Pr\u00edtomn\u00fdch \u00fa\u010dastn\u00edkov na \u00favod priv\u00edtal predseda Hlohoveck\u00e9ho cechu vin\u00e1rov Pavol Tutura.<\/p>\n<p>Aj ke\u010f predpove\u010f po\u010dasia nebola pr\u00edli\u0161 priazniv\u00e1 , na mieste \u0161tartu sa zi\u0161la takmer stovka z\u00e1ujemcov, ktor\u00ed po \u00favodnom ofici\u00e1lnom zah\u00e1jen\u00ed nedo\u010dkavo vyrazili na trasu do vinohradov. Ako prv\u00fd na trase bol vinohrad Richarda Soj\u00e1ka. V\u00a0\u0148om \u010dakalo p\u00fatnikov mil\u00e9 prekvapenie v\u00a0podobe poh\u00e1rika dobr\u00e9ho v\u00ednka od p. Soj\u00e1ka. Tento sk\u00fasen\u00fd vinohradn\u00edk a\u00a0vin\u00e1r trpezlivo odpovedal na po\u010detn\u00e9 ot\u00e1zky p\u00fatnikov. M\u00e1lokto v\u0161ak pozn\u00e1, \u017ee v\u00a0tejto lokalite sa v\u00a0roku 2013 urodila tomuto vinohradn\u00edkovi\u00a0 odroda M\u00fcller Thurgau v\u00fdnimo\u010dnej kvality. Pr\u00e1ve z\u00a0tohto kvalitn\u00e9ho hrozna urobil Maty\u0161\u00e1k \u0161pi\u010dkov\u00e9 v\u00edno. Prestige M\u0171ller Thurgau 2013 porota na s\u00fa\u0165a\u017ei Bacchus v Madride ocenila najvy\u0161\u0161\u00edm hodnoten\u00edm \u2013 v\u00edno z\u00edskalo 96 bodov (zo 100-bodovej stupnice), \u010do sa zatia\u013e nepodarilo \u017eiadnemu slovensk\u00e9mu v\u00ednu na s\u00fa\u0165a\u017ei v zahrani\u010d\u00ed. V\u00a0na\u0161om regi\u00f3ne sa odd\u00e1vna dopestovalo kvalitn\u00e9 hrozno, ktor\u00e9 v\u0161ak skon\u010dilo ako surovina v\u00a0Modre a\u00a0Pezinku, kde z\u00a0neho vyrobili \u0161pi\u010dkov\u00e9 v\u00edna. Len m\u00e1lo sa vedelo o\u00a0tom, odkia\u013e poch\u00e1dza toto kvalitn\u00e9 hrozno. Dnes u\u017e vin\u00e1ri spravidla uv\u00e1dzaj\u00fa odkia\u013e poch\u00e1dza hrozno, z ktor\u00e9ho je vyroben\u00e9 ich v\u00edno.<\/p>\n<p><img fetchpriority=\"high\" decoding=\"async\" class=\"alignnone wp-image-4515\" src=\"http:\/\/klasterrr.sk\/wp-content\/uploads\/2017\/07\/Bez-n\u00e1zvu.png\" alt=\"\" width=\"1090\" height=\"808\" \/><\/p>\n<p>\u00da\u010dastn\u00edkov putovania v\u0161ak e\u0161te \u010dakalo viacero vinohradov na vyt\u00fd\u010denej trase a\u00a0tak pochod pokra\u010doval v\u00a0smere na \u0160ianec , okolo radarov do dru\u017estevn\u00fdch vinohradov. Nakr\u00e1tko sme vy\u0161li z vinohradov a trasa pochodu pokra\u010dovala cez Mlad\u00fd h\u00e1j a\u00a0Bo\u010dinu. Opustili sme vinohrady, ktor\u00e9 geograficky patria do \u0160intavskej pahorkatiny a\u00a0vst\u00fapili sme do vinohradov nach\u00e1dzaj\u00facich sa v\u00a0predhor\u00ed Pova\u017esk\u00e9ho Inovca. Medzi\u010dasom sa zlep\u0161ilo aj po\u010dasie, \u010do len umocnilo dobr\u00fa n\u00e1ladu p\u00fatnikov. Pa\u013eko Tutura trpezlivo vysvet\u013eoval fakty z\u00a0hist\u00f3rie tejto lokality ale z\u00e1rove\u0148 aj uk\u00e1zal spolup\u00fatnikom novo vysaden\u00fd vinohrad v\u00a0tejto lokalite. A\u00a0u\u017e sme sa bl\u00ed\u017eili k\u00a0vinohradom Ladislava \u010cern\u00e9ho, kde n\u00e1s \u010dakalo pr\u00edjemn\u00e9 ob\u010derstvenie v\u00a0podobe veltl\u00ednskeho zelen\u00e9ho a\u00a0zweigeltrebe. Kvalitn\u00e9 v\u00ednko e\u0161te viac umocnilo n\u00e1dhern\u00e9 v\u00fdh\u013eady na Hlohovec.<\/p>\n<p>Po kr\u00e1tkom zostupe sme sa dostali na Nov\u00fa \u0161tvr\u0165, kde n\u00e1s v\u00a0hostinci pod orechom \u010dakalo pr\u00edjemn\u00e9 prekvapenie\u00a0 v\u00a0podobe Ja\u0161terskej kapustnice. A\u00a0to u\u017e bol z\u00e1ver n\u00e1\u0161ho putovania po vinohradoch.<\/p>\n<p>Organiz\u00e1torov tohto podujatia pote\u0161ila skuto\u010dnos\u0165, \u017ee medzi \u00fa\u010dastn\u00edkmi bolo mnoho mlad\u00fdch \u013eud\u00ed, ktor\u00ed sa tu mali mo\u017enos\u0165 dozvedie\u0165 mnoho cenn\u00fdch inform\u00e1cii jednak z\u00a0hist\u00f3rie n\u00e1\u0161ho hlohoveck\u00e9ho regi\u00f3nu ako aj o\u00a0pestovan\u00ed v\u00ednnej r\u00e9vy a\u00a0v\u00fdrobe kvalitn\u00e9ho v\u00edna.<\/p>\n<p style=\"text-align: left;\">Z\u00e1vere\u010dn\u00e9 zhodnotenie \u00fa\u010dastn\u00edkmi bolo jednozna\u010dn\u00e9. Pr\u00eddeme aj na \u010fal\u0161ie ro\u010dn\u00edky tejto kr\u00e1snej akcie.<\/p>\n<p style=\"text-align: left;\">Ing. Jozef Kert\u00e9sz podpredseda Hlohoveck\u00e9ho cechu vin\u00e1rov<\/p>\n","protected":false},"excerpt":{"rendered":"<p>V\u00a0poslednom obdob\u00ed\u00a0 st\u00e1le viac a\u00a0viac rezonuje v\u00a0na\u0161ej spolo\u010dnosti\u00a0 ozna\u010denie \u201e Vin\u00e1ri s\u00fa zlatou ozdobou na\u0161ej krajiny\u201c. Na\u0161e v\u00edna by mali vysla\u0165 podnet k\u00a0tomu, aby sme viac zve\u013ea\u010fovali slovensk\u00e9 vinohradn\u00edcke \u00fazemie a\u00a0pri\u0165ahovali cudzincov a dom\u00e1cich na v\u00ednnu turistiku na Slovensko. A\u00a0to je pr\u00e1ve v\u00fdzva, ktor\u00e1 viedla Hlohoveck\u00fd cech vin\u00e1rov k\u00a0zorganizovaniu v\u00a0porad\u00ed u\u017e 4. ro\u010dn\u00edka akcie Jarn\u00e9 [&hellip;]<\/p>\n","protected":false},"author":7,"featured_media":4516,"comment_status":"closed","ping_status":"open","sticky":false,"template":"","format":"standard","meta":{"_acf_changed":false,"footnotes":""},"categories":[138,93,142],"tags":[],"class_list":["post-4514","post","type-post","status-publish","format-standard","has-post-thumbnail","hentry","category-cestovny-ruch-a-turizmus-aktuality","category-novinky","category-spolocenska-oblast"],"acf":[],"_links":{"self":[{"href":"https:\/\/d.r1.wbsprt.com\/krr.sk\/wp-json\/wp\/v2\/posts\/4514","targetHints":{"allow":["GET"]}}],"collection":[{"href":"https:\/\/d.r1.wbsprt.com\/krr.sk\/wp-json\/wp\/v2\/posts"}],"about":[{"href":"https:\/\/d.r1.wbsprt.com\/krr.sk\/wp-json\/wp\/v2\/types\/post"}],"author":[{"embeddable":true,"href":"https:\/\/d.r1.wbsprt.com\/krr.sk\/wp-json\/wp\/v2\/users\/7"}],"replies":[{"embeddable":true,"href":"https:\/\/d.r1.wbsprt.com\/krr.sk\/wp-json\/wp\/v2\/comments?post=4514"}],"version-history":[{"count":0,"href":"https:\/\/d.r1.wbsprt.com\/krr.sk\/wp-json\/wp\/v2\/posts\/4514\/revisions"}],"wp:featuredmedia":[{"embeddable":true,"href":"https:\/\/d.r1.wbsprt.com\/krr.sk\/wp-json\/wp\/v2\/media\/4516"}],"wp:attachment":[{"href":"https:\/\/d.r1.wbsprt.com\/krr.sk\/wp-json\/wp\/v2\/media?parent=4514"}],"wp:term":[{"taxonomy":"category","embeddable":true,"href":"https:\/\/d.r1.wbsprt.com\/krr.sk\/wp-json\/wp\/v2\/categories?post=4514"},{"taxonomy":"post_tag","embeddable":true,"href":"https:\/\/d.r1.wbsprt.com\/krr.sk\/wp-json\/wp\/v2\/tags?post=4514"}],"curies":[{"name":"wp","href":"https:\/\/api.w.org\/{rel}","templated":true}]}}