{"id":4187,"date":"2017-06-05T14:25:27","date_gmt":"2017-06-05T12:25:27","guid":{"rendered":"http:\/\/klasterrr.sk\/?p=4187"},"modified":"2021-05-19T18:10:10","modified_gmt":"2021-05-19T16:10:10","slug":"otvorenie-letnej-kupelnej-sezony-v-piestanoch","status":"publish","type":"post","link":"https:\/\/d.r1.wbsprt.com\/krr.sk\/otvorenie-letnej-kupelnej-sezony-v-piestanoch\/","title":{"rendered":"Otvorenie letnej k\u00fape\u013enej sez\u00f3ny v Pie\u0161\u0165anoch"},"content":{"rendered":"<p>\u010clen Klastra region\u00e1lneho rozvoja \u2013 z\u00e1padn\u00e9 Slovensko mesto Pie\u0161\u0165any pripravilo pre milovn\u00edkov tradi\u010dnej hudby, folk\u00f3ru a region\u00e1lnych produktov, ob\u013e\u00faben\u00e9 podujatie \u2013 Otvorenie letnej k\u00fape\u013enej sez\u00f3ny v\u00a0Pie\u0161\u0165anoch, ktor\u00e9 sa tento rok uskuto\u010dn\u00ed u\u017e 26-kr\u00e1t. Je to najv\u00fdznamnej\u0161ia udalos\u0165 kult\u00farneho \u017eivota Pie\u0161\u0165an, ktorou sa u\u017e od\u00a0roku 1992\u00a0ofici\u00e1lne zahajuje letn\u00e1 sez\u00f3na v meste.<\/p>\n<p>Podujatie malo bohat\u00fd program, n\u00e1v\u0161tevn\u00edci mohli vidie\u0165 hudobn\u00fd sprievod, ktor\u00fd za\u010d\u00ednal pred Kolon\u00e1dov\u00fdm mostom, dra\u010die lode medzi pie\u0161\u0165ansk\u00fdmi mostmi, prezent\u00e1ciu historick\u00fdch vozidiel pred Domom umenia, tane\u010dn\u00e9 vyst\u00fapenie \u017eiakov Z\u00e1kladnej umeleckej \u0161koly, \u010di mnoho st\u00e1nkov s\u00a0remeseln\u00fdmi produktmi od r\u00f4znych v\u00fdrobcov, ktor\u00e9 bolo mo\u017en\u00e9 si samozrejme aj k\u00fapi\u0165.<\/p>\n<p>Z\u00fa\u010dastnen\u00ed mali mo\u017enos\u0165 nav\u0161t\u00edvi\u0165 propaga\u010dn\u00fd st\u00e1nok Klastra region\u00e1lneho rozvoja \u2013 z\u00e1padn\u00e9 Slovensko (KRR), ktor\u00fd bol prioritne zameran\u00fd na t\u00e9mu vodn\u00fd potenci\u00e1l kraja a z\u00edska\u0165 v\u00a0\u0148om zauj\u00edmav\u00e9 inform\u00e1cie nielen o\u00a0vodn\u00fdch ploch\u00e1ch, wellness zariadeniach, aquaparkoch, z\u00e1\u017eitkovej turistike na vode, ale aj o historick\u00fdch, kult\u00farnych a\u00a0\u0161portov\u00fdch atraktivit\u00e1ch\u00a0kraja. Najv\u00e4\u010d\u0161\u00ed z\u00e1ujem bol najm\u00e4 o\u00a0cyklomapy a\u00a0turistick\u00e9 mapy, \u010di materi\u00e1ly propaguj\u00face mo\u017enosti tr\u00e1venia vo\u013en\u00e9ho \u010dasu v\u00a0Trnavskom kraji. Deti zas pote\u0161ili drobn\u00e9 propaga\u010dn\u00e9 predmety, ako napr\u00edklad bal\u00f3ny, l\u00edzanky, \u010di pexeso.<\/p>\n<p>KRR sa v\u00a0r\u00e1mci spolupr\u00e1ce sna\u017e\u00ed sie\u0165ovan\u00edm spropagova\u0165 v\u0161etk\u00fdch \u010dlenov, tak obce a\u00a0mest\u00e1, ako aj s\u00fakromn\u00e9 firmy a\u00a0prostredn\u00edctvom osobnej formy komunik\u00e1cie a prezent\u00e1cie pribl\u00ed\u017ei\u0165 ich \u010dinnos\u0165, ponuku a\u00a0zauj\u00edmav\u00e9 portf\u00f3lio n\u00e1v\u0161tevn\u00edkom jednotliv\u00fdch okresov kraja.<\/p>\n<p><em>\u201ePr\u00e1ve v\u00a0sie\u0165ovan\u00ed s\u00fakromn\u00e9ho, verejn\u00e9ho a\u00a0tretieho sektora vid\u00edme pr\u00edle\u017eitos\u0165, ako vieme efekt\u00edvne podpori\u0165 a\u00a0prepoji\u0165 propag\u00e1ciu \u010dlenov navz\u00e1jom, \u010do podobn\u00fdm sp\u00f4sobom nerob\u00ed u\u00a0n\u00e1s \u017eiadna organiz\u00e1cia.\u201c<\/em> Povedal v\u00fdkonn\u00fd riadite\u013e Klastra region\u00e1lneho rozvoja JUDr. Marek Turansk\u00fd MBA.<\/p>\n<p>KRR spolu so zakladaj\u00facim \u010dlenom Trnavsk\u00fdm samospr\u00e1vnym krajom pl\u00e1nuje podobne spropagova\u0165 v\u0161etk\u00fdch svojich \u010dlenov na desiatkach \u010fal\u0161\u00edch podujatiach v\u00a0tomto roku naprie\u010d cel\u00fdm krajom.<\/p>\n<div id='gallery-1' class='gallery galleryid-4187 gallery-columns-3 gallery-size-medium'><figure class='gallery-item'>\n\t\t\t<div class='gallery-icon landscape'>\n\t\t\t\t<a href='https:\/\/d.r1.wbsprt.com\/krr.sk\/otvorenie-lentej-kupelnej-sezony-piestany_3-6-1\/'><img fetchpriority=\"high\" decoding=\"async\" width=\"300\" height=\"197\" src=\"https:\/\/d.r1.wbsprt.com\/krr.sk\/wp-content\/uploads\/2017\/06\/Otvorenie-lentej-kupelnej-sezony-Piestany_3.6-1-1-300x197.jpg\" class=\"attachment-medium size-medium\" alt=\"\" srcset=\"https:\/\/d.r1.wbsprt.com\/krr.sk\/wp-content\/uploads\/2017\/06\/Otvorenie-lentej-kupelnej-sezony-Piestany_3.6-1-1-300x197.jpg 300w, https:\/\/d.r1.wbsprt.com\/krr.sk\/wp-content\/uploads\/2017\/06\/Otvorenie-lentej-kupelnej-sezony-Piestany_3.6-1-1-1024x672.jpg 1024w, https:\/\/d.r1.wbsprt.com\/krr.sk\/wp-content\/uploads\/2017\/06\/Otvorenie-lentej-kupelnej-sezony-Piestany_3.6-1-1-768x504.jpg 768w, https:\/\/d.r1.wbsprt.com\/krr.sk\/wp-content\/uploads\/2017\/06\/Otvorenie-lentej-kupelnej-sezony-Piestany_3.6-1-1-600x394.jpg 600w, https:\/\/d.r1.wbsprt.com\/krr.sk\/wp-content\/uploads\/2017\/06\/Otvorenie-lentej-kupelnej-sezony-Piestany_3.6-1-1.jpg 1200w\" sizes=\"(max-width: 300px) 100vw, 300px\" \/><\/a>\n\t\t\t<\/div><\/figure><figure class='gallery-item'>\n\t\t\t<div class='gallery-icon landscape'>\n\t\t\t\t<a href='https:\/\/d.r1.wbsprt.com\/krr.sk\/otvorenie-lentej-kupelnej-sezony-piestany_3-6-2\/'><img decoding=\"async\" width=\"300\" height=\"199\" src=\"https:\/\/d.r1.wbsprt.com\/krr.sk\/wp-content\/uploads\/2017\/06\/Otvorenie-lentej-kupelnej-sezony-Piestany_3.6-2-1-300x199.jpg\" class=\"attachment-medium size-medium\" alt=\"\" srcset=\"https:\/\/d.r1.wbsprt.com\/krr.sk\/wp-content\/uploads\/2017\/06\/Otvorenie-lentej-kupelnej-sezony-Piestany_3.6-2-1-300x199.jpg 300w, https:\/\/d.r1.wbsprt.com\/krr.sk\/wp-content\/uploads\/2017\/06\/Otvorenie-lentej-kupelnej-sezony-Piestany_3.6-2-1-1024x679.jpg 1024w, https:\/\/d.r1.wbsprt.com\/krr.sk\/wp-content\/uploads\/2017\/06\/Otvorenie-lentej-kupelnej-sezony-Piestany_3.6-2-1-768x509.jpg 768w, https:\/\/d.r1.wbsprt.com\/krr.sk\/wp-content\/uploads\/2017\/06\/Otvorenie-lentej-kupelnej-sezony-Piestany_3.6-2-1-391x260.jpg 391w, https:\/\/d.r1.wbsprt.com\/krr.sk\/wp-content\/uploads\/2017\/06\/Otvorenie-lentej-kupelnej-sezony-Piestany_3.6-2-1-600x398.jpg 600w, https:\/\/d.r1.wbsprt.com\/krr.sk\/wp-content\/uploads\/2017\/06\/Otvorenie-lentej-kupelnej-sezony-Piestany_3.6-2-1.jpg 1200w\" sizes=\"(max-width: 300px) 100vw, 300px\" \/><\/a>\n\t\t\t<\/div><\/figure><figure class='gallery-item'>\n\t\t\t<div class='gallery-icon landscape'>\n\t\t\t\t<a href='https:\/\/d.r1.wbsprt.com\/krr.sk\/otvorenie-lentej-kupelnej-sezony-piestany_3-6-3\/'><img decoding=\"async\" width=\"300\" height=\"200\" src=\"https:\/\/d.r1.wbsprt.com\/krr.sk\/wp-content\/uploads\/2017\/06\/Otvorenie-lentej-kupelnej-sezony-Piestany_3.6-3-1-300x200.jpg\" class=\"attachment-medium size-medium\" alt=\"\" srcset=\"https:\/\/d.r1.wbsprt.com\/krr.sk\/wp-content\/uploads\/2017\/06\/Otvorenie-lentej-kupelnej-sezony-Piestany_3.6-3-1-300x200.jpg 300w, https:\/\/d.r1.wbsprt.com\/krr.sk\/wp-content\/uploads\/2017\/06\/Otvorenie-lentej-kupelnej-sezony-Piestany_3.6-3-1-1024x683.jpg 1024w, https:\/\/d.r1.wbsprt.com\/krr.sk\/wp-content\/uploads\/2017\/06\/Otvorenie-lentej-kupelnej-sezony-Piestany_3.6-3-1-768x512.jpg 768w, https:\/\/d.r1.wbsprt.com\/krr.sk\/wp-content\/uploads\/2017\/06\/Otvorenie-lentej-kupelnej-sezony-Piestany_3.6-3-1-391x260.jpg 391w, https:\/\/d.r1.wbsprt.com\/krr.sk\/wp-content\/uploads\/2017\/06\/Otvorenie-lentej-kupelnej-sezony-Piestany_3.6-3-1-600x400.jpg 600w, https:\/\/d.r1.wbsprt.com\/krr.sk\/wp-content\/uploads\/2017\/06\/Otvorenie-lentej-kupelnej-sezony-Piestany_3.6-3-1.jpg 1200w\" sizes=\"(max-width: 300px) 100vw, 300px\" \/><\/a>\n\t\t\t<\/div><\/figure><figure class='gallery-item'>\n\t\t\t<div class='gallery-icon landscape'>\n\t\t\t\t<a href='https:\/\/d.r1.wbsprt.com\/krr.sk\/otvorenie-lentej-kupelnej-sezony-piestany_3-6-4\/'><img loading=\"lazy\" decoding=\"async\" width=\"300\" height=\"191\" src=\"https:\/\/d.r1.wbsprt.com\/krr.sk\/wp-content\/uploads\/2017\/06\/Otvorenie-lentej-kupelnej-sezony-Piestany_3.6-4-1-300x191.jpg\" class=\"attachment-medium size-medium\" alt=\"\" srcset=\"https:\/\/d.r1.wbsprt.com\/krr.sk\/wp-content\/uploads\/2017\/06\/Otvorenie-lentej-kupelnej-sezony-Piestany_3.6-4-1-300x191.jpg 300w, https:\/\/d.r1.wbsprt.com\/krr.sk\/wp-content\/uploads\/2017\/06\/Otvorenie-lentej-kupelnej-sezony-Piestany_3.6-4-1-1024x652.jpg 1024w, https:\/\/d.r1.wbsprt.com\/krr.sk\/wp-content\/uploads\/2017\/06\/Otvorenie-lentej-kupelnej-sezony-Piestany_3.6-4-1-768x489.jpg 768w, https:\/\/d.r1.wbsprt.com\/krr.sk\/wp-content\/uploads\/2017\/06\/Otvorenie-lentej-kupelnej-sezony-Piestany_3.6-4-1-600x382.jpg 600w, https:\/\/d.r1.wbsprt.com\/krr.sk\/wp-content\/uploads\/2017\/06\/Otvorenie-lentej-kupelnej-sezony-Piestany_3.6-4-1.jpg 1200w\" sizes=\"(max-width: 300px) 100vw, 300px\" \/><\/a>\n\t\t\t<\/div><\/figure><figure class='gallery-item'>\n\t\t\t<div class='gallery-icon landscape'>\n\t\t\t\t<a href='https:\/\/d.r1.wbsprt.com\/krr.sk\/otvorenie-lentej-kupelnej-sezony-piestany_3-6-5\/'><img loading=\"lazy\" decoding=\"async\" width=\"300\" height=\"205\" src=\"https:\/\/d.r1.wbsprt.com\/krr.sk\/wp-content\/uploads\/2017\/06\/Otvorenie-lentej-kupelnej-sezony-Piestany_3.6-5-1-300x205.jpg\" class=\"attachment-medium size-medium\" alt=\"\" srcset=\"https:\/\/d.r1.wbsprt.com\/krr.sk\/wp-content\/uploads\/2017\/06\/Otvorenie-lentej-kupelnej-sezony-Piestany_3.6-5-1-300x205.jpg 300w, https:\/\/d.r1.wbsprt.com\/krr.sk\/wp-content\/uploads\/2017\/06\/Otvorenie-lentej-kupelnej-sezony-Piestany_3.6-5-1-1024x698.jpg 1024w, https:\/\/d.r1.wbsprt.com\/krr.sk\/wp-content\/uploads\/2017\/06\/Otvorenie-lentej-kupelnej-sezony-Piestany_3.6-5-1-768x524.jpg 768w, https:\/\/d.r1.wbsprt.com\/krr.sk\/wp-content\/uploads\/2017\/06\/Otvorenie-lentej-kupelnej-sezony-Piestany_3.6-5-1-474x324.jpg 474w, https:\/\/d.r1.wbsprt.com\/krr.sk\/wp-content\/uploads\/2017\/06\/Otvorenie-lentej-kupelnej-sezony-Piestany_3.6-5-1-600x409.jpg 600w, https:\/\/d.r1.wbsprt.com\/krr.sk\/wp-content\/uploads\/2017\/06\/Otvorenie-lentej-kupelnej-sezony-Piestany_3.6-5-1.jpg 1200w\" sizes=\"(max-width: 300px) 100vw, 300px\" \/><\/a>\n\t\t\t<\/div><\/figure><figure class='gallery-item'>\n\t\t\t<div class='gallery-icon landscape'>\n\t\t\t\t<a href='https:\/\/d.r1.wbsprt.com\/krr.sk\/otvorenie-lentej-kupelnej-sezony-piestany_3-6-6\/'><img loading=\"lazy\" decoding=\"async\" width=\"300\" height=\"200\" src=\"https:\/\/d.r1.wbsprt.com\/krr.sk\/wp-content\/uploads\/2017\/06\/Otvorenie-lentej-kupelnej-sezony-Piestany_3.6-6-1-300x200.jpg\" class=\"attachment-medium size-medium\" alt=\"\" srcset=\"https:\/\/d.r1.wbsprt.com\/krr.sk\/wp-content\/uploads\/2017\/06\/Otvorenie-lentej-kupelnej-sezony-Piestany_3.6-6-1-300x200.jpg 300w, https:\/\/d.r1.wbsprt.com\/krr.sk\/wp-content\/uploads\/2017\/06\/Otvorenie-lentej-kupelnej-sezony-Piestany_3.6-6-1-1024x683.jpg 1024w, https:\/\/d.r1.wbsprt.com\/krr.sk\/wp-content\/uploads\/2017\/06\/Otvorenie-lentej-kupelnej-sezony-Piestany_3.6-6-1-768x512.jpg 768w, https:\/\/d.r1.wbsprt.com\/krr.sk\/wp-content\/uploads\/2017\/06\/Otvorenie-lentej-kupelnej-sezony-Piestany_3.6-6-1-391x260.jpg 391w, https:\/\/d.r1.wbsprt.com\/krr.sk\/wp-content\/uploads\/2017\/06\/Otvorenie-lentej-kupelnej-sezony-Piestany_3.6-6-1-600x400.jpg 600w, https:\/\/d.r1.wbsprt.com\/krr.sk\/wp-content\/uploads\/2017\/06\/Otvorenie-lentej-kupelnej-sezony-Piestany_3.6-6-1.jpg 1200w\" sizes=\"(max-width: 300px) 100vw, 300px\" \/><\/a>\n\t\t\t<\/div><\/figure><figure class='gallery-item'>\n\t\t\t<div class='gallery-icon landscape'>\n\t\t\t\t<a href='https:\/\/d.r1.wbsprt.com\/krr.sk\/otvorenie-lentej-kupelnej-sezony-piestany_3-6-7\/'><img loading=\"lazy\" decoding=\"async\" width=\"300\" height=\"200\" src=\"https:\/\/d.r1.wbsprt.com\/krr.sk\/wp-content\/uploads\/2017\/06\/Otvorenie-lentej-kupelnej-sezony-Piestany_3.6-7-1-300x200.jpg\" class=\"attachment-medium size-medium\" alt=\"\" srcset=\"https:\/\/d.r1.wbsprt.com\/krr.sk\/wp-content\/uploads\/2017\/06\/Otvorenie-lentej-kupelnej-sezony-Piestany_3.6-7-1-300x200.jpg 300w, https:\/\/d.r1.wbsprt.com\/krr.sk\/wp-content\/uploads\/2017\/06\/Otvorenie-lentej-kupelnej-sezony-Piestany_3.6-7-1-1024x683.jpg 1024w, https:\/\/d.r1.wbsprt.com\/krr.sk\/wp-content\/uploads\/2017\/06\/Otvorenie-lentej-kupelnej-sezony-Piestany_3.6-7-1-768x512.jpg 768w, https:\/\/d.r1.wbsprt.com\/krr.sk\/wp-content\/uploads\/2017\/06\/Otvorenie-lentej-kupelnej-sezony-Piestany_3.6-7-1-391x260.jpg 391w, https:\/\/d.r1.wbsprt.com\/krr.sk\/wp-content\/uploads\/2017\/06\/Otvorenie-lentej-kupelnej-sezony-Piestany_3.6-7-1-600x400.jpg 600w, https:\/\/d.r1.wbsprt.com\/krr.sk\/wp-content\/uploads\/2017\/06\/Otvorenie-lentej-kupelnej-sezony-Piestany_3.6-7-1.jpg 1200w\" sizes=\"(max-width: 300px) 100vw, 300px\" \/><\/a>\n\t\t\t<\/div><\/figure><figure class='gallery-item'>\n\t\t\t<div class='gallery-icon landscape'>\n\t\t\t\t<a href='https:\/\/d.r1.wbsprt.com\/krr.sk\/otvorenie-lentej-kupelnej-sezony-piestany_3-6-8\/'><img loading=\"lazy\" decoding=\"async\" width=\"300\" height=\"200\" src=\"https:\/\/d.r1.wbsprt.com\/krr.sk\/wp-content\/uploads\/2017\/06\/Otvorenie-lentej-kupelnej-sezony-Piestany_3.6-8-1-300x200.jpg\" class=\"attachment-medium size-medium\" alt=\"\" srcset=\"https:\/\/d.r1.wbsprt.com\/krr.sk\/wp-content\/uploads\/2017\/06\/Otvorenie-lentej-kupelnej-sezony-Piestany_3.6-8-1-300x200.jpg 300w, https:\/\/d.r1.wbsprt.com\/krr.sk\/wp-content\/uploads\/2017\/06\/Otvorenie-lentej-kupelnej-sezony-Piestany_3.6-8-1-1024x683.jpg 1024w, https:\/\/d.r1.wbsprt.com\/krr.sk\/wp-content\/uploads\/2017\/06\/Otvorenie-lentej-kupelnej-sezony-Piestany_3.6-8-1-768x512.jpg 768w, https:\/\/d.r1.wbsprt.com\/krr.sk\/wp-content\/uploads\/2017\/06\/Otvorenie-lentej-kupelnej-sezony-Piestany_3.6-8-1-391x260.jpg 391w, https:\/\/d.r1.wbsprt.com\/krr.sk\/wp-content\/uploads\/2017\/06\/Otvorenie-lentej-kupelnej-sezony-Piestany_3.6-8-1-600x400.jpg 600w, https:\/\/d.r1.wbsprt.com\/krr.sk\/wp-content\/uploads\/2017\/06\/Otvorenie-lentej-kupelnej-sezony-Piestany_3.6-8-1.jpg 1200w\" sizes=\"(max-width: 300px) 100vw, 300px\" \/><\/a>\n\t\t\t<\/div><\/figure><figure class='gallery-item'>\n\t\t\t<div class='gallery-icon landscape'>\n\t\t\t\t<a href='https:\/\/d.r1.wbsprt.com\/krr.sk\/otvorenie-lentej-kupelnej-sezony-piestany_3-6-9\/'><img loading=\"lazy\" decoding=\"async\" width=\"300\" height=\"200\" src=\"https:\/\/d.r1.wbsprt.com\/krr.sk\/wp-content\/uploads\/2017\/06\/Otvorenie-lentej-kupelnej-sezony-Piestany_3.6-9-1-300x200.jpg\" class=\"attachment-medium size-medium\" alt=\"\" srcset=\"https:\/\/d.r1.wbsprt.com\/krr.sk\/wp-content\/uploads\/2017\/06\/Otvorenie-lentej-kupelnej-sezony-Piestany_3.6-9-1-300x200.jpg 300w, https:\/\/d.r1.wbsprt.com\/krr.sk\/wp-content\/uploads\/2017\/06\/Otvorenie-lentej-kupelnej-sezony-Piestany_3.6-9-1-1024x683.jpg 1024w, https:\/\/d.r1.wbsprt.com\/krr.sk\/wp-content\/uploads\/2017\/06\/Otvorenie-lentej-kupelnej-sezony-Piestany_3.6-9-1-768x512.jpg 768w, https:\/\/d.r1.wbsprt.com\/krr.sk\/wp-content\/uploads\/2017\/06\/Otvorenie-lentej-kupelnej-sezony-Piestany_3.6-9-1-391x260.jpg 391w, https:\/\/d.r1.wbsprt.com\/krr.sk\/wp-content\/uploads\/2017\/06\/Otvorenie-lentej-kupelnej-sezony-Piestany_3.6-9-1-600x400.jpg 600w, https:\/\/d.r1.wbsprt.com\/krr.sk\/wp-content\/uploads\/2017\/06\/Otvorenie-lentej-kupelnej-sezony-Piestany_3.6-9-1.jpg 1200w\" sizes=\"(max-width: 300px) 100vw, 300px\" \/><\/a>\n\t\t\t<\/div><\/figure><figure class='gallery-item'>\n\t\t\t<div class='gallery-icon landscape'>\n\t\t\t\t<a href='https:\/\/d.r1.wbsprt.com\/krr.sk\/otvorenie-lentej-kupelnej-sezony-piestany_3-6-10\/'><img loading=\"lazy\" decoding=\"async\" width=\"300\" height=\"200\" src=\"https:\/\/d.r1.wbsprt.com\/krr.sk\/wp-content\/uploads\/2017\/06\/Otvorenie-lentej-kupelnej-sezony-Piestany_3.6-10-1-300x200.jpg\" class=\"attachment-medium size-medium\" alt=\"\" srcset=\"https:\/\/d.r1.wbsprt.com\/krr.sk\/wp-content\/uploads\/2017\/06\/Otvorenie-lentej-kupelnej-sezony-Piestany_3.6-10-1-300x200.jpg 300w, https:\/\/d.r1.wbsprt.com\/krr.sk\/wp-content\/uploads\/2017\/06\/Otvorenie-lentej-kupelnej-sezony-Piestany_3.6-10-1-1024x683.jpg 1024w, https:\/\/d.r1.wbsprt.com\/krr.sk\/wp-content\/uploads\/2017\/06\/Otvorenie-lentej-kupelnej-sezony-Piestany_3.6-10-1-768x512.jpg 768w, https:\/\/d.r1.wbsprt.com\/krr.sk\/wp-content\/uploads\/2017\/06\/Otvorenie-lentej-kupelnej-sezony-Piestany_3.6-10-1-391x260.jpg 391w, https:\/\/d.r1.wbsprt.com\/krr.sk\/wp-content\/uploads\/2017\/06\/Otvorenie-lentej-kupelnej-sezony-Piestany_3.6-10-1-600x400.jpg 600w, https:\/\/d.r1.wbsprt.com\/krr.sk\/wp-content\/uploads\/2017\/06\/Otvorenie-lentej-kupelnej-sezony-Piestany_3.6-10-1.jpg 1200w\" sizes=\"(max-width: 300px) 100vw, 300px\" \/><\/a>\n\t\t\t<\/div><\/figure><figure class='gallery-item'>\n\t\t\t<div class='gallery-icon landscape'>\n\t\t\t\t<a href='https:\/\/d.r1.wbsprt.com\/krr.sk\/otvorenie-lentej-kupelnej-sezony-piestany_3-6-11\/'><img loading=\"lazy\" decoding=\"async\" width=\"300\" height=\"200\" src=\"https:\/\/d.r1.wbsprt.com\/krr.sk\/wp-content\/uploads\/2017\/06\/Otvorenie-lentej-kupelnej-sezony-Piestany_3.6-11-1-300x200.jpg\" class=\"attachment-medium size-medium\" alt=\"\" srcset=\"https:\/\/d.r1.wbsprt.com\/krr.sk\/wp-content\/uploads\/2017\/06\/Otvorenie-lentej-kupelnej-sezony-Piestany_3.6-11-1-300x200.jpg 300w, https:\/\/d.r1.wbsprt.com\/krr.sk\/wp-content\/uploads\/2017\/06\/Otvorenie-lentej-kupelnej-sezony-Piestany_3.6-11-1-1024x683.jpg 1024w, https:\/\/d.r1.wbsprt.com\/krr.sk\/wp-content\/uploads\/2017\/06\/Otvorenie-lentej-kupelnej-sezony-Piestany_3.6-11-1-768x512.jpg 768w, https:\/\/d.r1.wbsprt.com\/krr.sk\/wp-content\/uploads\/2017\/06\/Otvorenie-lentej-kupelnej-sezony-Piestany_3.6-11-1-391x260.jpg 391w, https:\/\/d.r1.wbsprt.com\/krr.sk\/wp-content\/uploads\/2017\/06\/Otvorenie-lentej-kupelnej-sezony-Piestany_3.6-11-1-600x400.jpg 600w, https:\/\/d.r1.wbsprt.com\/krr.sk\/wp-content\/uploads\/2017\/06\/Otvorenie-lentej-kupelnej-sezony-Piestany_3.6-11-1.jpg 1200w\" sizes=\"(max-width: 300px) 100vw, 300px\" \/><\/a>\n\t\t\t<\/div><\/figure><figure class='gallery-item'>\n\t\t\t<div class='gallery-icon landscape'>\n\t\t\t\t<a href='https:\/\/d.r1.wbsprt.com\/krr.sk\/otvorenie-lentej-kupelnej-sezony-piestany_3-6-12\/'><img loading=\"lazy\" decoding=\"async\" width=\"300\" height=\"198\" src=\"https:\/\/d.r1.wbsprt.com\/krr.sk\/wp-content\/uploads\/2017\/06\/Otvorenie-lentej-kupelnej-sezony-Piestany_3.6-12-1-300x198.jpg\" class=\"attachment-medium size-medium\" alt=\"\" srcset=\"https:\/\/d.r1.wbsprt.com\/krr.sk\/wp-content\/uploads\/2017\/06\/Otvorenie-lentej-kupelnej-sezony-Piestany_3.6-12-1-300x198.jpg 300w, https:\/\/d.r1.wbsprt.com\/krr.sk\/wp-content\/uploads\/2017\/06\/Otvorenie-lentej-kupelnej-sezony-Piestany_3.6-12-1-1024x677.jpg 1024w, https:\/\/d.r1.wbsprt.com\/krr.sk\/wp-content\/uploads\/2017\/06\/Otvorenie-lentej-kupelnej-sezony-Piestany_3.6-12-1-768x508.jpg 768w, https:\/\/d.r1.wbsprt.com\/krr.sk\/wp-content\/uploads\/2017\/06\/Otvorenie-lentej-kupelnej-sezony-Piestany_3.6-12-1-391x260.jpg 391w, https:\/\/d.r1.wbsprt.com\/krr.sk\/wp-content\/uploads\/2017\/06\/Otvorenie-lentej-kupelnej-sezony-Piestany_3.6-12-1-600x397.jpg 600w, https:\/\/d.r1.wbsprt.com\/krr.sk\/wp-content\/uploads\/2017\/06\/Otvorenie-lentej-kupelnej-sezony-Piestany_3.6-12-1.jpg 1200w\" sizes=\"(max-width: 300px) 100vw, 300px\" \/><\/a>\n\t\t\t<\/div><\/figure><figure class='gallery-item'>\n\t\t\t<div class='gallery-icon landscape'>\n\t\t\t\t<a href='https:\/\/d.r1.wbsprt.com\/krr.sk\/otvorenie-lentej-kupelnej-sezony-piestany_3-6-13\/'><img loading=\"lazy\" decoding=\"async\" width=\"300\" height=\"200\" src=\"https:\/\/d.r1.wbsprt.com\/krr.sk\/wp-content\/uploads\/2017\/06\/Otvorenie-lentej-kupelnej-sezony-Piestany_3.6-13-1-300x200.jpg\" class=\"attachment-medium size-medium\" alt=\"\" srcset=\"https:\/\/d.r1.wbsprt.com\/krr.sk\/wp-content\/uploads\/2017\/06\/Otvorenie-lentej-kupelnej-sezony-Piestany_3.6-13-1-300x200.jpg 300w, https:\/\/d.r1.wbsprt.com\/krr.sk\/wp-content\/uploads\/2017\/06\/Otvorenie-lentej-kupelnej-sezony-Piestany_3.6-13-1-1024x683.jpg 1024w, https:\/\/d.r1.wbsprt.com\/krr.sk\/wp-content\/uploads\/2017\/06\/Otvorenie-lentej-kupelnej-sezony-Piestany_3.6-13-1-768x512.jpg 768w, https:\/\/d.r1.wbsprt.com\/krr.sk\/wp-content\/uploads\/2017\/06\/Otvorenie-lentej-kupelnej-sezony-Piestany_3.6-13-1-391x260.jpg 391w, https:\/\/d.r1.wbsprt.com\/krr.sk\/wp-content\/uploads\/2017\/06\/Otvorenie-lentej-kupelnej-sezony-Piestany_3.6-13-1-600x400.jpg 600w, https:\/\/d.r1.wbsprt.com\/krr.sk\/wp-content\/uploads\/2017\/06\/Otvorenie-lentej-kupelnej-sezony-Piestany_3.6-13-1.jpg 1200w\" sizes=\"(max-width: 300px) 100vw, 300px\" \/><\/a>\n\t\t\t<\/div><\/figure><figure class='gallery-item'>\n\t\t\t<div class='gallery-icon landscape'>\n\t\t\t\t<a href='https:\/\/d.r1.wbsprt.com\/krr.sk\/otvorenie-lentej-kupelnej-sezony-piestany_3-6-14\/'><img loading=\"lazy\" decoding=\"async\" width=\"300\" height=\"200\" src=\"https:\/\/d.r1.wbsprt.com\/krr.sk\/wp-content\/uploads\/2017\/06\/Otvorenie-lentej-kupelnej-sezony-Piestany_3.6-14-1-300x200.jpg\" class=\"attachment-medium size-medium\" alt=\"\" srcset=\"https:\/\/d.r1.wbsprt.com\/krr.sk\/wp-content\/uploads\/2017\/06\/Otvorenie-lentej-kupelnej-sezony-Piestany_3.6-14-1-300x200.jpg 300w, https:\/\/d.r1.wbsprt.com\/krr.sk\/wp-content\/uploads\/2017\/06\/Otvorenie-lentej-kupelnej-sezony-Piestany_3.6-14-1-1024x683.jpg 1024w, https:\/\/d.r1.wbsprt.com\/krr.sk\/wp-content\/uploads\/2017\/06\/Otvorenie-lentej-kupelnej-sezony-Piestany_3.6-14-1-768x512.jpg 768w, https:\/\/d.r1.wbsprt.com\/krr.sk\/wp-content\/uploads\/2017\/06\/Otvorenie-lentej-kupelnej-sezony-Piestany_3.6-14-1-391x260.jpg 391w, https:\/\/d.r1.wbsprt.com\/krr.sk\/wp-content\/uploads\/2017\/06\/Otvorenie-lentej-kupelnej-sezony-Piestany_3.6-14-1-600x400.jpg 600w, https:\/\/d.r1.wbsprt.com\/krr.sk\/wp-content\/uploads\/2017\/06\/Otvorenie-lentej-kupelnej-sezony-Piestany_3.6-14-1.jpg 1200w\" sizes=\"(max-width: 300px) 100vw, 300px\" \/><\/a>\n\t\t\t<\/div><\/figure><figure class='gallery-item'>\n\t\t\t<div class='gallery-icon landscape'>\n\t\t\t\t<a href='https:\/\/d.r1.wbsprt.com\/krr.sk\/otvorenie-lentej-kupelnej-sezony-piestany_3-6-15\/'><img loading=\"lazy\" decoding=\"async\" width=\"300\" height=\"200\" src=\"https:\/\/d.r1.wbsprt.com\/krr.sk\/wp-content\/uploads\/2017\/06\/Otvorenie-lentej-kupelnej-sezony-Piestany_3.6-15-1-300x200.jpg\" class=\"attachment-medium size-medium\" alt=\"\" srcset=\"https:\/\/d.r1.wbsprt.com\/krr.sk\/wp-content\/uploads\/2017\/06\/Otvorenie-lentej-kupelnej-sezony-Piestany_3.6-15-1-300x200.jpg 300w, https:\/\/d.r1.wbsprt.com\/krr.sk\/wp-content\/uploads\/2017\/06\/Otvorenie-lentej-kupelnej-sezony-Piestany_3.6-15-1-1024x683.jpg 1024w, https:\/\/d.r1.wbsprt.com\/krr.sk\/wp-content\/uploads\/2017\/06\/Otvorenie-lentej-kupelnej-sezony-Piestany_3.6-15-1-768x512.jpg 768w, https:\/\/d.r1.wbsprt.com\/krr.sk\/wp-content\/uploads\/2017\/06\/Otvorenie-lentej-kupelnej-sezony-Piestany_3.6-15-1-391x260.jpg 391w, https:\/\/d.r1.wbsprt.com\/krr.sk\/wp-content\/uploads\/2017\/06\/Otvorenie-lentej-kupelnej-sezony-Piestany_3.6-15-1-600x400.jpg 600w, https:\/\/d.r1.wbsprt.com\/krr.sk\/wp-content\/uploads\/2017\/06\/Otvorenie-lentej-kupelnej-sezony-Piestany_3.6-15-1.jpg 1200w\" sizes=\"(max-width: 300px) 100vw, 300px\" \/><\/a>\n\t\t\t<\/div><\/figure><figure class='gallery-item'>\n\t\t\t<div class='gallery-icon landscape'>\n\t\t\t\t<a href='https:\/\/d.r1.wbsprt.com\/krr.sk\/otvorenie-lentej-kupelnej-sezony-piestany_3-6-17\/'><img loading=\"lazy\" decoding=\"async\" width=\"300\" height=\"200\" src=\"https:\/\/d.r1.wbsprt.com\/krr.sk\/wp-content\/uploads\/2017\/06\/Otvorenie-lentej-kupelnej-sezony-Piestany_3.6-17-1-300x200.jpg\" class=\"attachment-medium size-medium\" alt=\"\" srcset=\"https:\/\/d.r1.wbsprt.com\/krr.sk\/wp-content\/uploads\/2017\/06\/Otvorenie-lentej-kupelnej-sezony-Piestany_3.6-17-1-300x200.jpg 300w, https:\/\/d.r1.wbsprt.com\/krr.sk\/wp-content\/uploads\/2017\/06\/Otvorenie-lentej-kupelnej-sezony-Piestany_3.6-17-1-1024x683.jpg 1024w, https:\/\/d.r1.wbsprt.com\/krr.sk\/wp-content\/uploads\/2017\/06\/Otvorenie-lentej-kupelnej-sezony-Piestany_3.6-17-1-768x512.jpg 768w, https:\/\/d.r1.wbsprt.com\/krr.sk\/wp-content\/uploads\/2017\/06\/Otvorenie-lentej-kupelnej-sezony-Piestany_3.6-17-1-391x260.jpg 391w, https:\/\/d.r1.wbsprt.com\/krr.sk\/wp-content\/uploads\/2017\/06\/Otvorenie-lentej-kupelnej-sezony-Piestany_3.6-17-1-600x400.jpg 600w, https:\/\/d.r1.wbsprt.com\/krr.sk\/wp-content\/uploads\/2017\/06\/Otvorenie-lentej-kupelnej-sezony-Piestany_3.6-17-1.jpg 1200w\" sizes=\"(max-width: 300px) 100vw, 300px\" \/><\/a>\n\t\t\t<\/div><\/figure><figure class='gallery-item'>\n\t\t\t<div class='gallery-icon landscape'>\n\t\t\t\t<a href='https:\/\/d.r1.wbsprt.com\/krr.sk\/otvorenie-lentej-kupelnej-sezony-piestany_3-6-18\/'><img loading=\"lazy\" decoding=\"async\" width=\"300\" height=\"200\" src=\"https:\/\/d.r1.wbsprt.com\/krr.sk\/wp-content\/uploads\/2017\/06\/Otvorenie-lentej-kupelnej-sezony-Piestany_3.6-18-1-300x200.jpg\" class=\"attachment-medium size-medium\" alt=\"\" srcset=\"https:\/\/d.r1.wbsprt.com\/krr.sk\/wp-content\/uploads\/2017\/06\/Otvorenie-lentej-kupelnej-sezony-Piestany_3.6-18-1-300x200.jpg 300w, https:\/\/d.r1.wbsprt.com\/krr.sk\/wp-content\/uploads\/2017\/06\/Otvorenie-lentej-kupelnej-sezony-Piestany_3.6-18-1-1024x683.jpg 1024w, https:\/\/d.r1.wbsprt.com\/krr.sk\/wp-content\/uploads\/2017\/06\/Otvorenie-lentej-kupelnej-sezony-Piestany_3.6-18-1-768x512.jpg 768w, https:\/\/d.r1.wbsprt.com\/krr.sk\/wp-content\/uploads\/2017\/06\/Otvorenie-lentej-kupelnej-sezony-Piestany_3.6-18-1-391x260.jpg 391w, https:\/\/d.r1.wbsprt.com\/krr.sk\/wp-content\/uploads\/2017\/06\/Otvorenie-lentej-kupelnej-sezony-Piestany_3.6-18-1-600x400.jpg 600w, https:\/\/d.r1.wbsprt.com\/krr.sk\/wp-content\/uploads\/2017\/06\/Otvorenie-lentej-kupelnej-sezony-Piestany_3.6-18-1.jpg 1200w\" sizes=\"(max-width: 300px) 100vw, 300px\" \/><\/a>\n\t\t\t<\/div><\/figure><figure class='gallery-item'>\n\t\t\t<div class='gallery-icon landscape'>\n\t\t\t\t<a href='https:\/\/d.r1.wbsprt.com\/krr.sk\/otvorenie-lentej-kupelnej-sezony-piestany_3-6-19\/'><img loading=\"lazy\" decoding=\"async\" width=\"300\" height=\"200\" src=\"https:\/\/d.r1.wbsprt.com\/krr.sk\/wp-content\/uploads\/2017\/06\/Otvorenie-lentej-kupelnej-sezony-Piestany_3.6-19-1-300x200.jpg\" class=\"attachment-medium size-medium\" alt=\"\" srcset=\"https:\/\/d.r1.wbsprt.com\/krr.sk\/wp-content\/uploads\/2017\/06\/Otvorenie-lentej-kupelnej-sezony-Piestany_3.6-19-1-300x200.jpg 300w, https:\/\/d.r1.wbsprt.com\/krr.sk\/wp-content\/uploads\/2017\/06\/Otvorenie-lentej-kupelnej-sezony-Piestany_3.6-19-1-1024x683.jpg 1024w, https:\/\/d.r1.wbsprt.com\/krr.sk\/wp-content\/uploads\/2017\/06\/Otvorenie-lentej-kupelnej-sezony-Piestany_3.6-19-1-768x512.jpg 768w, https:\/\/d.r1.wbsprt.com\/krr.sk\/wp-content\/uploads\/2017\/06\/Otvorenie-lentej-kupelnej-sezony-Piestany_3.6-19-1-391x260.jpg 391w, https:\/\/d.r1.wbsprt.com\/krr.sk\/wp-content\/uploads\/2017\/06\/Otvorenie-lentej-kupelnej-sezony-Piestany_3.6-19-1-600x400.jpg 600w, https:\/\/d.r1.wbsprt.com\/krr.sk\/wp-content\/uploads\/2017\/06\/Otvorenie-lentej-kupelnej-sezony-Piestany_3.6-19-1.jpg 1200w\" sizes=\"(max-width: 300px) 100vw, 300px\" \/><\/a>\n\t\t\t<\/div><\/figure><figure class='gallery-item'>\n\t\t\t<div class='gallery-icon landscape'>\n\t\t\t\t<a href='https:\/\/d.r1.wbsprt.com\/krr.sk\/otvorenie-lentej-kupelnej-sezony-piestany_3-6-20\/'><img loading=\"lazy\" decoding=\"async\" width=\"300\" height=\"200\" src=\"https:\/\/d.r1.wbsprt.com\/krr.sk\/wp-content\/uploads\/2017\/06\/Otvorenie-lentej-kupelnej-sezony-Piestany_3.6-20-1-300x200.jpg\" class=\"attachment-medium size-medium\" alt=\"\" srcset=\"https:\/\/d.r1.wbsprt.com\/krr.sk\/wp-content\/uploads\/2017\/06\/Otvorenie-lentej-kupelnej-sezony-Piestany_3.6-20-1-300x200.jpg 300w, https:\/\/d.r1.wbsprt.com\/krr.sk\/wp-content\/uploads\/2017\/06\/Otvorenie-lentej-kupelnej-sezony-Piestany_3.6-20-1-1024x683.jpg 1024w, https:\/\/d.r1.wbsprt.com\/krr.sk\/wp-content\/uploads\/2017\/06\/Otvorenie-lentej-kupelnej-sezony-Piestany_3.6-20-1-768x512.jpg 768w, https:\/\/d.r1.wbsprt.com\/krr.sk\/wp-content\/uploads\/2017\/06\/Otvorenie-lentej-kupelnej-sezony-Piestany_3.6-20-1-391x260.jpg 391w, https:\/\/d.r1.wbsprt.com\/krr.sk\/wp-content\/uploads\/2017\/06\/Otvorenie-lentej-kupelnej-sezony-Piestany_3.6-20-1-600x400.jpg 600w, https:\/\/d.r1.wbsprt.com\/krr.sk\/wp-content\/uploads\/2017\/06\/Otvorenie-lentej-kupelnej-sezony-Piestany_3.6-20-1.jpg 1200w\" sizes=\"(max-width: 300px) 100vw, 300px\" \/><\/a>\n\t\t\t<\/div><\/figure><figure class='gallery-item'>\n\t\t\t<div class='gallery-icon landscape'>\n\t\t\t\t<a href='https:\/\/d.r1.wbsprt.com\/krr.sk\/otvorenie-lentej-kupelnej-sezony-piestany_3-6-21\/'><img loading=\"lazy\" decoding=\"async\" width=\"300\" height=\"188\" src=\"https:\/\/d.r1.wbsprt.com\/krr.sk\/wp-content\/uploads\/2017\/06\/Otvorenie-lentej-kupelnej-sezony-Piestany_3.6-21-1-300x188.jpg\" class=\"attachment-medium size-medium\" alt=\"\" srcset=\"https:\/\/d.r1.wbsprt.com\/krr.sk\/wp-content\/uploads\/2017\/06\/Otvorenie-lentej-kupelnej-sezony-Piestany_3.6-21-1-300x188.jpg 300w, https:\/\/d.r1.wbsprt.com\/krr.sk\/wp-content\/uploads\/2017\/06\/Otvorenie-lentej-kupelnej-sezony-Piestany_3.6-21-1-1024x641.jpg 1024w, https:\/\/d.r1.wbsprt.com\/krr.sk\/wp-content\/uploads\/2017\/06\/Otvorenie-lentej-kupelnej-sezony-Piestany_3.6-21-1-768x481.jpg 768w, https:\/\/d.r1.wbsprt.com\/krr.sk\/wp-content\/uploads\/2017\/06\/Otvorenie-lentej-kupelnej-sezony-Piestany_3.6-21-1-600x376.jpg 600w, https:\/\/d.r1.wbsprt.com\/krr.sk\/wp-content\/uploads\/2017\/06\/Otvorenie-lentej-kupelnej-sezony-Piestany_3.6-21-1.jpg 1200w\" sizes=\"(max-width: 300px) 100vw, 300px\" \/><\/a>\n\t\t\t<\/div><\/figure>\n\t\t<\/div>\n\n","protected":false},"excerpt":{"rendered":"<p>\u010clen Klastra region\u00e1lneho rozvoja \u2013 z\u00e1padn\u00e9 Slovensko mesto Pie\u0161\u0165any pripravilo pre milovn\u00edkov tradi\u010dnej hudby, folk\u00f3ru a region\u00e1lnych produktov, ob\u013e\u00faben\u00e9 podujatie \u2013 Otvorenie letnej k\u00fape\u013enej sez\u00f3ny v\u00a0Pie\u0161\u0165anoch, ktor\u00e9 sa tento rok uskuto\u010dn\u00ed u\u017e 26-kr\u00e1t. Je to najv\u00fdznamnej\u0161ia udalos\u0165 kult\u00farneho \u017eivota Pie\u0161\u0165an, ktorou sa u\u017e od\u00a0roku 1992\u00a0ofici\u00e1lne zahajuje letn\u00e1 sez\u00f3na v meste. Podujatie malo bohat\u00fd program, n\u00e1v\u0161tevn\u00edci [&hellip;]<\/p>\n","protected":false},"author":7,"featured_media":4193,"comment_status":"closed","ping_status":"open","sticky":false,"template":"","format":"standard","meta":{"_acf_changed":false,"footnotes":""},"categories":[138,93,142],"tags":[],"class_list":["post-4187","post","type-post","status-publish","format-standard","has-post-thumbnail","hentry","category-cestovny-ruch-a-turizmus-aktuality","category-novinky","category-spolocenska-oblast"],"acf":[],"_links":{"self":[{"href":"https:\/\/d.r1.wbsprt.com\/krr.sk\/wp-json\/wp\/v2\/posts\/4187","targetHints":{"allow":["GET"]}}],"collection":[{"href":"https:\/\/d.r1.wbsprt.com\/krr.sk\/wp-json\/wp\/v2\/posts"}],"about":[{"href":"https:\/\/d.r1.wbsprt.com\/krr.sk\/wp-json\/wp\/v2\/types\/post"}],"author":[{"embeddable":true,"href":"https:\/\/d.r1.wbsprt.com\/krr.sk\/wp-json\/wp\/v2\/users\/7"}],"replies":[{"embeddable":true,"href":"https:\/\/d.r1.wbsprt.com\/krr.sk\/wp-json\/wp\/v2\/comments?post=4187"}],"version-history":[{"count":0,"href":"https:\/\/d.r1.wbsprt.com\/krr.sk\/wp-json\/wp\/v2\/posts\/4187\/revisions"}],"wp:featuredmedia":[{"embeddable":true,"href":"https:\/\/d.r1.wbsprt.com\/krr.sk\/wp-json\/wp\/v2\/media\/4193"}],"wp:attachment":[{"href":"https:\/\/d.r1.wbsprt.com\/krr.sk\/wp-json\/wp\/v2\/media?parent=4187"}],"wp:term":[{"taxonomy":"category","embeddable":true,"href":"https:\/\/d.r1.wbsprt.com\/krr.sk\/wp-json\/wp\/v2\/categories?post=4187"},{"taxonomy":"post_tag","embeddable":true,"href":"https:\/\/d.r1.wbsprt.com\/krr.sk\/wp-json\/wp\/v2\/tags?post=4187"}],"curies":[{"name":"wp","href":"https:\/\/api.w.org\/{rel}","templated":true}]}}