{"id":3075,"date":"2016-12-21T10:02:03","date_gmt":"2016-12-21T08:02:03","guid":{"rendered":"http:\/\/klasterrr.sk\/?p=3075"},"modified":"2021-05-19T18:03:25","modified_gmt":"2021-05-19T16:03:25","slug":"vianocne-trhy-st-polten","status":"publish","type":"post","link":"https:\/\/d.r1.wbsprt.com\/krr.sk\/vianocne-trhy-st-polten\/","title":{"rendered":"Viano\u010dn\u00e9 trhy St. P\u00f6lten"},"content":{"rendered":"<p>Trnavsk\u00fd samospr\u00e1vny kraj v\u00a0spolupr\u00e1ci s\u00a0Klastrom region\u00e1lneho rozvoja \u2013 z\u00e1padn\u00e9 Slovensko d\u0148a 19.12. 2016 propagoval v\u00a0r\u00e1mci cestovn\u00e9ho ruchu t\u00e9mu region\u00e1lne produkty na Viano\u010dn\u00fdch trhoch rak\u00faskeho mesta St. P\u00f6lten. \u00da\u010das\u0165 na trhoch sa uskuto\u010dnila aj v\u010faka \u00faspe\u0161nej spolupr\u00e1ci, v\u010faka ktorej bol 4.11. 2016 mestu darovan\u00fd Viano\u010dn\u00fd strom a\u00a0n\u00e1sledne 25.11. 2016 v\u00a0centre mesta St. P\u00f6lten sl\u00e1vnostne rozsvieten\u00fd.<\/p>\n<p>Propag\u00e1cia bola zabezpe\u010den\u00e1 v st\u00e1nku, v\u00a0ktorom svoje rezb\u00e1rske v\u00fdrobky prezentoval aj rezb\u00e1r z\u00a0Tren\u010dianskeho kraja p\u00e1n Michal Barta. V\u0161etky jeho v\u00fdrobky bolo mo\u017en\u00e9 si zak\u00fapi\u0165 aj priamo na mieste.<\/p>\n<div id='gallery-1' class='gallery galleryid-3075 gallery-columns-3 gallery-size-medium'><figure class='gallery-item'>\n\t\t\t<div class='gallery-icon landscape'>\n\t\t\t\t<a href='https:\/\/d.r1.wbsprt.com\/krr.sk\/dsc_0194-2\/'><img fetchpriority=\"high\" decoding=\"async\" width=\"300\" height=\"196\" src=\"https:\/\/d.r1.wbsprt.com\/krr.sk\/wp-content\/uploads\/2016\/12\/DSC_0194-2-300x196.jpg\" class=\"attachment-medium size-medium\" alt=\"\" srcset=\"https:\/\/d.r1.wbsprt.com\/krr.sk\/wp-content\/uploads\/2016\/12\/DSC_0194-2-300x196.jpg 300w, https:\/\/d.r1.wbsprt.com\/krr.sk\/wp-content\/uploads\/2016\/12\/DSC_0194-2-1024x670.jpg 1024w, https:\/\/d.r1.wbsprt.com\/krr.sk\/wp-content\/uploads\/2016\/12\/DSC_0194-2-768x502.jpg 768w, https:\/\/d.r1.wbsprt.com\/krr.sk\/wp-content\/uploads\/2016\/12\/DSC_0194-2-600x393.jpg 600w, https:\/\/d.r1.wbsprt.com\/krr.sk\/wp-content\/uploads\/2016\/12\/DSC_0194-2.jpg 1200w\" sizes=\"(max-width: 300px) 100vw, 300px\" \/><\/a>\n\t\t\t<\/div><\/figure><figure class='gallery-item'>\n\t\t\t<div class='gallery-icon landscape'>\n\t\t\t\t<a href='https:\/\/d.r1.wbsprt.com\/krr.sk\/dsc_0200\/'><img decoding=\"async\" width=\"300\" height=\"195\" src=\"https:\/\/d.r1.wbsprt.com\/krr.sk\/wp-content\/uploads\/2016\/12\/DSC_0200-2-300x195.jpg\" class=\"attachment-medium size-medium\" alt=\"\" srcset=\"https:\/\/d.r1.wbsprt.com\/krr.sk\/wp-content\/uploads\/2016\/12\/DSC_0200-2-300x195.jpg 300w, https:\/\/d.r1.wbsprt.com\/krr.sk\/wp-content\/uploads\/2016\/12\/DSC_0200-2-1024x666.jpg 1024w, https:\/\/d.r1.wbsprt.com\/krr.sk\/wp-content\/uploads\/2016\/12\/DSC_0200-2-768x499.jpg 768w, https:\/\/d.r1.wbsprt.com\/krr.sk\/wp-content\/uploads\/2016\/12\/DSC_0200-2-600x390.jpg 600w, https:\/\/d.r1.wbsprt.com\/krr.sk\/wp-content\/uploads\/2016\/12\/DSC_0200-2.jpg 1200w\" sizes=\"(max-width: 300px) 100vw, 300px\" \/><\/a>\n\t\t\t<\/div><\/figure><figure class='gallery-item'>\n\t\t\t<div class='gallery-icon landscape'>\n\t\t\t\t<a href='https:\/\/d.r1.wbsprt.com\/krr.sk\/dsc_0205\/'><img decoding=\"async\" width=\"300\" height=\"200\" src=\"https:\/\/d.r1.wbsprt.com\/krr.sk\/wp-content\/uploads\/2016\/12\/DSC_0205-2-300x200.jpg\" class=\"attachment-medium size-medium\" alt=\"\" srcset=\"https:\/\/d.r1.wbsprt.com\/krr.sk\/wp-content\/uploads\/2016\/12\/DSC_0205-2-300x200.jpg 300w, https:\/\/d.r1.wbsprt.com\/krr.sk\/wp-content\/uploads\/2016\/12\/DSC_0205-2-1024x683.jpg 1024w, https:\/\/d.r1.wbsprt.com\/krr.sk\/wp-content\/uploads\/2016\/12\/DSC_0205-2-768x512.jpg 768w, https:\/\/d.r1.wbsprt.com\/krr.sk\/wp-content\/uploads\/2016\/12\/DSC_0205-2-391x260.jpg 391w, https:\/\/d.r1.wbsprt.com\/krr.sk\/wp-content\/uploads\/2016\/12\/DSC_0205-2-600x400.jpg 600w, https:\/\/d.r1.wbsprt.com\/krr.sk\/wp-content\/uploads\/2016\/12\/DSC_0205-2.jpg 1200w\" sizes=\"(max-width: 300px) 100vw, 300px\" \/><\/a>\n\t\t\t<\/div><\/figure><figure class='gallery-item'>\n\t\t\t<div class='gallery-icon landscape'>\n\t\t\t\t<a href='https:\/\/d.r1.wbsprt.com\/krr.sk\/dsc_0218\/'><img loading=\"lazy\" decoding=\"async\" width=\"300\" height=\"200\" src=\"https:\/\/d.r1.wbsprt.com\/krr.sk\/wp-content\/uploads\/2016\/12\/DSC_0218-1-300x200.jpg\" class=\"attachment-medium size-medium\" alt=\"\" srcset=\"https:\/\/d.r1.wbsprt.com\/krr.sk\/wp-content\/uploads\/2016\/12\/DSC_0218-1-300x200.jpg 300w, https:\/\/d.r1.wbsprt.com\/krr.sk\/wp-content\/uploads\/2016\/12\/DSC_0218-1-768x512.jpg 768w, https:\/\/d.r1.wbsprt.com\/krr.sk\/wp-content\/uploads\/2016\/12\/DSC_0218-1-391x260.jpg 391w, https:\/\/d.r1.wbsprt.com\/krr.sk\/wp-content\/uploads\/2016\/12\/DSC_0218-1-600x400.jpg 600w, https:\/\/d.r1.wbsprt.com\/krr.sk\/wp-content\/uploads\/2016\/12\/DSC_0218-1.jpg 800w\" sizes=\"(max-width: 300px) 100vw, 300px\" \/><\/a>\n\t\t\t<\/div><\/figure><figure class='gallery-item'>\n\t\t\t<div class='gallery-icon landscape'>\n\t\t\t\t<a href='https:\/\/d.r1.wbsprt.com\/krr.sk\/dsc_0235\/'><img loading=\"lazy\" decoding=\"async\" width=\"300\" height=\"198\" src=\"https:\/\/d.r1.wbsprt.com\/krr.sk\/wp-content\/uploads\/2016\/12\/DSC_0235-1-300x198.jpg\" class=\"attachment-medium size-medium\" alt=\"\" srcset=\"https:\/\/d.r1.wbsprt.com\/krr.sk\/wp-content\/uploads\/2016\/12\/DSC_0235-1-300x198.jpg 300w, https:\/\/d.r1.wbsprt.com\/krr.sk\/wp-content\/uploads\/2016\/12\/DSC_0235-1-768x506.jpg 768w, https:\/\/d.r1.wbsprt.com\/krr.sk\/wp-content\/uploads\/2016\/12\/DSC_0235-1-391x260.jpg 391w, https:\/\/d.r1.wbsprt.com\/krr.sk\/wp-content\/uploads\/2016\/12\/DSC_0235-1-600x395.jpg 600w, https:\/\/d.r1.wbsprt.com\/krr.sk\/wp-content\/uploads\/2016\/12\/DSC_0235-1.jpg 800w\" sizes=\"(max-width: 300px) 100vw, 300px\" \/><\/a>\n\t\t\t<\/div><\/figure>\n\t\t<\/div>\n\n","protected":false},"excerpt":{"rendered":"<p>Trnavsk\u00fd samospr\u00e1vny kraj v\u00a0spolupr\u00e1ci s\u00a0Klastrom region\u00e1lneho rozvoja \u2013 z\u00e1padn\u00e9 Slovensko d\u0148a 19.12. 2016 propagoval v\u00a0r\u00e1mci cestovn\u00e9ho ruchu t\u00e9mu region\u00e1lne produkty na Viano\u010dn\u00fdch trhoch rak\u00faskeho mesta St. P\u00f6lten. \u00da\u010das\u0165 na trhoch sa uskuto\u010dnila aj v\u010faka \u00faspe\u0161nej spolupr\u00e1ci, v\u010faka ktorej bol 4.11. 2016 mestu darovan\u00fd Viano\u010dn\u00fd strom a\u00a0n\u00e1sledne 25.11. 2016 v\u00a0centre mesta St. P\u00f6lten sl\u00e1vnostne rozsvieten\u00fd. Propag\u00e1cia [&hellip;]<\/p>\n","protected":false},"author":7,"featured_media":3081,"comment_status":"closed","ping_status":"open","sticky":false,"template":"","format":"standard","meta":{"_acf_changed":false,"footnotes":""},"categories":[138,93,142],"tags":[],"class_list":["post-3075","post","type-post","status-publish","format-standard","has-post-thumbnail","hentry","category-cestovny-ruch-a-turizmus-aktuality","category-novinky","category-spolocenska-oblast"],"acf":[],"_links":{"self":[{"href":"https:\/\/d.r1.wbsprt.com\/krr.sk\/wp-json\/wp\/v2\/posts\/3075","targetHints":{"allow":["GET"]}}],"collection":[{"href":"https:\/\/d.r1.wbsprt.com\/krr.sk\/wp-json\/wp\/v2\/posts"}],"about":[{"href":"https:\/\/d.r1.wbsprt.com\/krr.sk\/wp-json\/wp\/v2\/types\/post"}],"author":[{"embeddable":true,"href":"https:\/\/d.r1.wbsprt.com\/krr.sk\/wp-json\/wp\/v2\/users\/7"}],"replies":[{"embeddable":true,"href":"https:\/\/d.r1.wbsprt.com\/krr.sk\/wp-json\/wp\/v2\/comments?post=3075"}],"version-history":[{"count":0,"href":"https:\/\/d.r1.wbsprt.com\/krr.sk\/wp-json\/wp\/v2\/posts\/3075\/revisions"}],"wp:featuredmedia":[{"embeddable":true,"href":"https:\/\/d.r1.wbsprt.com\/krr.sk\/wp-json\/wp\/v2\/media\/3081"}],"wp:attachment":[{"href":"https:\/\/d.r1.wbsprt.com\/krr.sk\/wp-json\/wp\/v2\/media?parent=3075"}],"wp:term":[{"taxonomy":"category","embeddable":true,"href":"https:\/\/d.r1.wbsprt.com\/krr.sk\/wp-json\/wp\/v2\/categories?post=3075"},{"taxonomy":"post_tag","embeddable":true,"href":"https:\/\/d.r1.wbsprt.com\/krr.sk\/wp-json\/wp\/v2\/tags?post=3075"}],"curies":[{"name":"wp","href":"https:\/\/api.w.org\/{rel}","templated":true}]}}