{"id":3067,"date":"2016-12-21T09:52:41","date_gmt":"2016-12-21T07:52:41","guid":{"rendered":"http:\/\/klasterrr.sk\/?p=3067"},"modified":"2021-05-19T18:03:40","modified_gmt":"2021-05-19T16:03:40","slug":"podujatie-pozehnanie-mladych-vin-hlohovecky-cech-vinarov","status":"publish","type":"post","link":"https:\/\/d.r1.wbsprt.com\/krr.sk\/podujatie-pozehnanie-mladych-vin-hlohovecky-cech-vinarov\/","title":{"rendered":"Podujatie Po\u017eehnanie mlad\u00fdch v\u00edn &#8211; Hlohoveck\u00fd Cech vin\u00e1rov"},"content":{"rendered":"<p style=\"text-align: justify;\">\u010clen Klastra region\u00e1lneho rozvoja \u2013 z\u00e1padn\u00e9 Slovensko Hlohoveck\u00fd cech vin\u00e1rov usporiadal d\u0148a 25. novembra 2016 v\u00a0porad\u00ed u\u017e 6. ro\u010dn\u00edk akcie <strong>\u201e Po\u017eehnanie mlad\u00fdch v\u00edn\u201c.<\/strong> Podujatie konalo vo vieche Ja\u0161ter na Starej hore v\u00a0Hlohovci s viac ne\u017e 80 vzorkami mlad\u00fdch v\u00edn. Nemal\u00fa z\u00e1sluhu na zalo\u017een\u00ed trad\u00edcie Po\u017eehnania mlad\u00fdch v\u00edn v\u00a0na\u0161om regi\u00f3ne m\u00e1 aj p\u00e1n Branislav Ded zo spolo\u010dnosti Food Farm Hlohovec, ktor\u00fd si aj tento rok nenechal ujs\u0165 pr\u00edle\u017eitos\u0165 by\u0165 pri tom.<\/p>\n<p style=\"text-align: justify;\">Ofici\u00e1lne zah\u00e1jenie akcie Po\u017eehnanie mlad\u00fdch v\u00edn uskuto\u010dnil predseda Hlohoveck\u00e9ho cechu vin\u00e1rov Pavol Tutura. Potom vyst\u00fapil Mgr. Jozef Urminsk\u00fd, riadite\u013e vlastivedn\u00e9ho m\u00fazea v\u00a0Hlohovci a\u00a0\u010dlen cechu vin\u00e1rov. N\u00e1sledne sa ujal slova p\u00e1n dekan Jasen\u00e1k z\u00a0mestskej farnosti v\u00a0Hlohovci. P\u00e1n dekan pozdravil pr\u00edtomn\u00fdch \u00fa\u010dastn\u00edkov a\u00a0 n\u00e1sledne prikro\u010dil k\u00a0ofici\u00e1lnemu aktu po\u017eehnania mlad\u00fdch v\u00edn.<\/p>\n<p style=\"text-align: justify;\">\u00a0Po tomto ofici\u00e1lnom zah\u00e1jen\u00ed za\u010dali pr\u00edtomn\u00ed milovn\u00edci v\u00ednnej kult\u00fary s\u00a0degust\u00e1ciou vystaven\u00fdch vzoriek v\u00edn a\u00a0bolo naozaj \u010do ochutn\u00e1va\u0165. K\u00a0dobrej n\u00e1lade prispela aj harmonika a\u00a0spev Roba \u0160alera , hudobn\u00e1 produkcia Stana Repku a\u00a0folkl\u00f3rna skupina \u0160ulekov\u010dan. Ke\u010f k\u00a0tomu prid\u00e1me tradi\u010dne dobr\u00e9 jedlo vo vieche Ja\u0161ter\u00a0, nemo\u017eno sa \u010dudova\u0165, \u017ee \u013eudia odch\u00e1dzali z\u00a0Ja\u0161tera spokojn\u00ed a\u00a0v\u00a0povznesenej n\u00e1lade. Te\u0161\u00edme sa na \u010fal\u0161\u00ed, v\u00a0porad\u00ed u\u017e 7. ro\u010dn\u00edk tohto vydaren\u00e9ho podujatia.<\/p>\n<p><strong>Ako vznik\u00e1 mlad\u00e9 v\u00edno<\/strong><\/p>\n<p>Akon\u00e1hle sa do sudov dostane hroznov\u00fd mu\u0161t z\u00a0novej \u00farody, \u010dakaj\u00fa vin\u00e1ri netrpezlivo na bur\u010diak. Jeho ochutn\u00e1vanie je dom\u00e9nou predov\u0161etk\u00fdm na Slovensku ale aj v\u00a0\u010cesku (na ju\u017enej Morave). Po bur\u010diaku sa potom vin\u00e1ri te\u0161ia na to nov\u00e9, mlad\u00e9 v\u00edno. Mlad\u00e9 v\u00edna b\u00fdvaj\u00fa predzves\u0165ou kvality nadch\u00e1dzaj\u00faceho ro\u010dn\u00edka \u2013 s\u00fa to prv\u00e9 v\u00edna, ktor\u00e9 vznikaj\u00fa v\u00a0danom vin\u00e1rstve. Za mlad\u00e9 v\u00edno je tie\u017e ozna\u010dovan\u00fd produkt, ktor\u00e9ho vek neprekro\u010dil jeden rok, doporu\u010duje sa v\u0161ak skonzumova\u0165 ho do pol roku od d\u00e1tumu plnenia. Mlad\u00e9 v\u00edna s\u00fa bohat\u00e9 na antioxidanty.<\/p>\n<p><strong>Hist\u00f3ria podujatia<\/strong><\/p>\n<p>Trad\u00edcia jeho ochutn\u00e1vania spad\u00e1 do doby, kedy feud\u00e1li a\u00a0cirkev vlastnili vinice a\u00a0naj\u00edmali si na obdobie jedn\u00e9ho roku pred\u00e1kov, ktor\u00ed sa potom o\u00a0vinicu starali. A\u00a0pr\u00e1ve na <strong>sv. Katar\u00ednu<\/strong> (na ju\u017enej Morave to bolo na sv. Martina) b\u00fdvala t\u00e1to slu\u017eba ukon\u010dovan\u00e1, vyhodnocovan\u00e1 a\u00a0pr\u00edpadne predl\u017eovan\u00e1 na \u010fal\u0161\u00ed rok. \u010casto si na t\u00fato po\u010des\u0165 prip\u00edjali pr\u00e1ve mlad\u00fdm v\u00ednom. Tieto v\u00edna neboli e\u0161te celkom \u010d\u00edre, mohli by\u0165 i\u00a0\u013eahko perliv\u00e9, ale zato boli svie\u017ee a\u00a0ovocn\u00e9.<\/p>\n<p><strong>Ako chut\u00ed mlad\u00e9 v\u00edno ?<\/strong><\/p>\n<p>Ka\u017ed\u00e9 inak! Ka\u017ed\u00e9 m\u00e1 nie\u010do svoje, nie\u010do iskriv\u00e9 a zauj\u00edmav\u00e9. Spolo\u010dne ich sp\u00e1ja \u013eahkos\u0165, svie\u017eos\u0165 a ovocn\u00e9 t\u00f3ny v chuti i v\u00f4ni. N\u00e1jdeme stovky odtie\u0148ov. Intenzita farby b\u00fdva u mlad\u00fdch v\u00edn v\u00e4\u010d\u0161inou o jeden level ni\u017e\u0161ia. \u0160k\u00e1la farieb je u \u010derven\u00fdch v\u00edn \u0161ir\u0161ia. V\u00edno je na za\u010diatku svojej cesty, preto je treba mu da\u0165 \u010das dozrie\u0165 a uk\u00e1za\u0165 kvality. Franc\u00fazi maj\u00fa svoje Beujolois a my m\u00e1me na\u0161e dobr\u00e9 \u00a0sv\u00e4tokatar\u00ednske.<\/p>\n<div id='gallery-1' class='gallery galleryid-3067 gallery-columns-3 gallery-size-medium'><figure class='gallery-item'>\n\t\t\t<div class='gallery-icon portrait'>\n\t\t\t\t<a href='https:\/\/d.r1.wbsprt.com\/krr.sk\/erb_cech-male\/'><img decoding=\"async\" width=\"120\" height=\"146\" src=\"https:\/\/d.r1.wbsprt.com\/krr.sk\/wp-content\/uploads\/2016\/12\/ERB_CECH-male.png\" class=\"attachment-medium size-medium\" alt=\"\" aria-describedby=\"gallery-1-3070\" \/><\/a>\n\t\t\t<\/div>\n\t\t\t\t<figcaption class='wp-caption-text gallery-caption' id='gallery-1-3070'>\n\t\t\t\tErb Hlohoveck\u00e9ho cechu vin\u00e1rov\n\t\t\t\t<\/figcaption><\/figure>\n\t\t<\/div>\n\n","protected":false},"excerpt":{"rendered":"<p>\u010clen Klastra region\u00e1lneho rozvoja \u2013 z\u00e1padn\u00e9 Slovensko Hlohoveck\u00fd cech vin\u00e1rov usporiadal d\u0148a 25. novembra 2016 v\u00a0porad\u00ed u\u017e 6. ro\u010dn\u00edk akcie \u201e Po\u017eehnanie mlad\u00fdch v\u00edn\u201c. Podujatie konalo vo vieche Ja\u0161ter na Starej hore v\u00a0Hlohovci s viac ne\u017e 80 vzorkami mlad\u00fdch v\u00edn. Nemal\u00fa z\u00e1sluhu na zalo\u017een\u00ed trad\u00edcie Po\u017eehnania mlad\u00fdch v\u00edn v\u00a0na\u0161om regi\u00f3ne m\u00e1 aj p\u00e1n Branislav Ded [&hellip;]<\/p>\n","protected":false},"author":7,"featured_media":3071,"comment_status":"closed","ping_status":"open","sticky":false,"template":"","format":"standard","meta":{"_acf_changed":false,"footnotes":""},"categories":[93],"tags":[],"class_list":["post-3067","post","type-post","status-publish","format-standard","has-post-thumbnail","hentry","category-novinky"],"acf":[],"_links":{"self":[{"href":"https:\/\/d.r1.wbsprt.com\/krr.sk\/wp-json\/wp\/v2\/posts\/3067","targetHints":{"allow":["GET"]}}],"collection":[{"href":"https:\/\/d.r1.wbsprt.com\/krr.sk\/wp-json\/wp\/v2\/posts"}],"about":[{"href":"https:\/\/d.r1.wbsprt.com\/krr.sk\/wp-json\/wp\/v2\/types\/post"}],"author":[{"embeddable":true,"href":"https:\/\/d.r1.wbsprt.com\/krr.sk\/wp-json\/wp\/v2\/users\/7"}],"replies":[{"embeddable":true,"href":"https:\/\/d.r1.wbsprt.com\/krr.sk\/wp-json\/wp\/v2\/comments?post=3067"}],"version-history":[{"count":0,"href":"https:\/\/d.r1.wbsprt.com\/krr.sk\/wp-json\/wp\/v2\/posts\/3067\/revisions"}],"wp:featuredmedia":[{"embeddable":true,"href":"https:\/\/d.r1.wbsprt.com\/krr.sk\/wp-json\/wp\/v2\/media\/3071"}],"wp:attachment":[{"href":"https:\/\/d.r1.wbsprt.com\/krr.sk\/wp-json\/wp\/v2\/media?parent=3067"}],"wp:term":[{"taxonomy":"category","embeddable":true,"href":"https:\/\/d.r1.wbsprt.com\/krr.sk\/wp-json\/wp\/v2\/categories?post=3067"},{"taxonomy":"post_tag","embeddable":true,"href":"https:\/\/d.r1.wbsprt.com\/krr.sk\/wp-json\/wp\/v2\/tags?post=3067"}],"curies":[{"name":"wp","href":"https:\/\/api.w.org\/{rel}","templated":true}]}}