{"id":1630,"date":"2016-06-08T09:03:21","date_gmt":"2016-06-08T07:03:21","guid":{"rendered":"http:\/\/klasterrr.sk\/?p=1630"},"modified":"2016-10-18T10:18:42","modified_gmt":"2016-10-18T08:18:42","slug":"automotive-slovakiaring-2016","status":"publish","type":"post","link":"https:\/\/d.r1.wbsprt.com\/krr.sk\/automotive-slovakiaring-2016\/","title":{"rendered":"Automotive Slovakiaring 2016"},"content":{"rendered":"<p style=\"text-align: justify;\"><strong>Klaster cestovn\u00e9ho ruchu \u2013 z\u00e1padn\u00e9 Slovensko ako hlavn\u00fd partner spolu s \u00a0Automobilov\u00fdm klastrom Slovensko a Slovak Business Agency organizoval d\u0148a 7. j\u00fana 2016 1. ro\u010dn\u00edk medzin\u00e1rodn\u00e9ho koopera\u010dn\u00e9ho podujatie Automotive Slovakiaring 2016. Spolupr\u00e1ca medzi oboma klastrami, ktor\u00fdch zakladaj\u00facim \u010dlenom je Trnavsk\u00fd samospr\u00e1vny kraj, je \u017eelan\u00fdm v\u00fdsledkom kooper\u00e1cie verejnej spr\u00e1vy a\u00a0podnikate\u013esk\u00fdch subjektov.<\/strong><\/p>\n<p style=\"text-align: justify;\">Podujatie organizovan\u00e9 v r\u00e1mci konferencie zameranej na automobilov\u00fd priemysel bolo ur\u010den\u00e9 pre organiz\u00e1cie a spolo\u010dnosti p\u00f4sobiace v\u00a0automobilovom a\u00a0stroj\u00e1rskom priemysle v\u00a0konferen\u010dn\u00fdch priestoroch are\u00e1lu autodromu Slovakia ring \u00a0v\u00a0Orechovej Pot\u00f4ni, ktor\u00fd je od roku 2015 \u010dlenom Klastra cestovn\u00e9ho ruchu\u00a0 &#8211; z\u00e1padn\u00e9 Slovensko. Unik\u00e1tny are\u00e1l ako jedin\u00fd na Slovensku pon\u00faka mo\u017enosti pre profesion\u00e1lnych ako aj amat\u00e9rskych jazdcov automobilov alebo motocyklov.<\/p>\n<p style=\"text-align: justify;\">\u00da\u010dastn\u00edci podujatia mali mo\u017enos\u0165 vies\u0165 obchodn\u00e9 rokovania so z\u00e1stupcami zahrani\u010dn\u00fdch spolo\u010dnost\u00ed z\u00a0Ruska, Po\u013eska, \u010ceska, Chorv\u00e1tska a\u00a0tie\u017e Talianska, ktor\u00e9 sa zauj\u00edmaj\u00fa o nadviazanie obchodnej spolupr\u00e1ce so slovensk\u00fdmi subjektami. \u00a0Po\u010det \u00fa\u010dastn\u00edkov \u00a064 zo 6 kraj\u00edn vr\u00e1tane SR potvrdzuje z\u00e1ujem o\u00a0bilater\u00e1rne rokovania pre n\u00e1jdenie spolo\u010dn\u00fdch prienikov prepojenia.<\/p>\n<p style=\"text-align: justify;\"><strong>Atrakt\u00edvny sprievodn\u00fd program a\u00a0profesion\u00e1lna organiz\u00e1cia vr\u00e1tane cateringu prispeli k\u00a0pozit\u00edvnej atmosf\u00e9re pre kreat\u00edvne n\u00e1pady a\u00a0formy kooper\u00e1cie medzi z\u00fa\u010dastnen\u00fdmi firmami.<\/strong><\/p>\n<div id='gallery-1' class='gallery galleryid-1630 gallery-columns-4 gallery-size-thumbnail'><figure class='gallery-item'>\n\t\t\t<div class='gallery-icon landscape'>\n\t\t\t\t<a href='https:\/\/d.r1.wbsprt.com\/krr.sk\/dsc01361\/'><img decoding=\"async\" width=\"120\" height=\"90\" src=\"https:\/\/d.r1.wbsprt.com\/krr.sk\/wp-content\/uploads\/2016\/07\/DSC01361-1-120x90.jpg\" class=\"attachment-thumbnail size-thumbnail\" alt=\"\" \/><\/a>\n\t\t\t<\/div><\/figure><figure class='gallery-item'>\n\t\t\t<div class='gallery-icon landscape'>\n\t\t\t\t<a href='https:\/\/d.r1.wbsprt.com\/krr.sk\/dsc01380\/'><img decoding=\"async\" width=\"120\" height=\"90\" src=\"https:\/\/d.r1.wbsprt.com\/krr.sk\/wp-content\/uploads\/2016\/07\/DSC01380-1-120x90.jpg\" class=\"attachment-thumbnail size-thumbnail\" alt=\"\" \/><\/a>\n\t\t\t<\/div><\/figure><figure class='gallery-item'>\n\t\t\t<div class='gallery-icon landscape'>\n\t\t\t\t<a href='https:\/\/d.r1.wbsprt.com\/krr.sk\/dsc01379\/'><img decoding=\"async\" width=\"120\" height=\"90\" src=\"https:\/\/d.r1.wbsprt.com\/krr.sk\/wp-content\/uploads\/2016\/07\/DSC01379-1-120x90.jpg\" class=\"attachment-thumbnail size-thumbnail\" alt=\"\" \/><\/a>\n\t\t\t<\/div><\/figure>\n\t\t<\/div>\n\n","protected":false},"excerpt":{"rendered":"<p>Klaster cestovn\u00e9ho ruchu \u2013 z\u00e1padn\u00e9 Slovensko ako hlavn\u00fd partner spolu s \u00a0Automobilov\u00fdm klastrom Slovensko a Slovak Business Agency organizoval d\u0148a 7. j\u00fana 2016 1. ro\u010dn\u00edk medzin\u00e1rodn\u00e9ho koopera\u010dn\u00e9ho podujatie Automotive Slovakiaring 2016. Spolupr\u00e1ca medzi oboma klastrami, ktor\u00fdch zakladaj\u00facim \u010dlenom je Trnavsk\u00fd samospr\u00e1vny kraj, je \u017eelan\u00fdm v\u00fdsledkom kooper\u00e1cie verejnej spr\u00e1vy a\u00a0podnikate\u013esk\u00fdch subjektov. Podujatie organizovan\u00e9 v r\u00e1mci konferencie [&hellip;]<\/p>\n","protected":false},"author":5,"featured_media":1633,"comment_status":"closed","ping_status":"open","sticky":false,"template":"","format":"standard","meta":{"_acf_changed":false,"footnotes":""},"categories":[78,80],"tags":[],"class_list":["post-1630","post","type-post","status-publish","format-standard","has-post-thumbnail","hentry","category-klaster","category-vsetky-clanky"],"acf":[],"_links":{"self":[{"href":"https:\/\/d.r1.wbsprt.com\/krr.sk\/wp-json\/wp\/v2\/posts\/1630","targetHints":{"allow":["GET"]}}],"collection":[{"href":"https:\/\/d.r1.wbsprt.com\/krr.sk\/wp-json\/wp\/v2\/posts"}],"about":[{"href":"https:\/\/d.r1.wbsprt.com\/krr.sk\/wp-json\/wp\/v2\/types\/post"}],"author":[{"embeddable":true,"href":"https:\/\/d.r1.wbsprt.com\/krr.sk\/wp-json\/wp\/v2\/users\/5"}],"replies":[{"embeddable":true,"href":"https:\/\/d.r1.wbsprt.com\/krr.sk\/wp-json\/wp\/v2\/comments?post=1630"}],"version-history":[{"count":0,"href":"https:\/\/d.r1.wbsprt.com\/krr.sk\/wp-json\/wp\/v2\/posts\/1630\/revisions"}],"wp:featuredmedia":[{"embeddable":true,"href":"https:\/\/d.r1.wbsprt.com\/krr.sk\/wp-json\/wp\/v2\/media\/1633"}],"wp:attachment":[{"href":"https:\/\/d.r1.wbsprt.com\/krr.sk\/wp-json\/wp\/v2\/media?parent=1630"}],"wp:term":[{"taxonomy":"category","embeddable":true,"href":"https:\/\/d.r1.wbsprt.com\/krr.sk\/wp-json\/wp\/v2\/categories?post=1630"},{"taxonomy":"post_tag","embeddable":true,"href":"https:\/\/d.r1.wbsprt.com\/krr.sk\/wp-json\/wp\/v2\/tags?post=1630"}],"curies":[{"name":"wp","href":"https:\/\/api.w.org\/{rel}","templated":true}]}}