{"id":1623,"date":"2016-06-05T08:57:57","date_gmt":"2016-06-05T06:57:57","guid":{"rendered":"http:\/\/klasterrr.sk\/?p=1623"},"modified":"2016-10-18T10:15:35","modified_gmt":"2016-10-18T08:15:35","slug":"festival-europskeho-priatelstva-v-cilistove","status":"publish","type":"post","link":"https:\/\/d.r1.wbsprt.com\/krr.sk\/festival-europskeho-priatelstva-v-cilistove\/","title":{"rendered":"Festival eur\u00f3pskeho priate\u013estva v \u010cilistove"},"content":{"rendered":"<p style=\"text-align: justify;\"><strong>4. j\u00fana 2016 \u00a0sa uskuto\u010dnil<\/strong> <strong>6. ro\u010dn\u00edk Folkl\u00f3rneho festivalu eur\u00f3pskeho priate\u013estva a otvorenie letnej sez\u00f3ny v\u00a0parku Hotela Kormor\u00e1n v \u0160amor\u00edne \u2013 \u010cilisto<\/strong><strong>ve.<\/strong> Prezent\u00e1cia klastra a\u00a0jeho \u010dlenov bola s\u00fa\u010das\u0165ou <strong>tohto programu.<\/strong><\/p>\n<p style=\"text-align: justify;\">Rodiny s\u00a0de\u0165mi sa pri n\u00e1s zastavovali ka\u017ed\u00fa vo\u013en\u00fa chv\u00ed\u013eku, hlavne ke\u010f sme rozd\u00e1vali ma\u013eov\u00e1nky pre deti alebo pr\u00edvesky na k\u013e\u00fa\u010de so \u201esvetielkami\u201c. Rodi\u010dia vyu\u017eili \u010das a\u00a0informovali sa o\u00a0podujatiach v\u00a0Galante, o\u00a0otvoren\u00ed letnej k\u00fape\u013enej sez\u00f3ny v\u00a0Pie\u0161\u0165anoch alebo o\u00a0z\u00e1\u017eitku na pivnom festivale v\u00a0Prievaloch.<\/p>\n<p style=\"text-align: justify;\"><strong>Na tomto medzin\u00e1rodnom podujat\u00ed sa predstavilo 10 detsk\u00fdch \u013eudov\u00fdch s\u00faborov zo Slovenska, \u010ceska, Ma\u010farska, Chorv\u00e1tska aj Bulharska.<\/strong><\/p>\n<p style=\"text-align: justify;\"><strong>Obdivovatelia \u013eudov\u00fdch remesiel tu na\u0161li ru\u010dne vyr\u00e1ban\u00e9 dreven\u00e9 hra\u010dky, medovn\u00edky, obrazy ma\u013eovan\u00e9 na sklo, drot\u00e1rske v\u00fdrobky a\u00a0\u0161perky, v\u00fdrobky z\u00a0dreva.\u00a0 \u00a0<\/strong><\/p>\n<p style=\"text-align: justify;\"><strong>Od 16:00 hodine <\/strong><strong>\u201e\u0161tartovala\u201c <\/strong>z\u00a0Pr\u00edstavu Kormor\u00e1n <strong>lo\u010f Ondava<\/strong> dlh\u00e1 cca 47 metrov s\u00a0kapacitou 80 os\u00f4b\u00a0 <strong>\u00a0<\/strong>po druhej najv\u00e4\u010d\u0161ej rieke v\u00a0Eur\u00f3pe, Dunaji <strong>ako sprievodn\u00fd gr\u00e1tis program pre t\u00fdch, ktor\u00ed\u00a0 nev\u00e1hali nast\u00fapi\u0165 a vysk\u00fa\u0161a\u0165 plavbu lo\u010fou <\/strong>a\u00a0u\u017ei\u0165 si pr\u00edjemn\u00fd vetr\u00edk na palube, ke\u010f\u017ee slnie\u010dko doprialo naozaj tepl\u00e9 po\u010dasie<strong>. <\/strong><strong>\u00a0\u00a0Ako BONUS usporiadatelia zabezpe\u010dili bezplatn\u00fa kyvadlov\u00fa dopravu formou vl\u00e1\u010dika smerom z\u00a0mesta a\u017e do hotela a\u00a0nasp\u00e4\u0165. <\/strong><\/p>\n<p style=\"text-align: justify;\">Pre bli\u017e\u0161ie info o\u00a0detsk\u00fdch t\u00e1boroch alebo plavb\u00e1ch lo\u010fou pros\u00edm informujte sa u\u00a0marketingovej riadite\u013eky\u00a0 Katar\u00edna Novotn\u00e1 Czingel hotela Kormor\u00e1n**** \u00a0<a href=\"mailto:katarina.novotna@hotelkormoran.sk\">katarina.novotna@hotelkormoran.sk<\/a>.<\/p>\n<div id='gallery-1' class='gallery galleryid-1623 gallery-columns-4 gallery-size-thumbnail'><figure class='gallery-item'>\n\t\t\t<div class='gallery-icon landscape'>\n\t\t\t\t<a href='https:\/\/d.r1.wbsprt.com\/krr.sk\/dsc01275\/'><img decoding=\"async\" width=\"120\" height=\"90\" src=\"https:\/\/d.r1.wbsprt.com\/krr.sk\/wp-content\/uploads\/2016\/07\/DSC01275-1-120x90.jpg\" class=\"attachment-thumbnail size-thumbnail\" alt=\"\" \/><\/a>\n\t\t\t<\/div><\/figure><figure class='gallery-item'>\n\t\t\t<div class='gallery-icon landscape'>\n\t\t\t\t<a href='https:\/\/d.r1.wbsprt.com\/krr.sk\/4a08b911-c04f-4f56-9a78-739fe621c733\/'><img decoding=\"async\" width=\"120\" height=\"90\" src=\"https:\/\/d.r1.wbsprt.com\/krr.sk\/wp-content\/uploads\/2016\/07\/4a08b911-c04f-4f56-9a78-739fe621c733-1-120x90.jpg\" class=\"attachment-thumbnail size-thumbnail\" alt=\"\" srcset=\"https:\/\/d.r1.wbsprt.com\/krr.sk\/wp-content\/uploads\/2016\/07\/4a08b911-c04f-4f56-9a78-739fe621c733-1-120x90.jpg 120w, https:\/\/d.r1.wbsprt.com\/krr.sk\/wp-content\/uploads\/2016\/07\/4a08b911-c04f-4f56-9a78-739fe621c733-1-300x225.jpg 300w, https:\/\/d.r1.wbsprt.com\/krr.sk\/wp-content\/uploads\/2016\/07\/4a08b911-c04f-4f56-9a78-739fe621c733-1-600x450.jpg 600w, https:\/\/d.r1.wbsprt.com\/krr.sk\/wp-content\/uploads\/2016\/07\/4a08b911-c04f-4f56-9a78-739fe621c733-1.jpg 671w\" sizes=\"(max-width: 120px) 100vw, 120px\" \/><\/a>\n\t\t\t<\/div><\/figure><figure class='gallery-item'>\n\t\t\t<div class='gallery-icon landscape'>\n\t\t\t\t<a href='https:\/\/d.r1.wbsprt.com\/krr.sk\/dsc01317\/'><img decoding=\"async\" width=\"120\" height=\"90\" src=\"https:\/\/d.r1.wbsprt.com\/krr.sk\/wp-content\/uploads\/2016\/07\/DSC01317-1-120x90.jpg\" class=\"attachment-thumbnail size-thumbnail\" alt=\"\" \/><\/a>\n\t\t\t<\/div><\/figure><figure class='gallery-item'>\n\t\t\t<div class='gallery-icon landscape'>\n\t\t\t\t<a href='https:\/\/d.r1.wbsprt.com\/krr.sk\/dsc01237\/'><img loading=\"lazy\" decoding=\"async\" width=\"120\" height=\"90\" src=\"https:\/\/d.r1.wbsprt.com\/krr.sk\/wp-content\/uploads\/2016\/07\/DSC01237-1-120x90.jpg\" class=\"attachment-thumbnail size-thumbnail\" alt=\"\" \/><\/a>\n\t\t\t<\/div><\/figure>\n\t\t<\/div>\n\n","protected":false},"excerpt":{"rendered":"<p>4. j\u00fana 2016 \u00a0sa uskuto\u010dnil 6. ro\u010dn\u00edk Folkl\u00f3rneho festivalu eur\u00f3pskeho priate\u013estva a otvorenie letnej sez\u00f3ny v\u00a0parku Hotela Kormor\u00e1n v \u0160amor\u00edne \u2013 \u010cilistove. Prezent\u00e1cia klastra a\u00a0jeho \u010dlenov bola s\u00fa\u010das\u0165ou tohto programu. Rodiny s\u00a0de\u0165mi sa pri n\u00e1s zastavovali ka\u017ed\u00fa vo\u013en\u00fa chv\u00ed\u013eku, hlavne ke\u010f sme rozd\u00e1vali ma\u013eov\u00e1nky pre deti alebo pr\u00edvesky na k\u013e\u00fa\u010de so \u201esvetielkami\u201c. Rodi\u010dia vyu\u017eili \u010das [&hellip;]<\/p>\n","protected":false},"author":5,"featured_media":1625,"comment_status":"closed","ping_status":"open","sticky":false,"template":"","format":"standard","meta":{"_acf_changed":false,"footnotes":""},"categories":[79,78,80],"tags":[],"class_list":["post-1623","post","type-post","status-publish","format-standard","has-post-thumbnail","hentry","category-clenovia","category-klaster","category-vsetky-clanky"],"acf":[],"_links":{"self":[{"href":"https:\/\/d.r1.wbsprt.com\/krr.sk\/wp-json\/wp\/v2\/posts\/1623","targetHints":{"allow":["GET"]}}],"collection":[{"href":"https:\/\/d.r1.wbsprt.com\/krr.sk\/wp-json\/wp\/v2\/posts"}],"about":[{"href":"https:\/\/d.r1.wbsprt.com\/krr.sk\/wp-json\/wp\/v2\/types\/post"}],"author":[{"embeddable":true,"href":"https:\/\/d.r1.wbsprt.com\/krr.sk\/wp-json\/wp\/v2\/users\/5"}],"replies":[{"embeddable":true,"href":"https:\/\/d.r1.wbsprt.com\/krr.sk\/wp-json\/wp\/v2\/comments?post=1623"}],"version-history":[{"count":0,"href":"https:\/\/d.r1.wbsprt.com\/krr.sk\/wp-json\/wp\/v2\/posts\/1623\/revisions"}],"wp:featuredmedia":[{"embeddable":true,"href":"https:\/\/d.r1.wbsprt.com\/krr.sk\/wp-json\/wp\/v2\/media\/1625"}],"wp:attachment":[{"href":"https:\/\/d.r1.wbsprt.com\/krr.sk\/wp-json\/wp\/v2\/media?parent=1623"}],"wp:term":[{"taxonomy":"category","embeddable":true,"href":"https:\/\/d.r1.wbsprt.com\/krr.sk\/wp-json\/wp\/v2\/categories?post=1623"},{"taxonomy":"post_tag","embeddable":true,"href":"https:\/\/d.r1.wbsprt.com\/krr.sk\/wp-json\/wp\/v2\/tags?post=1623"}],"curies":[{"name":"wp","href":"https:\/\/api.w.org\/{rel}","templated":true}]}}