{"id":13353,"date":"2024-03-10T21:48:05","date_gmt":"2024-03-10T19:48:05","guid":{"rendered":"https:\/\/krr.sk\/?p=13353"},"modified":"2024-03-10T22:26:08","modified_gmt":"2024-03-10T20:26:08","slug":"2-narodna-klastrova-konferencia","status":"publish","type":"post","link":"https:\/\/d.r1.wbsprt.com\/krr.sk\/2-narodna-klastrova-konferencia\/","title":{"rendered":"2. N\u00e1rodn\u00e1 klastrov\u00e1 konferencia"},"content":{"rendered":"\t\t<div data-elementor-type=\"wp-post\" data-elementor-id=\"13353\" class=\"elementor elementor-13353\" data-elementor-post-type=\"post\">\n\t\t\t\t\t\t<section class=\"elementor-section elementor-top-section elementor-element elementor-element-2543fdf6 elementor-section-boxed elementor-section-height-default elementor-section-height-default\" data-id=\"2543fdf6\" data-element_type=\"section\" data-settings=\"{&quot;jet_parallax_layout_list&quot;:[{&quot;jet_parallax_layout_image&quot;:{&quot;url&quot;:&quot;&quot;,&quot;id&quot;:&quot;&quot;,&quot;size&quot;:&quot;&quot;},&quot;_id&quot;:&quot;f3b050b&quot;,&quot;jet_parallax_layout_image_tablet&quot;:{&quot;url&quot;:&quot;&quot;,&quot;id&quot;:&quot;&quot;,&quot;size&quot;:&quot;&quot;},&quot;jet_parallax_layout_image_mobile&quot;:{&quot;url&quot;:&quot;&quot;,&quot;id&quot;:&quot;&quot;,&quot;size&quot;:&quot;&quot;},&quot;jet_parallax_layout_speed&quot;:{&quot;unit&quot;:&quot;%&quot;,&quot;size&quot;:50,&quot;sizes&quot;:[]},&quot;jet_parallax_layout_type&quot;:&quot;scroll&quot;,&quot;jet_parallax_layout_direction&quot;:&quot;1&quot;,&quot;jet_parallax_layout_fx_direction&quot;:null,&quot;jet_parallax_layout_z_index&quot;:&quot;&quot;,&quot;jet_parallax_layout_bg_x&quot;:50,&quot;jet_parallax_layout_bg_x_tablet&quot;:&quot;&quot;,&quot;jet_parallax_layout_bg_x_mobile&quot;:&quot;&quot;,&quot;jet_parallax_layout_bg_y&quot;:50,&quot;jet_parallax_layout_bg_y_tablet&quot;:&quot;&quot;,&quot;jet_parallax_layout_bg_y_mobile&quot;:&quot;&quot;,&quot;jet_parallax_layout_bg_size&quot;:&quot;auto&quot;,&quot;jet_parallax_layout_bg_size_tablet&quot;:&quot;&quot;,&quot;jet_parallax_layout_bg_size_mobile&quot;:&quot;&quot;,&quot;jet_parallax_layout_animation_prop&quot;:&quot;transform&quot;,&quot;jet_parallax_layout_on&quot;:[&quot;desktop&quot;,&quot;tablet&quot;]}]}\">\n\t\t\t\t\t\t<div class=\"elementor-container elementor-column-gap-default\">\n\t\t\t\t\t<div class=\"elementor-column elementor-col-100 elementor-top-column elementor-element elementor-element-71dc5146\" data-id=\"71dc5146\" data-element_type=\"column\">\n\t\t\t<div class=\"elementor-widget-wrap elementor-element-populated\">\n\t\t\t\t\t\t<div class=\"elementor-element elementor-element-5d91eba8 elementor-widget elementor-widget-text-editor\" data-id=\"5d91eba8\" data-element_type=\"widget\" data-widget_type=\"text-editor.default\">\n\t\t\t\t<div class=\"elementor-widget-container\">\n\t\t\t\t\t\t\t\t\t\n<p>Klaster region\u00e1lneho rozvoja sa z\u00fa\u010dastn\u00ed na 2. N\u00e1rodnej klastrovej konferencii, ktor\u00e1 je v\u00fdznamn\u00fdm podujat\u00edm zameran\u00fdm na inov\u00e1cie a posil\u0148ovanie spolupr\u00e1ce medzi klastrami. Konferencia predstavuje platformu pre odborn\u00edkov a l\u00eddrov z r\u00f4znych sektorov, aby spolo\u010dne diskutovali o najnov\u0161\u00edch trendoch, v\u00fdzvach a pr\u00edle\u017eitostiach v oblasti region\u00e1lneho rozvoja. \u00da\u010dastn\u00edci sa m\u00f4\u017eu te\u0161i\u0165 na s\u00e9riu workshopov, predn\u00e1\u0161ok a panelov\u00fdch diskusi\u00ed, ktor\u00e9 im poskytn\u00fa hlb\u0161ie pochopenie o tom, ako efekt\u00edvne vyu\u017e\u00edva\u0165 inov\u00e1cie pre rast a udr\u017eate\u013en\u00fd rozvoj ich regi\u00f3nov. Toto podujatie je tie\u017e v\u00fdbornou pr\u00edle\u017eitos\u0165ou na budovanie nov\u00fdch partnerstiev a roz\u0161\u00edrenie profesion\u00e1lnej siete. Za \u00fa\u010delom z\u00edskania detailnej\u0161\u00edch inform\u00e1ci\u00ed o programe a organiz\u00e1cii konferencie nav\u0161t\u00edvte <a href=\"https:\/\/www.inovujme.sk\/sk\/2-narodna-klastrova-konferencia#program\" data-type=\"URL\" data-id=\"https:\/\/www.inovujme.sk\/sk\/2-narodna-klastrova-konferencia#program\" target=\"_blank\" rel=\"noopener\">2. N\u00e1rodn\u00e1 Klastrov\u00e1 Konferencia<\/a>.<\/p>\n\t\t\t\t\t\t\t\t<\/div>\n\t\t\t\t<\/div>\n\t\t\t\t\t<\/div>\n\t\t<\/div>\n\t\t\t\t\t<\/div>\n\t\t<\/section>\n\t\t\t\t<section class=\"elementor-section elementor-top-section elementor-element elementor-element-ac4690b elementor-section-boxed elementor-section-height-default elementor-section-height-default\" data-id=\"ac4690b\" data-element_type=\"section\" data-settings=\"{&quot;jet_parallax_layout_list&quot;:[{&quot;jet_parallax_layout_image&quot;:{&quot;url&quot;:&quot;&quot;,&quot;id&quot;:&quot;&quot;,&quot;size&quot;:&quot;&quot;},&quot;_id&quot;:&quot;edc1ad6&quot;,&quot;jet_parallax_layout_image_tablet&quot;:{&quot;url&quot;:&quot;&quot;,&quot;id&quot;:&quot;&quot;,&quot;size&quot;:&quot;&quot;},&quot;jet_parallax_layout_image_mobile&quot;:{&quot;url&quot;:&quot;&quot;,&quot;id&quot;:&quot;&quot;,&quot;size&quot;:&quot;&quot;},&quot;jet_parallax_layout_speed&quot;:{&quot;unit&quot;:&quot;%&quot;,&quot;size&quot;:50,&quot;sizes&quot;:[]},&quot;jet_parallax_layout_type&quot;:&quot;scroll&quot;,&quot;jet_parallax_layout_direction&quot;:&quot;1&quot;,&quot;jet_parallax_layout_fx_direction&quot;:null,&quot;jet_parallax_layout_z_index&quot;:&quot;&quot;,&quot;jet_parallax_layout_bg_x&quot;:50,&quot;jet_parallax_layout_bg_x_tablet&quot;:&quot;&quot;,&quot;jet_parallax_layout_bg_x_mobile&quot;:&quot;&quot;,&quot;jet_parallax_layout_bg_y&quot;:50,&quot;jet_parallax_layout_bg_y_tablet&quot;:&quot;&quot;,&quot;jet_parallax_layout_bg_y_mobile&quot;:&quot;&quot;,&quot;jet_parallax_layout_bg_size&quot;:&quot;auto&quot;,&quot;jet_parallax_layout_bg_size_tablet&quot;:&quot;&quot;,&quot;jet_parallax_layout_bg_size_mobile&quot;:&quot;&quot;,&quot;jet_parallax_layout_animation_prop&quot;:&quot;transform&quot;,&quot;jet_parallax_layout_on&quot;:[&quot;desktop&quot;,&quot;tablet&quot;]}]}\">\n\t\t\t\t\t\t<div class=\"elementor-container elementor-column-gap-default\">\n\t\t\t\t\t<div class=\"elementor-column elementor-col-100 elementor-top-column elementor-element elementor-element-7e199a7\" data-id=\"7e199a7\" data-element_type=\"column\">\n\t\t\t<div class=\"elementor-widget-wrap elementor-element-populated\">\n\t\t\t\t\t\t<div class=\"elementor-element elementor-element-1d17863 elementor-widget elementor-widget-image\" data-id=\"1d17863\" data-element_type=\"widget\" data-widget_type=\"image.default\">\n\t\t\t\t<div class=\"elementor-widget-container\">\n\t\t\t\t\t\t\t\t\t\t\t\t\t\t\t<img fetchpriority=\"high\" decoding=\"async\" width=\"800\" height=\"399\" src=\"https:\/\/d.r1.wbsprt.com\/krr.sk\/wp-content\/uploads\/2024\/03\/banner-.png\" class=\"attachment-large size-large wp-image-13355\" alt=\"\" srcset=\"https:\/\/d.r1.wbsprt.com\/krr.sk\/wp-content\/uploads\/2024\/03\/banner-.png 847w, https:\/\/d.r1.wbsprt.com\/krr.sk\/wp-content\/uploads\/2024\/03\/banner--300x149.png 300w, https:\/\/d.r1.wbsprt.com\/krr.sk\/wp-content\/uploads\/2024\/03\/banner--768x383.png 768w, https:\/\/d.r1.wbsprt.com\/krr.sk\/wp-content\/uploads\/2024\/03\/banner--600x299.png 600w\" sizes=\"(max-width: 800px) 100vw, 800px\" \/>\t\t\t\t\t\t\t\t\t\t\t\t\t\t\t<\/div>\n\t\t\t\t<\/div>\n\t\t\t\t\t<\/div>\n\t\t<\/div>\n\t\t\t\t\t<\/div>\n\t\t<\/section>\n\t\t\t\t<section class=\"elementor-section elementor-top-section elementor-element elementor-element-17efcf8 elementor-section-boxed elementor-section-height-default elementor-section-height-default\" data-id=\"17efcf8\" data-element_type=\"section\" data-settings=\"{&quot;jet_parallax_layout_list&quot;:[{&quot;jet_parallax_layout_image&quot;:{&quot;url&quot;:&quot;&quot;,&quot;id&quot;:&quot;&quot;,&quot;size&quot;:&quot;&quot;},&quot;_id&quot;:&quot;c343f0f&quot;,&quot;jet_parallax_layout_image_tablet&quot;:{&quot;url&quot;:&quot;&quot;,&quot;id&quot;:&quot;&quot;,&quot;size&quot;:&quot;&quot;},&quot;jet_parallax_layout_image_mobile&quot;:{&quot;url&quot;:&quot;&quot;,&quot;id&quot;:&quot;&quot;,&quot;size&quot;:&quot;&quot;},&quot;jet_parallax_layout_speed&quot;:{&quot;unit&quot;:&quot;%&quot;,&quot;size&quot;:50,&quot;sizes&quot;:[]},&quot;jet_parallax_layout_type&quot;:&quot;scroll&quot;,&quot;jet_parallax_layout_direction&quot;:&quot;1&quot;,&quot;jet_parallax_layout_fx_direction&quot;:null,&quot;jet_parallax_layout_z_index&quot;:&quot;&quot;,&quot;jet_parallax_layout_bg_x&quot;:50,&quot;jet_parallax_layout_bg_x_tablet&quot;:&quot;&quot;,&quot;jet_parallax_layout_bg_x_mobile&quot;:&quot;&quot;,&quot;jet_parallax_layout_bg_y&quot;:50,&quot;jet_parallax_layout_bg_y_tablet&quot;:&quot;&quot;,&quot;jet_parallax_layout_bg_y_mobile&quot;:&quot;&quot;,&quot;jet_parallax_layout_bg_size&quot;:&quot;auto&quot;,&quot;jet_parallax_layout_bg_size_tablet&quot;:&quot;&quot;,&quot;jet_parallax_layout_bg_size_mobile&quot;:&quot;&quot;,&quot;jet_parallax_layout_animation_prop&quot;:&quot;transform&quot;,&quot;jet_parallax_layout_on&quot;:[&quot;desktop&quot;,&quot;tablet&quot;]}]}\">\n\t\t\t\t\t\t<div class=\"elementor-container elementor-column-gap-default\">\n\t\t\t\t\t<div class=\"elementor-column elementor-col-100 elementor-top-column elementor-element elementor-element-f4c5324\" data-id=\"f4c5324\" data-element_type=\"column\">\n\t\t\t<div class=\"elementor-widget-wrap elementor-element-populated\">\n\t\t\t\t\t\t<div class=\"elementor-element elementor-element-9b49db5 elementor-widget elementor-widget-image\" data-id=\"9b49db5\" data-element_type=\"widget\" data-widget_type=\"image.default\">\n\t\t\t\t<div class=\"elementor-widget-container\">\n\t\t\t\t\t\t\t\t\t\t\t\t\t\t\t<img decoding=\"async\" width=\"800\" height=\"87\" src=\"https:\/\/d.r1.wbsprt.com\/krr.sk\/wp-content\/uploads\/2024\/03\/Snimka-obrazovky-2024-03-10-211917-1024x111.png\" class=\"attachment-large size-large wp-image-13357\" alt=\"\" srcset=\"https:\/\/d.r1.wbsprt.com\/krr.sk\/wp-content\/uploads\/2024\/03\/Snimka-obrazovky-2024-03-10-211917-1024x111.png 1024w, https:\/\/d.r1.wbsprt.com\/krr.sk\/wp-content\/uploads\/2024\/03\/Snimka-obrazovky-2024-03-10-211917-300x33.png 300w, https:\/\/d.r1.wbsprt.com\/krr.sk\/wp-content\/uploads\/2024\/03\/Snimka-obrazovky-2024-03-10-211917-768x83.png 768w, https:\/\/d.r1.wbsprt.com\/krr.sk\/wp-content\/uploads\/2024\/03\/Snimka-obrazovky-2024-03-10-211917-600x65.png 600w, https:\/\/d.r1.wbsprt.com\/krr.sk\/wp-content\/uploads\/2024\/03\/Snimka-obrazovky-2024-03-10-211917.png 1205w\" sizes=\"(max-width: 800px) 100vw, 800px\" \/>\t\t\t\t\t\t\t\t\t\t\t\t\t\t\t<\/div>\n\t\t\t\t<\/div>\n\t\t\t\t\t<\/div>\n\t\t<\/div>\n\t\t\t\t\t<\/div>\n\t\t<\/section>\n\t\t\t\t<section class=\"elementor-section elementor-top-section elementor-element elementor-element-b98faf3 elementor-section-boxed elementor-section-height-default elementor-section-height-default\" data-id=\"b98faf3\" data-element_type=\"section\" data-settings=\"{&quot;jet_parallax_layout_list&quot;:[{&quot;jet_parallax_layout_image&quot;:{&quot;url&quot;:&quot;&quot;,&quot;id&quot;:&quot;&quot;,&quot;size&quot;:&quot;&quot;},&quot;_id&quot;:&quot;12306c3&quot;,&quot;jet_parallax_layout_image_tablet&quot;:{&quot;url&quot;:&quot;&quot;,&quot;id&quot;:&quot;&quot;,&quot;size&quot;:&quot;&quot;},&quot;jet_parallax_layout_image_mobile&quot;:{&quot;url&quot;:&quot;&quot;,&quot;id&quot;:&quot;&quot;,&quot;size&quot;:&quot;&quot;},&quot;jet_parallax_layout_speed&quot;:{&quot;unit&quot;:&quot;%&quot;,&quot;size&quot;:50,&quot;sizes&quot;:[]},&quot;jet_parallax_layout_type&quot;:&quot;scroll&quot;,&quot;jet_parallax_layout_direction&quot;:&quot;1&quot;,&quot;jet_parallax_layout_fx_direction&quot;:null,&quot;jet_parallax_layout_z_index&quot;:&quot;&quot;,&quot;jet_parallax_layout_bg_x&quot;:50,&quot;jet_parallax_layout_bg_x_tablet&quot;:&quot;&quot;,&quot;jet_parallax_layout_bg_x_mobile&quot;:&quot;&quot;,&quot;jet_parallax_layout_bg_y&quot;:50,&quot;jet_parallax_layout_bg_y_tablet&quot;:&quot;&quot;,&quot;jet_parallax_layout_bg_y_mobile&quot;:&quot;&quot;,&quot;jet_parallax_layout_bg_size&quot;:&quot;auto&quot;,&quot;jet_parallax_layout_bg_size_tablet&quot;:&quot;&quot;,&quot;jet_parallax_layout_bg_size_mobile&quot;:&quot;&quot;,&quot;jet_parallax_layout_animation_prop&quot;:&quot;transform&quot;,&quot;jet_parallax_layout_on&quot;:[&quot;desktop&quot;,&quot;tablet&quot;]}]}\">\n\t\t\t\t\t\t<div class=\"elementor-container elementor-column-gap-default\">\n\t\t\t\t\t<div class=\"elementor-column elementor-col-100 elementor-top-column elementor-element elementor-element-b148443\" data-id=\"b148443\" data-element_type=\"column\">\n\t\t\t<div class=\"elementor-widget-wrap elementor-element-populated\">\n\t\t\t\t\t\t<div class=\"elementor-element elementor-element-b062762 elementor-widget elementor-widget-text-editor\" data-id=\"b062762\" data-element_type=\"widget\" data-widget_type=\"text-editor.default\">\n\t\t\t\t<div class=\"elementor-widget-container\">\n\t\t\t\t\t\t\t\t\t<h2 style=\"font-family: 'Helvetica Neue', Helvetica, Arial, sans-serif; line-height: 1.1; color: #268747; margin-top: 20px; margin-bottom: 10px; font-size: 30px; letter-spacing: normal; text-align: start;\"><span style=\"font-weight: bold;\">Program \/ Schedule<\/span><\/h2>\n<p style=\"margin-bottom: 10px; color: #333333; font-family: 'Helvetica Neue', Helvetica, Arial, sans-serif; font-size: 14px;\">\u00a0<\/p>\n<h3 style=\"font-family: 'Helvetica Neue', Helvetica, Arial, sans-serif; line-height: 1.1; color: #333333; margin-top: 20px; margin-bottom: 10px; font-size: 24px; letter-spacing: normal; text-align: start;\"><span style=\"font-weight: bold;\">Day one (opening in Slovak, the rest in English)<\/span><\/h3>\n<p style=\"margin-bottom: 10px; color: #333333; font-family: 'Helvetica Neue', Helvetica, Arial, sans-serif; font-size: 14px;\"><br \/><span style=\"font-weight: bold;\">08:00 \u2013 08:55\u00a0Registration\u00a0<\/span><br \/><span style=\"font-weight: bold;\">09:00 \u2013 09:45 Opening\u00a0<\/span><\/p>\n<ul style=\"margin-bottom: 10px; color: #333333; font-family: 'Helvetica Neue', Helvetica, Arial, sans-serif; font-size: 14px;\">\n<li>Opening note by the General Director of the Strategy Section at the Ministry of Economy of the Slovak Republic\u00a0<\/li>\n<li>Opening note by the General Director of the Digital Agenda Section at the Ministry of Investment, Regional Development and Informatisation\u00a0of the Slovak Republic\u00a0<\/li>\n<li>Opening note by the Representative of the Union of Clusters of Slovakia<\/li>\n<\/ul>\n<p style=\"margin-bottom: 10px; color: #333333; font-family: 'Helvetica Neue', Helvetica, Arial, sans-serif; font-size: 14px;\"><span style=\"font-weight: bold;\">09:45 \u2013 11:15 Twin Green and Digital Transition: How Clusters are Meeting the Challenge<\/span><br \/>Clusters play a central role in the European Commission&#8217;s competitiveness and Smart Specialisation strategies (DG Research, 2019). The European Expert Group on clusters recognizes that clusters are pivotal in accelerating the twin green and digital transition (GDT), contributing to resilience, and driving recovery. This discussion explores how Slovakia is addressing the challenges of GDT and the crucial role clusters are expected to play in this transformation.<\/p>\n<ul style=\"margin-bottom: 10px; color: #333333; font-family: 'Helvetica Neue', Helvetica, Arial, sans-serif; font-size: 14px;\">\n<li>Key note speech by VAIA: Andrea Uhr\u00ednov\u00e1\u00a0<\/li>\n<li>Round table discussion \u2013 Miriama Hu\u010dkov\u00e1 &#8211; IT Valley, Markus Simb\u00fcrger \u2013 Green Tech Valley Cluster, AT, Michal M\u0171hl &#8211; EXPANDI 4.0, Patrik Kri\u017eansk\u00fd \u2013 SEVA. Moderator: Andrea Uhr\u00ednov\u00e1 &#8211; VAIA<\/li>\n<li>Language: English<\/li>\n<\/ul>\n<p style=\"margin-bottom: 10px; color: #333333; font-family: 'Helvetica Neue', Helvetica, Arial, sans-serif; font-size: 14px;\"><span style=\"font-weight: bold;\">11:15 \u2013 11:30 Coffee Break<\/span><br \/><span style=\"font-weight: bold;\">11:30 \u2013 13:00 Excellence and Its Benefits for Cluster Internationalization<\/span><br \/>Established in 2010, ESCA (European Secretariat for Cluster Analysis) champions Cluster Management Excellence by conducting benchmarking and quality labeling for cluster management organizations globally. How does it facilitate the internationalization of clusters? What other benefits are bringing this quality label?<\/p>\n<ul style=\"margin-bottom: 10px; color: #333333; font-family: 'Helvetica Neue', Helvetica, Arial, sans-serif; font-size: 14px;\">\n<li>Key note presentation: Helmut Kergel, VDI\/VDE &#8211; ESCA\u00a0<\/li>\n<li>Round table discussion: Peter Keller \u2013 Office of Governement of Hungary, Lukasz Goreczki \u2013 Silesia Automotive and Advanced manufacturing Cluster, Helmut Kergel VDI\/VDE, and Jan V\u00e1clav, Slovak Plastic Cluster. Moderator: Ronald Bla\u0161ko, VAIA<\/li>\n<li>Language: English (translation is not provided)<\/li>\n<\/ul>\n<p style=\"margin-bottom: 10px; color: #333333; font-family: 'Helvetica Neue', Helvetica, Arial, sans-serif; font-size: 14px;\"><span style=\"font-weight: bold;\">13:00 \u2013 14:00 Lunch<br \/>14:00 \u2013 15:30 Internationalisation Beyond Europe\u00a0<\/span><br \/>The primary goal of Clusters Go International under the COSME program was to enhance collaboration between clusters and business networks beyond borders and sectors. This initiative aimed to support the formation of European Strategic Cluster Partnerships, leading international cooperation in strategically significant fields beyond Europe. The focus was on aiding SMEs in accessing global value chains and fostering long-term partnerships in third countries.<br \/>As we consider whether to repeat this approach, the crucial question arises: Should we continue supporting clusters\u00b4 internationalisation helping their member to go international, or is it time to explore alternative strategies that will be focusing on SMEs directly? What insights can we gain from the experiences in Korea, Poland or Ukraine?\u00a0<\/p>\n<ul style=\"margin-bottom: 10px; color: #333333; font-family: 'Helvetica Neue', Helvetica, Arial, sans-serif; font-size: 14px;\">\n<li>Key note speech: Dr. Suh, Korean Development Institute, Korea\u00a0<\/li>\n<li>Round table discussion: representative of KDI, Luk\u00e1\u0161 Par\u00edzek &#8211; Council of the Slovak Exporters, Monika Antonowicz, PARP (TBC), Ciprian Morcan (Transylvanian Furniture Cluster),<span lang=\"EN-GB\" style=\"font-size: 11pt;\"><span style=\"line-height: 15.6933px;\"><span style=\"color: red;\">\u00a0<\/span><\/span><\/span>Moderator: Zulf Hyat Khan<\/li>\n<li>Language: English (translation is not provided)<\/li>\n<\/ul>\n<p style=\"margin-bottom: 10px; color: #333333; font-family: 'Helvetica Neue', Helvetica, Arial, sans-serif; font-size: 14px;\"><span style=\"font-weight: bold;\">15:30 \u2013 15:45 Coffee Break<\/span><br \/><span style=\"font-weight: bold;\">15:45 \u2013 18:00 Workshop: \u201eHow to support the development of the regional innovation process from the bottom up using modern tools with the help of AI &#8211; INNOVERSE\u201c<\/span><br \/>The unprecedented growth of the information and communication technologies (ICT) sector, coupled with the recent surge in AI applications, has hastened dramatic changes in societies\u00a0<br \/>and global employment trends. The integration of ICTs into innovation systems has provenpivotal for enhancing the overall competitiveness of economic regions and national economies. How can we leverage ICT for regional development, and what role does AI play in this context?<br \/>To address these questions, a framework-guidance tool has been developed. This tool can formulate scenarios for regional development and enhance regional innovation systems. The model was implemented in an Austrian region, and the findings underscore the significance of smart technologies and AI in driving regional development.<\/p>\n<ul style=\"margin-bottom: 10px; color: #333333; font-family: 'Helvetica Neue', Helvetica, Arial, sans-serif; font-size: 14px;\">\n<li>Presentation, case study and open floor discussion led by Dr. Franz Bailom, in-manas, Austria\u00a0<\/li>\n<li>Language: English (translation is not provided)<\/li>\n<\/ul>\n<p style=\"margin-bottom: 10px; color: #333333; font-family: 'Helvetica Neue', Helvetica, Arial, sans-serif; font-size: 14px;\"><span style=\"font-weight: bold;\">18:30 \u2013 20:30 Dinner<br \/>20:30 \u2013 21:30 Wine tasting from regional superior wineries<\/span><\/p>\n<p style=\"margin-bottom: 10px; color: #333333; font-family: 'Helvetica Neue', Helvetica, Arial, sans-serif; font-size: 14px;\">\u00a0<\/p>\n<h3 style=\"font-family: 'Helvetica Neue', Helvetica, Arial, sans-serif; line-height: 1.1; color: #333333; margin-top: 20px; margin-bottom: 10px; font-size: 24px; letter-spacing: normal; text-align: start;\"><span style=\"font-weight: bold;\">De\u0148 druh\u00fd &#8211; Day Two<\/span><\/h3>\n<p style=\"margin-bottom: 10px; color: #333333; font-family: 'Helvetica Neue', Helvetica, Arial, sans-serif; font-size: 14px;\">\u00a0<\/p>\n<p style=\"margin-bottom: 10px; color: #333333; font-family: 'Helvetica Neue', Helvetica, Arial, sans-serif; font-size: 14px;\"><span style=\"font-weight: bold;\">9:00 \u2013 9:45 Strat\u00e9gia rozvoja klastrov 2022 &#8211; 2028 a n\u00e1stroje rozvoja region\u00e1lneho inova\u010dn\u00e9ho ekosyst\u00e9mu<\/span><\/p>\n<ul style=\"margin-bottom: 10px; color: #333333; font-family: 'Helvetica Neue', Helvetica, Arial, sans-serif; font-size: 14px;\">\n<li>Prezent\u00e1cie MH SR &#8211; Vladim\u00edr Tanistr\u00e1k a SIEA &#8211; Martin Svoboda<\/li>\n<li>Rokovac\u00ed jazyk: slovensk\u00fd jazyk\u00a0<\/li>\n<\/ul>\n<p style=\"margin-bottom: 10px; color: #333333; font-family: 'Helvetica Neue', Helvetica, Arial, sans-serif; font-size: 14px;\"><span style=\"font-weight: bold;\">9:45 \u2013 10:45 Workshopy\u00a0<\/span><\/p>\n<ul style=\"margin-bottom: 10px; color: #333333; font-family: 'Helvetica Neue', Helvetica, Arial, sans-serif; font-size: 14px;\">\n<li>Workshop 1 &#8211; Slovensk\u00e9 nov\u00e9 klastre v oblastiach obrana &#8211;\u00a0<span style=\"font-size: 11pt;\">Dominik Lelkes,\u00a0<\/span>\u0161port &#8211; Martin Benko, design &#8211; Milan Illes, SIEA &#8211; Vladim\u00edr Borza (SK)<\/li>\n<li>Workshop 2 &#8211; Rozvoj klastrov\u00fdch strat\u00e9gi\u00ed za pomoci AI, SIEA &#8211; Artur Bobovnick\u00fd (ENG)<\/li>\n<li>Workshop 3 &#8211;\u00a0Internacionaliz\u00e1cia slovensk\u00fdch klastrov + sk\u00fasenosti z Ju\u017enej K\u00f3rei &#8211;\u00a0Dr. Geunyoung Kim, z\u00e1stupca Ko\u0161ice IT Valley, SPK &#8211; Jan V\u00e1clav, Bioeconomy &#8211; S\u00e1ra Horv\u00e1thov\u00e1, SIEA &#8211; Peter Adamovsk\u00fd (ENG)<\/li>\n<\/ul>\n<p style=\"margin-bottom: 10px; color: #333333; font-family: 'Helvetica Neue', Helvetica, Arial, sans-serif; font-size: 14px;\"><span style=\"font-weight: bold;\">10:45 \u2013 11:00 Prest\u00e1vka\u00a0<br \/>11:00 \u2013 12:15 Diskusn\u00e9 f\u00f3rum klastrov s tvorcami polit\u00edk<\/span><\/p>\n<ul style=\"margin-bottom: 10px; color: #333333; font-family: 'Helvetica Neue', Helvetica, Arial, sans-serif; font-size: 14px;\">\n<li>Riaden\u00e1 diskusia, diskusiu vedie: Artur Bobovnick\u00fd<\/li>\n<li>Ot\u00e1zky pripraven\u00e9 vopred, resp. cez aplik\u00e1ciu<\/li>\n<li>Rokovac\u00ed jazyk: slovensk\u00fd jazyk<\/li>\n<\/ul>\n<p style=\"margin-bottom: 10px; color: #333333; font-family: 'Helvetica Neue', Helvetica, Arial, sans-serif; font-size: 14px;\"><span style=\"font-weight: bold;\">12:15 \u2013 12:25 Ukon\u010denie konferencie<\/span><\/p>\n<p style=\"margin-bottom: 10px; color: #333333; font-family: 'Helvetica Neue', Helvetica, Arial, sans-serif; font-size: 14px;\">Martin Svoboda<span style=\"font-weight: bold;\">\u00a0<\/span>&#8211;<span style=\"font-weight: bold;\">\u00a0<\/span>riadite\u013e sekcie inov\u00e1ci\u00ed a medzin\u00e1rodn\u00fdch vz\u0165ahov &#8211; SIEA<\/p>\n<p style=\"margin-bottom: 10px; color: #333333; font-family: 'Helvetica Neue', Helvetica, Arial, sans-serif; font-size: 14px;\"><span style=\"font-weight: bold;\">12:30 \u2013 13:45 Obed<\/span><\/p>\t\t\t\t\t\t\t\t<\/div>\n\t\t\t\t<\/div>\n\t\t\t\t\t<\/div>\n\t\t<\/div>\n\t\t\t\t\t<\/div>\n\t\t<\/section>\n\t\t\t\t<section class=\"elementor-section elementor-top-section elementor-element elementor-element-c5818b8 elementor-section-boxed elementor-section-height-default elementor-section-height-default\" data-id=\"c5818b8\" data-element_type=\"section\" data-settings=\"{&quot;jet_parallax_layout_list&quot;:[{&quot;jet_parallax_layout_image&quot;:{&quot;url&quot;:&quot;&quot;,&quot;id&quot;:&quot;&quot;,&quot;size&quot;:&quot;&quot;},&quot;_id&quot;:&quot;ce5d1b7&quot;,&quot;jet_parallax_layout_image_tablet&quot;:{&quot;url&quot;:&quot;&quot;,&quot;id&quot;:&quot;&quot;,&quot;size&quot;:&quot;&quot;},&quot;jet_parallax_layout_image_mobile&quot;:{&quot;url&quot;:&quot;&quot;,&quot;id&quot;:&quot;&quot;,&quot;size&quot;:&quot;&quot;},&quot;jet_parallax_layout_speed&quot;:{&quot;unit&quot;:&quot;%&quot;,&quot;size&quot;:50,&quot;sizes&quot;:[]},&quot;jet_parallax_layout_type&quot;:&quot;scroll&quot;,&quot;jet_parallax_layout_direction&quot;:&quot;1&quot;,&quot;jet_parallax_layout_fx_direction&quot;:null,&quot;jet_parallax_layout_z_index&quot;:&quot;&quot;,&quot;jet_parallax_layout_bg_x&quot;:50,&quot;jet_parallax_layout_bg_x_tablet&quot;:&quot;&quot;,&quot;jet_parallax_layout_bg_x_mobile&quot;:&quot;&quot;,&quot;jet_parallax_layout_bg_y&quot;:50,&quot;jet_parallax_layout_bg_y_tablet&quot;:&quot;&quot;,&quot;jet_parallax_layout_bg_y_mobile&quot;:&quot;&quot;,&quot;jet_parallax_layout_bg_size&quot;:&quot;auto&quot;,&quot;jet_parallax_layout_bg_size_tablet&quot;:&quot;&quot;,&quot;jet_parallax_layout_bg_size_mobile&quot;:&quot;&quot;,&quot;jet_parallax_layout_animation_prop&quot;:&quot;transform&quot;,&quot;jet_parallax_layout_on&quot;:[&quot;desktop&quot;,&quot;tablet&quot;]}]}\">\n\t\t\t\t\t\t<div class=\"elementor-container elementor-column-gap-default\">\n\t\t\t\t\t<div class=\"elementor-column elementor-col-100 elementor-top-column elementor-element elementor-element-ce3b5b8\" data-id=\"ce3b5b8\" data-element_type=\"column\">\n\t\t\t<div class=\"elementor-widget-wrap\">\n\t\t\t\t\t\t\t<\/div>\n\t\t<\/div>\n\t\t\t\t\t<\/div>\n\t\t<\/section>\n\t\t\t\t<\/div>\n\t\t","protected":false},"excerpt":{"rendered":"<p>Klaster region\u00e1lneho rozvoja sa z\u00fa\u010dastn\u00ed na 2. N\u00e1rodnej klastrovej konferencii, ktor\u00e1 je v\u00fdznamn\u00fdm podujat\u00edm zameran\u00fdm na inov\u00e1cie a posil\u0148ovanie spolupr\u00e1ce medzi klastrami. Konferencia predstavuje platformu pre odborn\u00edkov a l\u00eddrov z r\u00f4znych sektorov, aby spolo\u010dne diskutovali o najnov\u0161\u00edch trendoch, v\u00fdzvach a pr\u00edle\u017eitostiach v oblasti region\u00e1lneho rozvoja. \u00da\u010dastn\u00edci sa m\u00f4\u017eu te\u0161i\u0165 na s\u00e9riu workshopov, predn\u00e1\u0161ok a panelov\u00fdch [&hellip;]<\/p>\n","protected":false},"author":15,"featured_media":13356,"comment_status":"closed","ping_status":"open","sticky":false,"template":"","format":"standard","meta":{"_acf_changed":false,"footnotes":""},"categories":[158,93],"tags":[],"class_list":["post-13353","post","type-post","status-publish","format-standard","has-post-thumbnail","hentry","category-ine-aktuality","category-novinky"],"acf":[],"_links":{"self":[{"href":"https:\/\/d.r1.wbsprt.com\/krr.sk\/wp-json\/wp\/v2\/posts\/13353","targetHints":{"allow":["GET"]}}],"collection":[{"href":"https:\/\/d.r1.wbsprt.com\/krr.sk\/wp-json\/wp\/v2\/posts"}],"about":[{"href":"https:\/\/d.r1.wbsprt.com\/krr.sk\/wp-json\/wp\/v2\/types\/post"}],"author":[{"embeddable":true,"href":"https:\/\/d.r1.wbsprt.com\/krr.sk\/wp-json\/wp\/v2\/users\/15"}],"replies":[{"embeddable":true,"href":"https:\/\/d.r1.wbsprt.com\/krr.sk\/wp-json\/wp\/v2\/comments?post=13353"}],"version-history":[{"count":5,"href":"https:\/\/d.r1.wbsprt.com\/krr.sk\/wp-json\/wp\/v2\/posts\/13353\/revisions"}],"predecessor-version":[{"id":13361,"href":"https:\/\/d.r1.wbsprt.com\/krr.sk\/wp-json\/wp\/v2\/posts\/13353\/revisions\/13361"}],"wp:featuredmedia":[{"embeddable":true,"href":"https:\/\/d.r1.wbsprt.com\/krr.sk\/wp-json\/wp\/v2\/media\/13356"}],"wp:attachment":[{"href":"https:\/\/d.r1.wbsprt.com\/krr.sk\/wp-json\/wp\/v2\/media?parent=13353"}],"wp:term":[{"taxonomy":"category","embeddable":true,"href":"https:\/\/d.r1.wbsprt.com\/krr.sk\/wp-json\/wp\/v2\/categories?post=13353"},{"taxonomy":"post_tag","embeddable":true,"href":"https:\/\/d.r1.wbsprt.com\/krr.sk\/wp-json\/wp\/v2\/tags?post=13353"}],"curies":[{"name":"wp","href":"https:\/\/api.w.org\/{rel}","templated":true}]}}