{"id":11776,"date":"2022-07-10T15:14:23","date_gmt":"2022-07-10T13:14:23","guid":{"rendered":"https:\/\/krr.sk\/?p=11776"},"modified":"2022-07-10T15:15:40","modified_gmt":"2022-07-10T13:15:40","slug":"medzinarodna-konferencia-icprpi-incoop","status":"publish","type":"post","link":"https:\/\/d.r1.wbsprt.com\/krr.sk\/medzinarodna-konferencia-icprpi-incoop\/","title":{"rendered":"Medzin\u00e1rodn\u00e1 konferencia (ICPRPI) &#8211; InCOOP"},"content":{"rendered":"\t\t<div data-elementor-type=\"wp-post\" data-elementor-id=\"11776\" class=\"elementor elementor-11776\" data-elementor-post-type=\"post\">\n\t\t\t\t\t\t<section class=\"elementor-section elementor-top-section elementor-element elementor-element-f44f7bf elementor-section-boxed elementor-section-height-default elementor-section-height-default\" data-id=\"f44f7bf\" data-element_type=\"section\" data-settings=\"{&quot;jet_parallax_layout_list&quot;:[{&quot;jet_parallax_layout_image&quot;:{&quot;url&quot;:&quot;&quot;,&quot;id&quot;:&quot;&quot;,&quot;size&quot;:&quot;&quot;},&quot;_id&quot;:&quot;b5b85f4&quot;,&quot;jet_parallax_layout_image_tablet&quot;:{&quot;url&quot;:&quot;&quot;,&quot;id&quot;:&quot;&quot;,&quot;size&quot;:&quot;&quot;},&quot;jet_parallax_layout_image_mobile&quot;:{&quot;url&quot;:&quot;&quot;,&quot;id&quot;:&quot;&quot;,&quot;size&quot;:&quot;&quot;},&quot;jet_parallax_layout_speed&quot;:{&quot;unit&quot;:&quot;%&quot;,&quot;size&quot;:50,&quot;sizes&quot;:[]},&quot;jet_parallax_layout_type&quot;:&quot;scroll&quot;,&quot;jet_parallax_layout_direction&quot;:&quot;1&quot;,&quot;jet_parallax_layout_fx_direction&quot;:null,&quot;jet_parallax_layout_z_index&quot;:&quot;&quot;,&quot;jet_parallax_layout_bg_x&quot;:50,&quot;jet_parallax_layout_bg_x_tablet&quot;:&quot;&quot;,&quot;jet_parallax_layout_bg_x_mobile&quot;:&quot;&quot;,&quot;jet_parallax_layout_bg_y&quot;:50,&quot;jet_parallax_layout_bg_y_tablet&quot;:&quot;&quot;,&quot;jet_parallax_layout_bg_y_mobile&quot;:&quot;&quot;,&quot;jet_parallax_layout_bg_size&quot;:&quot;auto&quot;,&quot;jet_parallax_layout_bg_size_tablet&quot;:&quot;&quot;,&quot;jet_parallax_layout_bg_size_mobile&quot;:&quot;&quot;,&quot;jet_parallax_layout_animation_prop&quot;:&quot;transform&quot;,&quot;jet_parallax_layout_on&quot;:[&quot;desktop&quot;,&quot;tablet&quot;]}]}\">\n\t\t\t\t\t\t<div class=\"elementor-container elementor-column-gap-default\">\n\t\t\t\t\t<div class=\"elementor-column elementor-col-100 elementor-top-column elementor-element elementor-element-273ff047\" data-id=\"273ff047\" data-element_type=\"column\">\n\t\t\t<div class=\"elementor-widget-wrap elementor-element-populated\">\n\t\t\t\t\t\t<div class=\"elementor-element elementor-element-270a0261 elementor-widget elementor-widget-text-editor\" data-id=\"270a0261\" data-element_type=\"widget\" data-widget_type=\"text-editor.default\">\n\t\t\t\t<div class=\"elementor-widget-container\">\n\t\t\t\t\t\t\t\t\t\n<p>V r\u00e1mci projektu InCOOP, ktor\u00fd realizujeme cez program Eur\u00f3pa pre ob\u010danov, v\u00e1s poz\u00fdvame na \u201cMedzin\u00e1rodn\u00fa konferenciu o participat\u00edvnych n\u00e1strojoch region\u00e1lnej politiky\u201d, ktor\u00e1 sa bude kona\u0165 11.7.2022, v C\u00edferi. Na konferencii bud\u00fa pr\u00edtomn\u00ed aj partneri z projektu a to z organiz\u00e1cie CEPESE a La Cosecha. <\/p>\n\n\n\n<p>Agenda bude spo\u010d\u00edva\u0165 prim\u00e1rne z aktiv\u00edt na\u0161ich partnerov, kde na \u00favod sa z\u00e1stupca organiz\u00e1cie CEPESE uvedie a odprezentuje v\u00fdskum, ktor\u00fd vykon\u00e1val po\u010das trvania projektu. Nasledova\u0165 bude diskusia na p\u00f3diu kde partneri zodpovedia viacer\u00e9 ot\u00e1zky. Po obede si uk\u00e1\u017eeme uk\u00e1\u017eku dokument\u00e1rneho filmu, ktor\u00fa bude sprev\u00e1adza\u0165 z\u00e1stupca La Cosecha, ktor\u00fd viedol nat\u00e1\u010danie a strih. N\u00e1sledne si bud\u00fa m\u00f4c\u0165 n\u00e1v\u0161tevn\u00edc\u00ed pozrie\u0165 region\u00e1lne produkty a v\u00fdrobcov. Ked\u017ee sa projekt bl\u00ed\u017ei ku koncu, de\u0148 ukon\u010d\u00edme diskusiou partnerov na p\u00f3diu o projektovej spolupr\u00e1ci a v\u00fdstupoch na ktor\u00fdch sa podielali po\u010das trvania projektu.\u00a0<\/p>\n\t\t\t\t\t\t\t\t<\/div>\n\t\t\t\t<\/div>\n\t\t\t\t\t<\/div>\n\t\t<\/div>\n\t\t\t\t\t<\/div>\n\t\t<\/section>\n\t\t\t\t<section class=\"elementor-section elementor-top-section elementor-element elementor-element-cf953a4 elementor-section-boxed elementor-section-height-default elementor-section-height-default\" data-id=\"cf953a4\" data-element_type=\"section\" data-settings=\"{&quot;jet_parallax_layout_list&quot;:[{&quot;jet_parallax_layout_image&quot;:{&quot;url&quot;:&quot;&quot;,&quot;id&quot;:&quot;&quot;,&quot;size&quot;:&quot;&quot;},&quot;_id&quot;:&quot;c06d777&quot;,&quot;jet_parallax_layout_image_tablet&quot;:{&quot;url&quot;:&quot;&quot;,&quot;id&quot;:&quot;&quot;,&quot;size&quot;:&quot;&quot;},&quot;jet_parallax_layout_image_mobile&quot;:{&quot;url&quot;:&quot;&quot;,&quot;id&quot;:&quot;&quot;,&quot;size&quot;:&quot;&quot;},&quot;jet_parallax_layout_speed&quot;:{&quot;unit&quot;:&quot;%&quot;,&quot;size&quot;:50,&quot;sizes&quot;:[]},&quot;jet_parallax_layout_type&quot;:&quot;scroll&quot;,&quot;jet_parallax_layout_direction&quot;:&quot;1&quot;,&quot;jet_parallax_layout_fx_direction&quot;:null,&quot;jet_parallax_layout_z_index&quot;:&quot;&quot;,&quot;jet_parallax_layout_bg_x&quot;:50,&quot;jet_parallax_layout_bg_x_tablet&quot;:&quot;&quot;,&quot;jet_parallax_layout_bg_x_mobile&quot;:&quot;&quot;,&quot;jet_parallax_layout_bg_y&quot;:50,&quot;jet_parallax_layout_bg_y_tablet&quot;:&quot;&quot;,&quot;jet_parallax_layout_bg_y_mobile&quot;:&quot;&quot;,&quot;jet_parallax_layout_bg_size&quot;:&quot;auto&quot;,&quot;jet_parallax_layout_bg_size_tablet&quot;:&quot;&quot;,&quot;jet_parallax_layout_bg_size_mobile&quot;:&quot;&quot;,&quot;jet_parallax_layout_animation_prop&quot;:&quot;transform&quot;,&quot;jet_parallax_layout_on&quot;:[&quot;desktop&quot;,&quot;tablet&quot;]}]}\">\n\t\t\t\t\t\t<div class=\"elementor-container elementor-column-gap-default\">\n\t\t\t\t\t<div class=\"elementor-column elementor-col-100 elementor-top-column elementor-element elementor-element-caba9f8\" data-id=\"caba9f8\" data-element_type=\"column\">\n\t\t\t<div class=\"elementor-widget-wrap elementor-element-populated\">\n\t\t\t\t\t\t<div class=\"elementor-element elementor-element-de102da elementor-widget elementor-widget-image\" data-id=\"de102da\" data-element_type=\"widget\" data-widget_type=\"image.default\">\n\t\t\t\t<div class=\"elementor-widget-container\">\n\t\t\t\t\t\t\t\t\t\t\t\t\t\t\t<img fetchpriority=\"high\" decoding=\"async\" width=\"576\" height=\"1024\" src=\"https:\/\/krr.sk\/wp-content\/uploads\/2022\/07\/BBCDCB10-1FA1-4B0A-84EE-703DFDE2A3C3-576x1024.png\" class=\"attachment-large size-large wp-image-11779\" alt=\"\" srcset=\"https:\/\/krr.sk\/wp-content\/uploads\/2022\/07\/BBCDCB10-1FA1-4B0A-84EE-703DFDE2A3C3-576x1024.png 576w, https:\/\/krr.sk\/wp-content\/uploads\/2022\/07\/BBCDCB10-1FA1-4B0A-84EE-703DFDE2A3C3-169x300.png 169w, https:\/\/krr.sk\/wp-content\/uploads\/2022\/07\/BBCDCB10-1FA1-4B0A-84EE-703DFDE2A3C3-768x1365.png 768w, https:\/\/krr.sk\/wp-content\/uploads\/2022\/07\/BBCDCB10-1FA1-4B0A-84EE-703DFDE2A3C3-864x1536.png 864w, https:\/\/krr.sk\/wp-content\/uploads\/2022\/07\/BBCDCB10-1FA1-4B0A-84EE-703DFDE2A3C3-562x999.png 562w, https:\/\/krr.sk\/wp-content\/uploads\/2022\/07\/BBCDCB10-1FA1-4B0A-84EE-703DFDE2A3C3.png 1080w\" sizes=\"(max-width: 576px) 100vw, 576px\" \/>\t\t\t\t\t\t\t\t\t\t\t\t\t\t\t<\/div>\n\t\t\t\t<\/div>\n\t\t\t\t\t<\/div>\n\t\t<\/div>\n\t\t\t\t\t<\/div>\n\t\t<\/section>\n\t\t\t\t<\/div>\n\t\t","protected":false},"excerpt":{"rendered":"<p>V r\u00e1mci projektu InCOOP, ktor\u00fd realizujeme cez program Eur\u00f3pa pre ob\u010danov, v\u00e1s poz\u00fdvame na \u201cMedzin\u00e1rodn\u00fa konferenciu o participat\u00edvnych n\u00e1strojoch region\u00e1lnej politiky\u201d, ktor\u00e1 sa bude kona\u0165 11.7.2022, v C\u00edferi. Na konferencii bud\u00fa pr\u00edtomn\u00ed aj partneri z projektu a to z organiz\u00e1cie CEPESE a La Cosecha. Agenda bude spo\u010d\u00edva\u0165 prim\u00e1rne z aktiv\u00edt na\u0161ich partnerov, kde na \u00favod [&hellip;]<\/p>\n","protected":false},"author":10,"featured_media":11777,"comment_status":"closed","ping_status":"open","sticky":false,"template":"","format":"standard","meta":{"_acf_changed":false,"footnotes":""},"categories":[138,167,93,80,89],"tags":[],"class_list":["post-11776","post","type-post","status-publish","format-standard","has-post-thumbnail","hentry","category-cestovny-ruch-a-turizmus-aktuality","category-incoop-incoop","category-novinky","category-vsetky-clanky","category-zcinnostiklastra"],"acf":[],"_links":{"self":[{"href":"https:\/\/d.r1.wbsprt.com\/krr.sk\/wp-json\/wp\/v2\/posts\/11776","targetHints":{"allow":["GET"]}}],"collection":[{"href":"https:\/\/d.r1.wbsprt.com\/krr.sk\/wp-json\/wp\/v2\/posts"}],"about":[{"href":"https:\/\/d.r1.wbsprt.com\/krr.sk\/wp-json\/wp\/v2\/types\/post"}],"author":[{"embeddable":true,"href":"https:\/\/d.r1.wbsprt.com\/krr.sk\/wp-json\/wp\/v2\/users\/10"}],"replies":[{"embeddable":true,"href":"https:\/\/d.r1.wbsprt.com\/krr.sk\/wp-json\/wp\/v2\/comments?post=11776"}],"version-history":[{"count":4,"href":"https:\/\/d.r1.wbsprt.com\/krr.sk\/wp-json\/wp\/v2\/posts\/11776\/revisions"}],"predecessor-version":[{"id":11782,"href":"https:\/\/d.r1.wbsprt.com\/krr.sk\/wp-json\/wp\/v2\/posts\/11776\/revisions\/11782"}],"wp:featuredmedia":[{"embeddable":true,"href":"https:\/\/d.r1.wbsprt.com\/krr.sk\/wp-json\/wp\/v2\/media\/11777"}],"wp:attachment":[{"href":"https:\/\/d.r1.wbsprt.com\/krr.sk\/wp-json\/wp\/v2\/media?parent=11776"}],"wp:term":[{"taxonomy":"category","embeddable":true,"href":"https:\/\/d.r1.wbsprt.com\/krr.sk\/wp-json\/wp\/v2\/categories?post=11776"},{"taxonomy":"post_tag","embeddable":true,"href":"https:\/\/d.r1.wbsprt.com\/krr.sk\/wp-json\/wp\/v2\/tags?post=11776"}],"curies":[{"name":"wp","href":"https:\/\/api.w.org\/{rel}","templated":true}]}}