{"id":11283,"date":"2022-05-26T14:52:14","date_gmt":"2022-05-26T12:52:14","guid":{"rendered":"https:\/\/krr.sk\/?p=11283"},"modified":"2022-05-31T11:40:51","modified_gmt":"2022-05-31T09:40:51","slug":"europsky-futbal-starostov-za-mier","status":"publish","type":"post","link":"https:\/\/d.r1.wbsprt.com\/krr.sk\/europsky-futbal-starostov-za-mier\/","title":{"rendered":"Eur\u00f3psky futbal starostov za mier"},"content":{"rendered":"\t\t<div data-elementor-type=\"wp-post\" data-elementor-id=\"11283\" class=\"elementor elementor-11283\" data-elementor-post-type=\"post\">\n\t\t\t\t\t\t<section class=\"elementor-section elementor-top-section elementor-element elementor-element-50e0067e elementor-section-boxed elementor-section-height-default elementor-section-height-default\" data-id=\"50e0067e\" data-element_type=\"section\" data-settings=\"{&quot;jet_parallax_layout_list&quot;:[{&quot;jet_parallax_layout_image&quot;:{&quot;url&quot;:&quot;&quot;,&quot;id&quot;:&quot;&quot;,&quot;size&quot;:&quot;&quot;},&quot;_id&quot;:&quot;5e3ae23&quot;,&quot;jet_parallax_layout_image_tablet&quot;:{&quot;url&quot;:&quot;&quot;,&quot;id&quot;:&quot;&quot;,&quot;size&quot;:&quot;&quot;},&quot;jet_parallax_layout_image_mobile&quot;:{&quot;url&quot;:&quot;&quot;,&quot;id&quot;:&quot;&quot;,&quot;size&quot;:&quot;&quot;},&quot;jet_parallax_layout_speed&quot;:{&quot;unit&quot;:&quot;%&quot;,&quot;size&quot;:50,&quot;sizes&quot;:[]},&quot;jet_parallax_layout_type&quot;:&quot;scroll&quot;,&quot;jet_parallax_layout_direction&quot;:&quot;1&quot;,&quot;jet_parallax_layout_fx_direction&quot;:null,&quot;jet_parallax_layout_z_index&quot;:&quot;&quot;,&quot;jet_parallax_layout_bg_x&quot;:50,&quot;jet_parallax_layout_bg_x_tablet&quot;:&quot;&quot;,&quot;jet_parallax_layout_bg_x_mobile&quot;:&quot;&quot;,&quot;jet_parallax_layout_bg_y&quot;:50,&quot;jet_parallax_layout_bg_y_tablet&quot;:&quot;&quot;,&quot;jet_parallax_layout_bg_y_mobile&quot;:&quot;&quot;,&quot;jet_parallax_layout_bg_size&quot;:&quot;auto&quot;,&quot;jet_parallax_layout_bg_size_tablet&quot;:&quot;&quot;,&quot;jet_parallax_layout_bg_size_mobile&quot;:&quot;&quot;,&quot;jet_parallax_layout_animation_prop&quot;:&quot;transform&quot;,&quot;jet_parallax_layout_on&quot;:[&quot;desktop&quot;,&quot;tablet&quot;]}]}\">\n\t\t\t\t\t\t<div class=\"elementor-container elementor-column-gap-default\">\n\t\t\t\t\t<div class=\"elementor-column elementor-col-100 elementor-top-column elementor-element elementor-element-21c2c1f5\" data-id=\"21c2c1f5\" data-element_type=\"column\">\n\t\t\t<div class=\"elementor-widget-wrap elementor-element-populated\">\n\t\t\t\t\t\t<div class=\"elementor-element elementor-element-6902208f elementor-widget elementor-widget-text-editor\" data-id=\"6902208f\" data-element_type=\"widget\" data-widget_type=\"text-editor.default\">\n\t\t\t\t<div class=\"elementor-widget-container\">\n\t\t\t\t\t\t\t\t\t\n<p><em><strong>Futbalov\u00e1 asoci\u00e1cia starostov Slovenskej republiky<\/strong><\/em>\u00a0je organiz\u00e1torom podujatia &#8220;<strong>Eur\u00f3psky futbal starostov za mier<\/strong>&#8220;, charitat\u00edvneho podujatia na pomoc Ukrajine. Podujatie anima\u010dne a technicky podporuje aj Klaster region\u00e1lneho rozvoja a iniciat\u00edva zaPOIsa. Po majstrovstv\u00e1ch, organizovan\u00fdch v roku 2012 po\u013esk\u00fdmi starostami v meste Tychy a v roku 2016 \u010desk\u00fdmi starosta v Uherskom Hradi\u0161ti,  mali slovensk\u00ed starostovia prevzia\u0165 \u0161tafetu a priv\u00edta\u0165 kolegov z celej Eur\u00f3py na 3. \u0161ampion\u00e1te v meste Trnava na Slovensku. Zo spolupatri\u010dnosti vo\u010di na\u0161im kolegom z Ukrajiny, ktor\u00ed by sa radi z\u00fa\u010dastnili najbli\u017e\u0161\u00edch majstrovstiev sme sa rozhodli ofici\u00e1lne majstrovstv\u00e1 Eur\u00f3py v malom futbale zru\u0161i\u0165. V p\u00f4vodnom term\u00edne majstrovstiev, v d\u0148och\u00a0<strong>29.5. \u2013 1.6.2022<\/strong>\u00a0v\u0161ak t\u00edmy starostov zabojuj\u00fa o\u00a0<strong>poh\u00e1r majstra turnaja<\/strong>\u00a0na podujat\u00ed Eur\u00f3psky futbal starostov za mier.<\/p>\n\t\t\t\t\t\t\t\t<\/div>\n\t\t\t\t<\/div>\n\t\t\t\t\t<\/div>\n\t\t<\/div>\n\t\t\t\t\t<\/div>\n\t\t<\/section>\n\t\t\t\t<section class=\"elementor-section elementor-top-section elementor-element elementor-element-332acd9 elementor-section-boxed elementor-section-height-default elementor-section-height-default\" data-id=\"332acd9\" data-element_type=\"section\" data-settings=\"{&quot;jet_parallax_layout_list&quot;:[{&quot;jet_parallax_layout_image&quot;:{&quot;url&quot;:&quot;&quot;,&quot;id&quot;:&quot;&quot;,&quot;size&quot;:&quot;&quot;},&quot;_id&quot;:&quot;be609fa&quot;,&quot;jet_parallax_layout_image_tablet&quot;:{&quot;url&quot;:&quot;&quot;,&quot;id&quot;:&quot;&quot;,&quot;size&quot;:&quot;&quot;},&quot;jet_parallax_layout_image_mobile&quot;:{&quot;url&quot;:&quot;&quot;,&quot;id&quot;:&quot;&quot;,&quot;size&quot;:&quot;&quot;},&quot;jet_parallax_layout_speed&quot;:{&quot;unit&quot;:&quot;%&quot;,&quot;size&quot;:50,&quot;sizes&quot;:[]},&quot;jet_parallax_layout_type&quot;:&quot;scroll&quot;,&quot;jet_parallax_layout_direction&quot;:&quot;1&quot;,&quot;jet_parallax_layout_fx_direction&quot;:null,&quot;jet_parallax_layout_z_index&quot;:&quot;&quot;,&quot;jet_parallax_layout_bg_x&quot;:50,&quot;jet_parallax_layout_bg_x_tablet&quot;:&quot;&quot;,&quot;jet_parallax_layout_bg_x_mobile&quot;:&quot;&quot;,&quot;jet_parallax_layout_bg_y&quot;:50,&quot;jet_parallax_layout_bg_y_tablet&quot;:&quot;&quot;,&quot;jet_parallax_layout_bg_y_mobile&quot;:&quot;&quot;,&quot;jet_parallax_layout_bg_size&quot;:&quot;auto&quot;,&quot;jet_parallax_layout_bg_size_tablet&quot;:&quot;&quot;,&quot;jet_parallax_layout_bg_size_mobile&quot;:&quot;&quot;,&quot;jet_parallax_layout_animation_prop&quot;:&quot;transform&quot;,&quot;jet_parallax_layout_on&quot;:[&quot;desktop&quot;,&quot;tablet&quot;]}]}\">\n\t\t\t\t\t\t<div class=\"elementor-container elementor-column-gap-default\">\n\t\t\t\t\t<div class=\"elementor-column elementor-col-100 elementor-top-column elementor-element elementor-element-9973a42\" data-id=\"9973a42\" data-element_type=\"column\">\n\t\t\t<div class=\"elementor-widget-wrap elementor-element-populated\">\n\t\t\t\t\t\t<div class=\"elementor-element elementor-element-551a62e elementor-widget elementor-widget-text-editor\" data-id=\"551a62e\" data-element_type=\"widget\" data-widget_type=\"text-editor.default\">\n\t\t\t\t<div class=\"elementor-widget-container\">\n\t\t\t\t\t\t\t\t\t<table style=\"margin: 0px; padding: 0px; border-color: #cccccc; width: 892px; color: #000000; font-family: Montserrat, sans-serif; font-size: 14.4px;\" border=\"1\" width=\"400\" cellspacing=\"1\" cellpadding=\"0\">\n<tbody style=\"margin: 0px; padding: 0px;\">\n<tr style=\"margin: 0px; padding: 0px;\">\n<td style=\"margin: 0px; padding: 3px; font-size: 1em; border-color: #cccccc; border-collapse: collapse;\">\n<p style=\"margin-bottom: 0px; padding: 0px; line-height: 21.6px; font-size: 1em;\" align=\"center\"><strong style=\"margin: 0px; padding: 0px;\">29.05.2022 Nede\u013ea<\/strong><\/p>\n<\/td>\n<td style=\"margin: 0px; padding: 3px; font-size: 1em; border-color: #cccccc; border-collapse: collapse;\">\n<ul style=\"margin-top: 5px; margin-bottom: 5px; margin-left: 0px; padding-top: 0px; padding-bottom: 0px; padding-left: 6px;\">\n<li style=\"margin: 4px 10px; padding: 0px;\">do 16:00 pr\u00edchod a ubytovanie v hoteli<\/li>\n<li style=\"margin: 4px 10px; padding: 0px;\">o 20:00 stretnutie ved\u00facich t\u00edmov<\/li>\n<\/ul>\n<\/td>\n<\/tr>\n<tr style=\"margin: 0px; padding: 0px;\">\n<td style=\"margin: 0px; padding: 3px; font-size: 1em; border-color: #cccccc; border-collapse: collapse;\">\n<p style=\"margin-bottom: 0px; padding: 0px; line-height: 21.6px; font-size: 1em;\" align=\"center\"><strong style=\"margin: 0px; padding: 0px;\">30.05.2022 Pondelok<\/strong><\/p>\n<\/td>\n<td style=\"margin: 0px; padding: 3px; font-size: 1em; border-color: #cccccc; border-collapse: collapse;\">\n<ul style=\"margin-top: 5px; margin-bottom: 5px; margin-left: 0px; padding-top: 0px; padding-bottom: 0px; padding-left: 6px;\">\n<li style=\"margin: 4px 10px; padding: 0px;\">9:00 sl\u00e1vnostn\u00e9 otvorenie<\/li>\n<li style=\"margin: 4px 10px; padding: 0px;\">od 10:00 do 18:30 hry skupinovej f\u00e1zy<\/li>\n<\/ul>\n<\/td>\n<\/tr>\n<tr style=\"margin: 0px; padding: 0px;\">\n<td style=\"margin: 0px; padding: 3px; font-size: 1em; border-color: #cccccc; border-collapse: collapse;\">\n<p style=\"margin-bottom: 0px; padding: 0px; line-height: 21.6px; font-size: 1em;\" align=\"center\"><strong style=\"margin: 0px; padding: 0px;\">31.05.2022 Utorok<\/strong><\/p>\n<\/td>\n<td style=\"margin: 0px; padding: 3px; font-size: 1em; border-color: #cccccc; border-collapse: collapse;\">\n<ul style=\"margin-top: 5px; margin-bottom: 5px; margin-left: 0px; padding-top: 0px; padding-bottom: 0px; padding-left: 6px;\">\n<li style=\"margin: 4px 10px; padding: 0px;\">od 8:30 do 11:30 hry skupinovej f\u00e1zy<\/li>\n<li style=\"margin: 4px 10px; padding: 0px;\">od 12:00 do 17:00 play off<\/li>\n<\/ul>\n<\/td>\n<\/tr>\n<tr style=\"margin: 0px; padding: 0px;\">\n<td style=\"margin: 0px; padding: 3px; font-size: 1em; border-color: #cccccc; border-collapse: collapse;\">\n<p style=\"margin-bottom: 0px; padding: 0px; line-height: 21.6px; font-size: 1em;\" align=\"center\"><strong style=\"margin: 0px; padding: 0px;\">1.06.2022 Streda<\/strong><\/p>\n<\/td>\n<td style=\"margin: 0px; padding: 3px; font-size: 1em; border-color: #cccccc; border-collapse: collapse;\">\n<ul style=\"margin-top: 5px; margin-bottom: 5px; margin-left: 0px; padding-top: 0px; padding-bottom: 0px; padding-left: 6px;\">\n<li style=\"margin: 4px 10px; padding: 0px;\">od 8:30 do 16:00 play off<\/li>\n<li style=\"margin: 4px 10px; padding: 0px;\">16:00 &#8211; 17:30 fin\u00e1le<\/li>\n<li style=\"margin: 4px 10px; padding: 0px;\">19:30\u00a0sl\u00e1vnostn\u00e9 vyhodnotenie turnaja<\/li>\n<\/ul>\n<\/td>\n<\/tr>\n<\/tbody>\n<\/table>\t\t\t\t\t\t\t\t<\/div>\n\t\t\t\t<\/div>\n\t\t\t\t\t<\/div>\n\t\t<\/div>\n\t\t\t\t\t<\/div>\n\t\t<\/section>\n\t\t\t\t<section class=\"elementor-section elementor-top-section elementor-element elementor-element-0457ad9 elementor-section-boxed elementor-section-height-default elementor-section-height-default\" data-id=\"0457ad9\" data-element_type=\"section\" data-settings=\"{&quot;jet_parallax_layout_list&quot;:[{&quot;jet_parallax_layout_image&quot;:{&quot;url&quot;:&quot;&quot;,&quot;id&quot;:&quot;&quot;,&quot;size&quot;:&quot;&quot;},&quot;_id&quot;:&quot;ccfe613&quot;,&quot;jet_parallax_layout_image_tablet&quot;:{&quot;url&quot;:&quot;&quot;,&quot;id&quot;:&quot;&quot;,&quot;size&quot;:&quot;&quot;},&quot;jet_parallax_layout_image_mobile&quot;:{&quot;url&quot;:&quot;&quot;,&quot;id&quot;:&quot;&quot;,&quot;size&quot;:&quot;&quot;},&quot;jet_parallax_layout_speed&quot;:{&quot;unit&quot;:&quot;%&quot;,&quot;size&quot;:50,&quot;sizes&quot;:[]},&quot;jet_parallax_layout_type&quot;:&quot;scroll&quot;,&quot;jet_parallax_layout_direction&quot;:&quot;1&quot;,&quot;jet_parallax_layout_fx_direction&quot;:null,&quot;jet_parallax_layout_z_index&quot;:&quot;&quot;,&quot;jet_parallax_layout_bg_x&quot;:50,&quot;jet_parallax_layout_bg_x_tablet&quot;:&quot;&quot;,&quot;jet_parallax_layout_bg_x_mobile&quot;:&quot;&quot;,&quot;jet_parallax_layout_bg_y&quot;:50,&quot;jet_parallax_layout_bg_y_tablet&quot;:&quot;&quot;,&quot;jet_parallax_layout_bg_y_mobile&quot;:&quot;&quot;,&quot;jet_parallax_layout_bg_size&quot;:&quot;auto&quot;,&quot;jet_parallax_layout_bg_size_tablet&quot;:&quot;&quot;,&quot;jet_parallax_layout_bg_size_mobile&quot;:&quot;&quot;,&quot;jet_parallax_layout_animation_prop&quot;:&quot;transform&quot;,&quot;jet_parallax_layout_on&quot;:[&quot;desktop&quot;,&quot;tablet&quot;]}]}\">\n\t\t\t\t\t\t<div class=\"elementor-container elementor-column-gap-default\">\n\t\t\t\t\t<div class=\"elementor-column elementor-col-100 elementor-top-column elementor-element elementor-element-e9c8dc4\" data-id=\"e9c8dc4\" data-element_type=\"column\">\n\t\t\t<div class=\"elementor-widget-wrap elementor-element-populated\">\n\t\t\t\t\t\t<div class=\"elementor-element elementor-element-2e33b01 elementor-widget elementor-widget-text-editor\" data-id=\"2e33b01\" data-element_type=\"widget\" data-widget_type=\"text-editor.default\">\n\t\t\t\t<div class=\"elementor-widget-container\">\n\t\t\t\t\t\t\t\t\t<p style=\"margin-bottom: 0px; padding: 0px; line-height: 21.6px; font-size: 14.4px; color: #000000; font-family: Montserrat, sans-serif;\">\u00a0<\/p>\n<h2 style=\"margin-top: 0px; margin-bottom: 0.7em; padding: 13px; width: 900px; font-size: 20px; font-weight: bold; text-align: left; color: #ffffff; background: #ed2027; border-left: 20px solid #b60000; clear: both; font-family: Montserrat, sans-serif; letter-spacing: normal;\">Miesto konania:<\/h2>\n<p style=\"margin-bottom: 0px; padding: 0px; line-height: 21.6px; font-size: 14.4px; color: #000000; font-family: Montserrat, sans-serif;\">\u00a0<\/p>\n<p style=\"margin-bottom: 0px; padding: 0px; line-height: 21.6px; font-size: 14.4px; color: #000000; font-family: Montserrat, sans-serif;\"><strong style=\"margin: 0px; padding: 0px;\">\u0160portov\u00fd are\u00e1l A\u0160K Sl\u00e1via<br style=\"margin: 0px; padding: 0px;\" \/>Rybn\u00edkov\u00e1 15<br style=\"margin: 0px; padding: 0px;\" \/>917 01 Trnava<br style=\"margin: 0px; padding: 0px;\" \/>GPS s\u00faradnice:<br style=\"margin: 0px; padding: 0px;\" \/>N 48.384274 \/ E 17.587523<\/strong><\/p>\n<p style=\"margin-bottom: 0px; padding: 0px; line-height: 21.6px; font-size: 14.4px; color: #000000; font-family: Montserrat, sans-serif;\">\u00a0<\/p>\n<p style=\"margin-bottom: 0px; padding: 0px; line-height: 21.6px; font-size: 14.4px; color: #000000; font-family: Montserrat, sans-serif;\"><strong style=\"margin: 0px; padding: 0px;\">Are\u00e1l Sl\u00e1via Trnava<\/strong><br style=\"margin: 0px; padding: 0px;\" \/>A\u0160K Sl\u00e1via je rozsiahly \u0161portov\u00fd are\u00e1l, ktor\u00e9ho dominantnou \u010das\u0165ou je modern\u00fd atletick\u00fd \u0161tadi\u00f3n uprostred cel\u00e9ho are\u00e1lu, ktor\u00fd je v\u010faka svojmu tartanov\u00e9mu povrchu vhodn\u00fdm miestom na tr\u00e9ningy a atletick\u00e9 s\u00fa\u0165a\u017ee. Sl\u00e1via v sebe okrem in\u00e9ho sp\u00e1ja Outdoorov\u00e9 lanov\u00e9 centrum, tenisov\u00fd klub OZ a tie\u017e \u0160port centrum Pohoda. \u013dudia z okolia Trnavy poznaj\u00fa tento are\u00e1l ako miesto, kde sa v letn\u00fdch mesiacov stret\u00e1vaj\u00fa v\u0161etci t\u00ed, ktor\u00ed chc\u00fa na chv\u00ed\u013eu \u201evypadn\u00fa\u0165 na \u010derstv\u00fd vzduch\u201c a urobi\u0165 nie\u010do pre svoje telo. Ob\u013e\u00faben\u00e1 asfaltov\u00e1 dr\u00e1ha je v\u017edy pln\u00e1 kor\u010duliarov a be\u017ecov, ktor\u00ed popri svojej \u010dinnosti \u010dasto st\u00edhaj\u00fa pozorova\u0165 aj t\u00fdch, ktor\u00fdm to viac ide s loptou. Sl\u00e1via toti\u017e pon\u00faka nielen nohejbalov\u00e9, ale tie\u017e \u0161es\u0165 futbalov\u00fdch ihr\u00edsk.<br style=\"margin: 0px; padding: 0px;\" \/><br style=\"margin: 0px; padding: 0px;\" \/>\u00a0<\/p>\n<h2 style=\"margin-top: 0px; margin-bottom: 0.7em; padding: 13px; width: 900px; font-size: 20px; font-weight: bold; text-align: justify; color: #ffffff; background: #ed2027; border-left: 20px solid #b60000; clear: both; font-family: Montserrat, sans-serif; letter-spacing: normal;\"><strong style=\"margin: 0px; padding: 0px;\">Trnava, Slovensko<\/strong><\/h2>\n<p style=\"margin-bottom: 0px; padding: 0px; line-height: 21.6px; font-size: 14.4px; color: #000000; font-family: Montserrat, sans-serif; text-align: justify;\"><br style=\"margin: 0px; padding: 0px;\" \/>Trnava je jedno z najstar\u0161\u00edch a najd\u00f4le\u017eitej\u0161\u00edch slovensk\u00fdch miest. Je to centrum doln\u00e9ho Pova\u017eia, s\u00eddlo Trnavsk\u00e9ho samospr\u00e1vneho kraja a Trnavsk\u00e9ho okresu. Jedine\u010dnos\u0165 kult\u00farno-historick\u00fdch pamiatok a predov\u0161etk\u00fdm bohatstvo cirkevn\u00fdch stavieb s\u00fa hlavn\u00fdmi znakmi starobylej Trnavy, jedn\u00e9ho z najatrakt\u00edvnej\u0161\u00edch miest na Slovensku. S po\u010dtom 65.000 obyvate\u013eov je siedmym najv\u00e4\u010d\u0161\u00edm mestom na Slovensku.\u00a0<\/p>\n<p style=\"margin-bottom: 0px; padding: 0px; line-height: 21.6px; font-size: 14.4px; color: #000000; font-family: Montserrat, sans-serif; text-align: justify;\">Rozprestiera sa na okraji Z\u00e1padoslovenskej n\u00ed\u017einy, iba 50km od Bratislavy \u2013 hlavn\u00e9ho mesta Slovenskej Republiky. Rozloha mesta je 71,5km2. Mesto le\u017e\u00ed na kri\u017eovatke dia\u013enic a hlavn\u00fdch vlakov\u00fdch tr\u00e1s, ktor\u00e9 sp\u00e1jaj\u00fa v\u00fdchod a z\u00e1pad krajiny. Vzdialenos\u0165 do v\u00fdznamn\u00e9ho eur\u00f3pskeho mesta Viede\u0148 je 95km.\u00a0\u00a0<\/p>\t\t\t\t\t\t\t\t<\/div>\n\t\t\t\t<\/div>\n\t\t\t\t\t<\/div>\n\t\t<\/div>\n\t\t\t\t\t<\/div>\n\t\t<\/section>\n\t\t\t\t<section class=\"elementor-section elementor-top-section elementor-element elementor-element-efdb3a5 elementor-section-boxed elementor-section-height-default elementor-section-height-default\" data-id=\"efdb3a5\" data-element_type=\"section\" data-settings=\"{&quot;jet_parallax_layout_list&quot;:[{&quot;jet_parallax_layout_image&quot;:{&quot;url&quot;:&quot;&quot;,&quot;id&quot;:&quot;&quot;,&quot;size&quot;:&quot;&quot;},&quot;_id&quot;:&quot;0737058&quot;,&quot;jet_parallax_layout_image_tablet&quot;:{&quot;url&quot;:&quot;&quot;,&quot;id&quot;:&quot;&quot;,&quot;size&quot;:&quot;&quot;},&quot;jet_parallax_layout_image_mobile&quot;:{&quot;url&quot;:&quot;&quot;,&quot;id&quot;:&quot;&quot;,&quot;size&quot;:&quot;&quot;},&quot;jet_parallax_layout_speed&quot;:{&quot;unit&quot;:&quot;%&quot;,&quot;size&quot;:50,&quot;sizes&quot;:[]},&quot;jet_parallax_layout_type&quot;:&quot;scroll&quot;,&quot;jet_parallax_layout_direction&quot;:&quot;1&quot;,&quot;jet_parallax_layout_fx_direction&quot;:null,&quot;jet_parallax_layout_z_index&quot;:&quot;&quot;,&quot;jet_parallax_layout_bg_x&quot;:50,&quot;jet_parallax_layout_bg_x_tablet&quot;:&quot;&quot;,&quot;jet_parallax_layout_bg_x_mobile&quot;:&quot;&quot;,&quot;jet_parallax_layout_bg_y&quot;:50,&quot;jet_parallax_layout_bg_y_tablet&quot;:&quot;&quot;,&quot;jet_parallax_layout_bg_y_mobile&quot;:&quot;&quot;,&quot;jet_parallax_layout_bg_size&quot;:&quot;auto&quot;,&quot;jet_parallax_layout_bg_size_tablet&quot;:&quot;&quot;,&quot;jet_parallax_layout_bg_size_mobile&quot;:&quot;&quot;,&quot;jet_parallax_layout_animation_prop&quot;:&quot;transform&quot;,&quot;jet_parallax_layout_on&quot;:[&quot;desktop&quot;,&quot;tablet&quot;]}]}\">\n\t\t\t\t\t\t<div class=\"elementor-container elementor-column-gap-default\">\n\t\t\t\t\t<div class=\"elementor-column elementor-col-100 elementor-top-column elementor-element elementor-element-5cb29b6\" data-id=\"5cb29b6\" data-element_type=\"column\">\n\t\t\t<div class=\"elementor-widget-wrap elementor-element-populated\">\n\t\t\t\t\t\t<div class=\"elementor-element elementor-element-88f3d3a elementor-widget elementor-widget-image\" data-id=\"88f3d3a\" data-element_type=\"widget\" data-widget_type=\"image.default\">\n\t\t\t\t<div class=\"elementor-widget-container\">\n\t\t\t\t\t\t\t\t\t\t\t\t\t\t\t<img fetchpriority=\"high\" decoding=\"async\" width=\"588\" height=\"826\" src=\"https:\/\/d.r1.wbsprt.com\/krr.sk\/wp-content\/uploads\/2022\/05\/plagat-s-programom-SK.jpg\" class=\"attachment-large size-large wp-image-11285\" alt=\"\" srcset=\"https:\/\/d.r1.wbsprt.com\/krr.sk\/wp-content\/uploads\/2022\/05\/plagat-s-programom-SK.jpg 588w, https:\/\/d.r1.wbsprt.com\/krr.sk\/wp-content\/uploads\/2022\/05\/plagat-s-programom-SK-214x300.jpg 214w\" sizes=\"(max-width: 588px) 100vw, 588px\" \/>\t\t\t\t\t\t\t\t\t\t\t\t\t\t\t<\/div>\n\t\t\t\t<\/div>\n\t\t\t\t\t<\/div>\n\t\t<\/div>\n\t\t\t\t\t<\/div>\n\t\t<\/section>\n\t\t\t\t<\/div>\n\t\t","protected":false},"excerpt":{"rendered":"<p>Futbalov\u00e1 asoci\u00e1cia starostov Slovenskej republiky&nbsp;je organiz\u00e1torom podujatia &#8220;Eur\u00f3psky futbal starostov za mier&#8220;, charitat\u00edvneho podujatia na pomoc Ukrajine. Podujatie anima\u010dne a technicky podporuje aj Klaster region\u00e1lneho rozvoja a iniciat\u00edva zaPOIsa. Po majstrovstv\u00e1ch, organizovan\u00fdch v roku 2012 po\u013esk\u00fdmi starostami v meste Tychy a v roku 2016 \u010desk\u00fdmi starosta v Uherskom Hradi\u0161ti, mali slovensk\u00ed starostovia prevzia\u0165 \u0161tafetu a [&hellip;]<\/p>\n","protected":false},"author":9,"featured_media":11285,"comment_status":"closed","ping_status":"open","sticky":false,"template":"","format":"standard","meta":{"_acf_changed":false,"footnotes":""},"categories":[138,1,93,142],"tags":[],"class_list":["post-11283","post","type-post","status-publish","format-standard","has-post-thumbnail","hentry","category-cestovny-ruch-a-turizmus-aktuality","category-nezaradene","category-novinky","category-spolocenska-oblast"],"acf":[],"_links":{"self":[{"href":"https:\/\/d.r1.wbsprt.com\/krr.sk\/wp-json\/wp\/v2\/posts\/11283","targetHints":{"allow":["GET"]}}],"collection":[{"href":"https:\/\/d.r1.wbsprt.com\/krr.sk\/wp-json\/wp\/v2\/posts"}],"about":[{"href":"https:\/\/d.r1.wbsprt.com\/krr.sk\/wp-json\/wp\/v2\/types\/post"}],"author":[{"embeddable":true,"href":"https:\/\/d.r1.wbsprt.com\/krr.sk\/wp-json\/wp\/v2\/users\/9"}],"replies":[{"embeddable":true,"href":"https:\/\/d.r1.wbsprt.com\/krr.sk\/wp-json\/wp\/v2\/comments?post=11283"}],"version-history":[{"count":4,"href":"https:\/\/d.r1.wbsprt.com\/krr.sk\/wp-json\/wp\/v2\/posts\/11283\/revisions"}],"predecessor-version":[{"id":11289,"href":"https:\/\/d.r1.wbsprt.com\/krr.sk\/wp-json\/wp\/v2\/posts\/11283\/revisions\/11289"}],"wp:featuredmedia":[{"embeddable":true,"href":"https:\/\/d.r1.wbsprt.com\/krr.sk\/wp-json\/wp\/v2\/media\/11285"}],"wp:attachment":[{"href":"https:\/\/d.r1.wbsprt.com\/krr.sk\/wp-json\/wp\/v2\/media?parent=11283"}],"wp:term":[{"taxonomy":"category","embeddable":true,"href":"https:\/\/d.r1.wbsprt.com\/krr.sk\/wp-json\/wp\/v2\/categories?post=11283"},{"taxonomy":"post_tag","embeddable":true,"href":"https:\/\/d.r1.wbsprt.com\/krr.sk\/wp-json\/wp\/v2\/tags?post=11283"}],"curies":[{"name":"wp","href":"https:\/\/api.w.org\/{rel}","templated":true}]}}