{"id":10791,"date":"2022-04-04T14:21:25","date_gmt":"2022-04-04T12:21:25","guid":{"rendered":"https:\/\/krr.sk\/?p=10791"},"modified":"2022-04-16T17:25:33","modified_gmt":"2022-04-16T15:25:33","slug":"kontraktacno-predajny-veltrh-incoop-agrokomplex-nitra","status":"publish","type":"post","link":"https:\/\/d.r1.wbsprt.com\/krr.sk\/kontraktacno-predajny-veltrh-incoop-agrokomplex-nitra\/","title":{"rendered":"Kontrakta\u010dno-predajn\u00fd ve\u013etrh Caravan, Bike, Tourist v Nitre a prezent\u00e1cia projektu InCoop"},"content":{"rendered":"\t\t<div data-elementor-type=\"wp-post\" data-elementor-id=\"10791\" class=\"elementor elementor-10791\" data-elementor-post-type=\"post\">\n\t\t\t\t\t\t<section class=\"elementor-section elementor-top-section elementor-element elementor-element-2119d3c6 elementor-section-boxed elementor-section-height-default elementor-section-height-default\" data-id=\"2119d3c6\" data-element_type=\"section\" data-settings=\"{&quot;jet_parallax_layout_list&quot;:[{&quot;jet_parallax_layout_image&quot;:{&quot;url&quot;:&quot;&quot;,&quot;id&quot;:&quot;&quot;,&quot;size&quot;:&quot;&quot;},&quot;_id&quot;:&quot;0175c07&quot;,&quot;jet_parallax_layout_image_tablet&quot;:{&quot;url&quot;:&quot;&quot;,&quot;id&quot;:&quot;&quot;,&quot;size&quot;:&quot;&quot;},&quot;jet_parallax_layout_image_mobile&quot;:{&quot;url&quot;:&quot;&quot;,&quot;id&quot;:&quot;&quot;,&quot;size&quot;:&quot;&quot;},&quot;jet_parallax_layout_speed&quot;:{&quot;unit&quot;:&quot;%&quot;,&quot;size&quot;:50,&quot;sizes&quot;:[]},&quot;jet_parallax_layout_type&quot;:&quot;scroll&quot;,&quot;jet_parallax_layout_direction&quot;:&quot;1&quot;,&quot;jet_parallax_layout_fx_direction&quot;:null,&quot;jet_parallax_layout_z_index&quot;:&quot;&quot;,&quot;jet_parallax_layout_bg_x&quot;:50,&quot;jet_parallax_layout_bg_x_tablet&quot;:&quot;&quot;,&quot;jet_parallax_layout_bg_x_mobile&quot;:&quot;&quot;,&quot;jet_parallax_layout_bg_y&quot;:50,&quot;jet_parallax_layout_bg_y_tablet&quot;:&quot;&quot;,&quot;jet_parallax_layout_bg_y_mobile&quot;:&quot;&quot;,&quot;jet_parallax_layout_bg_size&quot;:&quot;auto&quot;,&quot;jet_parallax_layout_bg_size_tablet&quot;:&quot;&quot;,&quot;jet_parallax_layout_bg_size_mobile&quot;:&quot;&quot;,&quot;jet_parallax_layout_animation_prop&quot;:&quot;transform&quot;,&quot;jet_parallax_layout_on&quot;:[&quot;desktop&quot;,&quot;tablet&quot;]}]}\">\n\t\t\t\t\t\t<div class=\"elementor-container elementor-column-gap-default\">\n\t\t\t\t\t<div class=\"elementor-column elementor-col-100 elementor-top-column elementor-element elementor-element-941f9a8\" data-id=\"941f9a8\" data-element_type=\"column\">\n\t\t\t<div class=\"elementor-widget-wrap elementor-element-populated\">\n\t\t\t\t\t\t<div class=\"elementor-element elementor-element-401ab750 elementor-widget elementor-widget-text-editor\" data-id=\"401ab750\" data-element_type=\"widget\" data-widget_type=\"text-editor.default\">\n\t\t\t\t<div class=\"elementor-widget-container\">\n\t\t\t\t\t\t\t\t\t<p><\/p>\n<p>S bl\u00ed\u017eiacou sa akciou Caravan, Bike, Tourist 2022 &#8211; Agrokomplex, Nitra, by sme v\u00e1s radi pozvali na tento kontrakta\u010dno-predajn\u00fd ve\u013etrh, kde sa budete m\u00f4c\u0165 stretn\u00fa\u0165 aj viacer\u00fdmi \u010dlenmi a partnermi Klastra region\u00e1lneho rozvoja a na ktorom v d\u0148och 7.4 a 8.4 bud\u00fa odprezentovan\u00e9 viacer\u00e9 v\u00fdstupy medzin\u00e1rodn\u00e9ho projektu InCoop, ktor\u00fd realizujeme cez program Eur\u00f3pa pre ob\u010danov. Na pl\u00e1ne je viacero aktiv\u00edt relevantn\u00fdch k dan\u00e9mu projektu, za\u010d\u00ednaj\u00fac predstaven\u00edm a prezent\u00e1ciou projektu z\u00e1stupcom samospr\u00e1vy ako aj \u0161irokej verejnosti a to v st\u00e1nku, ktor\u00fd bude postaven\u00fd v Pavil\u00f3ne A ako aj formou prezen\u010dnej aj online konferencie s medzin\u00e1rodn\u00fdmi partnermi, ktor\u00ed sa spolupodie\u013eaj\u00fa na tomto projekte. M\u00e1te jedine\u010dn\u00fa pr\u00edle\u017eitos\u0165 z\u00fa\u010dastni\u0165 sa a pozrie\u0165 si ako prebieha diskusia medzi partnermi v eur\u00f3pskom projekte. Okrem in\u00e9ho bud\u00fa predstaven\u00e9 v\u00fdsledky medzin\u00e1rodn\u00e9ho v\u00fdskumu, ktor\u00fd viedol portugalsk\u00fd partner alebo dokument\u00e1rneho filmu v gescii \u0161panielskeho partnera.\u00a0\u00a0<\/p>\n<p><\/p>\t\t\t\t\t\t\t\t<\/div>\n\t\t\t\t<\/div>\n\t\t\t\t\t<\/div>\n\t\t<\/div>\n\t\t\t\t\t<\/div>\n\t\t<\/section>\n\t\t\t\t<section class=\"elementor-section elementor-top-section elementor-element elementor-element-685cd96 elementor-section-boxed elementor-section-height-default elementor-section-height-default\" data-id=\"685cd96\" data-element_type=\"section\" data-settings=\"{&quot;jet_parallax_layout_list&quot;:[{&quot;jet_parallax_layout_image&quot;:{&quot;url&quot;:&quot;&quot;,&quot;id&quot;:&quot;&quot;,&quot;size&quot;:&quot;&quot;},&quot;_id&quot;:&quot;c58d1d5&quot;,&quot;jet_parallax_layout_image_tablet&quot;:{&quot;url&quot;:&quot;&quot;,&quot;id&quot;:&quot;&quot;,&quot;size&quot;:&quot;&quot;},&quot;jet_parallax_layout_image_mobile&quot;:{&quot;url&quot;:&quot;&quot;,&quot;id&quot;:&quot;&quot;,&quot;size&quot;:&quot;&quot;},&quot;jet_parallax_layout_speed&quot;:{&quot;unit&quot;:&quot;%&quot;,&quot;size&quot;:50,&quot;sizes&quot;:[]},&quot;jet_parallax_layout_type&quot;:&quot;scroll&quot;,&quot;jet_parallax_layout_direction&quot;:&quot;1&quot;,&quot;jet_parallax_layout_fx_direction&quot;:null,&quot;jet_parallax_layout_z_index&quot;:&quot;&quot;,&quot;jet_parallax_layout_bg_x&quot;:50,&quot;jet_parallax_layout_bg_x_tablet&quot;:&quot;&quot;,&quot;jet_parallax_layout_bg_x_mobile&quot;:&quot;&quot;,&quot;jet_parallax_layout_bg_y&quot;:50,&quot;jet_parallax_layout_bg_y_tablet&quot;:&quot;&quot;,&quot;jet_parallax_layout_bg_y_mobile&quot;:&quot;&quot;,&quot;jet_parallax_layout_bg_size&quot;:&quot;auto&quot;,&quot;jet_parallax_layout_bg_size_tablet&quot;:&quot;&quot;,&quot;jet_parallax_layout_bg_size_mobile&quot;:&quot;&quot;,&quot;jet_parallax_layout_animation_prop&quot;:&quot;transform&quot;,&quot;jet_parallax_layout_on&quot;:[&quot;desktop&quot;,&quot;tablet&quot;]}]}\">\n\t\t\t\t\t\t<div class=\"elementor-container elementor-column-gap-default\">\n\t\t\t\t\t<div class=\"elementor-column elementor-col-100 elementor-top-column elementor-element elementor-element-2dd8070\" data-id=\"2dd8070\" data-element_type=\"column\">\n\t\t\t<div class=\"elementor-widget-wrap elementor-element-populated\">\n\t\t\t\t\t\t<div class=\"elementor-element elementor-element-274e559 elementor-widget elementor-widget-image\" data-id=\"274e559\" data-element_type=\"widget\" data-widget_type=\"image.default\">\n\t\t\t\t<div class=\"elementor-widget-container\">\n\t\t\t\t\t\t\t\t\t\t\t\t\t\t\t<img fetchpriority=\"high\" decoding=\"async\" width=\"576\" height=\"1024\" src=\"https:\/\/krr.sk\/wp-content\/uploads\/2022\/04\/incoop-pozvanka-nitra-576x1024.png\" class=\"attachment-large size-large wp-image-10792\" alt=\"\" srcset=\"https:\/\/krr.sk\/wp-content\/uploads\/2022\/04\/incoop-pozvanka-nitra-576x1024.png 576w, https:\/\/krr.sk\/wp-content\/uploads\/2022\/04\/incoop-pozvanka-nitra-169x300.png 169w, https:\/\/krr.sk\/wp-content\/uploads\/2022\/04\/incoop-pozvanka-nitra-768x1365.png 768w, https:\/\/krr.sk\/wp-content\/uploads\/2022\/04\/incoop-pozvanka-nitra-864x1536.png 864w, https:\/\/krr.sk\/wp-content\/uploads\/2022\/04\/incoop-pozvanka-nitra-562x999.png 562w, https:\/\/krr.sk\/wp-content\/uploads\/2022\/04\/incoop-pozvanka-nitra.png 1080w\" sizes=\"(max-width: 576px) 100vw, 576px\" \/>\t\t\t\t\t\t\t\t\t\t\t\t\t\t\t<\/div>\n\t\t\t\t<\/div>\n\t\t\t\t\t<\/div>\n\t\t<\/div>\n\t\t\t\t\t<\/div>\n\t\t<\/section>\n\t\t\t\t<\/div>\n\t\t","protected":false},"excerpt":{"rendered":"<p>S bl\u00ed\u017eiacou sa akciou Caravan, Bike, Tourist 2022 &#8211; Agrokomplex, Nitra, by sme v\u00e1s radi pozvali na tento kontrakta\u010dno-predajn\u00fd ve\u013etrh, kde sa budete m\u00f4c\u0165 stretn\u00fa\u0165 aj viacer\u00fdmi \u010dlenmi a partnermi Klastra region\u00e1lneho rozvoja a na ktorom v d\u0148och 7.4 a 8.4 bud\u00fa odprezentovan\u00e9 viacer\u00e9 v\u00fdstupy medzin\u00e1rodn\u00e9ho projektu InCoop, ktor\u00fd realizujeme cez program Eur\u00f3pa pre ob\u010danov. [&hellip;]<\/p>\n","protected":false},"author":10,"featured_media":7419,"comment_status":"closed","ping_status":"open","sticky":false,"template":"","format":"standard","meta":{"_acf_changed":false,"footnotes":""},"categories":[138,167,93,80,89],"tags":[],"class_list":["post-10791","post","type-post","status-publish","format-standard","has-post-thumbnail","hentry","category-cestovny-ruch-a-turizmus-aktuality","category-incoop-incoop","category-novinky","category-vsetky-clanky","category-zcinnostiklastra"],"acf":[],"_links":{"self":[{"href":"https:\/\/d.r1.wbsprt.com\/krr.sk\/wp-json\/wp\/v2\/posts\/10791","targetHints":{"allow":["GET"]}}],"collection":[{"href":"https:\/\/d.r1.wbsprt.com\/krr.sk\/wp-json\/wp\/v2\/posts"}],"about":[{"href":"https:\/\/d.r1.wbsprt.com\/krr.sk\/wp-json\/wp\/v2\/types\/post"}],"author":[{"embeddable":true,"href":"https:\/\/d.r1.wbsprt.com\/krr.sk\/wp-json\/wp\/v2\/users\/10"}],"replies":[{"embeddable":true,"href":"https:\/\/d.r1.wbsprt.com\/krr.sk\/wp-json\/wp\/v2\/comments?post=10791"}],"version-history":[{"count":6,"href":"https:\/\/d.r1.wbsprt.com\/krr.sk\/wp-json\/wp\/v2\/posts\/10791\/revisions"}],"predecessor-version":[{"id":10882,"href":"https:\/\/d.r1.wbsprt.com\/krr.sk\/wp-json\/wp\/v2\/posts\/10791\/revisions\/10882"}],"wp:featuredmedia":[{"embeddable":true,"href":"https:\/\/d.r1.wbsprt.com\/krr.sk\/wp-json\/wp\/v2\/media\/7419"}],"wp:attachment":[{"href":"https:\/\/d.r1.wbsprt.com\/krr.sk\/wp-json\/wp\/v2\/media?parent=10791"}],"wp:term":[{"taxonomy":"category","embeddable":true,"href":"https:\/\/d.r1.wbsprt.com\/krr.sk\/wp-json\/wp\/v2\/categories?post=10791"},{"taxonomy":"post_tag","embeddable":true,"href":"https:\/\/d.r1.wbsprt.com\/krr.sk\/wp-json\/wp\/v2\/tags?post=10791"}],"curies":[{"name":"wp","href":"https:\/\/api.w.org\/{rel}","templated":true}]}}