{"id":939,"date":"2021-03-10T01:26:28","date_gmt":"2021-03-10T00:26:28","guid":{"rendered":"http:\/\/farnostmalelevare.sk\/?p=939"},"modified":"2022-08-03T10:08:07","modified_gmt":"2022-08-03T08:08:07","slug":"rok-modlitieb-za-farnosti-bratislavskej-arcidiecezy","status":"publish","type":"post","link":"https:\/\/d.r1.wbsprt.com\/farnostmalelevare.sk\/rok-modlitieb-za-farnosti-bratislavskej-arcidiecezy\/","title":{"rendered":"Rok modlitieb za farnosti Bratislavskej arcidiec\u00e9zy"},"content":{"rendered":"<p><iframe title=\"Rok modlitieb za farnosti Bratislavskej arcidiec\u00e9zy\" width=\"525\" height=\"295\" src=\"https:\/\/www.youtube.com\/embed\/noekWXvW04k?feature=oembed\" frameborder=\"0\" allow=\"accelerometer; autoplay; clipboard-write; encrypted-media; gyroscope; picture-in-picture\" allowfullscreen><\/iframe><\/p>\n<p>Pri pr\u00edle\u017eitosti 13. v\u00fdro\u010dia vzniku Bratislavskej arcidiec\u00e9zy vyhl\u00e1sil arcibiskup metropolita Mons. Stanislav Zvolensk\u00fd <a href=\"https:\/\/www.abuba.sk\/abuba\/node\/1083\" target=\"_blank\" rel=\"noopener noreferrer\">rok modlitieb za farnosti Bratislavskej arcidiec\u00e9zy<\/a>.<\/p>\n","protected":false},"excerpt":{"rendered":"<p>Pri pr\u00edle\u017eitosti 13. v\u00fdro\u010dia vzniku Bratislavskej arcidiec\u00e9zy vyhl\u00e1sil arcibiskup metropolita Mons. Stanislav Zvolensk\u00fd rok modlitieb za farnosti Bratislavskej arcidiec\u00e9zy.<\/p>\n","protected":false},"author":1,"featured_media":0,"comment_status":"closed","ping_status":"open","sticky":false,"template":"","format":"standard","meta":[],"categories":[4],"tags":[],"yoast_head":"<!-- This site is optimized with the Yoast SEO plugin v15.5 - https:\/\/yoast.com\/wordpress\/plugins\/seo\/ -->\n<title>Rok modlitieb za farnosti Bratislavskej arcidiec\u00e9zy &bull; Farnos\u0165 Mal\u00e9 Lev\u00e1re<\/title>\n<meta name=\"robots\" content=\"index, follow, max-snippet:-1, max-image-preview:large, max-video-preview:-1\" \/>\n<link rel=\"canonical\" href=\"https:\/\/d.r1.wbsprt.com\/farnostmalelevare.sk\/rok-modlitieb-za-farnosti-bratislavskej-arcidiecezy\/\" \/>\n<meta property=\"og:locale\" content=\"sk_SK\" \/>\n<meta property=\"og:type\" content=\"article\" \/>\n<meta property=\"og:title\" content=\"Rok modlitieb za farnosti Bratislavskej arcidiec\u00e9zy &bull; Farnos\u0165 Mal\u00e9 Lev\u00e1re\" \/>\n<meta property=\"og:description\" content=\"Pri pr\u00edle\u017eitosti 13. v\u00fdro\u010dia vzniku Bratislavskej arcidiec\u00e9zy vyhl\u00e1sil arcibiskup metropolita Mons. Stanislav Zvolensk\u00fd rok modlitieb za farnosti Bratislavskej arcidiec\u00e9zy.\" \/>\n<meta property=\"og:url\" content=\"https:\/\/d.r1.wbsprt.com\/farnostmalelevare.sk\/rok-modlitieb-za-farnosti-bratislavskej-arcidiecezy\/\" \/>\n<meta property=\"og:site_name\" content=\"Farnos\u0165 Mal\u00e9 Lev\u00e1re\" \/>\n<meta property=\"article:published_time\" content=\"2021-03-10T00:26:28+00:00\" \/>\n<meta property=\"article:modified_time\" content=\"2022-08-03T08:08:07+00:00\" \/>\n<meta name=\"twitter:card\" content=\"summary_large_image\" \/>\n<meta name=\"twitter:label1\" content=\"Predpokladan\u00fd \u010das \u010d\u00edtania\">\n\t<meta name=\"twitter:data1\" content=\"0 min\u00fat\">\n<script type=\"application\/ld+json\" class=\"yoast-schema-graph\">{\"@context\":\"https:\/\/schema.org\",\"@graph\":[{\"@type\":\"Organization\",\"@id\":\"https:\/\/farnostmalelevare.sk\/#organization\",\"name\":\"Farnos\\u0165 Mal\\u00e9 Lev\\u00e1re\",\"url\":\"https:\/\/farnostmalelevare.sk\/\",\"sameAs\":[],\"logo\":{\"@type\":\"ImageObject\",\"@id\":\"https:\/\/farnostmalelevare.sk\/#logo\",\"inLanguage\":\"sk-SK\",\"url\":\"https:\/\/d.r1.wbsprt.com\/farnostmalelevare.sk\/wp-content\/uploads\/2020\/12\/marianska-hviezda.png\",\"width\":8000,\"height\":4500,\"caption\":\"Farnos\\u0165 Mal\\u00e9 Lev\\u00e1re\"},\"image\":{\"@id\":\"https:\/\/farnostmalelevare.sk\/#logo\"}},{\"@type\":\"WebSite\",\"@id\":\"https:\/\/farnostmalelevare.sk\/#website\",\"url\":\"https:\/\/farnostmalelevare.sk\/\",\"name\":\"Farnos\\u0165 Mal\\u00e9 Lev\\u00e1re\",\"description\":\"\",\"publisher\":{\"@id\":\"https:\/\/farnostmalelevare.sk\/#organization\"},\"potentialAction\":[{\"@type\":\"SearchAction\",\"target\":\"https:\/\/farnostmalelevare.sk\/?s={search_term_string}\",\"query-input\":\"required name=search_term_string\"}],\"inLanguage\":\"sk-SK\"},{\"@type\":\"WebPage\",\"@id\":\"https:\/\/d.r1.wbsprt.com\/farnostmalelevare.sk\/rok-modlitieb-za-farnosti-bratislavskej-arcidiecezy\/#webpage\",\"url\":\"https:\/\/d.r1.wbsprt.com\/farnostmalelevare.sk\/rok-modlitieb-za-farnosti-bratislavskej-arcidiecezy\/\",\"name\":\"Rok modlitieb za farnosti Bratislavskej arcidiec\\u00e9zy &bull; Farnos\\u0165 Mal\\u00e9 Lev\\u00e1re\",\"isPartOf\":{\"@id\":\"https:\/\/farnostmalelevare.sk\/#website\"},\"datePublished\":\"2021-03-10T00:26:28+00:00\",\"dateModified\":\"2022-08-03T08:08:07+00:00\",\"inLanguage\":\"sk-SK\",\"potentialAction\":[{\"@type\":\"ReadAction\",\"target\":[\"https:\/\/d.r1.wbsprt.com\/farnostmalelevare.sk\/rok-modlitieb-za-farnosti-bratislavskej-arcidiecezy\/\"]}]},{\"@type\":\"Article\",\"@id\":\"https:\/\/d.r1.wbsprt.com\/farnostmalelevare.sk\/rok-modlitieb-za-farnosti-bratislavskej-arcidiecezy\/#article\",\"isPartOf\":{\"@id\":\"https:\/\/d.r1.wbsprt.com\/farnostmalelevare.sk\/rok-modlitieb-za-farnosti-bratislavskej-arcidiecezy\/#webpage\"},\"author\":{\"@id\":\"https:\/\/farnostmalelevare.sk\/#\/schema\/person\/67f464ff48808276c7c132bf4a827212\"},\"headline\":\"Rok modlitieb za farnosti Bratislavskej arcidiec\\u00e9zy\",\"datePublished\":\"2021-03-10T00:26:28+00:00\",\"dateModified\":\"2022-08-03T08:08:07+00:00\",\"mainEntityOfPage\":{\"@id\":\"https:\/\/d.r1.wbsprt.com\/farnostmalelevare.sk\/rok-modlitieb-za-farnosti-bratislavskej-arcidiecezy\/#webpage\"},\"publisher\":{\"@id\":\"https:\/\/farnostmalelevare.sk\/#organization\"},\"articleSection\":\"Na dnes\",\"inLanguage\":\"sk-SK\"},{\"@type\":\"Person\",\"@id\":\"https:\/\/farnostmalelevare.sk\/#\/schema\/person\/67f464ff48808276c7c132bf4a827212\",\"name\":\"farnostlevarky\",\"sameAs\":[\"http:\/\/farnostmalelevare.sk\"]}]}<\/script>\n<!-- \/ Yoast SEO plugin. -->","_links":{"self":[{"href":"https:\/\/d.r1.wbsprt.com\/farnostmalelevare.sk\/wp-json\/wp\/v2\/posts\/939"}],"collection":[{"href":"https:\/\/d.r1.wbsprt.com\/farnostmalelevare.sk\/wp-json\/wp\/v2\/posts"}],"about":[{"href":"https:\/\/d.r1.wbsprt.com\/farnostmalelevare.sk\/wp-json\/wp\/v2\/types\/post"}],"author":[{"embeddable":true,"href":"https:\/\/d.r1.wbsprt.com\/farnostmalelevare.sk\/wp-json\/wp\/v2\/users\/1"}],"replies":[{"embeddable":true,"href":"https:\/\/d.r1.wbsprt.com\/farnostmalelevare.sk\/wp-json\/wp\/v2\/comments?post=939"}],"version-history":[{"count":3,"href":"https:\/\/d.r1.wbsprt.com\/farnostmalelevare.sk\/wp-json\/wp\/v2\/posts\/939\/revisions"}],"predecessor-version":[{"id":1798,"href":"https:\/\/d.r1.wbsprt.com\/farnostmalelevare.sk\/wp-json\/wp\/v2\/posts\/939\/revisions\/1798"}],"wp:attachment":[{"href":"https:\/\/d.r1.wbsprt.com\/farnostmalelevare.sk\/wp-json\/wp\/v2\/media?parent=939"}],"wp:term":[{"taxonomy":"category","embeddable":true,"href":"https:\/\/d.r1.wbsprt.com\/farnostmalelevare.sk\/wp-json\/wp\/v2\/categories?post=939"},{"taxonomy":"post_tag","embeddable":true,"href":"https:\/\/d.r1.wbsprt.com\/farnostmalelevare.sk\/wp-json\/wp\/v2\/tags?post=939"}],"curies":[{"name":"wp","href":"https:\/\/api.w.org\/{rel}","templated":true}]}}