{"id":864,"date":"2021-02-15T23:28:46","date_gmt":"2021-02-15T22:28:46","guid":{"rendered":"http:\/\/farnostmalelevare.sk\/?p=864"},"modified":"2023-01-09T19:18:47","modified_gmt":"2023-01-09T18:18:47","slug":"popolcova-streda","status":"publish","type":"post","link":"https:\/\/d.r1.wbsprt.com\/farnostmalelevare.sk\/popolcova-streda\/","title":{"rendered":"Popolcov\u00e1 streda"},"content":{"rendered":"<p><img loading=\"lazy\" class=\"alignnone wp-image-865\" src=\"http:\/\/farnostmalelevare.sk\/wp-content\/uploads\/2021\/02\/Popolcova-streda-300x131.jpg\" alt=\"\" width=\"675\" height=\"296\" srcset=\"http:\/\/d.r1.wbsprt.com\/farnostmalelevare.sk\/wp-content\/uploads\/2021\/02\/Popolcova-streda-300x131.jpg 300w, http:\/\/d.r1.wbsprt.com\/farnostmalelevare.sk\/wp-content\/uploads\/2021\/02\/Popolcova-streda-1024x448.jpg 1024w, http:\/\/d.r1.wbsprt.com\/farnostmalelevare.sk\/wp-content\/uploads\/2021\/02\/Popolcova-streda-768x336.jpg 768w, http:\/\/d.r1.wbsprt.com\/farnostmalelevare.sk\/wp-content\/uploads\/2021\/02\/Popolcova-streda-1536x673.jpg 1536w, http:\/\/d.r1.wbsprt.com\/farnostmalelevare.sk\/wp-content\/uploads\/2021\/02\/Popolcova-streda.jpg 1900w\" sizes=\"(max-width: 675px) 100vw, 675px\" \/><\/p>\n<p>TV LUX: Popolcov\u00e1 streda bude tento rok 17. febru\u00e1ra. Vatik\u00e1n pre pand\u00e9miu upravil sp\u00f4sob ude\u013eovania popolca. \u010co sa zmen\u00ed? U n\u00e1s je zatia\u013e verejn\u00e9 sl\u00e1venie sv\u00e4t\u00fdch om\u0161\u00ed zak\u00e1zan\u00e9, ako sa teda dostaneme k popolcov\u00e9mu &#8222;kr\u00ed\u017eiku&#8220;? A o \u010dom je za\u010diatok p\u00f4stneho obdobia?<\/p>\n<p>Vypo\u010dujte si <a href=\"http:\/\/www.tvlux.sk\/archiv\/play\/24945\" target=\"_blank\" rel=\"noopener noreferrer\">tu<\/a>.<\/p>\n","protected":false},"excerpt":{"rendered":"<p>TV LUX: Popolcov\u00e1 streda bude tento rok 17. febru\u00e1ra. Vatik\u00e1n pre pand\u00e9miu upravil sp\u00f4sob ude\u013eovania popolca. \u010co sa zmen\u00ed? U n\u00e1s je zatia\u013e verejn\u00e9 sl\u00e1venie sv\u00e4t\u00fdch om\u0161\u00ed zak\u00e1zan\u00e9, ako sa teda dostaneme k popolcov\u00e9mu &#8222;kr\u00ed\u017eiku&#8220;? A o \u010dom je za\u010diatok p\u00f4stneho obdobia? Vypo\u010dujte si tu.<\/p>\n","protected":false},"author":1,"featured_media":0,"comment_status":"closed","ping_status":"open","sticky":false,"template":"","format":"standard","meta":[],"categories":[4],"tags":[],"yoast_head":"<!-- This site is optimized with the Yoast SEO plugin v15.5 - https:\/\/yoast.com\/wordpress\/plugins\/seo\/ -->\n<title>Popolcov\u00e1 streda &bull; Farnos\u0165 Mal\u00e9 Lev\u00e1re<\/title>\n<meta name=\"robots\" content=\"index, follow, max-snippet:-1, max-image-preview:large, max-video-preview:-1\" \/>\n<link rel=\"canonical\" href=\"https:\/\/d.r1.wbsprt.com\/farnostmalelevare.sk\/popolcova-streda\/\" \/>\n<meta property=\"og:locale\" content=\"sk_SK\" \/>\n<meta property=\"og:type\" content=\"article\" \/>\n<meta property=\"og:title\" content=\"Popolcov\u00e1 streda &bull; Farnos\u0165 Mal\u00e9 Lev\u00e1re\" \/>\n<meta property=\"og:description\" content=\"TV LUX: Popolcov\u00e1 streda bude tento rok 17. febru\u00e1ra. Vatik\u00e1n pre pand\u00e9miu upravil sp\u00f4sob ude\u013eovania popolca. \u010co sa zmen\u00ed? U n\u00e1s je zatia\u013e verejn\u00e9 sl\u00e1venie sv\u00e4t\u00fdch om\u0161\u00ed zak\u00e1zan\u00e9, ako sa teda dostaneme k popolcov\u00e9mu &#8222;kr\u00ed\u017eiku&#8220;? A o \u010dom je za\u010diatok p\u00f4stneho obdobia? Vypo\u010dujte si tu.\" \/>\n<meta property=\"og:url\" content=\"https:\/\/d.r1.wbsprt.com\/farnostmalelevare.sk\/popolcova-streda\/\" \/>\n<meta property=\"og:site_name\" content=\"Farnos\u0165 Mal\u00e9 Lev\u00e1re\" \/>\n<meta property=\"article:published_time\" content=\"2021-02-15T22:28:46+00:00\" \/>\n<meta property=\"article:modified_time\" content=\"2023-01-09T18:18:47+00:00\" \/>\n<meta property=\"og:image\" content=\"http:\/\/farnostmalelevare.sk\/wp-content\/uploads\/2021\/02\/Popolcova-streda-300x131.jpg\" \/>\n<meta name=\"twitter:card\" content=\"summary_large_image\" \/>\n<meta name=\"twitter:label1\" content=\"Predpokladan\u00fd \u010das \u010d\u00edtania\">\n\t<meta name=\"twitter:data1\" content=\"0 min\u00fat\">\n<script type=\"application\/ld+json\" class=\"yoast-schema-graph\">{\"@context\":\"https:\/\/schema.org\",\"@graph\":[{\"@type\":\"Organization\",\"@id\":\"https:\/\/farnostmalelevare.sk\/#organization\",\"name\":\"Farnos\\u0165 Mal\\u00e9 Lev\\u00e1re\",\"url\":\"https:\/\/farnostmalelevare.sk\/\",\"sameAs\":[],\"logo\":{\"@type\":\"ImageObject\",\"@id\":\"https:\/\/farnostmalelevare.sk\/#logo\",\"inLanguage\":\"sk-SK\",\"url\":\"https:\/\/d.r1.wbsprt.com\/farnostmalelevare.sk\/wp-content\/uploads\/2020\/12\/marianska-hviezda.png\",\"width\":8000,\"height\":4500,\"caption\":\"Farnos\\u0165 Mal\\u00e9 Lev\\u00e1re\"},\"image\":{\"@id\":\"https:\/\/farnostmalelevare.sk\/#logo\"}},{\"@type\":\"WebSite\",\"@id\":\"https:\/\/farnostmalelevare.sk\/#website\",\"url\":\"https:\/\/farnostmalelevare.sk\/\",\"name\":\"Farnos\\u0165 Mal\\u00e9 Lev\\u00e1re\",\"description\":\"\",\"publisher\":{\"@id\":\"https:\/\/farnostmalelevare.sk\/#organization\"},\"potentialAction\":[{\"@type\":\"SearchAction\",\"target\":\"https:\/\/farnostmalelevare.sk\/?s={search_term_string}\",\"query-input\":\"required name=search_term_string\"}],\"inLanguage\":\"sk-SK\"},{\"@type\":\"ImageObject\",\"@id\":\"https:\/\/d.r1.wbsprt.com\/farnostmalelevare.sk\/popolcova-streda\/#primaryimage\",\"inLanguage\":\"sk-SK\",\"url\":\"http:\/\/farnostmalelevare.sk\/wp-content\/uploads\/2021\/02\/Popolcova-streda-300x131.jpg\"},{\"@type\":\"WebPage\",\"@id\":\"https:\/\/d.r1.wbsprt.com\/farnostmalelevare.sk\/popolcova-streda\/#webpage\",\"url\":\"https:\/\/d.r1.wbsprt.com\/farnostmalelevare.sk\/popolcova-streda\/\",\"name\":\"Popolcov\\u00e1 streda &bull; Farnos\\u0165 Mal\\u00e9 Lev\\u00e1re\",\"isPartOf\":{\"@id\":\"https:\/\/farnostmalelevare.sk\/#website\"},\"primaryImageOfPage\":{\"@id\":\"https:\/\/d.r1.wbsprt.com\/farnostmalelevare.sk\/popolcova-streda\/#primaryimage\"},\"datePublished\":\"2021-02-15T22:28:46+00:00\",\"dateModified\":\"2023-01-09T18:18:47+00:00\",\"inLanguage\":\"sk-SK\",\"potentialAction\":[{\"@type\":\"ReadAction\",\"target\":[\"https:\/\/d.r1.wbsprt.com\/farnostmalelevare.sk\/popolcova-streda\/\"]}]},{\"@type\":\"Article\",\"@id\":\"https:\/\/d.r1.wbsprt.com\/farnostmalelevare.sk\/popolcova-streda\/#article\",\"isPartOf\":{\"@id\":\"https:\/\/d.r1.wbsprt.com\/farnostmalelevare.sk\/popolcova-streda\/#webpage\"},\"author\":{\"@id\":\"https:\/\/farnostmalelevare.sk\/#\/schema\/person\/67f464ff48808276c7c132bf4a827212\"},\"headline\":\"Popolcov\\u00e1 streda\",\"datePublished\":\"2021-02-15T22:28:46+00:00\",\"dateModified\":\"2023-01-09T18:18:47+00:00\",\"mainEntityOfPage\":{\"@id\":\"https:\/\/d.r1.wbsprt.com\/farnostmalelevare.sk\/popolcova-streda\/#webpage\"},\"publisher\":{\"@id\":\"https:\/\/farnostmalelevare.sk\/#organization\"},\"image\":{\"@id\":\"https:\/\/d.r1.wbsprt.com\/farnostmalelevare.sk\/popolcova-streda\/#primaryimage\"},\"articleSection\":\"Na dnes\",\"inLanguage\":\"sk-SK\"},{\"@type\":\"Person\",\"@id\":\"https:\/\/farnostmalelevare.sk\/#\/schema\/person\/67f464ff48808276c7c132bf4a827212\",\"name\":\"farnostlevarky\",\"sameAs\":[\"http:\/\/farnostmalelevare.sk\"]}]}<\/script>\n<!-- \/ Yoast SEO plugin. -->","_links":{"self":[{"href":"https:\/\/d.r1.wbsprt.com\/farnostmalelevare.sk\/wp-json\/wp\/v2\/posts\/864"}],"collection":[{"href":"https:\/\/d.r1.wbsprt.com\/farnostmalelevare.sk\/wp-json\/wp\/v2\/posts"}],"about":[{"href":"https:\/\/d.r1.wbsprt.com\/farnostmalelevare.sk\/wp-json\/wp\/v2\/types\/post"}],"author":[{"embeddable":true,"href":"https:\/\/d.r1.wbsprt.com\/farnostmalelevare.sk\/wp-json\/wp\/v2\/users\/1"}],"replies":[{"embeddable":true,"href":"https:\/\/d.r1.wbsprt.com\/farnostmalelevare.sk\/wp-json\/wp\/v2\/comments?post=864"}],"version-history":[{"count":6,"href":"https:\/\/d.r1.wbsprt.com\/farnostmalelevare.sk\/wp-json\/wp\/v2\/posts\/864\/revisions"}],"predecessor-version":[{"id":2360,"href":"https:\/\/d.r1.wbsprt.com\/farnostmalelevare.sk\/wp-json\/wp\/v2\/posts\/864\/revisions\/2360"}],"wp:attachment":[{"href":"https:\/\/d.r1.wbsprt.com\/farnostmalelevare.sk\/wp-json\/wp\/v2\/media?parent=864"}],"wp:term":[{"taxonomy":"category","embeddable":true,"href":"https:\/\/d.r1.wbsprt.com\/farnostmalelevare.sk\/wp-json\/wp\/v2\/categories?post=864"},{"taxonomy":"post_tag","embeddable":true,"href":"https:\/\/d.r1.wbsprt.com\/farnostmalelevare.sk\/wp-json\/wp\/v2\/tags?post=864"}],"curies":[{"name":"wp","href":"https:\/\/api.w.org\/{rel}","templated":true}]}}