{"id":835,"date":"2021-02-17T00:10:12","date_gmt":"2021-02-16T23:10:12","guid":{"rendered":"http:\/\/farnostmalelevare.sk\/?p=835"},"modified":"2023-01-09T19:18:16","modified_gmt":"2023-01-09T18:18:16","slug":"kongregacie-zmrtvychvstania-nasho-pana-jezisa-krista","status":"publish","type":"post","link":"https:\/\/d.r1.wbsprt.com\/farnostmalelevare.sk\/kongregacie-zmrtvychvstania-nasho-pana-jezisa-krista\/","title":{"rendered":"Kongreg\u00e1cia zm\u0155tvychvstania n\u00e1\u0161ho P\u00e1na Je\u017ei\u0161a Krista"},"content":{"rendered":"<p>&nbsp;<\/p>\n<p><img loading=\"lazy\" class=\"alignnone wp-image-839\" src=\"http:\/\/farnostmalelevare.sk\/wp-content\/uploads\/2021\/02\/Leeres-Grab-scaled-1-300x233.jpg\" alt=\"\" width=\"675\" height=\"525\" srcset=\"http:\/\/d.r1.wbsprt.com\/farnostmalelevare.sk\/wp-content\/uploads\/2021\/02\/Leeres-Grab-scaled-1-300x233.jpg 300w, http:\/\/d.r1.wbsprt.com\/farnostmalelevare.sk\/wp-content\/uploads\/2021\/02\/Leeres-Grab-scaled-1-1024x797.jpg 1024w, http:\/\/d.r1.wbsprt.com\/farnostmalelevare.sk\/wp-content\/uploads\/2021\/02\/Leeres-Grab-scaled-1-768x598.jpg 768w, http:\/\/d.r1.wbsprt.com\/farnostmalelevare.sk\/wp-content\/uploads\/2021\/02\/Leeres-Grab-scaled-1-1536x1195.jpg 1536w, http:\/\/d.r1.wbsprt.com\/farnostmalelevare.sk\/wp-content\/uploads\/2021\/02\/Leeres-Grab-scaled-1-2048x1594.jpg 2048w\" sizes=\"(max-width: 675px) 100vw, 675px\" \/><\/p>\n<p>V stredu 17. febru\u00e1ra si pripom\u00ednaj\u00fa zm\u0155tvychvstalci (resurrekcionisti) 185. v\u00fdro\u010die vzniku svojej kongreg\u00e1cie. Reho\u013en\u00fd dom maj\u00fa aj na Slovensku \u2013 vo Ve\u013ek\u00fdch Lev\u00e1roch. Od roku 1997 spravuj\u00fa aj farnos\u0165 Mal\u00e9 Lev\u00e1re.<!--more--><\/p>\n<p>Z\u00e1klady Kongreg\u00e1cie zm\u0155tvychvstania n\u00e1\u0161ho P\u00e1na Je\u017ei\u0161a Krista polo\u017eil 17. febru\u00e1ra 1836 po\u010das emigr\u00e1cie v Par\u00ed\u017ei Bohdan Ja\u0148ski \u2013 \u010dlovek, ktor\u00fd verejne konal pok\u00e1nie.<\/p>\n<p>Prv\u00e9 reho\u013en\u00e9 s\u013euby zlo\u017eili siedmi bratia o \u0161es\u0165 rokov nesk\u00f4r na sviatok zm\u0155tvychvstania P\u00e1na v katakomb\u00e1ch sv. \u0160ebasti\u00e1na v R\u00edme. Z vnuknutia Ducha Sv\u00e4t\u00e9ho sa rozhodli zasv\u00e4ti\u0165 svoj \u017eivot zm\u0155tvychvstal\u00e9mu Spasite\u013eovi a nazvali sa bratmi zm\u0155tvychvstania, lebo zomreli hriechu a s Je\u017ei\u0161om vstali z m\u0155tvych k nov\u00e9mu \u017eivotu v pravde a l\u00e1ske.<\/p>\n<p>Viac o Kongreg\u00e1cii zm\u0155tvychvstania n\u00e1\u0161ho P\u00e1na Je\u017ei\u0161a Krista, o jej zakladate\u013eoch Bohdanovi Ja\u0148skom, Petrovi Semenenkovi a Hieronimovi Kajsiewiczovi, o \u010dinnosti a charizme zm\u0155tvychvstalcov si pre\u010d\u00edtajte <a href=\"http:\/\/farnost.velkelevare.info\/sk\/zmrtvychvstalci\" target=\"_blank\" rel=\"noopener noreferrer\">tu<\/a>.<\/p>\n<hr \/>\n<p>Modlitba za blahore\u010denie zakladate\u013eov resurrekcionistov<\/p>\n<p>Je\u017ei\u0161u, zm\u0155tvychvstal\u00fd Pane,<br \/>\ntvoji slu\u017eobn\u00edci Bohdan Ja\u0148ski, Peter Semenenko, Hieronim Kajsiewicz sa sna\u017eili hl\u00e1sa\u0165 ve\u013ekono\u010dn\u00e9 tajomstvo, umieraj\u00fac sebe sam\u00fdm, aby mohli mocou Ducha Sv\u00e4t\u00e9ho \u017ei\u0165 v tebe a pre teba.<br \/>\n\u017dehnaj ich pov\u00fd\u0161eniu na olt\u00e1r, aby pr\u00edkladom svojho \u017eivota a ve\u013ekono\u010dnou dynamikou ka\u017edodenn\u00e9ho umierania a zm\u0155tvychvst\u00e1vania d\u00e1vali n\u00e1dej na nov\u00fd \u017eivot mnoh\u00fdm z tvojich bratov a sestier, ktor\u00ed s\u00fa znechuten\u00ed neust\u00e1lym bojom s hriechmi, chybami a \u013eudskou slabos\u0165ou. Amen.<\/p>\n","protected":false},"excerpt":{"rendered":"<p>&nbsp; V stredu 17. febru\u00e1ra si pripom\u00ednaj\u00fa zm\u0155tvychvstalci (resurrekcionisti) 185. v\u00fdro\u010die vzniku svojej kongreg\u00e1cie. Reho\u013en\u00fd dom maj\u00fa aj na Slovensku \u2013 vo Ve\u013ek\u00fdch Lev\u00e1roch. Od roku 1997 spravuj\u00fa aj farnos\u0165 Mal\u00e9 Lev\u00e1re.<\/p>\n","protected":false},"author":1,"featured_media":0,"comment_status":"closed","ping_status":"open","sticky":false,"template":"","format":"standard","meta":[],"categories":[4],"tags":[],"yoast_head":"<!-- This site is optimized with the Yoast SEO plugin v15.5 - https:\/\/yoast.com\/wordpress\/plugins\/seo\/ -->\n<title>Kongreg\u00e1cia zm\u0155tvychvstania n\u00e1\u0161ho P\u00e1na Je\u017ei\u0161a Krista &bull; Farnos\u0165 Mal\u00e9 Lev\u00e1re<\/title>\n<meta name=\"robots\" content=\"index, follow, max-snippet:-1, max-image-preview:large, max-video-preview:-1\" \/>\n<link rel=\"canonical\" href=\"http:\/\/farnostmalelevare.sk\/kongregacie-zmrtvychvstania-nasho-pana-jezisa-krista\/\" \/>\n<meta property=\"og:locale\" content=\"sk_SK\" \/>\n<meta property=\"og:type\" content=\"article\" \/>\n<meta property=\"og:title\" content=\"Kongreg\u00e1cia zm\u0155tvychvstania n\u00e1\u0161ho P\u00e1na Je\u017ei\u0161a Krista &bull; Farnos\u0165 Mal\u00e9 Lev\u00e1re\" \/>\n<meta property=\"og:description\" content=\"&nbsp; V stredu 17. febru\u00e1ra si pripom\u00ednaj\u00fa zm\u0155tvychvstalci (resurrekcionisti) 185. v\u00fdro\u010die vzniku svojej kongreg\u00e1cie. Reho\u013en\u00fd dom maj\u00fa aj na Slovensku \u2013 vo Ve\u013ek\u00fdch Lev\u00e1roch. Od roku 1997 spravuj\u00fa aj farnos\u0165 Mal\u00e9 Lev\u00e1re.\" \/>\n<meta property=\"og:url\" content=\"http:\/\/farnostmalelevare.sk\/kongregacie-zmrtvychvstania-nasho-pana-jezisa-krista\/\" \/>\n<meta property=\"og:site_name\" content=\"Farnos\u0165 Mal\u00e9 Lev\u00e1re\" \/>\n<meta property=\"article:published_time\" content=\"2021-02-16T23:10:12+00:00\" \/>\n<meta property=\"article:modified_time\" content=\"2023-01-09T18:18:16+00:00\" \/>\n<meta property=\"og:image\" content=\"http:\/\/farnostmalelevare.sk\/wp-content\/uploads\/2021\/02\/Leeres-Grab-scaled-1-300x233.jpg\" \/>\n<meta name=\"twitter:card\" content=\"summary_large_image\" \/>\n<meta name=\"twitter:label1\" content=\"Predpokladan\u00fd \u010das \u010d\u00edtania\">\n\t<meta name=\"twitter:data1\" content=\"1 min\u00fata\">\n<script type=\"application\/ld+json\" class=\"yoast-schema-graph\">{\"@context\":\"https:\/\/schema.org\",\"@graph\":[{\"@type\":\"Organization\",\"@id\":\"https:\/\/farnostmalelevare.sk\/#organization\",\"name\":\"Farnos\\u0165 Mal\\u00e9 Lev\\u00e1re\",\"url\":\"https:\/\/farnostmalelevare.sk\/\",\"sameAs\":[],\"logo\":{\"@type\":\"ImageObject\",\"@id\":\"https:\/\/farnostmalelevare.sk\/#logo\",\"inLanguage\":\"sk-SK\",\"url\":\"https:\/\/d.r1.wbsprt.com\/farnostmalelevare.sk\/wp-content\/uploads\/2020\/12\/marianska-hviezda.png\",\"width\":8000,\"height\":4500,\"caption\":\"Farnos\\u0165 Mal\\u00e9 Lev\\u00e1re\"},\"image\":{\"@id\":\"https:\/\/farnostmalelevare.sk\/#logo\"}},{\"@type\":\"WebSite\",\"@id\":\"https:\/\/farnostmalelevare.sk\/#website\",\"url\":\"https:\/\/farnostmalelevare.sk\/\",\"name\":\"Farnos\\u0165 Mal\\u00e9 Lev\\u00e1re\",\"description\":\"\",\"publisher\":{\"@id\":\"https:\/\/farnostmalelevare.sk\/#organization\"},\"potentialAction\":[{\"@type\":\"SearchAction\",\"target\":\"https:\/\/farnostmalelevare.sk\/?s={search_term_string}\",\"query-input\":\"required name=search_term_string\"}],\"inLanguage\":\"sk-SK\"},{\"@type\":\"ImageObject\",\"@id\":\"http:\/\/farnostmalelevare.sk\/kongregacie-zmrtvychvstania-nasho-pana-jezisa-krista\/#primaryimage\",\"inLanguage\":\"sk-SK\",\"url\":\"http:\/\/farnostmalelevare.sk\/wp-content\/uploads\/2021\/02\/Leeres-Grab-scaled-1-300x233.jpg\"},{\"@type\":\"WebPage\",\"@id\":\"http:\/\/farnostmalelevare.sk\/kongregacie-zmrtvychvstania-nasho-pana-jezisa-krista\/#webpage\",\"url\":\"http:\/\/farnostmalelevare.sk\/kongregacie-zmrtvychvstania-nasho-pana-jezisa-krista\/\",\"name\":\"Kongreg\\u00e1cia zm\\u0155tvychvstania n\\u00e1\\u0161ho P\\u00e1na Je\\u017ei\\u0161a Krista &bull; Farnos\\u0165 Mal\\u00e9 Lev\\u00e1re\",\"isPartOf\":{\"@id\":\"https:\/\/farnostmalelevare.sk\/#website\"},\"primaryImageOfPage\":{\"@id\":\"http:\/\/farnostmalelevare.sk\/kongregacie-zmrtvychvstania-nasho-pana-jezisa-krista\/#primaryimage\"},\"datePublished\":\"2021-02-16T23:10:12+00:00\",\"dateModified\":\"2023-01-09T18:18:16+00:00\",\"inLanguage\":\"sk-SK\",\"potentialAction\":[{\"@type\":\"ReadAction\",\"target\":[\"http:\/\/farnostmalelevare.sk\/kongregacie-zmrtvychvstania-nasho-pana-jezisa-krista\/\"]}]},{\"@type\":\"Article\",\"@id\":\"http:\/\/farnostmalelevare.sk\/kongregacie-zmrtvychvstania-nasho-pana-jezisa-krista\/#article\",\"isPartOf\":{\"@id\":\"http:\/\/farnostmalelevare.sk\/kongregacie-zmrtvychvstania-nasho-pana-jezisa-krista\/#webpage\"},\"author\":{\"@id\":\"https:\/\/farnostmalelevare.sk\/#\/schema\/person\/67f464ff48808276c7c132bf4a827212\"},\"headline\":\"Kongreg\\u00e1cia zm\\u0155tvychvstania n\\u00e1\\u0161ho P\\u00e1na Je\\u017ei\\u0161a Krista\",\"datePublished\":\"2021-02-16T23:10:12+00:00\",\"dateModified\":\"2023-01-09T18:18:16+00:00\",\"mainEntityOfPage\":{\"@id\":\"http:\/\/farnostmalelevare.sk\/kongregacie-zmrtvychvstania-nasho-pana-jezisa-krista\/#webpage\"},\"publisher\":{\"@id\":\"https:\/\/farnostmalelevare.sk\/#organization\"},\"image\":{\"@id\":\"http:\/\/farnostmalelevare.sk\/kongregacie-zmrtvychvstania-nasho-pana-jezisa-krista\/#primaryimage\"},\"articleSection\":\"Na dnes\",\"inLanguage\":\"sk-SK\"},{\"@type\":\"Person\",\"@id\":\"https:\/\/farnostmalelevare.sk\/#\/schema\/person\/67f464ff48808276c7c132bf4a827212\",\"name\":\"farnostlevarky\",\"sameAs\":[\"http:\/\/farnostmalelevare.sk\"]}]}<\/script>\n<!-- \/ Yoast SEO plugin. -->","_links":{"self":[{"href":"https:\/\/d.r1.wbsprt.com\/farnostmalelevare.sk\/wp-json\/wp\/v2\/posts\/835"}],"collection":[{"href":"https:\/\/d.r1.wbsprt.com\/farnostmalelevare.sk\/wp-json\/wp\/v2\/posts"}],"about":[{"href":"https:\/\/d.r1.wbsprt.com\/farnostmalelevare.sk\/wp-json\/wp\/v2\/types\/post"}],"author":[{"embeddable":true,"href":"https:\/\/d.r1.wbsprt.com\/farnostmalelevare.sk\/wp-json\/wp\/v2\/users\/1"}],"replies":[{"embeddable":true,"href":"https:\/\/d.r1.wbsprt.com\/farnostmalelevare.sk\/wp-json\/wp\/v2\/comments?post=835"}],"version-history":[{"count":6,"href":"https:\/\/d.r1.wbsprt.com\/farnostmalelevare.sk\/wp-json\/wp\/v2\/posts\/835\/revisions"}],"predecessor-version":[{"id":2359,"href":"https:\/\/d.r1.wbsprt.com\/farnostmalelevare.sk\/wp-json\/wp\/v2\/posts\/835\/revisions\/2359"}],"wp:attachment":[{"href":"https:\/\/d.r1.wbsprt.com\/farnostmalelevare.sk\/wp-json\/wp\/v2\/media?parent=835"}],"wp:term":[{"taxonomy":"category","embeddable":true,"href":"https:\/\/d.r1.wbsprt.com\/farnostmalelevare.sk\/wp-json\/wp\/v2\/categories?post=835"},{"taxonomy":"post_tag","embeddable":true,"href":"https:\/\/d.r1.wbsprt.com\/farnostmalelevare.sk\/wp-json\/wp\/v2\/tags?post=835"}],"curies":[{"name":"wp","href":"https:\/\/api.w.org\/{rel}","templated":true}]}}