{"id":817,"date":"2021-02-11T10:36:16","date_gmt":"2021-02-11T09:36:16","guid":{"rendered":"http:\/\/farnostmalelevare.sk\/?p=817"},"modified":"2023-01-09T19:19:14","modified_gmt":"2023-01-09T18:19:14","slug":"svetovy-den-chorych","status":"publish","type":"post","link":"https:\/\/d.r1.wbsprt.com\/farnostmalelevare.sk\/svetovy-den-chorych\/","title":{"rendered":"Svetov\u00fd de\u0148 chor\u00fdch"},"content":{"rendered":"<p><img loading=\"lazy\" class=\"alignnone wp-image-824\" src=\"http:\/\/farnostmalelevare.sk\/wp-content\/uploads\/2021\/02\/Lurdy-300x201.jpg\" alt=\"\" width=\"675\" height=\"451\" srcset=\"http:\/\/d.r1.wbsprt.com\/farnostmalelevare.sk\/wp-content\/uploads\/2021\/02\/Lurdy-300x201.jpg 300w, http:\/\/d.r1.wbsprt.com\/farnostmalelevare.sk\/wp-content\/uploads\/2021\/02\/Lurdy-1024x685.jpg 1024w, http:\/\/d.r1.wbsprt.com\/farnostmalelevare.sk\/wp-content\/uploads\/2021\/02\/Lurdy-768x514.jpg 768w, http:\/\/d.r1.wbsprt.com\/farnostmalelevare.sk\/wp-content\/uploads\/2021\/02\/Lurdy-1536x1027.jpg 1536w, http:\/\/d.r1.wbsprt.com\/farnostmalelevare.sk\/wp-content\/uploads\/2021\/02\/Lurdy-2048x1369.jpg 2048w\" sizes=\"(max-width: 675px) 100vw, 675px\" \/><\/p>\n<p>\u201eSl\u00e1venie 29. svetov\u00e9ho d\u0148a chor\u00fdch, ktor\u00fd pripad\u00e1 na 11. febru\u00e1r 2021 na liturgick\u00fa spomienku Panny M\u00e1rie Lurdskej, je najvhodnej\u0161ou pr\u00edle\u017eitos\u0165ou, aby sme osobitn\u00fa pozornos\u0165 venovali chor\u00fdm a t\u00fdm, ktor\u00ed sa o nich staraj\u00fa, \u010di u\u017e v zdravotn\u00edckych zariadeniach, rodin\u00e1ch, alebo v komunit\u00e1ch,&#8220; prihov\u00e1ra sa vo svojom <a href=\"https:\/\/www.kbs.sk\/obsah\/sekcia\/h\/dokumenty-a-vyhlasenia\/p\/dokumenty-papezov\/c\/posolstvo-na-svetovy-den-chorych-2021\" target=\"_blank\" rel=\"noopener noreferrer\">posolstve<\/a> k Svetov\u00e9mu d\u0148u chor\u00fdch Sv\u00e4t\u00fd Otec Franti\u0161ek.<\/p>\n","protected":false},"excerpt":{"rendered":"<p>\u201eSl\u00e1venie 29. svetov\u00e9ho d\u0148a chor\u00fdch, ktor\u00fd pripad\u00e1 na 11. febru\u00e1r 2021 na liturgick\u00fa spomienku Panny M\u00e1rie Lurdskej, je najvhodnej\u0161ou pr\u00edle\u017eitos\u0165ou, aby sme osobitn\u00fa pozornos\u0165 venovali chor\u00fdm a t\u00fdm, ktor\u00ed sa o nich staraj\u00fa, \u010di u\u017e v zdravotn\u00edckych zariadeniach, rodin\u00e1ch, alebo v komunit\u00e1ch,&#8220; prihov\u00e1ra sa vo svojom posolstve k Svetov\u00e9mu d\u0148u chor\u00fdch Sv\u00e4t\u00fd Otec Franti\u0161ek.<\/p>\n","protected":false},"author":1,"featured_media":0,"comment_status":"closed","ping_status":"open","sticky":false,"template":"","format":"standard","meta":[],"categories":[4],"tags":[],"yoast_head":"<!-- This site is optimized with the Yoast SEO plugin v15.5 - https:\/\/yoast.com\/wordpress\/plugins\/seo\/ -->\n<title>Svetov\u00fd de\u0148 chor\u00fdch &bull; Farnos\u0165 Mal\u00e9 Lev\u00e1re<\/title>\n<meta name=\"robots\" content=\"index, follow, max-snippet:-1, max-image-preview:large, max-video-preview:-1\" \/>\n<link rel=\"canonical\" href=\"https:\/\/d.r1.wbsprt.com\/farnostmalelevare.sk\/svetovy-den-chorych\/\" \/>\n<meta property=\"og:locale\" content=\"sk_SK\" \/>\n<meta property=\"og:type\" content=\"article\" \/>\n<meta property=\"og:title\" content=\"Svetov\u00fd de\u0148 chor\u00fdch &bull; Farnos\u0165 Mal\u00e9 Lev\u00e1re\" \/>\n<meta property=\"og:description\" content=\"\u201eSl\u00e1venie 29. svetov\u00e9ho d\u0148a chor\u00fdch, ktor\u00fd pripad\u00e1 na 11. febru\u00e1r 2021 na liturgick\u00fa spomienku Panny M\u00e1rie Lurdskej, je najvhodnej\u0161ou pr\u00edle\u017eitos\u0165ou, aby sme osobitn\u00fa pozornos\u0165 venovali chor\u00fdm a t\u00fdm, ktor\u00ed sa o nich staraj\u00fa, \u010di u\u017e v zdravotn\u00edckych zariadeniach, rodin\u00e1ch, alebo v komunit\u00e1ch,&#8220; prihov\u00e1ra sa vo svojom posolstve k Svetov\u00e9mu d\u0148u chor\u00fdch Sv\u00e4t\u00fd Otec Franti\u0161ek.\" \/>\n<meta property=\"og:url\" content=\"https:\/\/d.r1.wbsprt.com\/farnostmalelevare.sk\/svetovy-den-chorych\/\" \/>\n<meta property=\"og:site_name\" content=\"Farnos\u0165 Mal\u00e9 Lev\u00e1re\" \/>\n<meta property=\"article:published_time\" content=\"2021-02-11T09:36:16+00:00\" \/>\n<meta property=\"article:modified_time\" content=\"2023-01-09T18:19:14+00:00\" \/>\n<meta property=\"og:image\" content=\"http:\/\/farnostmalelevare.sk\/wp-content\/uploads\/2021\/02\/Lurdy-300x201.jpg\" \/>\n<meta name=\"twitter:card\" content=\"summary_large_image\" \/>\n<meta name=\"twitter:label1\" content=\"Predpokladan\u00fd \u010das \u010d\u00edtania\">\n\t<meta name=\"twitter:data1\" content=\"0 min\u00fat\">\n<script type=\"application\/ld+json\" class=\"yoast-schema-graph\">{\"@context\":\"https:\/\/schema.org\",\"@graph\":[{\"@type\":\"Organization\",\"@id\":\"https:\/\/farnostmalelevare.sk\/#organization\",\"name\":\"Farnos\\u0165 Mal\\u00e9 Lev\\u00e1re\",\"url\":\"https:\/\/farnostmalelevare.sk\/\",\"sameAs\":[],\"logo\":{\"@type\":\"ImageObject\",\"@id\":\"https:\/\/farnostmalelevare.sk\/#logo\",\"inLanguage\":\"sk-SK\",\"url\":\"https:\/\/d.r1.wbsprt.com\/farnostmalelevare.sk\/wp-content\/uploads\/2020\/12\/marianska-hviezda.png\",\"width\":8000,\"height\":4500,\"caption\":\"Farnos\\u0165 Mal\\u00e9 Lev\\u00e1re\"},\"image\":{\"@id\":\"https:\/\/farnostmalelevare.sk\/#logo\"}},{\"@type\":\"WebSite\",\"@id\":\"https:\/\/farnostmalelevare.sk\/#website\",\"url\":\"https:\/\/farnostmalelevare.sk\/\",\"name\":\"Farnos\\u0165 Mal\\u00e9 Lev\\u00e1re\",\"description\":\"\",\"publisher\":{\"@id\":\"https:\/\/farnostmalelevare.sk\/#organization\"},\"potentialAction\":[{\"@type\":\"SearchAction\",\"target\":\"https:\/\/farnostmalelevare.sk\/?s={search_term_string}\",\"query-input\":\"required name=search_term_string\"}],\"inLanguage\":\"sk-SK\"},{\"@type\":\"ImageObject\",\"@id\":\"https:\/\/d.r1.wbsprt.com\/farnostmalelevare.sk\/svetovy-den-chorych\/#primaryimage\",\"inLanguage\":\"sk-SK\",\"url\":\"http:\/\/farnostmalelevare.sk\/wp-content\/uploads\/2021\/02\/Lurdy-300x201.jpg\"},{\"@type\":\"WebPage\",\"@id\":\"https:\/\/d.r1.wbsprt.com\/farnostmalelevare.sk\/svetovy-den-chorych\/#webpage\",\"url\":\"https:\/\/d.r1.wbsprt.com\/farnostmalelevare.sk\/svetovy-den-chorych\/\",\"name\":\"Svetov\\u00fd de\\u0148 chor\\u00fdch &bull; Farnos\\u0165 Mal\\u00e9 Lev\\u00e1re\",\"isPartOf\":{\"@id\":\"https:\/\/farnostmalelevare.sk\/#website\"},\"primaryImageOfPage\":{\"@id\":\"https:\/\/d.r1.wbsprt.com\/farnostmalelevare.sk\/svetovy-den-chorych\/#primaryimage\"},\"datePublished\":\"2021-02-11T09:36:16+00:00\",\"dateModified\":\"2023-01-09T18:19:14+00:00\",\"inLanguage\":\"sk-SK\",\"potentialAction\":[{\"@type\":\"ReadAction\",\"target\":[\"https:\/\/d.r1.wbsprt.com\/farnostmalelevare.sk\/svetovy-den-chorych\/\"]}]},{\"@type\":\"Article\",\"@id\":\"https:\/\/d.r1.wbsprt.com\/farnostmalelevare.sk\/svetovy-den-chorych\/#article\",\"isPartOf\":{\"@id\":\"https:\/\/d.r1.wbsprt.com\/farnostmalelevare.sk\/svetovy-den-chorych\/#webpage\"},\"author\":{\"@id\":\"https:\/\/farnostmalelevare.sk\/#\/schema\/person\/67f464ff48808276c7c132bf4a827212\"},\"headline\":\"Svetov\\u00fd de\\u0148 chor\\u00fdch\",\"datePublished\":\"2021-02-11T09:36:16+00:00\",\"dateModified\":\"2023-01-09T18:19:14+00:00\",\"mainEntityOfPage\":{\"@id\":\"https:\/\/d.r1.wbsprt.com\/farnostmalelevare.sk\/svetovy-den-chorych\/#webpage\"},\"publisher\":{\"@id\":\"https:\/\/farnostmalelevare.sk\/#organization\"},\"image\":{\"@id\":\"https:\/\/d.r1.wbsprt.com\/farnostmalelevare.sk\/svetovy-den-chorych\/#primaryimage\"},\"articleSection\":\"Na dnes\",\"inLanguage\":\"sk-SK\"},{\"@type\":\"Person\",\"@id\":\"https:\/\/farnostmalelevare.sk\/#\/schema\/person\/67f464ff48808276c7c132bf4a827212\",\"name\":\"farnostlevarky\",\"sameAs\":[\"http:\/\/farnostmalelevare.sk\"]}]}<\/script>\n<!-- \/ Yoast SEO plugin. -->","_links":{"self":[{"href":"https:\/\/d.r1.wbsprt.com\/farnostmalelevare.sk\/wp-json\/wp\/v2\/posts\/817"}],"collection":[{"href":"https:\/\/d.r1.wbsprt.com\/farnostmalelevare.sk\/wp-json\/wp\/v2\/posts"}],"about":[{"href":"https:\/\/d.r1.wbsprt.com\/farnostmalelevare.sk\/wp-json\/wp\/v2\/types\/post"}],"author":[{"embeddable":true,"href":"https:\/\/d.r1.wbsprt.com\/farnostmalelevare.sk\/wp-json\/wp\/v2\/users\/1"}],"replies":[{"embeddable":true,"href":"https:\/\/d.r1.wbsprt.com\/farnostmalelevare.sk\/wp-json\/wp\/v2\/comments?post=817"}],"version-history":[{"count":6,"href":"https:\/\/d.r1.wbsprt.com\/farnostmalelevare.sk\/wp-json\/wp\/v2\/posts\/817\/revisions"}],"predecessor-version":[{"id":2361,"href":"https:\/\/d.r1.wbsprt.com\/farnostmalelevare.sk\/wp-json\/wp\/v2\/posts\/817\/revisions\/2361"}],"wp:attachment":[{"href":"https:\/\/d.r1.wbsprt.com\/farnostmalelevare.sk\/wp-json\/wp\/v2\/media?parent=817"}],"wp:term":[{"taxonomy":"category","embeddable":true,"href":"https:\/\/d.r1.wbsprt.com\/farnostmalelevare.sk\/wp-json\/wp\/v2\/categories?post=817"},{"taxonomy":"post_tag","embeddable":true,"href":"https:\/\/d.r1.wbsprt.com\/farnostmalelevare.sk\/wp-json\/wp\/v2\/tags?post=817"}],"curies":[{"name":"wp","href":"https:\/\/api.w.org\/{rel}","templated":true}]}}