{"id":782,"date":"2021-02-03T00:10:43","date_gmt":"2021-02-02T23:10:43","guid":{"rendered":"http:\/\/farnostmalelevare.sk\/?p=782"},"modified":"2023-01-09T19:21:12","modified_gmt":"2023-01-09T18:21:12","slug":"sv-blazej-biskup-a-mucenik","status":"publish","type":"post","link":"https:\/\/d.r1.wbsprt.com\/farnostmalelevare.sk\/sv-blazej-biskup-a-mucenik\/","title":{"rendered":"Sv\u00e4t\u00fd Bla\u017eej, biskup a mu\u010den\u00edk"},"content":{"rendered":"<p><img loading=\"lazy\" class=\"alignnone wp-image-786\" src=\"http:\/\/farnostmalelevare.sk\/wp-content\/uploads\/2021\/02\/sv.-Blazej-3-300x225.jpg\" alt=\"\" width=\"675\" height=\"506\" srcset=\"http:\/\/d.r1.wbsprt.com\/farnostmalelevare.sk\/wp-content\/uploads\/2021\/02\/sv.-Blazej-3-300x225.jpg 300w, http:\/\/d.r1.wbsprt.com\/farnostmalelevare.sk\/wp-content\/uploads\/2021\/02\/sv.-Blazej-3-1024x768.jpg 1024w, http:\/\/d.r1.wbsprt.com\/farnostmalelevare.sk\/wp-content\/uploads\/2021\/02\/sv.-Blazej-3-768x576.jpg 768w, http:\/\/d.r1.wbsprt.com\/farnostmalelevare.sk\/wp-content\/uploads\/2021\/02\/sv.-Blazej-3-1536x1152.jpg 1536w, http:\/\/d.r1.wbsprt.com\/farnostmalelevare.sk\/wp-content\/uploads\/2021\/02\/sv.-Blazej-3.jpg 2048w\" sizes=\"(max-width: 675px) 100vw, 675px\" \/><\/p>\n<p>Pod\u013ea legendy jedna vdova s pla\u010dom priniesla k Bla\u017eejovi svoje die\u0165a, ktor\u00e9mu v hrdle zostala tr\u010da\u0165 rybia kos\u0165, a prosila ho o pomoc. Bla\u017eej sa vr\u00facne pomodlil, po\u017eehnal die\u0165a a chlapec sa uzdravil.<!--more--> Aj po Bla\u017eejovej smrti sa diali z\u00e1zraky uzdravenia. Vyvinula s trad\u00edcia, \u017ee na sviatok sv. Bla\u017eeja (3. febru\u00e1ra) sa ude\u013euje bla\u017eejsk\u00e9 po\u017eehnanie \u2013 po\u017eehnanie hrdla.<\/p>\n<p>Sv. Bla\u017eej patril medzi \u0161trn\u00e1stich pomocn\u00edkov v n\u00fadzi. Je ve\u013emi uctievan\u00fd. Len v samotnom R\u00edme je p\u00e4\u0165 kostolov zasv\u00e4ten\u00fdch pr\u00e1ve jemu.<\/p>\n<p>Viac o sv. Bla\u017eejovi, pomocn\u00edkovi pre dobr\u00fa spove\u010f, proti bolestiam hrdla, ka\u0161\u013eu, ochoreniam hrtana <a href=\"http:\/\/www.zivotopisysvatych.sk\/blazej\/\" target=\"_blank\" rel=\"noopener noreferrer\">tu<\/a>.<\/p>\n","protected":false},"excerpt":{"rendered":"<p>Pod\u013ea legendy jedna vdova s pla\u010dom priniesla k Bla\u017eejovi svoje die\u0165a, ktor\u00e9mu v hrdle zostala tr\u010da\u0165 rybia kos\u0165, a prosila ho o pomoc. Bla\u017eej sa vr\u00facne pomodlil, po\u017eehnal die\u0165a a chlapec sa uzdravil.<\/p>\n","protected":false},"author":1,"featured_media":0,"comment_status":"closed","ping_status":"open","sticky":false,"template":"","format":"standard","meta":[],"categories":[4],"tags":[],"yoast_head":"<!-- This site is optimized with the Yoast SEO plugin v15.5 - https:\/\/yoast.com\/wordpress\/plugins\/seo\/ -->\n<title>Sv\u00e4t\u00fd Bla\u017eej, biskup a mu\u010den\u00edk &bull; Farnos\u0165 Mal\u00e9 Lev\u00e1re<\/title>\n<meta name=\"robots\" content=\"index, follow, max-snippet:-1, max-image-preview:large, max-video-preview:-1\" \/>\n<link rel=\"canonical\" href=\"https:\/\/d.r1.wbsprt.com\/farnostmalelevare.sk\/sv-blazej-biskup-a-mucenik\/\" \/>\n<meta property=\"og:locale\" content=\"sk_SK\" \/>\n<meta property=\"og:type\" content=\"article\" \/>\n<meta property=\"og:title\" content=\"Sv\u00e4t\u00fd Bla\u017eej, biskup a mu\u010den\u00edk &bull; Farnos\u0165 Mal\u00e9 Lev\u00e1re\" \/>\n<meta property=\"og:description\" content=\"Pod\u013ea legendy jedna vdova s pla\u010dom priniesla k Bla\u017eejovi svoje die\u0165a, ktor\u00e9mu v hrdle zostala tr\u010da\u0165 rybia kos\u0165, a prosila ho o pomoc. Bla\u017eej sa vr\u00facne pomodlil, po\u017eehnal die\u0165a a chlapec sa uzdravil.\" \/>\n<meta property=\"og:url\" content=\"https:\/\/d.r1.wbsprt.com\/farnostmalelevare.sk\/sv-blazej-biskup-a-mucenik\/\" \/>\n<meta property=\"og:site_name\" content=\"Farnos\u0165 Mal\u00e9 Lev\u00e1re\" \/>\n<meta property=\"article:published_time\" content=\"2021-02-02T23:10:43+00:00\" \/>\n<meta property=\"article:modified_time\" content=\"2023-01-09T18:21:12+00:00\" \/>\n<meta property=\"og:image\" content=\"http:\/\/farnostmalelevare.sk\/wp-content\/uploads\/2021\/02\/sv.-Blazej-3-300x225.jpg\" \/>\n<meta name=\"twitter:card\" content=\"summary_large_image\" \/>\n<meta name=\"twitter:label1\" content=\"Predpokladan\u00fd \u010das \u010d\u00edtania\">\n\t<meta name=\"twitter:data1\" content=\"0 min\u00fat\">\n<script type=\"application\/ld+json\" class=\"yoast-schema-graph\">{\"@context\":\"https:\/\/schema.org\",\"@graph\":[{\"@type\":\"Organization\",\"@id\":\"https:\/\/farnostmalelevare.sk\/#organization\",\"name\":\"Farnos\\u0165 Mal\\u00e9 Lev\\u00e1re\",\"url\":\"https:\/\/farnostmalelevare.sk\/\",\"sameAs\":[],\"logo\":{\"@type\":\"ImageObject\",\"@id\":\"https:\/\/farnostmalelevare.sk\/#logo\",\"inLanguage\":\"sk-SK\",\"url\":\"https:\/\/d.r1.wbsprt.com\/farnostmalelevare.sk\/wp-content\/uploads\/2020\/12\/marianska-hviezda.png\",\"width\":8000,\"height\":4500,\"caption\":\"Farnos\\u0165 Mal\\u00e9 Lev\\u00e1re\"},\"image\":{\"@id\":\"https:\/\/farnostmalelevare.sk\/#logo\"}},{\"@type\":\"WebSite\",\"@id\":\"https:\/\/farnostmalelevare.sk\/#website\",\"url\":\"https:\/\/farnostmalelevare.sk\/\",\"name\":\"Farnos\\u0165 Mal\\u00e9 Lev\\u00e1re\",\"description\":\"\",\"publisher\":{\"@id\":\"https:\/\/farnostmalelevare.sk\/#organization\"},\"potentialAction\":[{\"@type\":\"SearchAction\",\"target\":\"https:\/\/farnostmalelevare.sk\/?s={search_term_string}\",\"query-input\":\"required name=search_term_string\"}],\"inLanguage\":\"sk-SK\"},{\"@type\":\"ImageObject\",\"@id\":\"https:\/\/d.r1.wbsprt.com\/farnostmalelevare.sk\/sv-blazej-biskup-a-mucenik\/#primaryimage\",\"inLanguage\":\"sk-SK\",\"url\":\"http:\/\/farnostmalelevare.sk\/wp-content\/uploads\/2021\/02\/sv.-Blazej-3-300x225.jpg\"},{\"@type\":\"WebPage\",\"@id\":\"https:\/\/d.r1.wbsprt.com\/farnostmalelevare.sk\/sv-blazej-biskup-a-mucenik\/#webpage\",\"url\":\"https:\/\/d.r1.wbsprt.com\/farnostmalelevare.sk\/sv-blazej-biskup-a-mucenik\/\",\"name\":\"Sv\\u00e4t\\u00fd Bla\\u017eej, biskup a mu\\u010den\\u00edk &bull; Farnos\\u0165 Mal\\u00e9 Lev\\u00e1re\",\"isPartOf\":{\"@id\":\"https:\/\/farnostmalelevare.sk\/#website\"},\"primaryImageOfPage\":{\"@id\":\"https:\/\/d.r1.wbsprt.com\/farnostmalelevare.sk\/sv-blazej-biskup-a-mucenik\/#primaryimage\"},\"datePublished\":\"2021-02-02T23:10:43+00:00\",\"dateModified\":\"2023-01-09T18:21:12+00:00\",\"inLanguage\":\"sk-SK\",\"potentialAction\":[{\"@type\":\"ReadAction\",\"target\":[\"https:\/\/d.r1.wbsprt.com\/farnostmalelevare.sk\/sv-blazej-biskup-a-mucenik\/\"]}]},{\"@type\":\"Article\",\"@id\":\"https:\/\/d.r1.wbsprt.com\/farnostmalelevare.sk\/sv-blazej-biskup-a-mucenik\/#article\",\"isPartOf\":{\"@id\":\"https:\/\/d.r1.wbsprt.com\/farnostmalelevare.sk\/sv-blazej-biskup-a-mucenik\/#webpage\"},\"author\":{\"@id\":\"https:\/\/farnostmalelevare.sk\/#\/schema\/person\/67f464ff48808276c7c132bf4a827212\"},\"headline\":\"Sv\\u00e4t\\u00fd Bla\\u017eej, biskup a mu\\u010den\\u00edk\",\"datePublished\":\"2021-02-02T23:10:43+00:00\",\"dateModified\":\"2023-01-09T18:21:12+00:00\",\"mainEntityOfPage\":{\"@id\":\"https:\/\/d.r1.wbsprt.com\/farnostmalelevare.sk\/sv-blazej-biskup-a-mucenik\/#webpage\"},\"publisher\":{\"@id\":\"https:\/\/farnostmalelevare.sk\/#organization\"},\"image\":{\"@id\":\"https:\/\/d.r1.wbsprt.com\/farnostmalelevare.sk\/sv-blazej-biskup-a-mucenik\/#primaryimage\"},\"articleSection\":\"Na dnes\",\"inLanguage\":\"sk-SK\"},{\"@type\":\"Person\",\"@id\":\"https:\/\/farnostmalelevare.sk\/#\/schema\/person\/67f464ff48808276c7c132bf4a827212\",\"name\":\"farnostlevarky\",\"sameAs\":[\"http:\/\/farnostmalelevare.sk\"]}]}<\/script>\n<!-- \/ Yoast SEO plugin. -->","_links":{"self":[{"href":"https:\/\/d.r1.wbsprt.com\/farnostmalelevare.sk\/wp-json\/wp\/v2\/posts\/782"}],"collection":[{"href":"https:\/\/d.r1.wbsprt.com\/farnostmalelevare.sk\/wp-json\/wp\/v2\/posts"}],"about":[{"href":"https:\/\/d.r1.wbsprt.com\/farnostmalelevare.sk\/wp-json\/wp\/v2\/types\/post"}],"author":[{"embeddable":true,"href":"https:\/\/d.r1.wbsprt.com\/farnostmalelevare.sk\/wp-json\/wp\/v2\/users\/1"}],"replies":[{"embeddable":true,"href":"https:\/\/d.r1.wbsprt.com\/farnostmalelevare.sk\/wp-json\/wp\/v2\/comments?post=782"}],"version-history":[{"count":6,"href":"https:\/\/d.r1.wbsprt.com\/farnostmalelevare.sk\/wp-json\/wp\/v2\/posts\/782\/revisions"}],"predecessor-version":[{"id":2365,"href":"https:\/\/d.r1.wbsprt.com\/farnostmalelevare.sk\/wp-json\/wp\/v2\/posts\/782\/revisions\/2365"}],"wp:attachment":[{"href":"https:\/\/d.r1.wbsprt.com\/farnostmalelevare.sk\/wp-json\/wp\/v2\/media?parent=782"}],"wp:term":[{"taxonomy":"category","embeddable":true,"href":"https:\/\/d.r1.wbsprt.com\/farnostmalelevare.sk\/wp-json\/wp\/v2\/categories?post=782"},{"taxonomy":"post_tag","embeddable":true,"href":"https:\/\/d.r1.wbsprt.com\/farnostmalelevare.sk\/wp-json\/wp\/v2\/tags?post=782"}],"curies":[{"name":"wp","href":"https:\/\/api.w.org\/{rel}","templated":true}]}}