{"id":758,"date":"2021-01-25T11:16:42","date_gmt":"2021-01-25T10:16:42","guid":{"rendered":"http:\/\/farnostmalelevare.sk\/?p=758"},"modified":"2022-08-03T10:09:57","modified_gmt":"2022-08-03T08:09:57","slug":"tyzden-modlitieb-za-jednotu-krestanov-8-den","status":"publish","type":"post","link":"https:\/\/d.r1.wbsprt.com\/farnostmalelevare.sk\/tyzden-modlitieb-za-jednotu-krestanov-8-den\/","title":{"rendered":"T\u00fd\u017ede\u0148 modlitieb za jednotu kres\u0165anov, 8. de\u0148"},"content":{"rendered":"<p>T\u00e9ma: Zmieri\u0165 sa s cel\u00fdm stvorenstvom<!--more--><\/p>\n<p><em>\u201eAby moja rados\u0165 bola vo v\u00e1s a aby va\u0161a rados\u0165 bola \u00fapln\u00e1.\u201c<\/em> (J\u00e1n 15, 11)<\/p>\n<p>Dne\u0161n\u00e9 biblick\u00e9 zamyslenie je <a href=\"https:\/\/fb.watch\/3el0Q_kz0G\/\" target=\"_blank\" rel=\"noopener noreferrer\">tu<\/a>.<\/p>\n<p>\u00d3, trikr\u00e1t sv\u00e4t\u00fd Bo\u017ee,<br \/>\n\u010fakujeme ti, \u017ee si n\u00e1s stvoril a miluje\u0161 n\u00e1s.<br \/>\n\u010eakujeme ti za tvoju pr\u00edtomnos\u0165 v n\u00e1s a v stvoren\u00ed.<br \/>\nDaj, nech dok\u00e1\u017eeme h\u013eadie\u0165 na svet, ako na\u0148 h\u013ead\u00ed\u0161 ty \u2013 s l\u00e1skou.<br \/>\nNech sme v n\u00e1deji tohto poh\u013eadu schopn\u00ed budova\u0165 svet, v ktorom bude prekvita\u0165 pokoj a spravodlivos\u0165, na sl\u00e1vu tvojho mena. Amen.<\/p>\n","protected":false},"excerpt":{"rendered":"<p>T\u00e9ma: Zmieri\u0165 sa s cel\u00fdm stvorenstvom<\/p>\n","protected":false},"author":1,"featured_media":0,"comment_status":"closed","ping_status":"open","sticky":false,"template":"","format":"standard","meta":[],"categories":[4],"tags":[],"yoast_head":"<!-- This site is optimized with the Yoast SEO plugin v15.5 - https:\/\/yoast.com\/wordpress\/plugins\/seo\/ -->\n<title>T\u00fd\u017ede\u0148 modlitieb za jednotu kres\u0165anov, 8. de\u0148 &bull; Farnos\u0165 Mal\u00e9 Lev\u00e1re<\/title>\n<meta name=\"robots\" content=\"index, follow, max-snippet:-1, max-image-preview:large, max-video-preview:-1\" \/>\n<link rel=\"canonical\" href=\"https:\/\/d.r1.wbsprt.com\/farnostmalelevare.sk\/tyzden-modlitieb-za-jednotu-krestanov-8-den\/\" \/>\n<meta property=\"og:locale\" content=\"sk_SK\" \/>\n<meta property=\"og:type\" content=\"article\" \/>\n<meta property=\"og:title\" content=\"T\u00fd\u017ede\u0148 modlitieb za jednotu kres\u0165anov, 8. de\u0148 &bull; Farnos\u0165 Mal\u00e9 Lev\u00e1re\" \/>\n<meta property=\"og:description\" content=\"T\u00e9ma: Zmieri\u0165 sa s cel\u00fdm stvorenstvom\" \/>\n<meta property=\"og:url\" content=\"https:\/\/d.r1.wbsprt.com\/farnostmalelevare.sk\/tyzden-modlitieb-za-jednotu-krestanov-8-den\/\" \/>\n<meta property=\"og:site_name\" content=\"Farnos\u0165 Mal\u00e9 Lev\u00e1re\" \/>\n<meta property=\"article:published_time\" content=\"2021-01-25T10:16:42+00:00\" \/>\n<meta property=\"article:modified_time\" content=\"2022-08-03T08:09:57+00:00\" \/>\n<meta name=\"twitter:card\" content=\"summary_large_image\" \/>\n<meta name=\"twitter:label1\" content=\"Predpokladan\u00fd \u010das \u010d\u00edtania\">\n\t<meta name=\"twitter:data1\" content=\"0 min\u00fat\">\n<script type=\"application\/ld+json\" class=\"yoast-schema-graph\">{\"@context\":\"https:\/\/schema.org\",\"@graph\":[{\"@type\":\"Organization\",\"@id\":\"https:\/\/farnostmalelevare.sk\/#organization\",\"name\":\"Farnos\\u0165 Mal\\u00e9 Lev\\u00e1re\",\"url\":\"https:\/\/farnostmalelevare.sk\/\",\"sameAs\":[],\"logo\":{\"@type\":\"ImageObject\",\"@id\":\"https:\/\/farnostmalelevare.sk\/#logo\",\"inLanguage\":\"sk-SK\",\"url\":\"https:\/\/d.r1.wbsprt.com\/farnostmalelevare.sk\/wp-content\/uploads\/2020\/12\/marianska-hviezda.png\",\"width\":8000,\"height\":4500,\"caption\":\"Farnos\\u0165 Mal\\u00e9 Lev\\u00e1re\"},\"image\":{\"@id\":\"https:\/\/farnostmalelevare.sk\/#logo\"}},{\"@type\":\"WebSite\",\"@id\":\"https:\/\/farnostmalelevare.sk\/#website\",\"url\":\"https:\/\/farnostmalelevare.sk\/\",\"name\":\"Farnos\\u0165 Mal\\u00e9 Lev\\u00e1re\",\"description\":\"\",\"publisher\":{\"@id\":\"https:\/\/farnostmalelevare.sk\/#organization\"},\"potentialAction\":[{\"@type\":\"SearchAction\",\"target\":\"https:\/\/farnostmalelevare.sk\/?s={search_term_string}\",\"query-input\":\"required name=search_term_string\"}],\"inLanguage\":\"sk-SK\"},{\"@type\":\"WebPage\",\"@id\":\"https:\/\/d.r1.wbsprt.com\/farnostmalelevare.sk\/tyzden-modlitieb-za-jednotu-krestanov-8-den\/#webpage\",\"url\":\"https:\/\/d.r1.wbsprt.com\/farnostmalelevare.sk\/tyzden-modlitieb-za-jednotu-krestanov-8-den\/\",\"name\":\"T\\u00fd\\u017ede\\u0148 modlitieb za jednotu kres\\u0165anov, 8. de\\u0148 &bull; Farnos\\u0165 Mal\\u00e9 Lev\\u00e1re\",\"isPartOf\":{\"@id\":\"https:\/\/farnostmalelevare.sk\/#website\"},\"datePublished\":\"2021-01-25T10:16:42+00:00\",\"dateModified\":\"2022-08-03T08:09:57+00:00\",\"inLanguage\":\"sk-SK\",\"potentialAction\":[{\"@type\":\"ReadAction\",\"target\":[\"https:\/\/d.r1.wbsprt.com\/farnostmalelevare.sk\/tyzden-modlitieb-za-jednotu-krestanov-8-den\/\"]}]},{\"@type\":\"Article\",\"@id\":\"https:\/\/d.r1.wbsprt.com\/farnostmalelevare.sk\/tyzden-modlitieb-za-jednotu-krestanov-8-den\/#article\",\"isPartOf\":{\"@id\":\"https:\/\/d.r1.wbsprt.com\/farnostmalelevare.sk\/tyzden-modlitieb-za-jednotu-krestanov-8-den\/#webpage\"},\"author\":{\"@id\":\"https:\/\/farnostmalelevare.sk\/#\/schema\/person\/67f464ff48808276c7c132bf4a827212\"},\"headline\":\"T\\u00fd\\u017ede\\u0148 modlitieb za jednotu kres\\u0165anov, 8. de\\u0148\",\"datePublished\":\"2021-01-25T10:16:42+00:00\",\"dateModified\":\"2022-08-03T08:09:57+00:00\",\"mainEntityOfPage\":{\"@id\":\"https:\/\/d.r1.wbsprt.com\/farnostmalelevare.sk\/tyzden-modlitieb-za-jednotu-krestanov-8-den\/#webpage\"},\"publisher\":{\"@id\":\"https:\/\/farnostmalelevare.sk\/#organization\"},\"articleSection\":\"Na dnes\",\"inLanguage\":\"sk-SK\"},{\"@type\":\"Person\",\"@id\":\"https:\/\/farnostmalelevare.sk\/#\/schema\/person\/67f464ff48808276c7c132bf4a827212\",\"name\":\"farnostlevarky\",\"sameAs\":[\"http:\/\/farnostmalelevare.sk\"]}]}<\/script>\n<!-- \/ Yoast SEO plugin. -->","_links":{"self":[{"href":"https:\/\/d.r1.wbsprt.com\/farnostmalelevare.sk\/wp-json\/wp\/v2\/posts\/758"}],"collection":[{"href":"https:\/\/d.r1.wbsprt.com\/farnostmalelevare.sk\/wp-json\/wp\/v2\/posts"}],"about":[{"href":"https:\/\/d.r1.wbsprt.com\/farnostmalelevare.sk\/wp-json\/wp\/v2\/types\/post"}],"author":[{"embeddable":true,"href":"https:\/\/d.r1.wbsprt.com\/farnostmalelevare.sk\/wp-json\/wp\/v2\/users\/1"}],"replies":[{"embeddable":true,"href":"https:\/\/d.r1.wbsprt.com\/farnostmalelevare.sk\/wp-json\/wp\/v2\/comments?post=758"}],"version-history":[{"count":4,"href":"https:\/\/d.r1.wbsprt.com\/farnostmalelevare.sk\/wp-json\/wp\/v2\/posts\/758\/revisions"}],"predecessor-version":[{"id":1799,"href":"https:\/\/d.r1.wbsprt.com\/farnostmalelevare.sk\/wp-json\/wp\/v2\/posts\/758\/revisions\/1799"}],"wp:attachment":[{"href":"https:\/\/d.r1.wbsprt.com\/farnostmalelevare.sk\/wp-json\/wp\/v2\/media?parent=758"}],"wp:term":[{"taxonomy":"category","embeddable":true,"href":"https:\/\/d.r1.wbsprt.com\/farnostmalelevare.sk\/wp-json\/wp\/v2\/categories?post=758"},{"taxonomy":"post_tag","embeddable":true,"href":"https:\/\/d.r1.wbsprt.com\/farnostmalelevare.sk\/wp-json\/wp\/v2\/tags?post=758"}],"curies":[{"name":"wp","href":"https:\/\/api.w.org\/{rel}","templated":true}]}}