{"id":750,"date":"2021-01-24T10:55:40","date_gmt":"2021-01-24T09:55:40","guid":{"rendered":"http:\/\/farnostmalelevare.sk\/?p=750"},"modified":"2022-08-03T10:12:22","modified_gmt":"2022-08-03T08:12:22","slug":"tyzden-modlitieb-za-jednotu-krestanov-7-den","status":"publish","type":"post","link":"https:\/\/d.r1.wbsprt.com\/farnostmalelevare.sk\/tyzden-modlitieb-za-jednotu-krestanov-7-den\/","title":{"rendered":"T\u00fd\u017ede\u0148 modlitieb za jednotu kres\u0165anov, 7. de\u0148"},"content":{"rendered":"<p>T\u00e9ma: R\u00e1s\u0165 v jednote<!--more--><\/p>\n<p><em>\u201eJa som vini\u010d, vy ste ratolesti\u201c<\/em> (J\u00e1n 15, 5a)<\/p>\n<p>Biblick\u00e9 zamyslenie na dnes je <a href=\"https:\/\/fb.watch\/3c-pW0Yx4D\/\" target=\"_blank\" rel=\"noopener noreferrer\">tu<\/a>.<\/p>\n<p>Duchu Sv\u00e4t\u00fd,<br \/>\nty o\u017eivuj\u00faci ohe\u0148 a jemn\u00fd dych, pr\u00ed\u010f a preb\u00fdvaj v n\u00e1s.<br \/>\nObnov v n\u00e1s v\u00e1\u0161niv\u00fa t\u00fa\u017ebu po jednote, aby sme \u017eili s vedom\u00edm puta, ktor\u00fdm sme v tebe spojen\u00ed.<br \/>\nDaj, nech sa v\u0161etci kres\u0165ania, ktor\u00ed si obliekli pri krste Krista, spoja a spolo\u010dne vyd\u00e1vaj\u00fa svedectvo o n\u00e1deji, ktor\u00e1 ich posil\u0148uje.<br \/>\nAmen.<\/p>\n","protected":false},"excerpt":{"rendered":"<p>T\u00e9ma: R\u00e1s\u0165 v jednote<\/p>\n","protected":false},"author":1,"featured_media":0,"comment_status":"closed","ping_status":"open","sticky":false,"template":"","format":"standard","meta":[],"categories":[4],"tags":[],"yoast_head":"<!-- This site is optimized with the Yoast SEO plugin v15.5 - https:\/\/yoast.com\/wordpress\/plugins\/seo\/ -->\n<title>T\u00fd\u017ede\u0148 modlitieb za jednotu kres\u0165anov, 7. de\u0148 &bull; Farnos\u0165 Mal\u00e9 Lev\u00e1re<\/title>\n<meta name=\"robots\" content=\"index, follow, max-snippet:-1, max-image-preview:large, max-video-preview:-1\" \/>\n<link rel=\"canonical\" href=\"https:\/\/d.r1.wbsprt.com\/farnostmalelevare.sk\/tyzden-modlitieb-za-jednotu-krestanov-7-den\/\" \/>\n<meta property=\"og:locale\" content=\"sk_SK\" \/>\n<meta property=\"og:type\" content=\"article\" \/>\n<meta property=\"og:title\" content=\"T\u00fd\u017ede\u0148 modlitieb za jednotu kres\u0165anov, 7. de\u0148 &bull; Farnos\u0165 Mal\u00e9 Lev\u00e1re\" \/>\n<meta property=\"og:description\" content=\"T\u00e9ma: R\u00e1s\u0165 v jednote\" \/>\n<meta property=\"og:url\" content=\"https:\/\/d.r1.wbsprt.com\/farnostmalelevare.sk\/tyzden-modlitieb-za-jednotu-krestanov-7-den\/\" \/>\n<meta property=\"og:site_name\" content=\"Farnos\u0165 Mal\u00e9 Lev\u00e1re\" \/>\n<meta property=\"article:published_time\" content=\"2021-01-24T09:55:40+00:00\" \/>\n<meta property=\"article:modified_time\" content=\"2022-08-03T08:12:22+00:00\" \/>\n<meta name=\"twitter:card\" content=\"summary_large_image\" \/>\n<meta name=\"twitter:label1\" content=\"Predpokladan\u00fd \u010das \u010d\u00edtania\">\n\t<meta name=\"twitter:data1\" content=\"0 min\u00fat\">\n<script type=\"application\/ld+json\" class=\"yoast-schema-graph\">{\"@context\":\"https:\/\/schema.org\",\"@graph\":[{\"@type\":\"Organization\",\"@id\":\"https:\/\/farnostmalelevare.sk\/#organization\",\"name\":\"Farnos\\u0165 Mal\\u00e9 Lev\\u00e1re\",\"url\":\"https:\/\/farnostmalelevare.sk\/\",\"sameAs\":[],\"logo\":{\"@type\":\"ImageObject\",\"@id\":\"https:\/\/farnostmalelevare.sk\/#logo\",\"inLanguage\":\"sk-SK\",\"url\":\"https:\/\/d.r1.wbsprt.com\/farnostmalelevare.sk\/wp-content\/uploads\/2020\/12\/marianska-hviezda.png\",\"width\":8000,\"height\":4500,\"caption\":\"Farnos\\u0165 Mal\\u00e9 Lev\\u00e1re\"},\"image\":{\"@id\":\"https:\/\/farnostmalelevare.sk\/#logo\"}},{\"@type\":\"WebSite\",\"@id\":\"https:\/\/farnostmalelevare.sk\/#website\",\"url\":\"https:\/\/farnostmalelevare.sk\/\",\"name\":\"Farnos\\u0165 Mal\\u00e9 Lev\\u00e1re\",\"description\":\"\",\"publisher\":{\"@id\":\"https:\/\/farnostmalelevare.sk\/#organization\"},\"potentialAction\":[{\"@type\":\"SearchAction\",\"target\":\"https:\/\/farnostmalelevare.sk\/?s={search_term_string}\",\"query-input\":\"required name=search_term_string\"}],\"inLanguage\":\"sk-SK\"},{\"@type\":\"WebPage\",\"@id\":\"https:\/\/d.r1.wbsprt.com\/farnostmalelevare.sk\/tyzden-modlitieb-za-jednotu-krestanov-7-den\/#webpage\",\"url\":\"https:\/\/d.r1.wbsprt.com\/farnostmalelevare.sk\/tyzden-modlitieb-za-jednotu-krestanov-7-den\/\",\"name\":\"T\\u00fd\\u017ede\\u0148 modlitieb za jednotu kres\\u0165anov, 7. de\\u0148 &bull; Farnos\\u0165 Mal\\u00e9 Lev\\u00e1re\",\"isPartOf\":{\"@id\":\"https:\/\/farnostmalelevare.sk\/#website\"},\"datePublished\":\"2021-01-24T09:55:40+00:00\",\"dateModified\":\"2022-08-03T08:12:22+00:00\",\"inLanguage\":\"sk-SK\",\"potentialAction\":[{\"@type\":\"ReadAction\",\"target\":[\"https:\/\/d.r1.wbsprt.com\/farnostmalelevare.sk\/tyzden-modlitieb-za-jednotu-krestanov-7-den\/\"]}]},{\"@type\":\"Article\",\"@id\":\"https:\/\/d.r1.wbsprt.com\/farnostmalelevare.sk\/tyzden-modlitieb-za-jednotu-krestanov-7-den\/#article\",\"isPartOf\":{\"@id\":\"https:\/\/d.r1.wbsprt.com\/farnostmalelevare.sk\/tyzden-modlitieb-za-jednotu-krestanov-7-den\/#webpage\"},\"author\":{\"@id\":\"https:\/\/farnostmalelevare.sk\/#\/schema\/person\/67f464ff48808276c7c132bf4a827212\"},\"headline\":\"T\\u00fd\\u017ede\\u0148 modlitieb za jednotu kres\\u0165anov, 7. de\\u0148\",\"datePublished\":\"2021-01-24T09:55:40+00:00\",\"dateModified\":\"2022-08-03T08:12:22+00:00\",\"mainEntityOfPage\":{\"@id\":\"https:\/\/d.r1.wbsprt.com\/farnostmalelevare.sk\/tyzden-modlitieb-za-jednotu-krestanov-7-den\/#webpage\"},\"publisher\":{\"@id\":\"https:\/\/farnostmalelevare.sk\/#organization\"},\"articleSection\":\"Na dnes\",\"inLanguage\":\"sk-SK\"},{\"@type\":\"Person\",\"@id\":\"https:\/\/farnostmalelevare.sk\/#\/schema\/person\/67f464ff48808276c7c132bf4a827212\",\"name\":\"farnostlevarky\",\"sameAs\":[\"http:\/\/farnostmalelevare.sk\"]}]}<\/script>\n<!-- \/ Yoast SEO plugin. -->","_links":{"self":[{"href":"https:\/\/d.r1.wbsprt.com\/farnostmalelevare.sk\/wp-json\/wp\/v2\/posts\/750"}],"collection":[{"href":"https:\/\/d.r1.wbsprt.com\/farnostmalelevare.sk\/wp-json\/wp\/v2\/posts"}],"about":[{"href":"https:\/\/d.r1.wbsprt.com\/farnostmalelevare.sk\/wp-json\/wp\/v2\/types\/post"}],"author":[{"embeddable":true,"href":"https:\/\/d.r1.wbsprt.com\/farnostmalelevare.sk\/wp-json\/wp\/v2\/users\/1"}],"replies":[{"embeddable":true,"href":"https:\/\/d.r1.wbsprt.com\/farnostmalelevare.sk\/wp-json\/wp\/v2\/comments?post=750"}],"version-history":[{"count":2,"href":"https:\/\/d.r1.wbsprt.com\/farnostmalelevare.sk\/wp-json\/wp\/v2\/posts\/750\/revisions"}],"predecessor-version":[{"id":1802,"href":"https:\/\/d.r1.wbsprt.com\/farnostmalelevare.sk\/wp-json\/wp\/v2\/posts\/750\/revisions\/1802"}],"wp:attachment":[{"href":"https:\/\/d.r1.wbsprt.com\/farnostmalelevare.sk\/wp-json\/wp\/v2\/media?parent=750"}],"wp:term":[{"taxonomy":"category","embeddable":true,"href":"https:\/\/d.r1.wbsprt.com\/farnostmalelevare.sk\/wp-json\/wp\/v2\/categories?post=750"},{"taxonomy":"post_tag","embeddable":true,"href":"https:\/\/d.r1.wbsprt.com\/farnostmalelevare.sk\/wp-json\/wp\/v2\/tags?post=750"}],"curies":[{"name":"wp","href":"https:\/\/api.w.org\/{rel}","templated":true}]}}