{"id":741,"date":"2021-01-23T09:06:46","date_gmt":"2021-01-23T08:06:46","guid":{"rendered":"http:\/\/farnostmalelevare.sk\/?p=741"},"modified":"2022-08-03T10:13:08","modified_gmt":"2022-08-03T08:13:08","slug":"tyzden-modlitieb-za-jednotu-krestanov-6-den","status":"publish","type":"post","link":"https:\/\/d.r1.wbsprt.com\/farnostmalelevare.sk\/tyzden-modlitieb-za-jednotu-krestanov-6-den\/","title":{"rendered":"T\u00fd\u017ede\u0148 modlitieb za jednotu kres\u0165anov, 6. de\u0148"},"content":{"rendered":"<p>T\u00e9ma: Pr\u00edvetivo prij\u00edma\u0165 in\u00fdch<!--more--><\/p>\n<p><em>\u201eCho\u010fte a prin\u00e1\u0161ajte ovocie, aby va\u0161e ovocie zost\u00e1valo.\u201c<\/em> (J\u00e1n 15, 16b)<\/p>\n<p>Biblick\u00e9 zamyslenie na dnes je <a href=\"https:\/\/www.facebook.com\/ekumena.sk\/videos\/220509459712424\" target=\"_blank\" rel=\"noopener noreferrer\">tu<\/a>.<\/p>\n<p>Je\u017ei\u0161u Kriste,<br \/>\nt\u00fa\u017eime bezv\u00fdhradne prij\u00edma\u0165 bratov a sestry, ktor\u00ed s\u00fa medzi nami.<br \/>\nTy vie\u0161, ako \u010dasto sa c\u00edtime bezmocn\u00ed zo\u010di-vo\u010di ich utrpeniu, no ty n\u00e1s v\u017edy predch\u00e1dza\u0161, ty si ich u\u017e prijal vo svojom s\u00facite.<br \/>\nPrihovor sa im cez na\u0161e slov\u00e1, pom\u00f4\u017e im cez na\u0161e \u010diny a nech tvoje po\u017eehnanie spo\u010dinie na n\u00e1s v\u0161etk\u00fdch.<br \/>\nAmen.<\/p>\n","protected":false},"excerpt":{"rendered":"<p>T\u00e9ma: Pr\u00edvetivo prij\u00edma\u0165 in\u00fdch<\/p>\n","protected":false},"author":1,"featured_media":0,"comment_status":"closed","ping_status":"open","sticky":false,"template":"","format":"standard","meta":[],"categories":[4],"tags":[],"yoast_head":"<!-- This site is optimized with the Yoast SEO plugin v15.5 - https:\/\/yoast.com\/wordpress\/plugins\/seo\/ -->\n<title>T\u00fd\u017ede\u0148 modlitieb za jednotu kres\u0165anov, 6. de\u0148 &bull; Farnos\u0165 Mal\u00e9 Lev\u00e1re<\/title>\n<meta name=\"robots\" content=\"index, follow, max-snippet:-1, max-image-preview:large, max-video-preview:-1\" \/>\n<link rel=\"canonical\" href=\"http:\/\/farnostmalelevare.sk\/tyzden-modlitieb-za-jednotu-krestanov-6-den\/\" \/>\n<meta property=\"og:locale\" content=\"sk_SK\" \/>\n<meta property=\"og:type\" content=\"article\" \/>\n<meta property=\"og:title\" content=\"T\u00fd\u017ede\u0148 modlitieb za jednotu kres\u0165anov, 6. de\u0148 &bull; Farnos\u0165 Mal\u00e9 Lev\u00e1re\" \/>\n<meta property=\"og:description\" content=\"T\u00e9ma: Pr\u00edvetivo prij\u00edma\u0165 in\u00fdch\" \/>\n<meta property=\"og:url\" content=\"http:\/\/farnostmalelevare.sk\/tyzden-modlitieb-za-jednotu-krestanov-6-den\/\" \/>\n<meta property=\"og:site_name\" content=\"Farnos\u0165 Mal\u00e9 Lev\u00e1re\" \/>\n<meta property=\"article:published_time\" content=\"2021-01-23T08:06:46+00:00\" \/>\n<meta property=\"article:modified_time\" content=\"2022-08-03T08:13:08+00:00\" \/>\n<meta name=\"twitter:card\" content=\"summary_large_image\" \/>\n<meta name=\"twitter:label1\" content=\"Predpokladan\u00fd \u010das \u010d\u00edtania\">\n\t<meta name=\"twitter:data1\" content=\"0 min\u00fat\">\n<script type=\"application\/ld+json\" class=\"yoast-schema-graph\">{\"@context\":\"https:\/\/schema.org\",\"@graph\":[{\"@type\":\"Organization\",\"@id\":\"http:\/\/farnostmalelevare.sk\/#organization\",\"name\":\"Farnos\\u0165 Mal\\u00e9 Lev\\u00e1re\",\"url\":\"http:\/\/farnostmalelevare.sk\/\",\"sameAs\":[],\"logo\":{\"@type\":\"ImageObject\",\"@id\":\"http:\/\/farnostmalelevare.sk\/#logo\",\"inLanguage\":\"sk-SK\",\"url\":\"https:\/\/d.r1.wbsprt.com\/farnostmalelevare.sk\/wp-content\/uploads\/2020\/12\/marianska-hviezda.png\",\"width\":8000,\"height\":4500,\"caption\":\"Farnos\\u0165 Mal\\u00e9 Lev\\u00e1re\"},\"image\":{\"@id\":\"http:\/\/farnostmalelevare.sk\/#logo\"}},{\"@type\":\"WebSite\",\"@id\":\"http:\/\/farnostmalelevare.sk\/#website\",\"url\":\"http:\/\/farnostmalelevare.sk\/\",\"name\":\"Farnos\\u0165 Mal\\u00e9 Lev\\u00e1re\",\"description\":\"\",\"publisher\":{\"@id\":\"http:\/\/farnostmalelevare.sk\/#organization\"},\"potentialAction\":[{\"@type\":\"SearchAction\",\"target\":\"http:\/\/farnostmalelevare.sk\/?s={search_term_string}\",\"query-input\":\"required name=search_term_string\"}],\"inLanguage\":\"sk-SK\"},{\"@type\":\"WebPage\",\"@id\":\"http:\/\/farnostmalelevare.sk\/tyzden-modlitieb-za-jednotu-krestanov-6-den\/#webpage\",\"url\":\"http:\/\/farnostmalelevare.sk\/tyzden-modlitieb-za-jednotu-krestanov-6-den\/\",\"name\":\"T\\u00fd\\u017ede\\u0148 modlitieb za jednotu kres\\u0165anov, 6. de\\u0148 &bull; Farnos\\u0165 Mal\\u00e9 Lev\\u00e1re\",\"isPartOf\":{\"@id\":\"http:\/\/farnostmalelevare.sk\/#website\"},\"datePublished\":\"2021-01-23T08:06:46+00:00\",\"dateModified\":\"2022-08-03T08:13:08+00:00\",\"inLanguage\":\"sk-SK\",\"potentialAction\":[{\"@type\":\"ReadAction\",\"target\":[\"http:\/\/farnostmalelevare.sk\/tyzden-modlitieb-za-jednotu-krestanov-6-den\/\"]}]},{\"@type\":\"Article\",\"@id\":\"http:\/\/farnostmalelevare.sk\/tyzden-modlitieb-za-jednotu-krestanov-6-den\/#article\",\"isPartOf\":{\"@id\":\"http:\/\/farnostmalelevare.sk\/tyzden-modlitieb-za-jednotu-krestanov-6-den\/#webpage\"},\"author\":{\"@id\":\"http:\/\/farnostmalelevare.sk\/#\/schema\/person\/67f464ff48808276c7c132bf4a827212\"},\"headline\":\"T\\u00fd\\u017ede\\u0148 modlitieb za jednotu kres\\u0165anov, 6. de\\u0148\",\"datePublished\":\"2021-01-23T08:06:46+00:00\",\"dateModified\":\"2022-08-03T08:13:08+00:00\",\"mainEntityOfPage\":{\"@id\":\"http:\/\/farnostmalelevare.sk\/tyzden-modlitieb-za-jednotu-krestanov-6-den\/#webpage\"},\"publisher\":{\"@id\":\"http:\/\/farnostmalelevare.sk\/#organization\"},\"articleSection\":\"Na dnes\",\"inLanguage\":\"sk-SK\"},{\"@type\":\"Person\",\"@id\":\"http:\/\/farnostmalelevare.sk\/#\/schema\/person\/67f464ff48808276c7c132bf4a827212\",\"name\":\"farnostlevarky\",\"sameAs\":[\"http:\/\/farnostmalelevare.sk\"]}]}<\/script>\n<!-- \/ Yoast SEO plugin. -->","_links":{"self":[{"href":"https:\/\/d.r1.wbsprt.com\/farnostmalelevare.sk\/wp-json\/wp\/v2\/posts\/741"}],"collection":[{"href":"https:\/\/d.r1.wbsprt.com\/farnostmalelevare.sk\/wp-json\/wp\/v2\/posts"}],"about":[{"href":"https:\/\/d.r1.wbsprt.com\/farnostmalelevare.sk\/wp-json\/wp\/v2\/types\/post"}],"author":[{"embeddable":true,"href":"https:\/\/d.r1.wbsprt.com\/farnostmalelevare.sk\/wp-json\/wp\/v2\/users\/1"}],"replies":[{"embeddable":true,"href":"https:\/\/d.r1.wbsprt.com\/farnostmalelevare.sk\/wp-json\/wp\/v2\/comments?post=741"}],"version-history":[{"count":2,"href":"https:\/\/d.r1.wbsprt.com\/farnostmalelevare.sk\/wp-json\/wp\/v2\/posts\/741\/revisions"}],"predecessor-version":[{"id":1803,"href":"https:\/\/d.r1.wbsprt.com\/farnostmalelevare.sk\/wp-json\/wp\/v2\/posts\/741\/revisions\/1803"}],"wp:attachment":[{"href":"https:\/\/d.r1.wbsprt.com\/farnostmalelevare.sk\/wp-json\/wp\/v2\/media?parent=741"}],"wp:term":[{"taxonomy":"category","embeddable":true,"href":"https:\/\/d.r1.wbsprt.com\/farnostmalelevare.sk\/wp-json\/wp\/v2\/categories?post=741"},{"taxonomy":"post_tag","embeddable":true,"href":"https:\/\/d.r1.wbsprt.com\/farnostmalelevare.sk\/wp-json\/wp\/v2\/tags?post=741"}],"curies":[{"name":"wp","href":"https:\/\/api.w.org\/{rel}","templated":true}]}}