{"id":735,"date":"2021-01-24T01:49:42","date_gmt":"2021-01-24T00:49:42","guid":{"rendered":"http:\/\/farnostmalelevare.sk\/?p=735"},"modified":"2023-01-09T18:48:39","modified_gmt":"2023-01-09T17:48:39","slug":"svaty-frantisek-salesky-biskup-ucitel-cirkvi","status":"publish","type":"post","link":"https:\/\/d.r1.wbsprt.com\/farnostmalelevare.sk\/svaty-frantisek-salesky-biskup-ucitel-cirkvi\/","title":{"rendered":"Sv\u00e4t\u00fd Franti\u0161ek Salesk\u00fd, biskup, u\u010dite\u013e Cirkvi"},"content":{"rendered":"<p><img loading=\"lazy\" class=\"alignnone wp-image-736\" src=\"http:\/\/farnostmalelevare.sk\/wp-content\/uploads\/2021\/01\/Sv.-Frantisek-salesky-2-252x300.jpg\" alt=\"\" width=\"675\" height=\"803\" srcset=\"http:\/\/d.r1.wbsprt.com\/farnostmalelevare.sk\/wp-content\/uploads\/2021\/01\/Sv.-Frantisek-salesky-2-252x300.jpg 252w, http:\/\/d.r1.wbsprt.com\/farnostmalelevare.sk\/wp-content\/uploads\/2021\/01\/Sv.-Frantisek-salesky-2-768x914.jpg 768w, http:\/\/d.r1.wbsprt.com\/farnostmalelevare.sk\/wp-content\/uploads\/2021\/01\/Sv.-Frantisek-salesky-2.jpg 849w\" sizes=\"(max-width: 675px) 100vw, 675px\" \/><\/p>\n<p>Dvadsiaty \u0161tvrt\u00fd janu\u00e1r je d\u0148om spomienky na sv. Franti\u0161ka Salesk\u00e9ho.<\/p>\n<p>\u201eV dne\u0161nej dobe, v ktorej mnoh\u00ed \u013eudia poci\u0165uj\u00fa nepokoj, \u00fazkos\u0165 a\u017e depresiu, je to pr\u00e1ve Franti\u0161ek Salesk\u00fd so svoj\u00edm postojom jednoduchosti a radosti, ktor\u00fd n\u00e1m m\u00f4\u017ee svojimi radami pom\u00f4c\u0165, ako osta\u0165 pokojn\u00fdm aj v t\u00fdch naj\u0165a\u017e\u0161\u00edch situ\u00e1ci\u00e1ch \u017eivota.\u201c (<a href=\"https:\/\/zasvatenyzivot.sk\/frantisek-salesky-zi-pokojne\/\" target=\"_blank\" rel=\"noopener noreferrer\">Zasv\u00e4ten\u00fd \u017eivot<\/a>)<\/p>\n<p>O \u017eivote sv. Franti\u0161ka Salesk\u00e9ho si pre\u010d\u00edtajte <a href=\"https:\/\/www.zivotopisysvatych.sk\/frantisek-salesky\/\" target=\"_blank\" rel=\"noopener noreferrer\">tu<\/a>.<\/p>\n","protected":false},"excerpt":{"rendered":"<p>Dvadsiaty \u0161tvrt\u00fd janu\u00e1r je d\u0148om spomienky na sv. Franti\u0161ka Salesk\u00e9ho. \u201eV dne\u0161nej dobe, v ktorej mnoh\u00ed \u013eudia poci\u0165uj\u00fa nepokoj, \u00fazkos\u0165 a\u017e depresiu, je to pr\u00e1ve Franti\u0161ek Salesk\u00fd so svoj\u00edm postojom jednoduchosti a radosti, ktor\u00fd n\u00e1m m\u00f4\u017ee svojimi radami pom\u00f4c\u0165, ako osta\u0165 pokojn\u00fdm aj v t\u00fdch naj\u0165a\u017e\u0161\u00edch situ\u00e1ci\u00e1ch \u017eivota.\u201c (Zasv\u00e4ten\u00fd \u017eivot) O \u017eivote sv. Franti\u0161ka Salesk\u00e9ho &hellip; <\/p>\n<p class=\"link-more\"><a href=\"https:\/\/d.r1.wbsprt.com\/farnostmalelevare.sk\/svaty-frantisek-salesky-biskup-ucitel-cirkvi\/\" class=\"more-link\">Pokra\u010dova\u0165 v \u010d\u00edtan\u00ed<span class=\"screen-reader-text\"> &#8222;Sv\u00e4t\u00fd Franti\u0161ek Salesk\u00fd, biskup, u\u010dite\u013e Cirkvi&#8220;<\/span><\/a><\/p>\n","protected":false},"author":1,"featured_media":0,"comment_status":"closed","ping_status":"open","sticky":false,"template":"","format":"standard","meta":[],"categories":[4],"tags":[],"yoast_head":"<!-- This site is optimized with the Yoast SEO plugin v15.5 - https:\/\/yoast.com\/wordpress\/plugins\/seo\/ -->\n<title>Sv\u00e4t\u00fd Franti\u0161ek Salesk\u00fd, biskup, u\u010dite\u013e Cirkvi &bull; Farnos\u0165 Mal\u00e9 Lev\u00e1re<\/title>\n<meta name=\"robots\" content=\"index, follow, max-snippet:-1, max-image-preview:large, max-video-preview:-1\" \/>\n<link rel=\"canonical\" href=\"https:\/\/d.r1.wbsprt.com\/farnostmalelevare.sk\/svaty-frantisek-salesky-biskup-ucitel-cirkvi\/\" \/>\n<meta property=\"og:locale\" content=\"sk_SK\" \/>\n<meta property=\"og:type\" content=\"article\" \/>\n<meta property=\"og:title\" content=\"Sv\u00e4t\u00fd Franti\u0161ek Salesk\u00fd, biskup, u\u010dite\u013e Cirkvi &bull; Farnos\u0165 Mal\u00e9 Lev\u00e1re\" \/>\n<meta property=\"og:description\" content=\"Dvadsiaty \u0161tvrt\u00fd janu\u00e1r je d\u0148om spomienky na sv. Franti\u0161ka Salesk\u00e9ho. \u201eV dne\u0161nej dobe, v ktorej mnoh\u00ed \u013eudia poci\u0165uj\u00fa nepokoj, \u00fazkos\u0165 a\u017e depresiu, je to pr\u00e1ve Franti\u0161ek Salesk\u00fd so svoj\u00edm postojom jednoduchosti a radosti, ktor\u00fd n\u00e1m m\u00f4\u017ee svojimi radami pom\u00f4c\u0165, ako osta\u0165 pokojn\u00fdm aj v t\u00fdch naj\u0165a\u017e\u0161\u00edch situ\u00e1ci\u00e1ch \u017eivota.\u201c (Zasv\u00e4ten\u00fd \u017eivot) O \u017eivote sv. Franti\u0161ka Salesk\u00e9ho &hellip; Pokra\u010dova\u0165 v \u010d\u00edtan\u00ed &quot;Sv\u00e4t\u00fd Franti\u0161ek Salesk\u00fd, biskup, u\u010dite\u013e Cirkvi&quot;\" \/>\n<meta property=\"og:url\" content=\"https:\/\/d.r1.wbsprt.com\/farnostmalelevare.sk\/svaty-frantisek-salesky-biskup-ucitel-cirkvi\/\" \/>\n<meta property=\"og:site_name\" content=\"Farnos\u0165 Mal\u00e9 Lev\u00e1re\" \/>\n<meta property=\"article:published_time\" content=\"2021-01-24T00:49:42+00:00\" \/>\n<meta property=\"article:modified_time\" content=\"2023-01-09T17:48:39+00:00\" \/>\n<meta property=\"og:image\" content=\"http:\/\/farnostmalelevare.sk\/wp-content\/uploads\/2021\/01\/Sv.-Frantisek-salesky-2-252x300.jpg\" \/>\n<meta name=\"twitter:card\" content=\"summary_large_image\" \/>\n<meta name=\"twitter:label1\" content=\"Predpokladan\u00fd \u010das \u010d\u00edtania\">\n\t<meta name=\"twitter:data1\" content=\"0 min\u00fat\">\n<script type=\"application\/ld+json\" class=\"yoast-schema-graph\">{\"@context\":\"https:\/\/schema.org\",\"@graph\":[{\"@type\":\"Organization\",\"@id\":\"http:\/\/farnostmalelevare.sk\/#organization\",\"name\":\"Farnos\\u0165 Mal\\u00e9 Lev\\u00e1re\",\"url\":\"http:\/\/farnostmalelevare.sk\/\",\"sameAs\":[],\"logo\":{\"@type\":\"ImageObject\",\"@id\":\"http:\/\/farnostmalelevare.sk\/#logo\",\"inLanguage\":\"sk-SK\",\"url\":\"https:\/\/d.r1.wbsprt.com\/farnostmalelevare.sk\/wp-content\/uploads\/2020\/12\/marianska-hviezda.png\",\"width\":8000,\"height\":4500,\"caption\":\"Farnos\\u0165 Mal\\u00e9 Lev\\u00e1re\"},\"image\":{\"@id\":\"http:\/\/farnostmalelevare.sk\/#logo\"}},{\"@type\":\"WebSite\",\"@id\":\"http:\/\/farnostmalelevare.sk\/#website\",\"url\":\"http:\/\/farnostmalelevare.sk\/\",\"name\":\"Farnos\\u0165 Mal\\u00e9 Lev\\u00e1re\",\"description\":\"\",\"publisher\":{\"@id\":\"http:\/\/farnostmalelevare.sk\/#organization\"},\"potentialAction\":[{\"@type\":\"SearchAction\",\"target\":\"http:\/\/farnostmalelevare.sk\/?s={search_term_string}\",\"query-input\":\"required name=search_term_string\"}],\"inLanguage\":\"sk-SK\"},{\"@type\":\"ImageObject\",\"@id\":\"https:\/\/d.r1.wbsprt.com\/farnostmalelevare.sk\/svaty-frantisek-salesky-biskup-ucitel-cirkvi\/#primaryimage\",\"inLanguage\":\"sk-SK\",\"url\":\"http:\/\/farnostmalelevare.sk\/wp-content\/uploads\/2021\/01\/Sv.-Frantisek-salesky-2-252x300.jpg\"},{\"@type\":\"WebPage\",\"@id\":\"https:\/\/d.r1.wbsprt.com\/farnostmalelevare.sk\/svaty-frantisek-salesky-biskup-ucitel-cirkvi\/#webpage\",\"url\":\"https:\/\/d.r1.wbsprt.com\/farnostmalelevare.sk\/svaty-frantisek-salesky-biskup-ucitel-cirkvi\/\",\"name\":\"Sv\\u00e4t\\u00fd Franti\\u0161ek Salesk\\u00fd, biskup, u\\u010dite\\u013e Cirkvi &bull; Farnos\\u0165 Mal\\u00e9 Lev\\u00e1re\",\"isPartOf\":{\"@id\":\"http:\/\/farnostmalelevare.sk\/#website\"},\"primaryImageOfPage\":{\"@id\":\"https:\/\/d.r1.wbsprt.com\/farnostmalelevare.sk\/svaty-frantisek-salesky-biskup-ucitel-cirkvi\/#primaryimage\"},\"datePublished\":\"2021-01-24T00:49:42+00:00\",\"dateModified\":\"2023-01-09T17:48:39+00:00\",\"inLanguage\":\"sk-SK\",\"potentialAction\":[{\"@type\":\"ReadAction\",\"target\":[\"https:\/\/d.r1.wbsprt.com\/farnostmalelevare.sk\/svaty-frantisek-salesky-biskup-ucitel-cirkvi\/\"]}]},{\"@type\":\"Article\",\"@id\":\"https:\/\/d.r1.wbsprt.com\/farnostmalelevare.sk\/svaty-frantisek-salesky-biskup-ucitel-cirkvi\/#article\",\"isPartOf\":{\"@id\":\"https:\/\/d.r1.wbsprt.com\/farnostmalelevare.sk\/svaty-frantisek-salesky-biskup-ucitel-cirkvi\/#webpage\"},\"author\":{\"@id\":\"http:\/\/farnostmalelevare.sk\/#\/schema\/person\/67f464ff48808276c7c132bf4a827212\"},\"headline\":\"Sv\\u00e4t\\u00fd Franti\\u0161ek Salesk\\u00fd, biskup, u\\u010dite\\u013e Cirkvi\",\"datePublished\":\"2021-01-24T00:49:42+00:00\",\"dateModified\":\"2023-01-09T17:48:39+00:00\",\"mainEntityOfPage\":{\"@id\":\"https:\/\/d.r1.wbsprt.com\/farnostmalelevare.sk\/svaty-frantisek-salesky-biskup-ucitel-cirkvi\/#webpage\"},\"publisher\":{\"@id\":\"http:\/\/farnostmalelevare.sk\/#organization\"},\"image\":{\"@id\":\"https:\/\/d.r1.wbsprt.com\/farnostmalelevare.sk\/svaty-frantisek-salesky-biskup-ucitel-cirkvi\/#primaryimage\"},\"articleSection\":\"Na dnes\",\"inLanguage\":\"sk-SK\"},{\"@type\":\"Person\",\"@id\":\"http:\/\/farnostmalelevare.sk\/#\/schema\/person\/67f464ff48808276c7c132bf4a827212\",\"name\":\"farnostlevarky\",\"sameAs\":[\"http:\/\/farnostmalelevare.sk\"]}]}<\/script>\n<!-- \/ Yoast SEO plugin. -->","_links":{"self":[{"href":"https:\/\/d.r1.wbsprt.com\/farnostmalelevare.sk\/wp-json\/wp\/v2\/posts\/735"}],"collection":[{"href":"https:\/\/d.r1.wbsprt.com\/farnostmalelevare.sk\/wp-json\/wp\/v2\/posts"}],"about":[{"href":"https:\/\/d.r1.wbsprt.com\/farnostmalelevare.sk\/wp-json\/wp\/v2\/types\/post"}],"author":[{"embeddable":true,"href":"https:\/\/d.r1.wbsprt.com\/farnostmalelevare.sk\/wp-json\/wp\/v2\/users\/1"}],"replies":[{"embeddable":true,"href":"https:\/\/d.r1.wbsprt.com\/farnostmalelevare.sk\/wp-json\/wp\/v2\/comments?post=735"}],"version-history":[{"count":6,"href":"https:\/\/d.r1.wbsprt.com\/farnostmalelevare.sk\/wp-json\/wp\/v2\/posts\/735\/revisions"}],"predecessor-version":[{"id":2354,"href":"https:\/\/d.r1.wbsprt.com\/farnostmalelevare.sk\/wp-json\/wp\/v2\/posts\/735\/revisions\/2354"}],"wp:attachment":[{"href":"https:\/\/d.r1.wbsprt.com\/farnostmalelevare.sk\/wp-json\/wp\/v2\/media?parent=735"}],"wp:term":[{"taxonomy":"category","embeddable":true,"href":"https:\/\/d.r1.wbsprt.com\/farnostmalelevare.sk\/wp-json\/wp\/v2\/categories?post=735"},{"taxonomy":"post_tag","embeddable":true,"href":"https:\/\/d.r1.wbsprt.com\/farnostmalelevare.sk\/wp-json\/wp\/v2\/tags?post=735"}],"curies":[{"name":"wp","href":"https:\/\/api.w.org\/{rel}","templated":true}]}}