{"id":716,"date":"2021-01-22T00:20:57","date_gmt":"2021-01-21T23:20:57","guid":{"rendered":"http:\/\/farnostmalelevare.sk\/?p=716"},"modified":"2023-01-09T18:49:27","modified_gmt":"2023-01-09T17:49:27","slug":"svaty-vincent-zo-zaragozy-diakon-a-mucenik","status":"publish","type":"post","link":"https:\/\/d.r1.wbsprt.com\/farnostmalelevare.sk\/svaty-vincent-zo-zaragozy-diakon-a-mucenik\/","title":{"rendered":"Sv\u00e4t\u00fd Vincent zo Zaragozy, diakon a mu\u010den\u00edk"},"content":{"rendered":"<p><img loading=\"lazy\" class=\"alignnone wp-image-717\" src=\"http:\/\/farnostmalelevare.sk\/wp-content\/uploads\/2021\/01\/svaty-Vincent.jpg\" alt=\"\" width=\"675\" height=\"1088\" srcset=\"http:\/\/d.r1.wbsprt.com\/farnostmalelevare.sk\/wp-content\/uploads\/2021\/01\/svaty-Vincent.jpg 480w, http:\/\/d.r1.wbsprt.com\/farnostmalelevare.sk\/wp-content\/uploads\/2021\/01\/svaty-Vincent-186x300.jpg 186w\" sizes=\"(max-width: 675px) 100vw, 675px\" \/><\/p>\n<p>Dvadsiateho druh\u00e9ho janu\u00e1ra roku 304 zomrel v Zaragoze vo Valencii po ukrutnom mu\u010den\u00ed pre svoju vieru v Boha diakon Vincent. \u00dacta k sv. Vincentovi zo Zaragozy sa zakr\u00e1tko roz\u0161\u00edrila v celej Cirkvi.<\/p>\n<p>Viac <a href=\"http:\/\/www.zivotopisysvatych.sk\/vincent-zo-zaragozy\/\" target=\"_blank\" rel=\"noopener noreferrer\">tu<\/a>.<\/p>\n","protected":false},"excerpt":{"rendered":"<p>Dvadsiateho druh\u00e9ho janu\u00e1ra roku 304 zomrel v Zaragoze vo Valencii po ukrutnom mu\u010den\u00ed pre svoju vieru v Boha diakon Vincent. \u00dacta k sv. Vincentovi zo Zaragozy sa zakr\u00e1tko roz\u0161\u00edrila v celej Cirkvi. Viac tu.<\/p>\n","protected":false},"author":1,"featured_media":0,"comment_status":"closed","ping_status":"open","sticky":false,"template":"","format":"standard","meta":[],"categories":[4],"tags":[],"yoast_head":"<!-- This site is optimized with the Yoast SEO plugin v15.5 - https:\/\/yoast.com\/wordpress\/plugins\/seo\/ -->\n<title>Sv\u00e4t\u00fd Vincent zo Zaragozy, diakon a mu\u010den\u00edk &bull; Farnos\u0165 Mal\u00e9 Lev\u00e1re<\/title>\n<meta name=\"robots\" content=\"index, follow, max-snippet:-1, max-image-preview:large, max-video-preview:-1\" \/>\n<link rel=\"canonical\" href=\"http:\/\/farnostmalelevare.sk\/svaty-vincent-zo-zaragozy-diakon-a-mucenik\/\" \/>\n<meta property=\"og:locale\" content=\"sk_SK\" \/>\n<meta property=\"og:type\" content=\"article\" \/>\n<meta property=\"og:title\" content=\"Sv\u00e4t\u00fd Vincent zo Zaragozy, diakon a mu\u010den\u00edk &bull; Farnos\u0165 Mal\u00e9 Lev\u00e1re\" \/>\n<meta property=\"og:description\" content=\"Dvadsiateho druh\u00e9ho janu\u00e1ra roku 304 zomrel v Zaragoze vo Valencii po ukrutnom mu\u010den\u00ed pre svoju vieru v Boha diakon Vincent. \u00dacta k sv. Vincentovi zo Zaragozy sa zakr\u00e1tko roz\u0161\u00edrila v celej Cirkvi. Viac tu.\" \/>\n<meta property=\"og:url\" content=\"http:\/\/farnostmalelevare.sk\/svaty-vincent-zo-zaragozy-diakon-a-mucenik\/\" \/>\n<meta property=\"og:site_name\" content=\"Farnos\u0165 Mal\u00e9 Lev\u00e1re\" \/>\n<meta property=\"article:published_time\" content=\"2021-01-21T23:20:57+00:00\" \/>\n<meta property=\"article:modified_time\" content=\"2023-01-09T17:49:27+00:00\" \/>\n<meta property=\"og:image\" content=\"http:\/\/farnostmalelevare.sk\/wp-content\/uploads\/2021\/01\/svaty-Vincent.jpg\" \/>\n<meta name=\"twitter:card\" content=\"summary_large_image\" \/>\n<meta name=\"twitter:label1\" content=\"Predpokladan\u00fd \u010das \u010d\u00edtania\">\n\t<meta name=\"twitter:data1\" content=\"0 min\u00fat\">\n<script type=\"application\/ld+json\" class=\"yoast-schema-graph\">{\"@context\":\"https:\/\/schema.org\",\"@graph\":[{\"@type\":\"Organization\",\"@id\":\"http:\/\/farnostmalelevare.sk\/#organization\",\"name\":\"Farnos\\u0165 Mal\\u00e9 Lev\\u00e1re\",\"url\":\"http:\/\/farnostmalelevare.sk\/\",\"sameAs\":[],\"logo\":{\"@type\":\"ImageObject\",\"@id\":\"http:\/\/farnostmalelevare.sk\/#logo\",\"inLanguage\":\"sk-SK\",\"url\":\"https:\/\/d.r1.wbsprt.com\/farnostmalelevare.sk\/wp-content\/uploads\/2020\/12\/marianska-hviezda.png\",\"width\":8000,\"height\":4500,\"caption\":\"Farnos\\u0165 Mal\\u00e9 Lev\\u00e1re\"},\"image\":{\"@id\":\"http:\/\/farnostmalelevare.sk\/#logo\"}},{\"@type\":\"WebSite\",\"@id\":\"http:\/\/farnostmalelevare.sk\/#website\",\"url\":\"http:\/\/farnostmalelevare.sk\/\",\"name\":\"Farnos\\u0165 Mal\\u00e9 Lev\\u00e1re\",\"description\":\"\",\"publisher\":{\"@id\":\"http:\/\/farnostmalelevare.sk\/#organization\"},\"potentialAction\":[{\"@type\":\"SearchAction\",\"target\":\"http:\/\/farnostmalelevare.sk\/?s={search_term_string}\",\"query-input\":\"required name=search_term_string\"}],\"inLanguage\":\"sk-SK\"},{\"@type\":\"ImageObject\",\"@id\":\"http:\/\/farnostmalelevare.sk\/svaty-vincent-zo-zaragozy-diakon-a-mucenik\/#primaryimage\",\"inLanguage\":\"sk-SK\",\"url\":\"http:\/\/farnostmalelevare.sk\/wp-content\/uploads\/2021\/01\/svaty-Vincent.jpg\"},{\"@type\":\"WebPage\",\"@id\":\"http:\/\/farnostmalelevare.sk\/svaty-vincent-zo-zaragozy-diakon-a-mucenik\/#webpage\",\"url\":\"http:\/\/farnostmalelevare.sk\/svaty-vincent-zo-zaragozy-diakon-a-mucenik\/\",\"name\":\"Sv\\u00e4t\\u00fd Vincent zo Zaragozy, diakon a mu\\u010den\\u00edk &bull; Farnos\\u0165 Mal\\u00e9 Lev\\u00e1re\",\"isPartOf\":{\"@id\":\"http:\/\/farnostmalelevare.sk\/#website\"},\"primaryImageOfPage\":{\"@id\":\"http:\/\/farnostmalelevare.sk\/svaty-vincent-zo-zaragozy-diakon-a-mucenik\/#primaryimage\"},\"datePublished\":\"2021-01-21T23:20:57+00:00\",\"dateModified\":\"2023-01-09T17:49:27+00:00\",\"inLanguage\":\"sk-SK\",\"potentialAction\":[{\"@type\":\"ReadAction\",\"target\":[\"http:\/\/farnostmalelevare.sk\/svaty-vincent-zo-zaragozy-diakon-a-mucenik\/\"]}]},{\"@type\":\"Article\",\"@id\":\"http:\/\/farnostmalelevare.sk\/svaty-vincent-zo-zaragozy-diakon-a-mucenik\/#article\",\"isPartOf\":{\"@id\":\"http:\/\/farnostmalelevare.sk\/svaty-vincent-zo-zaragozy-diakon-a-mucenik\/#webpage\"},\"author\":{\"@id\":\"http:\/\/farnostmalelevare.sk\/#\/schema\/person\/67f464ff48808276c7c132bf4a827212\"},\"headline\":\"Sv\\u00e4t\\u00fd Vincent zo Zaragozy, diakon a mu\\u010den\\u00edk\",\"datePublished\":\"2021-01-21T23:20:57+00:00\",\"dateModified\":\"2023-01-09T17:49:27+00:00\",\"mainEntityOfPage\":{\"@id\":\"http:\/\/farnostmalelevare.sk\/svaty-vincent-zo-zaragozy-diakon-a-mucenik\/#webpage\"},\"publisher\":{\"@id\":\"http:\/\/farnostmalelevare.sk\/#organization\"},\"image\":{\"@id\":\"http:\/\/farnostmalelevare.sk\/svaty-vincent-zo-zaragozy-diakon-a-mucenik\/#primaryimage\"},\"articleSection\":\"Na dnes\",\"inLanguage\":\"sk-SK\"},{\"@type\":\"Person\",\"@id\":\"http:\/\/farnostmalelevare.sk\/#\/schema\/person\/67f464ff48808276c7c132bf4a827212\",\"name\":\"farnostlevarky\",\"sameAs\":[\"http:\/\/farnostmalelevare.sk\"]}]}<\/script>\n<!-- \/ Yoast SEO plugin. -->","_links":{"self":[{"href":"https:\/\/d.r1.wbsprt.com\/farnostmalelevare.sk\/wp-json\/wp\/v2\/posts\/716"}],"collection":[{"href":"https:\/\/d.r1.wbsprt.com\/farnostmalelevare.sk\/wp-json\/wp\/v2\/posts"}],"about":[{"href":"https:\/\/d.r1.wbsprt.com\/farnostmalelevare.sk\/wp-json\/wp\/v2\/types\/post"}],"author":[{"embeddable":true,"href":"https:\/\/d.r1.wbsprt.com\/farnostmalelevare.sk\/wp-json\/wp\/v2\/users\/1"}],"replies":[{"embeddable":true,"href":"https:\/\/d.r1.wbsprt.com\/farnostmalelevare.sk\/wp-json\/wp\/v2\/comments?post=716"}],"version-history":[{"count":5,"href":"https:\/\/d.r1.wbsprt.com\/farnostmalelevare.sk\/wp-json\/wp\/v2\/posts\/716\/revisions"}],"predecessor-version":[{"id":2355,"href":"https:\/\/d.r1.wbsprt.com\/farnostmalelevare.sk\/wp-json\/wp\/v2\/posts\/716\/revisions\/2355"}],"wp:attachment":[{"href":"https:\/\/d.r1.wbsprt.com\/farnostmalelevare.sk\/wp-json\/wp\/v2\/media?parent=716"}],"wp:term":[{"taxonomy":"category","embeddable":true,"href":"https:\/\/d.r1.wbsprt.com\/farnostmalelevare.sk\/wp-json\/wp\/v2\/categories?post=716"},{"taxonomy":"post_tag","embeddable":true,"href":"https:\/\/d.r1.wbsprt.com\/farnostmalelevare.sk\/wp-json\/wp\/v2\/tags?post=716"}],"curies":[{"name":"wp","href":"https:\/\/api.w.org\/{rel}","templated":true}]}}