{"id":666,"date":"2021-01-18T10:44:24","date_gmt":"2021-01-18T09:44:24","guid":{"rendered":"http:\/\/farnostmalelevare.sk\/?p=666"},"modified":"2022-08-03T10:24:50","modified_gmt":"2022-08-03T08:24:50","slug":"tyzden-modlitieb-za-jednotu-krestanov-1-den","status":"publish","type":"post","link":"https:\/\/d.r1.wbsprt.com\/farnostmalelevare.sk\/tyzden-modlitieb-za-jednotu-krestanov-1-den\/","title":{"rendered":"T\u00fd\u017ede\u0148 modlitieb za jednotu kres\u0165anov, 1. de\u0148"},"content":{"rendered":"<p>T\u00e9ma: Povolan\u00ed Bohom<!--more--><\/p>\n<p><em>\u201eNie vy ste si vyvolili m\u0148a, ale ja som si vyvolil v\u00e1s.\u201c <\/em>(J\u00e1n 15, 16a)<\/p>\n<p>Dne\u0161n\u00e9 biblick\u00e9 zamyslenie <a href=\"https:\/\/www.facebook.com\/ekumena.sk\/videos\/1343063412706604\" target=\"_blank\" rel=\"noopener noreferrer\">tu<\/a>.<\/p>\n<p>Je\u017ei\u0161u Kriste,<br \/>\nty n\u00e1s h\u013ead\u00e1\u0161, ty n\u00e1m chce\u0161 pon\u00faknu\u0165 svoje priate\u013estvo a vies\u0165 n\u00e1s k \u010doraz pln\u0161iemu \u017eivotu.<br \/>\nDaruj n\u00e1m odvahu odpoveda\u0165 na tvoje povolanie,<br \/>\naby sme mohli by\u0165 premenen\u00ed a sta\u0165 sa svedkami tvojej ne\u017enosti k svetu.<br \/>\nAmen.<\/p>\n","protected":false},"excerpt":{"rendered":"<p>T\u00e9ma: Povolan\u00ed Bohom<\/p>\n","protected":false},"author":1,"featured_media":0,"comment_status":"closed","ping_status":"open","sticky":false,"template":"","format":"standard","meta":[],"categories":[4],"tags":[],"yoast_head":"<!-- This site is optimized with the Yoast SEO plugin v15.5 - https:\/\/yoast.com\/wordpress\/plugins\/seo\/ -->\n<title>T\u00fd\u017ede\u0148 modlitieb za jednotu kres\u0165anov, 1. de\u0148 &bull; Farnos\u0165 Mal\u00e9 Lev\u00e1re<\/title>\n<meta name=\"robots\" content=\"index, follow, max-snippet:-1, max-image-preview:large, max-video-preview:-1\" \/>\n<link rel=\"canonical\" href=\"https:\/\/farnostmalelevare.sk\/tyzden-modlitieb-za-jednotu-krestanov-1-den\/\" \/>\n<meta property=\"og:locale\" content=\"sk_SK\" \/>\n<meta property=\"og:type\" content=\"article\" \/>\n<meta property=\"og:title\" content=\"T\u00fd\u017ede\u0148 modlitieb za jednotu kres\u0165anov, 1. de\u0148 &bull; Farnos\u0165 Mal\u00e9 Lev\u00e1re\" \/>\n<meta property=\"og:description\" content=\"T\u00e9ma: Povolan\u00ed Bohom\" \/>\n<meta property=\"og:url\" content=\"https:\/\/farnostmalelevare.sk\/tyzden-modlitieb-za-jednotu-krestanov-1-den\/\" \/>\n<meta property=\"og:site_name\" content=\"Farnos\u0165 Mal\u00e9 Lev\u00e1re\" \/>\n<meta property=\"article:published_time\" content=\"2021-01-18T09:44:24+00:00\" \/>\n<meta property=\"article:modified_time\" content=\"2022-08-03T08:24:50+00:00\" \/>\n<meta name=\"twitter:card\" content=\"summary_large_image\" \/>\n<meta name=\"twitter:label1\" content=\"Predpokladan\u00fd \u010das \u010d\u00edtania\">\n\t<meta name=\"twitter:data1\" content=\"0 min\u00fat\">\n<script type=\"application\/ld+json\" class=\"yoast-schema-graph\">{\"@context\":\"https:\/\/schema.org\",\"@graph\":[{\"@type\":\"Organization\",\"@id\":\"http:\/\/farnostmalelevare.sk\/#organization\",\"name\":\"Farnos\\u0165 Mal\\u00e9 Lev\\u00e1re\",\"url\":\"http:\/\/farnostmalelevare.sk\/\",\"sameAs\":[],\"logo\":{\"@type\":\"ImageObject\",\"@id\":\"http:\/\/farnostmalelevare.sk\/#logo\",\"inLanguage\":\"sk-SK\",\"url\":\"https:\/\/d.r1.wbsprt.com\/farnostmalelevare.sk\/wp-content\/uploads\/2020\/12\/marianska-hviezda.png\",\"width\":8000,\"height\":4500,\"caption\":\"Farnos\\u0165 Mal\\u00e9 Lev\\u00e1re\"},\"image\":{\"@id\":\"http:\/\/farnostmalelevare.sk\/#logo\"}},{\"@type\":\"WebSite\",\"@id\":\"http:\/\/farnostmalelevare.sk\/#website\",\"url\":\"http:\/\/farnostmalelevare.sk\/\",\"name\":\"Farnos\\u0165 Mal\\u00e9 Lev\\u00e1re\",\"description\":\"\",\"publisher\":{\"@id\":\"http:\/\/farnostmalelevare.sk\/#organization\"},\"potentialAction\":[{\"@type\":\"SearchAction\",\"target\":\"http:\/\/farnostmalelevare.sk\/?s={search_term_string}\",\"query-input\":\"required name=search_term_string\"}],\"inLanguage\":\"sk-SK\"},{\"@type\":\"WebPage\",\"@id\":\"https:\/\/farnostmalelevare.sk\/tyzden-modlitieb-za-jednotu-krestanov-1-den\/#webpage\",\"url\":\"https:\/\/farnostmalelevare.sk\/tyzden-modlitieb-za-jednotu-krestanov-1-den\/\",\"name\":\"T\\u00fd\\u017ede\\u0148 modlitieb za jednotu kres\\u0165anov, 1. de\\u0148 &bull; Farnos\\u0165 Mal\\u00e9 Lev\\u00e1re\",\"isPartOf\":{\"@id\":\"http:\/\/farnostmalelevare.sk\/#website\"},\"datePublished\":\"2021-01-18T09:44:24+00:00\",\"dateModified\":\"2022-08-03T08:24:50+00:00\",\"inLanguage\":\"sk-SK\",\"potentialAction\":[{\"@type\":\"ReadAction\",\"target\":[\"https:\/\/farnostmalelevare.sk\/tyzden-modlitieb-za-jednotu-krestanov-1-den\/\"]}]},{\"@type\":\"Article\",\"@id\":\"https:\/\/farnostmalelevare.sk\/tyzden-modlitieb-za-jednotu-krestanov-1-den\/#article\",\"isPartOf\":{\"@id\":\"https:\/\/farnostmalelevare.sk\/tyzden-modlitieb-za-jednotu-krestanov-1-den\/#webpage\"},\"author\":{\"@id\":\"http:\/\/farnostmalelevare.sk\/#\/schema\/person\/67f464ff48808276c7c132bf4a827212\"},\"headline\":\"T\\u00fd\\u017ede\\u0148 modlitieb za jednotu kres\\u0165anov, 1. de\\u0148\",\"datePublished\":\"2021-01-18T09:44:24+00:00\",\"dateModified\":\"2022-08-03T08:24:50+00:00\",\"mainEntityOfPage\":{\"@id\":\"https:\/\/farnostmalelevare.sk\/tyzden-modlitieb-za-jednotu-krestanov-1-den\/#webpage\"},\"publisher\":{\"@id\":\"http:\/\/farnostmalelevare.sk\/#organization\"},\"articleSection\":\"Na dnes\",\"inLanguage\":\"sk-SK\"},{\"@type\":\"Person\",\"@id\":\"http:\/\/farnostmalelevare.sk\/#\/schema\/person\/67f464ff48808276c7c132bf4a827212\",\"name\":\"farnostlevarky\",\"sameAs\":[\"http:\/\/farnostmalelevare.sk\"]}]}<\/script>\n<!-- \/ Yoast SEO plugin. -->","_links":{"self":[{"href":"https:\/\/d.r1.wbsprt.com\/farnostmalelevare.sk\/wp-json\/wp\/v2\/posts\/666"}],"collection":[{"href":"https:\/\/d.r1.wbsprt.com\/farnostmalelevare.sk\/wp-json\/wp\/v2\/posts"}],"about":[{"href":"https:\/\/d.r1.wbsprt.com\/farnostmalelevare.sk\/wp-json\/wp\/v2\/types\/post"}],"author":[{"embeddable":true,"href":"https:\/\/d.r1.wbsprt.com\/farnostmalelevare.sk\/wp-json\/wp\/v2\/users\/1"}],"replies":[{"embeddable":true,"href":"https:\/\/d.r1.wbsprt.com\/farnostmalelevare.sk\/wp-json\/wp\/v2\/comments?post=666"}],"version-history":[{"count":6,"href":"https:\/\/d.r1.wbsprt.com\/farnostmalelevare.sk\/wp-json\/wp\/v2\/posts\/666\/revisions"}],"predecessor-version":[{"id":1814,"href":"https:\/\/d.r1.wbsprt.com\/farnostmalelevare.sk\/wp-json\/wp\/v2\/posts\/666\/revisions\/1814"}],"wp:attachment":[{"href":"https:\/\/d.r1.wbsprt.com\/farnostmalelevare.sk\/wp-json\/wp\/v2\/media?parent=666"}],"wp:term":[{"taxonomy":"category","embeddable":true,"href":"https:\/\/d.r1.wbsprt.com\/farnostmalelevare.sk\/wp-json\/wp\/v2\/categories?post=666"},{"taxonomy":"post_tag","embeddable":true,"href":"https:\/\/d.r1.wbsprt.com\/farnostmalelevare.sk\/wp-json\/wp\/v2\/tags?post=666"}],"curies":[{"name":"wp","href":"https:\/\/api.w.org\/{rel}","templated":true}]}}