{"id":664,"date":"2021-01-17T23:40:10","date_gmt":"2021-01-17T22:40:10","guid":{"rendered":"http:\/\/farnostmalelevare.sk\/?p=664"},"modified":"2023-01-09T18:25:04","modified_gmt":"2023-01-09T17:25:04","slug":"cirkev-zacne-tyzden-modlitieb-za-jednotu-krestanov-ma-vyse-polstorocie","status":"publish","type":"post","link":"https:\/\/d.r1.wbsprt.com\/farnostmalelevare.sk\/cirkev-zacne-tyzden-modlitieb-za-jednotu-krestanov-ma-vyse-polstorocie\/","title":{"rendered":"Cirkev za\u010dne t\u00fd\u017ede\u0148 modlitieb za jednotu kres\u0165anov, m\u00e1 vy\u0161e polstoro\u010die"},"content":{"rendered":"<p>Bratislava 17. janu\u00e1ra (TK KBS) Katol\u00edcka cirkev za\u010dne v pondelok t\u00fd\u017ede\u0148 modlitieb za jednotu kres\u0165anov, ktor\u00fd ka\u017edoro\u010dne vrchol\u00ed 25. janu\u00e1ra, sviatkom obr\u00e1tenia sv. apo\u0161tola Pavla.<!--more--><\/p>\n<p>T\u00fd\u017ede\u0148 modlitieb za jednotu kres\u0165anov 2021 pripravila mn\u00ed\u0161ska komunita z Grandchamp. Na z\u00e1klade textu z J\u00e1novho evanjelia 15, 1 \u2013 17 vybrala t\u00e9mu: \u201eZosta\u0148te v mojej l\u00e1ske a budete prin\u00e1\u0161a\u0165 ve\u013ea ovocia.\u201c<\/p>\n[<a href=\"https:\/\/www.tkkbs.sk\/view.php?cisloclanku=20210117003&amp;fbclid=IwAR1B8qnBhR8yd4JJTDgGUjxoWlOLuczAZO71uL0gLbCvSb0Nbr_o0y3MfQw\" target=\"_blank\" rel=\"noopener noreferrer\">cel\u00fd \u010dl\u00e1nok<\/a>]\n<p>&nbsp;<\/p>\n<p><img loading=\"lazy\" class=\"alignnone wp-image-682\" src=\"http:\/\/farnostmalelevare.sk\/wp-content\/uploads\/2021\/01\/Tyzden-za-jednotu-krestanov.jpg\" alt=\"\" width=\"675\" height=\"675\" srcset=\"http:\/\/d.r1.wbsprt.com\/farnostmalelevare.sk\/wp-content\/uploads\/2021\/01\/Tyzden-za-jednotu-krestanov.jpg 1080w, http:\/\/d.r1.wbsprt.com\/farnostmalelevare.sk\/wp-content\/uploads\/2021\/01\/Tyzden-za-jednotu-krestanov-300x300.jpg 300w, http:\/\/d.r1.wbsprt.com\/farnostmalelevare.sk\/wp-content\/uploads\/2021\/01\/Tyzden-za-jednotu-krestanov-1024x1024.jpg 1024w, http:\/\/d.r1.wbsprt.com\/farnostmalelevare.sk\/wp-content\/uploads\/2021\/01\/Tyzden-za-jednotu-krestanov-150x150.jpg 150w, http:\/\/d.r1.wbsprt.com\/farnostmalelevare.sk\/wp-content\/uploads\/2021\/01\/Tyzden-za-jednotu-krestanov-768x768.jpg 768w, http:\/\/d.r1.wbsprt.com\/farnostmalelevare.sk\/wp-content\/uploads\/2021\/01\/Tyzden-za-jednotu-krestanov-100x100.jpg 100w\" sizes=\"(max-width: 675px) 100vw, 675px\" \/><\/p>\n","protected":false},"excerpt":{"rendered":"<p>Bratislava 17. janu\u00e1ra (TK KBS) Katol\u00edcka cirkev za\u010dne v pondelok t\u00fd\u017ede\u0148 modlitieb za jednotu kres\u0165anov, ktor\u00fd ka\u017edoro\u010dne vrchol\u00ed 25. janu\u00e1ra, sviatkom obr\u00e1tenia sv. apo\u0161tola Pavla.<\/p>\n","protected":false},"author":1,"featured_media":0,"comment_status":"closed","ping_status":"open","sticky":false,"template":"","format":"standard","meta":[],"categories":[4],"tags":[],"yoast_head":"<!-- This site is optimized with the Yoast SEO plugin v15.5 - https:\/\/yoast.com\/wordpress\/plugins\/seo\/ -->\n<title>Cirkev za\u010dne t\u00fd\u017ede\u0148 modlitieb za jednotu kres\u0165anov, m\u00e1 vy\u0161e polstoro\u010die &bull; Farnos\u0165 Mal\u00e9 Lev\u00e1re<\/title>\n<meta name=\"robots\" content=\"index, follow, max-snippet:-1, max-image-preview:large, max-video-preview:-1\" \/>\n<link rel=\"canonical\" href=\"https:\/\/d.r1.wbsprt.com\/farnostmalelevare.sk\/cirkev-zacne-tyzden-modlitieb-za-jednotu-krestanov-ma-vyse-polstorocie\/\" \/>\n<meta property=\"og:locale\" content=\"sk_SK\" \/>\n<meta property=\"og:type\" content=\"article\" \/>\n<meta property=\"og:title\" content=\"Cirkev za\u010dne t\u00fd\u017ede\u0148 modlitieb za jednotu kres\u0165anov, m\u00e1 vy\u0161e polstoro\u010die &bull; Farnos\u0165 Mal\u00e9 Lev\u00e1re\" \/>\n<meta property=\"og:description\" content=\"Bratislava 17. janu\u00e1ra (TK KBS) Katol\u00edcka cirkev za\u010dne v pondelok t\u00fd\u017ede\u0148 modlitieb za jednotu kres\u0165anov, ktor\u00fd ka\u017edoro\u010dne vrchol\u00ed 25. janu\u00e1ra, sviatkom obr\u00e1tenia sv. apo\u0161tola Pavla.\" \/>\n<meta property=\"og:url\" content=\"https:\/\/d.r1.wbsprt.com\/farnostmalelevare.sk\/cirkev-zacne-tyzden-modlitieb-za-jednotu-krestanov-ma-vyse-polstorocie\/\" \/>\n<meta property=\"og:site_name\" content=\"Farnos\u0165 Mal\u00e9 Lev\u00e1re\" \/>\n<meta property=\"article:published_time\" content=\"2021-01-17T22:40:10+00:00\" \/>\n<meta property=\"article:modified_time\" content=\"2023-01-09T17:25:04+00:00\" \/>\n<meta property=\"og:image\" content=\"http:\/\/farnostmalelevare.sk\/wp-content\/uploads\/2021\/01\/Tyzden-za-jednotu-krestanov.jpg\" \/>\n<meta name=\"twitter:card\" content=\"summary_large_image\" \/>\n<meta name=\"twitter:label1\" content=\"Predpokladan\u00fd \u010das \u010d\u00edtania\">\n\t<meta name=\"twitter:data1\" content=\"0 min\u00fat\">\n<script type=\"application\/ld+json\" class=\"yoast-schema-graph\">{\"@context\":\"https:\/\/schema.org\",\"@graph\":[{\"@type\":\"Organization\",\"@id\":\"http:\/\/farnostmalelevare.sk\/#organization\",\"name\":\"Farnos\\u0165 Mal\\u00e9 Lev\\u00e1re\",\"url\":\"http:\/\/farnostmalelevare.sk\/\",\"sameAs\":[],\"logo\":{\"@type\":\"ImageObject\",\"@id\":\"http:\/\/farnostmalelevare.sk\/#logo\",\"inLanguage\":\"sk-SK\",\"url\":\"https:\/\/d.r1.wbsprt.com\/farnostmalelevare.sk\/wp-content\/uploads\/2020\/12\/marianska-hviezda.png\",\"width\":8000,\"height\":4500,\"caption\":\"Farnos\\u0165 Mal\\u00e9 Lev\\u00e1re\"},\"image\":{\"@id\":\"http:\/\/farnostmalelevare.sk\/#logo\"}},{\"@type\":\"WebSite\",\"@id\":\"http:\/\/farnostmalelevare.sk\/#website\",\"url\":\"http:\/\/farnostmalelevare.sk\/\",\"name\":\"Farnos\\u0165 Mal\\u00e9 Lev\\u00e1re\",\"description\":\"\",\"publisher\":{\"@id\":\"http:\/\/farnostmalelevare.sk\/#organization\"},\"potentialAction\":[{\"@type\":\"SearchAction\",\"target\":\"http:\/\/farnostmalelevare.sk\/?s={search_term_string}\",\"query-input\":\"required name=search_term_string\"}],\"inLanguage\":\"sk-SK\"},{\"@type\":\"ImageObject\",\"@id\":\"https:\/\/d.r1.wbsprt.com\/farnostmalelevare.sk\/cirkev-zacne-tyzden-modlitieb-za-jednotu-krestanov-ma-vyse-polstorocie\/#primaryimage\",\"inLanguage\":\"sk-SK\",\"url\":\"http:\/\/farnostmalelevare.sk\/wp-content\/uploads\/2021\/01\/Tyzden-za-jednotu-krestanov.jpg\"},{\"@type\":\"WebPage\",\"@id\":\"https:\/\/d.r1.wbsprt.com\/farnostmalelevare.sk\/cirkev-zacne-tyzden-modlitieb-za-jednotu-krestanov-ma-vyse-polstorocie\/#webpage\",\"url\":\"https:\/\/d.r1.wbsprt.com\/farnostmalelevare.sk\/cirkev-zacne-tyzden-modlitieb-za-jednotu-krestanov-ma-vyse-polstorocie\/\",\"name\":\"Cirkev za\\u010dne t\\u00fd\\u017ede\\u0148 modlitieb za jednotu kres\\u0165anov, m\\u00e1 vy\\u0161e polstoro\\u010die &bull; Farnos\\u0165 Mal\\u00e9 Lev\\u00e1re\",\"isPartOf\":{\"@id\":\"http:\/\/farnostmalelevare.sk\/#website\"},\"primaryImageOfPage\":{\"@id\":\"https:\/\/d.r1.wbsprt.com\/farnostmalelevare.sk\/cirkev-zacne-tyzden-modlitieb-za-jednotu-krestanov-ma-vyse-polstorocie\/#primaryimage\"},\"datePublished\":\"2021-01-17T22:40:10+00:00\",\"dateModified\":\"2023-01-09T17:25:04+00:00\",\"inLanguage\":\"sk-SK\",\"potentialAction\":[{\"@type\":\"ReadAction\",\"target\":[\"https:\/\/d.r1.wbsprt.com\/farnostmalelevare.sk\/cirkev-zacne-tyzden-modlitieb-za-jednotu-krestanov-ma-vyse-polstorocie\/\"]}]},{\"@type\":\"Article\",\"@id\":\"https:\/\/d.r1.wbsprt.com\/farnostmalelevare.sk\/cirkev-zacne-tyzden-modlitieb-za-jednotu-krestanov-ma-vyse-polstorocie\/#article\",\"isPartOf\":{\"@id\":\"https:\/\/d.r1.wbsprt.com\/farnostmalelevare.sk\/cirkev-zacne-tyzden-modlitieb-za-jednotu-krestanov-ma-vyse-polstorocie\/#webpage\"},\"author\":{\"@id\":\"http:\/\/farnostmalelevare.sk\/#\/schema\/person\/67f464ff48808276c7c132bf4a827212\"},\"headline\":\"Cirkev za\\u010dne t\\u00fd\\u017ede\\u0148 modlitieb za jednotu kres\\u0165anov, m\\u00e1 vy\\u0161e polstoro\\u010die\",\"datePublished\":\"2021-01-17T22:40:10+00:00\",\"dateModified\":\"2023-01-09T17:25:04+00:00\",\"mainEntityOfPage\":{\"@id\":\"https:\/\/d.r1.wbsprt.com\/farnostmalelevare.sk\/cirkev-zacne-tyzden-modlitieb-za-jednotu-krestanov-ma-vyse-polstorocie\/#webpage\"},\"publisher\":{\"@id\":\"http:\/\/farnostmalelevare.sk\/#organization\"},\"image\":{\"@id\":\"https:\/\/d.r1.wbsprt.com\/farnostmalelevare.sk\/cirkev-zacne-tyzden-modlitieb-za-jednotu-krestanov-ma-vyse-polstorocie\/#primaryimage\"},\"articleSection\":\"Na dnes\",\"inLanguage\":\"sk-SK\"},{\"@type\":\"Person\",\"@id\":\"http:\/\/farnostmalelevare.sk\/#\/schema\/person\/67f464ff48808276c7c132bf4a827212\",\"name\":\"farnostlevarky\",\"sameAs\":[\"http:\/\/farnostmalelevare.sk\"]}]}<\/script>\n<!-- \/ Yoast SEO plugin. -->","_links":{"self":[{"href":"https:\/\/d.r1.wbsprt.com\/farnostmalelevare.sk\/wp-json\/wp\/v2\/posts\/664"}],"collection":[{"href":"https:\/\/d.r1.wbsprt.com\/farnostmalelevare.sk\/wp-json\/wp\/v2\/posts"}],"about":[{"href":"https:\/\/d.r1.wbsprt.com\/farnostmalelevare.sk\/wp-json\/wp\/v2\/types\/post"}],"author":[{"embeddable":true,"href":"https:\/\/d.r1.wbsprt.com\/farnostmalelevare.sk\/wp-json\/wp\/v2\/users\/1"}],"replies":[{"embeddable":true,"href":"https:\/\/d.r1.wbsprt.com\/farnostmalelevare.sk\/wp-json\/wp\/v2\/comments?post=664"}],"version-history":[{"count":6,"href":"https:\/\/d.r1.wbsprt.com\/farnostmalelevare.sk\/wp-json\/wp\/v2\/posts\/664\/revisions"}],"predecessor-version":[{"id":2324,"href":"https:\/\/d.r1.wbsprt.com\/farnostmalelevare.sk\/wp-json\/wp\/v2\/posts\/664\/revisions\/2324"}],"wp:attachment":[{"href":"https:\/\/d.r1.wbsprt.com\/farnostmalelevare.sk\/wp-json\/wp\/v2\/media?parent=664"}],"wp:term":[{"taxonomy":"category","embeddable":true,"href":"https:\/\/d.r1.wbsprt.com\/farnostmalelevare.sk\/wp-json\/wp\/v2\/categories?post=664"},{"taxonomy":"post_tag","embeddable":true,"href":"https:\/\/d.r1.wbsprt.com\/farnostmalelevare.sk\/wp-json\/wp\/v2\/tags?post=664"}],"curies":[{"name":"wp","href":"https:\/\/api.w.org\/{rel}","templated":true}]}}