{"id":637,"date":"2021-01-10T00:10:23","date_gmt":"2021-01-09T23:10:23","guid":{"rendered":"http:\/\/farnostmalelevare.sk\/?p=637"},"modified":"2021-01-09T19:23:35","modified_gmt":"2021-01-09T18:23:35","slug":"sviatok-krstu-krista-pana","status":"publish","type":"post","link":"https:\/\/d.r1.wbsprt.com\/farnostmalelevare.sk\/sviatok-krstu-krista-pana\/","title":{"rendered":"Sviatok Krstu Krista P\u00e1na"},"content":{"rendered":"<p>Krst Je\u017ei\u0161a v rieke Jord\u00e1n je medzn\u00edkom v jeho pozemskom \u017eivote, preto\u017ee je za\u010diatkom jeho verejn\u00e9ho \u00fa\u010dinkovania. P\u00f4vodne si ho Cirkev pripom\u00ednala spolu s poklonou troch mudrcov a s prv\u00fdm Je\u017ei\u0161ov\u00fdm z\u00e1zrakom v K\u00e1ne na sviatok Zjavenia P\u00e1na (6. janu\u00e1ra). Od r. 1969 sa v\u0161ak sl\u00e1vi osobitne, a to v nede\u013eu po Zjaven\u00ed P\u00e1na. Ve\u0161perami sviatku Krstu P\u00e1na sa kon\u010d\u00ed viano\u010dn\u00e9 obdobie.<\/p>\n<p>Zdroj \u2013 <a href=\"https:\/\/www.tkkbs.sk\/view.php?cisloclanku=20181219023\">TK KBS<\/a><\/p>\n","protected":false},"excerpt":{"rendered":"<p>Krst Je\u017ei\u0161a v rieke Jord\u00e1n je medzn\u00edkom v jeho pozemskom \u017eivote, preto\u017ee je za\u010diatkom jeho verejn\u00e9ho \u00fa\u010dinkovania. P\u00f4vodne si ho Cirkev pripom\u00ednala spolu s poklonou troch mudrcov a s prv\u00fdm Je\u017ei\u0161ov\u00fdm z\u00e1zrakom v K\u00e1ne na sviatok Zjavenia P\u00e1na (6. janu\u00e1ra). Od r. 1969 sa v\u0161ak sl\u00e1vi osobitne, a to v nede\u013eu po Zjaven\u00ed P\u00e1na. Ve\u0161perami &hellip; <\/p>\n<p class=\"link-more\"><a href=\"https:\/\/d.r1.wbsprt.com\/farnostmalelevare.sk\/sviatok-krstu-krista-pana\/\" class=\"more-link\">Pokra\u010dova\u0165 v \u010d\u00edtan\u00ed<span class=\"screen-reader-text\"> &#8222;Sviatok Krstu Krista P\u00e1na&#8220;<\/span><\/a><\/p>\n","protected":false},"author":1,"featured_media":0,"comment_status":"closed","ping_status":"open","sticky":false,"template":"","format":"standard","meta":[],"categories":[4],"tags":[],"yoast_head":"<!-- This site is optimized with the Yoast SEO plugin v15.5 - https:\/\/yoast.com\/wordpress\/plugins\/seo\/ -->\n<title>Sviatok Krstu Krista P\u00e1na &bull; Farnos\u0165 Mal\u00e9 Lev\u00e1re<\/title>\n<meta name=\"robots\" content=\"index, follow, max-snippet:-1, max-image-preview:large, max-video-preview:-1\" \/>\n<link rel=\"canonical\" href=\"http:\/\/farnostmalelevare.sk\/sviatok-krstu-krista-pana\/\" \/>\n<meta property=\"og:locale\" content=\"sk_SK\" \/>\n<meta property=\"og:type\" content=\"article\" \/>\n<meta property=\"og:title\" content=\"Sviatok Krstu Krista P\u00e1na &bull; Farnos\u0165 Mal\u00e9 Lev\u00e1re\" \/>\n<meta property=\"og:description\" content=\"Krst Je\u017ei\u0161a v rieke Jord\u00e1n je medzn\u00edkom v jeho pozemskom \u017eivote, preto\u017ee je za\u010diatkom jeho verejn\u00e9ho \u00fa\u010dinkovania. P\u00f4vodne si ho Cirkev pripom\u00ednala spolu s poklonou troch mudrcov a s prv\u00fdm Je\u017ei\u0161ov\u00fdm z\u00e1zrakom v K\u00e1ne na sviatok Zjavenia P\u00e1na (6. janu\u00e1ra). Od r. 1969 sa v\u0161ak sl\u00e1vi osobitne, a to v nede\u013eu po Zjaven\u00ed P\u00e1na. Ve\u0161perami &hellip; Pokra\u010dova\u0165 v \u010d\u00edtan\u00ed &quot;Sviatok Krstu Krista P\u00e1na&quot;\" \/>\n<meta property=\"og:url\" content=\"http:\/\/farnostmalelevare.sk\/sviatok-krstu-krista-pana\/\" \/>\n<meta property=\"og:site_name\" content=\"Farnos\u0165 Mal\u00e9 Lev\u00e1re\" \/>\n<meta property=\"article:published_time\" content=\"2021-01-09T23:10:23+00:00\" \/>\n<meta property=\"article:modified_time\" content=\"2021-01-09T18:23:35+00:00\" \/>\n<meta name=\"twitter:card\" content=\"summary_large_image\" \/>\n<meta name=\"twitter:label1\" content=\"Predpokladan\u00fd \u010das \u010d\u00edtania\">\n\t<meta name=\"twitter:data1\" content=\"0 min\u00fat\">\n<script type=\"application\/ld+json\" class=\"yoast-schema-graph\">{\"@context\":\"https:\/\/schema.org\",\"@graph\":[{\"@type\":\"Organization\",\"@id\":\"http:\/\/farnostmalelevare.sk\/#organization\",\"name\":\"Farnos\\u0165 Mal\\u00e9 Lev\\u00e1re\",\"url\":\"http:\/\/farnostmalelevare.sk\/\",\"sameAs\":[],\"logo\":{\"@type\":\"ImageObject\",\"@id\":\"http:\/\/farnostmalelevare.sk\/#logo\",\"inLanguage\":\"sk-SK\",\"url\":\"https:\/\/d.r1.wbsprt.com\/farnostmalelevare.sk\/wp-content\/uploads\/2020\/12\/marianska-hviezda.png\",\"width\":8000,\"height\":4500,\"caption\":\"Farnos\\u0165 Mal\\u00e9 Lev\\u00e1re\"},\"image\":{\"@id\":\"http:\/\/farnostmalelevare.sk\/#logo\"}},{\"@type\":\"WebSite\",\"@id\":\"http:\/\/farnostmalelevare.sk\/#website\",\"url\":\"http:\/\/farnostmalelevare.sk\/\",\"name\":\"Farnos\\u0165 Mal\\u00e9 Lev\\u00e1re\",\"description\":\"\",\"publisher\":{\"@id\":\"http:\/\/farnostmalelevare.sk\/#organization\"},\"potentialAction\":[{\"@type\":\"SearchAction\",\"target\":\"http:\/\/farnostmalelevare.sk\/?s={search_term_string}\",\"query-input\":\"required name=search_term_string\"}],\"inLanguage\":\"sk-SK\"},{\"@type\":\"WebPage\",\"@id\":\"http:\/\/farnostmalelevare.sk\/sviatok-krstu-krista-pana\/#webpage\",\"url\":\"http:\/\/farnostmalelevare.sk\/sviatok-krstu-krista-pana\/\",\"name\":\"Sviatok Krstu Krista P\\u00e1na &bull; Farnos\\u0165 Mal\\u00e9 Lev\\u00e1re\",\"isPartOf\":{\"@id\":\"http:\/\/farnostmalelevare.sk\/#website\"},\"datePublished\":\"2021-01-09T23:10:23+00:00\",\"dateModified\":\"2021-01-09T18:23:35+00:00\",\"inLanguage\":\"sk-SK\",\"potentialAction\":[{\"@type\":\"ReadAction\",\"target\":[\"http:\/\/farnostmalelevare.sk\/sviatok-krstu-krista-pana\/\"]}]},{\"@type\":\"Article\",\"@id\":\"http:\/\/farnostmalelevare.sk\/sviatok-krstu-krista-pana\/#article\",\"isPartOf\":{\"@id\":\"http:\/\/farnostmalelevare.sk\/sviatok-krstu-krista-pana\/#webpage\"},\"author\":{\"@id\":\"http:\/\/farnostmalelevare.sk\/#\/schema\/person\/67f464ff48808276c7c132bf4a827212\"},\"headline\":\"Sviatok Krstu Krista P\\u00e1na\",\"datePublished\":\"2021-01-09T23:10:23+00:00\",\"dateModified\":\"2021-01-09T18:23:35+00:00\",\"mainEntityOfPage\":{\"@id\":\"http:\/\/farnostmalelevare.sk\/sviatok-krstu-krista-pana\/#webpage\"},\"publisher\":{\"@id\":\"http:\/\/farnostmalelevare.sk\/#organization\"},\"articleSection\":\"Na dnes\",\"inLanguage\":\"sk-SK\"},{\"@type\":\"Person\",\"@id\":\"http:\/\/farnostmalelevare.sk\/#\/schema\/person\/67f464ff48808276c7c132bf4a827212\",\"name\":\"farnostlevarky\",\"sameAs\":[\"http:\/\/farnostmalelevare.sk\"]}]}<\/script>\n<!-- \/ Yoast SEO plugin. -->","_links":{"self":[{"href":"https:\/\/d.r1.wbsprt.com\/farnostmalelevare.sk\/wp-json\/wp\/v2\/posts\/637"}],"collection":[{"href":"https:\/\/d.r1.wbsprt.com\/farnostmalelevare.sk\/wp-json\/wp\/v2\/posts"}],"about":[{"href":"https:\/\/d.r1.wbsprt.com\/farnostmalelevare.sk\/wp-json\/wp\/v2\/types\/post"}],"author":[{"embeddable":true,"href":"https:\/\/d.r1.wbsprt.com\/farnostmalelevare.sk\/wp-json\/wp\/v2\/users\/1"}],"replies":[{"embeddable":true,"href":"https:\/\/d.r1.wbsprt.com\/farnostmalelevare.sk\/wp-json\/wp\/v2\/comments?post=637"}],"version-history":[{"count":3,"href":"https:\/\/d.r1.wbsprt.com\/farnostmalelevare.sk\/wp-json\/wp\/v2\/posts\/637\/revisions"}],"predecessor-version":[{"id":641,"href":"https:\/\/d.r1.wbsprt.com\/farnostmalelevare.sk\/wp-json\/wp\/v2\/posts\/637\/revisions\/641"}],"wp:attachment":[{"href":"https:\/\/d.r1.wbsprt.com\/farnostmalelevare.sk\/wp-json\/wp\/v2\/media?parent=637"}],"wp:term":[{"taxonomy":"category","embeddable":true,"href":"https:\/\/d.r1.wbsprt.com\/farnostmalelevare.sk\/wp-json\/wp\/v2\/categories?post=637"},{"taxonomy":"post_tag","embeddable":true,"href":"https:\/\/d.r1.wbsprt.com\/farnostmalelevare.sk\/wp-json\/wp\/v2\/tags?post=637"}],"curies":[{"name":"wp","href":"https:\/\/api.w.org\/{rel}","templated":true}]}}