{"id":598,"date":"2021-01-08T00:20:38","date_gmt":"2021-01-07T23:20:38","guid":{"rendered":"http:\/\/farnostmalelevare.sk\/?p=598"},"modified":"2023-01-09T18:47:24","modified_gmt":"2023-01-09T17:47:24","slug":"zijeme-na-miestach-kde-titusa-zemana-zastavila-rieka","status":"publish","type":"post","link":"https:\/\/d.r1.wbsprt.com\/farnostmalelevare.sk\/zijeme-na-miestach-kde-titusa-zemana-zastavila-rieka\/","title":{"rendered":"\u017dijeme na miestach, kde Titusa Zemana zastavila rieka"},"content":{"rendered":"<p><img loading=\"lazy\" class=\"alignnone wp-image-860\" src=\"http:\/\/farnostmalelevare.sk\/wp-content\/uploads\/2021\/01\/Titus-Zeman-300x154.jpg\" alt=\"\" width=\"675\" height=\"346\" srcset=\"http:\/\/d.r1.wbsprt.com\/farnostmalelevare.sk\/wp-content\/uploads\/2021\/01\/Titus-Zeman-300x154.jpg 300w, http:\/\/d.r1.wbsprt.com\/farnostmalelevare.sk\/wp-content\/uploads\/2021\/01\/Titus-Zeman-1024x525.jpg 1024w, http:\/\/d.r1.wbsprt.com\/farnostmalelevare.sk\/wp-content\/uploads\/2021\/01\/Titus-Zeman-768x394.jpg 768w, http:\/\/d.r1.wbsprt.com\/farnostmalelevare.sk\/wp-content\/uploads\/2021\/01\/Titus-Zeman.jpg 1074w\" sizes=\"(max-width: 675px) 100vw, 675px\" \/><\/p>\n<p>\u00d4smy janu\u00e1r je d\u0148om spomienky na blahoslaven\u00e9ho dona Titusa Zemana, mu\u010den\u00edka za duchovn\u00e9 povolania.<\/p>\n<p>Vicepostul\u00e1tor kauzy blahore\u010denia dona Titusa Zemana don Jozef Slivo\u0148 vzal redaktorov denn\u00edka Postoj do chot\u00e1ra Mal\u00fdch Lev\u00e1r \u2013 na miesta, kde sa mu\u010den\u00edctvo k\u0148aza za\u010dalo.<\/p>\n[<a href=\"https:\/\/svetkrestanstva.postoj.sk\/26956\/boli-sme-na-miestach-kde-titusa-zemana-zastavila-rieka-video\">cel\u00fd \u010dl\u00e1nok<\/a>]\n<p>&nbsp;<\/p>\n<p>Viac o blahoslavenom donovi Titusovi Zemanovi <a href=\"https:\/\/tituszeman.sk\/\">tu<\/a>.<\/p>\n","protected":false},"excerpt":{"rendered":"<p>\u00d4smy janu\u00e1r je d\u0148om spomienky na blahoslaven\u00e9ho dona Titusa Zemana, mu\u010den\u00edka za duchovn\u00e9 povolania. Vicepostul\u00e1tor kauzy blahore\u010denia dona Titusa Zemana don Jozef Slivo\u0148 vzal redaktorov denn\u00edka Postoj do chot\u00e1ra Mal\u00fdch Lev\u00e1r \u2013 na miesta, kde sa mu\u010den\u00edctvo k\u0148aza za\u010dalo. [cel\u00fd \u010dl\u00e1nok] &nbsp; Viac o blahoslavenom donovi Titusovi Zemanovi tu.<\/p>\n","protected":false},"author":1,"featured_media":0,"comment_status":"closed","ping_status":"open","sticky":false,"template":"","format":"standard","meta":[],"categories":[4],"tags":[],"yoast_head":"<!-- This site is optimized with the Yoast SEO plugin v15.5 - https:\/\/yoast.com\/wordpress\/plugins\/seo\/ -->\n<title>\u017dijeme na miestach, kde Titusa Zemana zastavila rieka &bull; Farnos\u0165 Mal\u00e9 Lev\u00e1re<\/title>\n<meta name=\"robots\" content=\"index, follow, max-snippet:-1, max-image-preview:large, max-video-preview:-1\" \/>\n<link rel=\"canonical\" href=\"https:\/\/d.r1.wbsprt.com\/farnostmalelevare.sk\/zijeme-na-miestach-kde-titusa-zemana-zastavila-rieka\/\" \/>\n<meta property=\"og:locale\" content=\"sk_SK\" \/>\n<meta property=\"og:type\" content=\"article\" \/>\n<meta property=\"og:title\" content=\"\u017dijeme na miestach, kde Titusa Zemana zastavila rieka &bull; Farnos\u0165 Mal\u00e9 Lev\u00e1re\" \/>\n<meta property=\"og:description\" content=\"\u00d4smy janu\u00e1r je d\u0148om spomienky na blahoslaven\u00e9ho dona Titusa Zemana, mu\u010den\u00edka za duchovn\u00e9 povolania. Vicepostul\u00e1tor kauzy blahore\u010denia dona Titusa Zemana don Jozef Slivo\u0148 vzal redaktorov denn\u00edka Postoj do chot\u00e1ra Mal\u00fdch Lev\u00e1r \u2013 na miesta, kde sa mu\u010den\u00edctvo k\u0148aza za\u010dalo. [cel\u00fd \u010dl\u00e1nok] &nbsp; Viac o blahoslavenom donovi Titusovi Zemanovi tu.\" \/>\n<meta property=\"og:url\" content=\"https:\/\/d.r1.wbsprt.com\/farnostmalelevare.sk\/zijeme-na-miestach-kde-titusa-zemana-zastavila-rieka\/\" \/>\n<meta property=\"og:site_name\" content=\"Farnos\u0165 Mal\u00e9 Lev\u00e1re\" \/>\n<meta property=\"article:published_time\" content=\"2021-01-07T23:20:38+00:00\" \/>\n<meta property=\"article:modified_time\" content=\"2023-01-09T17:47:24+00:00\" \/>\n<meta property=\"og:image\" content=\"http:\/\/farnostmalelevare.sk\/wp-content\/uploads\/2021\/01\/Titus-Zeman-300x154.jpg\" \/>\n<meta name=\"twitter:card\" content=\"summary_large_image\" \/>\n<meta name=\"twitter:label1\" content=\"Predpokladan\u00fd \u010das \u010d\u00edtania\">\n\t<meta name=\"twitter:data1\" content=\"0 min\u00fat\">\n<script type=\"application\/ld+json\" class=\"yoast-schema-graph\">{\"@context\":\"https:\/\/schema.org\",\"@graph\":[{\"@type\":\"Organization\",\"@id\":\"https:\/\/farnostmalelevare.sk\/#organization\",\"name\":\"Farnos\\u0165 Mal\\u00e9 Lev\\u00e1re\",\"url\":\"https:\/\/farnostmalelevare.sk\/\",\"sameAs\":[],\"logo\":{\"@type\":\"ImageObject\",\"@id\":\"https:\/\/farnostmalelevare.sk\/#logo\",\"inLanguage\":\"sk-SK\",\"url\":\"https:\/\/d.r1.wbsprt.com\/farnostmalelevare.sk\/wp-content\/uploads\/2020\/12\/marianska-hviezda.png\",\"width\":8000,\"height\":4500,\"caption\":\"Farnos\\u0165 Mal\\u00e9 Lev\\u00e1re\"},\"image\":{\"@id\":\"https:\/\/farnostmalelevare.sk\/#logo\"}},{\"@type\":\"WebSite\",\"@id\":\"https:\/\/farnostmalelevare.sk\/#website\",\"url\":\"https:\/\/farnostmalelevare.sk\/\",\"name\":\"Farnos\\u0165 Mal\\u00e9 Lev\\u00e1re\",\"description\":\"\",\"publisher\":{\"@id\":\"https:\/\/farnostmalelevare.sk\/#organization\"},\"potentialAction\":[{\"@type\":\"SearchAction\",\"target\":\"https:\/\/farnostmalelevare.sk\/?s={search_term_string}\",\"query-input\":\"required name=search_term_string\"}],\"inLanguage\":\"sk-SK\"},{\"@type\":\"ImageObject\",\"@id\":\"https:\/\/d.r1.wbsprt.com\/farnostmalelevare.sk\/zijeme-na-miestach-kde-titusa-zemana-zastavila-rieka\/#primaryimage\",\"inLanguage\":\"sk-SK\",\"url\":\"http:\/\/farnostmalelevare.sk\/wp-content\/uploads\/2021\/01\/Titus-Zeman-300x154.jpg\"},{\"@type\":\"WebPage\",\"@id\":\"https:\/\/d.r1.wbsprt.com\/farnostmalelevare.sk\/zijeme-na-miestach-kde-titusa-zemana-zastavila-rieka\/#webpage\",\"url\":\"https:\/\/d.r1.wbsprt.com\/farnostmalelevare.sk\/zijeme-na-miestach-kde-titusa-zemana-zastavila-rieka\/\",\"name\":\"\\u017dijeme na miestach, kde Titusa Zemana zastavila rieka &bull; Farnos\\u0165 Mal\\u00e9 Lev\\u00e1re\",\"isPartOf\":{\"@id\":\"https:\/\/farnostmalelevare.sk\/#website\"},\"primaryImageOfPage\":{\"@id\":\"https:\/\/d.r1.wbsprt.com\/farnostmalelevare.sk\/zijeme-na-miestach-kde-titusa-zemana-zastavila-rieka\/#primaryimage\"},\"datePublished\":\"2021-01-07T23:20:38+00:00\",\"dateModified\":\"2023-01-09T17:47:24+00:00\",\"inLanguage\":\"sk-SK\",\"potentialAction\":[{\"@type\":\"ReadAction\",\"target\":[\"https:\/\/d.r1.wbsprt.com\/farnostmalelevare.sk\/zijeme-na-miestach-kde-titusa-zemana-zastavila-rieka\/\"]}]},{\"@type\":\"Article\",\"@id\":\"https:\/\/d.r1.wbsprt.com\/farnostmalelevare.sk\/zijeme-na-miestach-kde-titusa-zemana-zastavila-rieka\/#article\",\"isPartOf\":{\"@id\":\"https:\/\/d.r1.wbsprt.com\/farnostmalelevare.sk\/zijeme-na-miestach-kde-titusa-zemana-zastavila-rieka\/#webpage\"},\"author\":{\"@id\":\"https:\/\/farnostmalelevare.sk\/#\/schema\/person\/67f464ff48808276c7c132bf4a827212\"},\"headline\":\"\\u017dijeme na miestach, kde Titusa Zemana zastavila rieka\",\"datePublished\":\"2021-01-07T23:20:38+00:00\",\"dateModified\":\"2023-01-09T17:47:24+00:00\",\"mainEntityOfPage\":{\"@id\":\"https:\/\/d.r1.wbsprt.com\/farnostmalelevare.sk\/zijeme-na-miestach-kde-titusa-zemana-zastavila-rieka\/#webpage\"},\"publisher\":{\"@id\":\"https:\/\/farnostmalelevare.sk\/#organization\"},\"image\":{\"@id\":\"https:\/\/d.r1.wbsprt.com\/farnostmalelevare.sk\/zijeme-na-miestach-kde-titusa-zemana-zastavila-rieka\/#primaryimage\"},\"articleSection\":\"Na dnes\",\"inLanguage\":\"sk-SK\"},{\"@type\":\"Person\",\"@id\":\"https:\/\/farnostmalelevare.sk\/#\/schema\/person\/67f464ff48808276c7c132bf4a827212\",\"name\":\"farnostlevarky\",\"sameAs\":[\"http:\/\/farnostmalelevare.sk\"]}]}<\/script>\n<!-- \/ Yoast SEO plugin. -->","_links":{"self":[{"href":"https:\/\/d.r1.wbsprt.com\/farnostmalelevare.sk\/wp-json\/wp\/v2\/posts\/598"}],"collection":[{"href":"https:\/\/d.r1.wbsprt.com\/farnostmalelevare.sk\/wp-json\/wp\/v2\/posts"}],"about":[{"href":"https:\/\/d.r1.wbsprt.com\/farnostmalelevare.sk\/wp-json\/wp\/v2\/types\/post"}],"author":[{"embeddable":true,"href":"https:\/\/d.r1.wbsprt.com\/farnostmalelevare.sk\/wp-json\/wp\/v2\/users\/1"}],"replies":[{"embeddable":true,"href":"https:\/\/d.r1.wbsprt.com\/farnostmalelevare.sk\/wp-json\/wp\/v2\/comments?post=598"}],"version-history":[{"count":6,"href":"https:\/\/d.r1.wbsprt.com\/farnostmalelevare.sk\/wp-json\/wp\/v2\/posts\/598\/revisions"}],"predecessor-version":[{"id":2353,"href":"https:\/\/d.r1.wbsprt.com\/farnostmalelevare.sk\/wp-json\/wp\/v2\/posts\/598\/revisions\/2353"}],"wp:attachment":[{"href":"https:\/\/d.r1.wbsprt.com\/farnostmalelevare.sk\/wp-json\/wp\/v2\/media?parent=598"}],"wp:term":[{"taxonomy":"category","embeddable":true,"href":"https:\/\/d.r1.wbsprt.com\/farnostmalelevare.sk\/wp-json\/wp\/v2\/categories?post=598"},{"taxonomy":"post_tag","embeddable":true,"href":"https:\/\/d.r1.wbsprt.com\/farnostmalelevare.sk\/wp-json\/wp\/v2\/tags?post=598"}],"curies":[{"name":"wp","href":"https:\/\/api.w.org\/{rel}","templated":true}]}}