{"id":576,"date":"2021-01-06T00:10:06","date_gmt":"2021-01-05T23:10:06","guid":{"rendered":"http:\/\/farnostmalelevare.sk\/?p=576"},"modified":"2021-01-06T07:47:37","modified_gmt":"2021-01-06T06:47:37","slug":"zjavenie-pana-traja-krali","status":"publish","type":"post","link":"https:\/\/d.r1.wbsprt.com\/farnostmalelevare.sk\/zjavenie-pana-traja-krali\/","title":{"rendered":"Zjavenie P\u00e1na \u2013 Traja kr\u00e1li"},"content":{"rendered":"\r\n<figure class=\"wp-block-image size-large\"><img loading=\"lazy\" width=\"638\" height=\"398\" class=\"wp-image-580\" src=\"http:\/\/farnostmalelevare.sk\/wp-content\/uploads\/2021\/01\/Zjavenie-Pana-3.jpg\" alt=\"\" srcset=\"http:\/\/d.r1.wbsprt.com\/farnostmalelevare.sk\/wp-content\/uploads\/2021\/01\/Zjavenie-Pana-3.jpg 638w, http:\/\/d.r1.wbsprt.com\/farnostmalelevare.sk\/wp-content\/uploads\/2021\/01\/Zjavenie-Pana-3-300x187.jpg 300w\" sizes=\"(max-width: 638px) 100vw, 638px\" \/><\/figure>\r\n\r\n\r\n\r\n<p>Sviatok Zjavenia P\u00e1na alebo Troch kr\u00e1\u013eov sa sl\u00e1vi u\u017e od 3. storo\u010dia. V\u00fdchodn\u00e1 cirkev si v \u0148om p\u00f4vodne pripom\u00ednala tri z\u00e1zraky, v ktor\u00fdch bolo zjaven\u00e9, \u017ee Je\u017ei\u0161 je Mesi\u00e1\u0161 a Bo\u017e\u00ed syn: pr\u00edchod mudrcov od v\u00fdchodu, ktor\u00fdm sa Kristus dal pozna\u0165 ako Bo\u017e\u00ed Syn a cez nich vlastne v\u0161etk\u00fdm n\u00e1rodom, ke\u010f\u017ee mudrci neboli \u017eidovsk\u00e9ho p\u00f4vodu, boli pohania; Je\u017ei\u0161ov krst, ke\u010f sa Duch Sv\u00e4t\u00fd v podobe holubice vzniesol nad Je\u017ei\u0161a a z neba zaznelo Otcovo svedectvo o Je\u017ei\u0161ovi; a prv\u00fd Je\u017ei\u0161ov z\u00e1zrak, v ktorom zjavil svoju bo\u017esk\u00fa moc \u2013 premenenie vody na v\u00edno v K\u00e1ne Galilejskej.<\/p>\r\n<p>Vo 4. storo\u010d\u00ed sa sviatok Zjavenia P\u00e1na roz\u0161\u00edril aj na Z\u00e1pade, kde liturgia a \u010d\u00edtania kl\u00e1dli d\u00f4raz predov\u0161etk\u00fdm na poklonu mudrcov z V\u00fdchodu. Krst Krista P\u00e1na sa sl\u00e1vi v nede\u013eu nasleduj\u00facu po 6. janu\u00e1ri.<\/p>\r\n\r\n\r\n\r\n[<a href=\"https:\/\/www.zivotopisysvatych.sk\/zjavenie-pana-traja-krali\/\">\u010d\u00edta\u0165 viac<\/a>]\r\n","protected":false},"excerpt":{"rendered":"<p>Sviatok Zjavenia P\u00e1na alebo Troch kr\u00e1\u013eov sa sl\u00e1vi u\u017e od 3. storo\u010dia. V\u00fdchodn\u00e1 cirkev si v \u0148om p\u00f4vodne pripom\u00ednala tri z\u00e1zraky, v ktor\u00fdch bolo zjaven\u00e9, \u017ee Je\u017ei\u0161 je Mesi\u00e1\u0161 a Bo\u017e\u00ed syn: pr\u00edchod mudrcov od v\u00fdchodu, ktor\u00fdm sa Kristus dal pozna\u0165 ako Bo\u017e\u00ed Syn a cez nich vlastne v\u0161etk\u00fdm n\u00e1rodom, ke\u010f\u017ee mudrci neboli \u017eidovsk\u00e9ho p\u00f4vodu, &hellip; <\/p>\n<p class=\"link-more\"><a href=\"https:\/\/d.r1.wbsprt.com\/farnostmalelevare.sk\/zjavenie-pana-traja-krali\/\" class=\"more-link\">Pokra\u010dova\u0165 v \u010d\u00edtan\u00ed<span class=\"screen-reader-text\"> &#8222;Zjavenie P\u00e1na \u2013 Traja kr\u00e1li&#8220;<\/span><\/a><\/p>\n","protected":false},"author":1,"featured_media":0,"comment_status":"closed","ping_status":"open","sticky":false,"template":"","format":"standard","meta":[],"categories":[4],"tags":[],"yoast_head":"<!-- This site is optimized with the Yoast SEO plugin v15.5 - https:\/\/yoast.com\/wordpress\/plugins\/seo\/ -->\n<title>Zjavenie P\u00e1na \u2013 Traja kr\u00e1li &bull; Farnos\u0165 Mal\u00e9 Lev\u00e1re<\/title>\n<meta name=\"robots\" content=\"index, follow, max-snippet:-1, max-image-preview:large, max-video-preview:-1\" \/>\n<link rel=\"canonical\" href=\"https:\/\/d.r1.wbsprt.com\/farnostmalelevare.sk\/zjavenie-pana-traja-krali\/\" \/>\n<meta property=\"og:locale\" content=\"sk_SK\" \/>\n<meta property=\"og:type\" content=\"article\" \/>\n<meta property=\"og:title\" content=\"Zjavenie P\u00e1na \u2013 Traja kr\u00e1li &bull; Farnos\u0165 Mal\u00e9 Lev\u00e1re\" \/>\n<meta property=\"og:description\" content=\"Sviatok Zjavenia P\u00e1na alebo Troch kr\u00e1\u013eov sa sl\u00e1vi u\u017e od 3. storo\u010dia. V\u00fdchodn\u00e1 cirkev si v \u0148om p\u00f4vodne pripom\u00ednala tri z\u00e1zraky, v ktor\u00fdch bolo zjaven\u00e9, \u017ee Je\u017ei\u0161 je Mesi\u00e1\u0161 a Bo\u017e\u00ed syn: pr\u00edchod mudrcov od v\u00fdchodu, ktor\u00fdm sa Kristus dal pozna\u0165 ako Bo\u017e\u00ed Syn a cez nich vlastne v\u0161etk\u00fdm n\u00e1rodom, ke\u010f\u017ee mudrci neboli \u017eidovsk\u00e9ho p\u00f4vodu, &hellip; Pokra\u010dova\u0165 v \u010d\u00edtan\u00ed &quot;Zjavenie P\u00e1na \u2013 Traja kr\u00e1li&quot;\" \/>\n<meta property=\"og:url\" content=\"https:\/\/d.r1.wbsprt.com\/farnostmalelevare.sk\/zjavenie-pana-traja-krali\/\" \/>\n<meta property=\"og:site_name\" content=\"Farnos\u0165 Mal\u00e9 Lev\u00e1re\" \/>\n<meta property=\"article:published_time\" content=\"2021-01-05T23:10:06+00:00\" \/>\n<meta property=\"article:modified_time\" content=\"2021-01-06T06:47:37+00:00\" \/>\n<meta property=\"og:image\" content=\"http:\/\/farnostmalelevare.sk\/wp-content\/uploads\/2021\/01\/Zjavenie-Pana-3.jpg\" \/>\n<meta name=\"twitter:card\" content=\"summary_large_image\" \/>\n<meta name=\"twitter:label1\" content=\"Predpokladan\u00fd \u010das \u010d\u00edtania\">\n\t<meta name=\"twitter:data1\" content=\"1 min\u00fata\">\n<script type=\"application\/ld+json\" class=\"yoast-schema-graph\">{\"@context\":\"https:\/\/schema.org\",\"@graph\":[{\"@type\":\"Organization\",\"@id\":\"https:\/\/farnostmalelevare.sk\/#organization\",\"name\":\"Farnos\\u0165 Mal\\u00e9 Lev\\u00e1re\",\"url\":\"https:\/\/farnostmalelevare.sk\/\",\"sameAs\":[],\"logo\":{\"@type\":\"ImageObject\",\"@id\":\"https:\/\/farnostmalelevare.sk\/#logo\",\"inLanguage\":\"sk-SK\",\"url\":\"https:\/\/d.r1.wbsprt.com\/farnostmalelevare.sk\/wp-content\/uploads\/2020\/12\/marianska-hviezda.png\",\"width\":8000,\"height\":4500,\"caption\":\"Farnos\\u0165 Mal\\u00e9 Lev\\u00e1re\"},\"image\":{\"@id\":\"https:\/\/farnostmalelevare.sk\/#logo\"}},{\"@type\":\"WebSite\",\"@id\":\"https:\/\/farnostmalelevare.sk\/#website\",\"url\":\"https:\/\/farnostmalelevare.sk\/\",\"name\":\"Farnos\\u0165 Mal\\u00e9 Lev\\u00e1re\",\"description\":\"\",\"publisher\":{\"@id\":\"https:\/\/farnostmalelevare.sk\/#organization\"},\"potentialAction\":[{\"@type\":\"SearchAction\",\"target\":\"https:\/\/farnostmalelevare.sk\/?s={search_term_string}\",\"query-input\":\"required name=search_term_string\"}],\"inLanguage\":\"sk-SK\"},{\"@type\":\"ImageObject\",\"@id\":\"https:\/\/d.r1.wbsprt.com\/farnostmalelevare.sk\/zjavenie-pana-traja-krali\/#primaryimage\",\"inLanguage\":\"sk-SK\",\"url\":\"http:\/\/farnostmalelevare.sk\/wp-content\/uploads\/2021\/01\/Zjavenie-Pana-3.jpg\"},{\"@type\":\"WebPage\",\"@id\":\"https:\/\/d.r1.wbsprt.com\/farnostmalelevare.sk\/zjavenie-pana-traja-krali\/#webpage\",\"url\":\"https:\/\/d.r1.wbsprt.com\/farnostmalelevare.sk\/zjavenie-pana-traja-krali\/\",\"name\":\"Zjavenie P\\u00e1na \\u2013 Traja kr\\u00e1li &bull; Farnos\\u0165 Mal\\u00e9 Lev\\u00e1re\",\"isPartOf\":{\"@id\":\"https:\/\/farnostmalelevare.sk\/#website\"},\"primaryImageOfPage\":{\"@id\":\"https:\/\/d.r1.wbsprt.com\/farnostmalelevare.sk\/zjavenie-pana-traja-krali\/#primaryimage\"},\"datePublished\":\"2021-01-05T23:10:06+00:00\",\"dateModified\":\"2021-01-06T06:47:37+00:00\",\"inLanguage\":\"sk-SK\",\"potentialAction\":[{\"@type\":\"ReadAction\",\"target\":[\"https:\/\/d.r1.wbsprt.com\/farnostmalelevare.sk\/zjavenie-pana-traja-krali\/\"]}]},{\"@type\":\"Article\",\"@id\":\"https:\/\/d.r1.wbsprt.com\/farnostmalelevare.sk\/zjavenie-pana-traja-krali\/#article\",\"isPartOf\":{\"@id\":\"https:\/\/d.r1.wbsprt.com\/farnostmalelevare.sk\/zjavenie-pana-traja-krali\/#webpage\"},\"author\":{\"@id\":\"https:\/\/farnostmalelevare.sk\/#\/schema\/person\/67f464ff48808276c7c132bf4a827212\"},\"headline\":\"Zjavenie P\\u00e1na \\u2013 Traja kr\\u00e1li\",\"datePublished\":\"2021-01-05T23:10:06+00:00\",\"dateModified\":\"2021-01-06T06:47:37+00:00\",\"mainEntityOfPage\":{\"@id\":\"https:\/\/d.r1.wbsprt.com\/farnostmalelevare.sk\/zjavenie-pana-traja-krali\/#webpage\"},\"publisher\":{\"@id\":\"https:\/\/farnostmalelevare.sk\/#organization\"},\"image\":{\"@id\":\"https:\/\/d.r1.wbsprt.com\/farnostmalelevare.sk\/zjavenie-pana-traja-krali\/#primaryimage\"},\"articleSection\":\"Na dnes\",\"inLanguage\":\"sk-SK\"},{\"@type\":\"Person\",\"@id\":\"https:\/\/farnostmalelevare.sk\/#\/schema\/person\/67f464ff48808276c7c132bf4a827212\",\"name\":\"farnostlevarky\",\"sameAs\":[\"http:\/\/farnostmalelevare.sk\"]}]}<\/script>\n<!-- \/ Yoast SEO plugin. -->","_links":{"self":[{"href":"https:\/\/d.r1.wbsprt.com\/farnostmalelevare.sk\/wp-json\/wp\/v2\/posts\/576"}],"collection":[{"href":"https:\/\/d.r1.wbsprt.com\/farnostmalelevare.sk\/wp-json\/wp\/v2\/posts"}],"about":[{"href":"https:\/\/d.r1.wbsprt.com\/farnostmalelevare.sk\/wp-json\/wp\/v2\/types\/post"}],"author":[{"embeddable":true,"href":"https:\/\/d.r1.wbsprt.com\/farnostmalelevare.sk\/wp-json\/wp\/v2\/users\/1"}],"replies":[{"embeddable":true,"href":"https:\/\/d.r1.wbsprt.com\/farnostmalelevare.sk\/wp-json\/wp\/v2\/comments?post=576"}],"version-history":[{"count":6,"href":"https:\/\/d.r1.wbsprt.com\/farnostmalelevare.sk\/wp-json\/wp\/v2\/posts\/576\/revisions"}],"predecessor-version":[{"id":633,"href":"https:\/\/d.r1.wbsprt.com\/farnostmalelevare.sk\/wp-json\/wp\/v2\/posts\/576\/revisions\/633"}],"wp:attachment":[{"href":"https:\/\/d.r1.wbsprt.com\/farnostmalelevare.sk\/wp-json\/wp\/v2\/media?parent=576"}],"wp:term":[{"taxonomy":"category","embeddable":true,"href":"https:\/\/d.r1.wbsprt.com\/farnostmalelevare.sk\/wp-json\/wp\/v2\/categories?post=576"},{"taxonomy":"post_tag","embeddable":true,"href":"https:\/\/d.r1.wbsprt.com\/farnostmalelevare.sk\/wp-json\/wp\/v2\/tags?post=576"}],"curies":[{"name":"wp","href":"https:\/\/api.w.org\/{rel}","templated":true}]}}