{"id":466,"date":"2021-01-02T10:03:54","date_gmt":"2021-01-02T09:03:54","guid":{"rendered":"http:\/\/farnostmalelevare.sk\/?p=466"},"modified":"2021-01-05T23:56:56","modified_gmt":"2021-01-05T22:56:56","slug":"svaty-bazil-velky-biskup-a-ucitel-cirkvi-spomienka","status":"publish","type":"post","link":"https:\/\/d.r1.wbsprt.com\/farnostmalelevare.sk\/svaty-bazil-velky-biskup-a-ucitel-cirkvi-spomienka\/","title":{"rendered":"Sv\u00e4t\u00fd Bazil Ve\u013ek\u00fd, biskup a u\u010dite\u013e Cirkvi"},"content":{"rendered":"\r\n<p>\u2026 Ani Bazil, ani Gregor neboli v\u00a0mladosti osobitne zbo\u017en\u00ed. Bazil sa usiloval o\u00a0akademick\u00fa kari\u00e9ru. Cestoval z rodn\u00e9ho Pontu (v dne\u0161nom Turecku) na \u0161t\u00fadi\u00e1 na ve\u013ek\u00fdch \u0161kol\u00e1ch sveta. Po rokoch v\u00a0At\u00e9nach a\u00a0Kon\u0161tant\u00ednopole sa vr\u00e1til domov s\u00a0odmenami a\u00a0\u00faspechmi, ale vo vn\u00fatri ho zo\u017eierala pr\u00e1zdnota. O\u00a0svojich rokoch mladosti nap\u00edsal: \u201eVe\u013ea \u010dasu som prem\u00e1rnil hl\u00fapos\u0165ami a\u00a0takmer cel\u00fa svoju mlados\u0165 som venoval zbyto\u010dnostiam. Zaoberal som sa \u0161t\u00fadiom m\u00fadrosti, ktor\u00fa Boh pova\u017euje za hl\u00fapos\u0165.\u201c<\/p>\r\n[<a href=\"https:\/\/redemptoristi.sk\/svaty-bazil-velky-biskup-a-ucitel-cirkvi-spomienka\/\" target=\"_blank\" rel=\"noreferrer noopener\">cel\u00fd \u010dl\u00e1nok<\/a>]\r\n\r\n\r\n","protected":false},"excerpt":{"rendered":"<p>\u2026 Ani Bazil, ani Gregor neboli v\u00a0mladosti osobitne zbo\u017en\u00ed. Bazil sa usiloval o\u00a0akademick\u00fa kari\u00e9ru. Cestoval z rodn\u00e9ho Pontu (v dne\u0161nom Turecku) na \u0161t\u00fadi\u00e1 na ve\u013ek\u00fdch \u0161kol\u00e1ch sveta. Po rokoch v\u00a0At\u00e9nach a\u00a0Kon\u0161tant\u00ednopole sa vr\u00e1til domov s\u00a0odmenami a\u00a0\u00faspechmi, ale vo vn\u00fatri ho zo\u017eierala pr\u00e1zdnota. O\u00a0svojich rokoch mladosti nap\u00edsal: \u201eVe\u013ea \u010dasu som prem\u00e1rnil hl\u00fapos\u0165ami a\u00a0takmer cel\u00fa svoju mlados\u0165 &hellip; <\/p>\n<p class=\"link-more\"><a href=\"https:\/\/d.r1.wbsprt.com\/farnostmalelevare.sk\/svaty-bazil-velky-biskup-a-ucitel-cirkvi-spomienka\/\" class=\"more-link\">Pokra\u010dova\u0165 v \u010d\u00edtan\u00ed<span class=\"screen-reader-text\"> &#8222;Sv\u00e4t\u00fd Bazil Ve\u013ek\u00fd, biskup a u\u010dite\u013e Cirkvi&#8220;<\/span><\/a><\/p>\n","protected":false},"author":1,"featured_media":0,"comment_status":"closed","ping_status":"open","sticky":false,"template":"","format":"standard","meta":[],"categories":[4],"tags":[],"yoast_head":"<!-- This site is optimized with the Yoast SEO plugin v15.5 - https:\/\/yoast.com\/wordpress\/plugins\/seo\/ -->\n<title>Sv\u00e4t\u00fd Bazil Ve\u013ek\u00fd, biskup a u\u010dite\u013e Cirkvi &bull; Farnos\u0165 Mal\u00e9 Lev\u00e1re<\/title>\n<meta name=\"robots\" content=\"index, follow, max-snippet:-1, max-image-preview:large, max-video-preview:-1\" \/>\n<link rel=\"canonical\" href=\"https:\/\/d.r1.wbsprt.com\/farnostmalelevare.sk\/svaty-bazil-velky-biskup-a-ucitel-cirkvi-spomienka\/\" \/>\n<meta property=\"og:locale\" content=\"sk_SK\" \/>\n<meta property=\"og:type\" content=\"article\" \/>\n<meta property=\"og:title\" content=\"Sv\u00e4t\u00fd Bazil Ve\u013ek\u00fd, biskup a u\u010dite\u013e Cirkvi &bull; Farnos\u0165 Mal\u00e9 Lev\u00e1re\" \/>\n<meta property=\"og:description\" content=\"\u2026 Ani Bazil, ani Gregor neboli v\u00a0mladosti osobitne zbo\u017en\u00ed. Bazil sa usiloval o\u00a0akademick\u00fa kari\u00e9ru. Cestoval z rodn\u00e9ho Pontu (v dne\u0161nom Turecku) na \u0161t\u00fadi\u00e1 na ve\u013ek\u00fdch \u0161kol\u00e1ch sveta. Po rokoch v\u00a0At\u00e9nach a\u00a0Kon\u0161tant\u00ednopole sa vr\u00e1til domov s\u00a0odmenami a\u00a0\u00faspechmi, ale vo vn\u00fatri ho zo\u017eierala pr\u00e1zdnota. O\u00a0svojich rokoch mladosti nap\u00edsal: \u201eVe\u013ea \u010dasu som prem\u00e1rnil hl\u00fapos\u0165ami a\u00a0takmer cel\u00fa svoju mlados\u0165 &hellip; Pokra\u010dova\u0165 v \u010d\u00edtan\u00ed &quot;Sv\u00e4t\u00fd Bazil Ve\u013ek\u00fd, biskup a u\u010dite\u013e Cirkvi&quot;\" \/>\n<meta property=\"og:url\" content=\"https:\/\/d.r1.wbsprt.com\/farnostmalelevare.sk\/svaty-bazil-velky-biskup-a-ucitel-cirkvi-spomienka\/\" \/>\n<meta property=\"og:site_name\" content=\"Farnos\u0165 Mal\u00e9 Lev\u00e1re\" \/>\n<meta property=\"article:published_time\" content=\"2021-01-02T09:03:54+00:00\" \/>\n<meta property=\"article:modified_time\" content=\"2021-01-05T22:56:56+00:00\" \/>\n<meta name=\"twitter:card\" content=\"summary_large_image\" \/>\n<meta name=\"twitter:label1\" content=\"Predpokladan\u00fd \u010das \u010d\u00edtania\">\n\t<meta name=\"twitter:data1\" content=\"0 min\u00fat\">\n<script type=\"application\/ld+json\" class=\"yoast-schema-graph\">{\"@context\":\"https:\/\/schema.org\",\"@graph\":[{\"@type\":\"Organization\",\"@id\":\"https:\/\/farnostmalelevare.sk\/#organization\",\"name\":\"Farnos\\u0165 Mal\\u00e9 Lev\\u00e1re\",\"url\":\"https:\/\/farnostmalelevare.sk\/\",\"sameAs\":[],\"logo\":{\"@type\":\"ImageObject\",\"@id\":\"https:\/\/farnostmalelevare.sk\/#logo\",\"inLanguage\":\"sk-SK\",\"url\":\"https:\/\/d.r1.wbsprt.com\/farnostmalelevare.sk\/wp-content\/uploads\/2020\/12\/marianska-hviezda.png\",\"width\":8000,\"height\":4500,\"caption\":\"Farnos\\u0165 Mal\\u00e9 Lev\\u00e1re\"},\"image\":{\"@id\":\"https:\/\/farnostmalelevare.sk\/#logo\"}},{\"@type\":\"WebSite\",\"@id\":\"https:\/\/farnostmalelevare.sk\/#website\",\"url\":\"https:\/\/farnostmalelevare.sk\/\",\"name\":\"Farnos\\u0165 Mal\\u00e9 Lev\\u00e1re\",\"description\":\"\",\"publisher\":{\"@id\":\"https:\/\/farnostmalelevare.sk\/#organization\"},\"potentialAction\":[{\"@type\":\"SearchAction\",\"target\":\"https:\/\/farnostmalelevare.sk\/?s={search_term_string}\",\"query-input\":\"required name=search_term_string\"}],\"inLanguage\":\"sk-SK\"},{\"@type\":\"WebPage\",\"@id\":\"https:\/\/d.r1.wbsprt.com\/farnostmalelevare.sk\/svaty-bazil-velky-biskup-a-ucitel-cirkvi-spomienka\/#webpage\",\"url\":\"https:\/\/d.r1.wbsprt.com\/farnostmalelevare.sk\/svaty-bazil-velky-biskup-a-ucitel-cirkvi-spomienka\/\",\"name\":\"Sv\\u00e4t\\u00fd Bazil Ve\\u013ek\\u00fd, biskup a u\\u010dite\\u013e Cirkvi &bull; Farnos\\u0165 Mal\\u00e9 Lev\\u00e1re\",\"isPartOf\":{\"@id\":\"https:\/\/farnostmalelevare.sk\/#website\"},\"datePublished\":\"2021-01-02T09:03:54+00:00\",\"dateModified\":\"2021-01-05T22:56:56+00:00\",\"inLanguage\":\"sk-SK\",\"potentialAction\":[{\"@type\":\"ReadAction\",\"target\":[\"https:\/\/d.r1.wbsprt.com\/farnostmalelevare.sk\/svaty-bazil-velky-biskup-a-ucitel-cirkvi-spomienka\/\"]}]},{\"@type\":\"Article\",\"@id\":\"https:\/\/d.r1.wbsprt.com\/farnostmalelevare.sk\/svaty-bazil-velky-biskup-a-ucitel-cirkvi-spomienka\/#article\",\"isPartOf\":{\"@id\":\"https:\/\/d.r1.wbsprt.com\/farnostmalelevare.sk\/svaty-bazil-velky-biskup-a-ucitel-cirkvi-spomienka\/#webpage\"},\"author\":{\"@id\":\"https:\/\/farnostmalelevare.sk\/#\/schema\/person\/67f464ff48808276c7c132bf4a827212\"},\"headline\":\"Sv\\u00e4t\\u00fd Bazil Ve\\u013ek\\u00fd, biskup a u\\u010dite\\u013e Cirkvi\",\"datePublished\":\"2021-01-02T09:03:54+00:00\",\"dateModified\":\"2021-01-05T22:56:56+00:00\",\"mainEntityOfPage\":{\"@id\":\"https:\/\/d.r1.wbsprt.com\/farnostmalelevare.sk\/svaty-bazil-velky-biskup-a-ucitel-cirkvi-spomienka\/#webpage\"},\"publisher\":{\"@id\":\"https:\/\/farnostmalelevare.sk\/#organization\"},\"articleSection\":\"Na dnes\",\"inLanguage\":\"sk-SK\"},{\"@type\":\"Person\",\"@id\":\"https:\/\/farnostmalelevare.sk\/#\/schema\/person\/67f464ff48808276c7c132bf4a827212\",\"name\":\"farnostlevarky\",\"sameAs\":[\"http:\/\/farnostmalelevare.sk\"]}]}<\/script>\n<!-- \/ Yoast SEO plugin. -->","_links":{"self":[{"href":"https:\/\/d.r1.wbsprt.com\/farnostmalelevare.sk\/wp-json\/wp\/v2\/posts\/466"}],"collection":[{"href":"https:\/\/d.r1.wbsprt.com\/farnostmalelevare.sk\/wp-json\/wp\/v2\/posts"}],"about":[{"href":"https:\/\/d.r1.wbsprt.com\/farnostmalelevare.sk\/wp-json\/wp\/v2\/types\/post"}],"author":[{"embeddable":true,"href":"https:\/\/d.r1.wbsprt.com\/farnostmalelevare.sk\/wp-json\/wp\/v2\/users\/1"}],"replies":[{"embeddable":true,"href":"https:\/\/d.r1.wbsprt.com\/farnostmalelevare.sk\/wp-json\/wp\/v2\/comments?post=466"}],"version-history":[{"count":5,"href":"https:\/\/d.r1.wbsprt.com\/farnostmalelevare.sk\/wp-json\/wp\/v2\/posts\/466\/revisions"}],"predecessor-version":[{"id":625,"href":"https:\/\/d.r1.wbsprt.com\/farnostmalelevare.sk\/wp-json\/wp\/v2\/posts\/466\/revisions\/625"}],"wp:attachment":[{"href":"https:\/\/d.r1.wbsprt.com\/farnostmalelevare.sk\/wp-json\/wp\/v2\/media?parent=466"}],"wp:term":[{"taxonomy":"category","embeddable":true,"href":"https:\/\/d.r1.wbsprt.com\/farnostmalelevare.sk\/wp-json\/wp\/v2\/categories?post=466"},{"taxonomy":"post_tag","embeddable":true,"href":"https:\/\/d.r1.wbsprt.com\/farnostmalelevare.sk\/wp-json\/wp\/v2\/tags?post=466"}],"curies":[{"name":"wp","href":"https:\/\/api.w.org\/{rel}","templated":true}]}}