{"id":462,"date":"2021-01-01T22:09:41","date_gmt":"2021-01-01T21:09:41","guid":{"rendered":"http:\/\/farnostmalelevare.sk\/?p=462"},"modified":"2022-08-03T10:21:43","modified_gmt":"2022-08-03T08:21:43","slug":"modlitba-na-zaciatku-noveho-roka","status":"publish","type":"post","link":"https:\/\/d.r1.wbsprt.com\/farnostmalelevare.sk\/modlitba-na-zaciatku-noveho-roka\/","title":{"rendered":"Modlitba na za\u010diatku nov\u00e9ho roka"},"content":{"rendered":"\r\n<p>Mision\u00e1ri salet\u00edni uverejnili t\u00fato modlitbu na za\u010diatku nov\u00e9ho roka:<\/p>\r\n\r\n\r\n\r\n<figure class=\"wp-block-image size-large\">\r\n<figure id=\"attachment_463\" aria-describedby=\"caption-attachment-463\" style=\"width: 724px\" class=\"wp-caption alignnone\"><img loading=\"lazy\" class=\"wp-image-463\" src=\"http:\/\/farnostmalelevare.sk\/wp-content\/uploads\/2021\/01\/modlitba-na-zaciatku-noveho-roka-724x1024.jpg\" alt=\"\" width=\"724\" height=\"1024\" srcset=\"http:\/\/d.r1.wbsprt.com\/farnostmalelevare.sk\/wp-content\/uploads\/2021\/01\/modlitba-na-zaciatku-noveho-roka-724x1024.jpg 724w, http:\/\/d.r1.wbsprt.com\/farnostmalelevare.sk\/wp-content\/uploads\/2021\/01\/modlitba-na-zaciatku-noveho-roka-212x300.jpg 212w, http:\/\/d.r1.wbsprt.com\/farnostmalelevare.sk\/wp-content\/uploads\/2021\/01\/modlitba-na-zaciatku-noveho-roka-768x1087.jpg 768w, http:\/\/d.r1.wbsprt.com\/farnostmalelevare.sk\/wp-content\/uploads\/2021\/01\/modlitba-na-zaciatku-noveho-roka.jpg 843w\" sizes=\"(max-width: 724px) 100vw, 724px\" \/><figcaption id=\"caption-attachment-463\" class=\"wp-caption-text\">Zdroj: Facebook\/Saletini Rozkvet<\/figcaption><\/figure>\r\n<\/figure>\r\n","protected":false},"excerpt":{"rendered":"<p>Mision\u00e1ri salet\u00edni uverejnili t\u00fato modlitbu na za\u010diatku nov\u00e9ho roka:<\/p>\n","protected":false},"author":1,"featured_media":0,"comment_status":"closed","ping_status":"open","sticky":false,"template":"","format":"standard","meta":[],"categories":[4],"tags":[],"yoast_head":"<!-- This site is optimized with the Yoast SEO plugin v15.5 - https:\/\/yoast.com\/wordpress\/plugins\/seo\/ -->\n<title>Modlitba na za\u010diatku nov\u00e9ho roka &bull; Farnos\u0165 Mal\u00e9 Lev\u00e1re<\/title>\n<meta name=\"robots\" content=\"index, follow, max-snippet:-1, max-image-preview:large, max-video-preview:-1\" \/>\n<link rel=\"canonical\" href=\"http:\/\/farnostmalelevare.sk\/modlitba-na-zaciatku-noveho-roka\/\" \/>\n<meta property=\"og:locale\" content=\"sk_SK\" \/>\n<meta property=\"og:type\" content=\"article\" \/>\n<meta property=\"og:title\" content=\"Modlitba na za\u010diatku nov\u00e9ho roka &bull; Farnos\u0165 Mal\u00e9 Lev\u00e1re\" \/>\n<meta property=\"og:description\" content=\"Mision\u00e1ri salet\u00edni uverejnili t\u00fato modlitbu na za\u010diatku nov\u00e9ho roka:\" \/>\n<meta property=\"og:url\" content=\"http:\/\/farnostmalelevare.sk\/modlitba-na-zaciatku-noveho-roka\/\" \/>\n<meta property=\"og:site_name\" content=\"Farnos\u0165 Mal\u00e9 Lev\u00e1re\" \/>\n<meta property=\"article:published_time\" content=\"2021-01-01T21:09:41+00:00\" \/>\n<meta property=\"article:modified_time\" content=\"2022-08-03T08:21:43+00:00\" \/>\n<meta property=\"og:image\" content=\"http:\/\/farnostmalelevare.sk\/wp-content\/uploads\/2021\/01\/modlitba-na-zaciatku-noveho-roka-724x1024.jpg\" \/>\n<meta name=\"twitter:card\" content=\"summary_large_image\" \/>\n<meta name=\"twitter:label1\" content=\"Predpokladan\u00fd \u010das \u010d\u00edtania\">\n\t<meta name=\"twitter:data1\" content=\"0 min\u00fat\">\n<script type=\"application\/ld+json\" class=\"yoast-schema-graph\">{\"@context\":\"https:\/\/schema.org\",\"@graph\":[{\"@type\":\"Organization\",\"@id\":\"https:\/\/farnostmalelevare.sk\/#organization\",\"name\":\"Farnos\\u0165 Mal\\u00e9 Lev\\u00e1re\",\"url\":\"https:\/\/farnostmalelevare.sk\/\",\"sameAs\":[],\"logo\":{\"@type\":\"ImageObject\",\"@id\":\"https:\/\/farnostmalelevare.sk\/#logo\",\"inLanguage\":\"sk-SK\",\"url\":\"https:\/\/d.r1.wbsprt.com\/farnostmalelevare.sk\/wp-content\/uploads\/2020\/12\/marianska-hviezda.png\",\"width\":8000,\"height\":4500,\"caption\":\"Farnos\\u0165 Mal\\u00e9 Lev\\u00e1re\"},\"image\":{\"@id\":\"https:\/\/farnostmalelevare.sk\/#logo\"}},{\"@type\":\"WebSite\",\"@id\":\"https:\/\/farnostmalelevare.sk\/#website\",\"url\":\"https:\/\/farnostmalelevare.sk\/\",\"name\":\"Farnos\\u0165 Mal\\u00e9 Lev\\u00e1re\",\"description\":\"\",\"publisher\":{\"@id\":\"https:\/\/farnostmalelevare.sk\/#organization\"},\"potentialAction\":[{\"@type\":\"SearchAction\",\"target\":\"https:\/\/farnostmalelevare.sk\/?s={search_term_string}\",\"query-input\":\"required name=search_term_string\"}],\"inLanguage\":\"sk-SK\"},{\"@type\":\"ImageObject\",\"@id\":\"http:\/\/farnostmalelevare.sk\/modlitba-na-zaciatku-noveho-roka\/#primaryimage\",\"inLanguage\":\"sk-SK\",\"url\":\"http:\/\/farnostmalelevare.sk\/wp-content\/uploads\/2021\/01\/modlitba-na-zaciatku-noveho-roka-724x1024.jpg\"},{\"@type\":\"WebPage\",\"@id\":\"http:\/\/farnostmalelevare.sk\/modlitba-na-zaciatku-noveho-roka\/#webpage\",\"url\":\"http:\/\/farnostmalelevare.sk\/modlitba-na-zaciatku-noveho-roka\/\",\"name\":\"Modlitba na za\\u010diatku nov\\u00e9ho roka &bull; Farnos\\u0165 Mal\\u00e9 Lev\\u00e1re\",\"isPartOf\":{\"@id\":\"https:\/\/farnostmalelevare.sk\/#website\"},\"primaryImageOfPage\":{\"@id\":\"http:\/\/farnostmalelevare.sk\/modlitba-na-zaciatku-noveho-roka\/#primaryimage\"},\"datePublished\":\"2021-01-01T21:09:41+00:00\",\"dateModified\":\"2022-08-03T08:21:43+00:00\",\"inLanguage\":\"sk-SK\",\"potentialAction\":[{\"@type\":\"ReadAction\",\"target\":[\"http:\/\/farnostmalelevare.sk\/modlitba-na-zaciatku-noveho-roka\/\"]}]},{\"@type\":\"Article\",\"@id\":\"http:\/\/farnostmalelevare.sk\/modlitba-na-zaciatku-noveho-roka\/#article\",\"isPartOf\":{\"@id\":\"http:\/\/farnostmalelevare.sk\/modlitba-na-zaciatku-noveho-roka\/#webpage\"},\"author\":{\"@id\":\"https:\/\/farnostmalelevare.sk\/#\/schema\/person\/67f464ff48808276c7c132bf4a827212\"},\"headline\":\"Modlitba na za\\u010diatku nov\\u00e9ho roka\",\"datePublished\":\"2021-01-01T21:09:41+00:00\",\"dateModified\":\"2022-08-03T08:21:43+00:00\",\"mainEntityOfPage\":{\"@id\":\"http:\/\/farnostmalelevare.sk\/modlitba-na-zaciatku-noveho-roka\/#webpage\"},\"publisher\":{\"@id\":\"https:\/\/farnostmalelevare.sk\/#organization\"},\"image\":{\"@id\":\"http:\/\/farnostmalelevare.sk\/modlitba-na-zaciatku-noveho-roka\/#primaryimage\"},\"articleSection\":\"Na dnes\",\"inLanguage\":\"sk-SK\"},{\"@type\":\"Person\",\"@id\":\"https:\/\/farnostmalelevare.sk\/#\/schema\/person\/67f464ff48808276c7c132bf4a827212\",\"name\":\"farnostlevarky\",\"sameAs\":[\"http:\/\/farnostmalelevare.sk\"]}]}<\/script>\n<!-- \/ Yoast SEO plugin. -->","_links":{"self":[{"href":"https:\/\/d.r1.wbsprt.com\/farnostmalelevare.sk\/wp-json\/wp\/v2\/posts\/462"}],"collection":[{"href":"https:\/\/d.r1.wbsprt.com\/farnostmalelevare.sk\/wp-json\/wp\/v2\/posts"}],"about":[{"href":"https:\/\/d.r1.wbsprt.com\/farnostmalelevare.sk\/wp-json\/wp\/v2\/types\/post"}],"author":[{"embeddable":true,"href":"https:\/\/d.r1.wbsprt.com\/farnostmalelevare.sk\/wp-json\/wp\/v2\/users\/1"}],"replies":[{"embeddable":true,"href":"https:\/\/d.r1.wbsprt.com\/farnostmalelevare.sk\/wp-json\/wp\/v2\/comments?post=462"}],"version-history":[{"count":6,"href":"https:\/\/d.r1.wbsprt.com\/farnostmalelevare.sk\/wp-json\/wp\/v2\/posts\/462\/revisions"}],"predecessor-version":[{"id":1810,"href":"https:\/\/d.r1.wbsprt.com\/farnostmalelevare.sk\/wp-json\/wp\/v2\/posts\/462\/revisions\/1810"}],"wp:attachment":[{"href":"https:\/\/d.r1.wbsprt.com\/farnostmalelevare.sk\/wp-json\/wp\/v2\/media?parent=462"}],"wp:term":[{"taxonomy":"category","embeddable":true,"href":"https:\/\/d.r1.wbsprt.com\/farnostmalelevare.sk\/wp-json\/wp\/v2\/categories?post=462"},{"taxonomy":"post_tag","embeddable":true,"href":"https:\/\/d.r1.wbsprt.com\/farnostmalelevare.sk\/wp-json\/wp\/v2\/tags?post=462"}],"curies":[{"name":"wp","href":"https:\/\/api.w.org\/{rel}","templated":true}]}}