{"id":448,"date":"2021-01-01T14:54:37","date_gmt":"2021-01-01T13:54:37","guid":{"rendered":"http:\/\/farnostmalelevare.sk\/?p=448"},"modified":"2022-08-03T10:16:57","modified_gmt":"2022-08-03T08:16:57","slug":"biskup-jozef-halko-pod-tvoju-ochranu-zverujeme-rok-2021","status":"publish","type":"post","link":"https:\/\/d.r1.wbsprt.com\/farnostmalelevare.sk\/biskup-jozef-halko-pod-tvoju-ochranu-zverujeme-rok-2021\/","title":{"rendered":"Biskup Jozef Ha\u013eko: Pod tvoju ochranu zverujeme rok 2021"},"content":{"rendered":"\r\n<figure class=\"wp-block-image size-large is-resized\"><img loading=\"lazy\" class=\"wp-image-452\" src=\"http:\/\/farnostmalelevare.sk\/wp-content\/uploads\/2021\/01\/Matka-Bozia.jpg\" alt=\"\" width=\"675\" height=\"452\" \/><\/figure>\r\n\r\n\r\n\r\n<p>V piatok 1. janu\u00e1ra 2021 sa m\u00f4\u017eeme prida\u0165 k spolo\u010dnej modlitbe sl\u00e1vnostn\u00e9ho ru\u017eenca s Mons. Jozefom Ha\u013ekom a zveri\u0165 v\u0161etky dni nov\u00e9ho roka 2021 Panne M\u00e1rii Bohorodi\u010dke. Priamy prenos z lurdskej jaskyne na Hlbokej ceste v Bratislave sa za\u010dne o 21.30 h. Prenos mo\u017eno sledova\u0165 <a href=\"https:\/\/www.facebook.com\/jozef.halko.biskup\" target=\"_blank\" rel=\"noreferrer noopener\">tu<\/a>.<\/p>\r\n","protected":false},"excerpt":{"rendered":"<p>V piatok 1. janu\u00e1ra 2021 sa m\u00f4\u017eeme prida\u0165 k spolo\u010dnej modlitbe sl\u00e1vnostn\u00e9ho ru\u017eenca s Mons. Jozefom Ha\u013ekom a zveri\u0165 v\u0161etky dni nov\u00e9ho roka 2021 Panne M\u00e1rii Bohorodi\u010dke. Priamy prenos z lurdskej jaskyne na Hlbokej ceste v Bratislave sa za\u010dne o 21.30 h. Prenos mo\u017eno sledova\u0165 tu.<\/p>\n","protected":false},"author":1,"featured_media":0,"comment_status":"closed","ping_status":"open","sticky":false,"template":"","format":"standard","meta":[],"categories":[4],"tags":[],"yoast_head":"<!-- This site is optimized with the Yoast SEO plugin v15.5 - https:\/\/yoast.com\/wordpress\/plugins\/seo\/ -->\n<title>Biskup Jozef Ha\u013eko: Pod tvoju ochranu zverujeme rok 2021 &bull; Farnos\u0165 Mal\u00e9 Lev\u00e1re<\/title>\n<meta name=\"robots\" content=\"index, follow, max-snippet:-1, max-image-preview:large, max-video-preview:-1\" \/>\n<link rel=\"canonical\" href=\"https:\/\/farnostmalelevare.sk\/biskup-jozef-halko-pod-tvoju-ochranu-zverujeme-rok-2021\/\" \/>\n<meta property=\"og:locale\" content=\"sk_SK\" \/>\n<meta property=\"og:type\" content=\"article\" \/>\n<meta property=\"og:title\" content=\"Biskup Jozef Ha\u013eko: Pod tvoju ochranu zverujeme rok 2021 &bull; Farnos\u0165 Mal\u00e9 Lev\u00e1re\" \/>\n<meta property=\"og:description\" content=\"V piatok 1. janu\u00e1ra 2021 sa m\u00f4\u017eeme prida\u0165 k spolo\u010dnej modlitbe sl\u00e1vnostn\u00e9ho ru\u017eenca s Mons. Jozefom Ha\u013ekom a zveri\u0165 v\u0161etky dni nov\u00e9ho roka 2021 Panne M\u00e1rii Bohorodi\u010dke. Priamy prenos z lurdskej jaskyne na Hlbokej ceste v Bratislave sa za\u010dne o 21.30 h. Prenos mo\u017eno sledova\u0165 tu.\" \/>\n<meta property=\"og:url\" content=\"https:\/\/farnostmalelevare.sk\/biskup-jozef-halko-pod-tvoju-ochranu-zverujeme-rok-2021\/\" \/>\n<meta property=\"og:site_name\" content=\"Farnos\u0165 Mal\u00e9 Lev\u00e1re\" \/>\n<meta property=\"article:published_time\" content=\"2021-01-01T13:54:37+00:00\" \/>\n<meta property=\"article:modified_time\" content=\"2022-08-03T08:16:57+00:00\" \/>\n<meta property=\"og:image\" content=\"http:\/\/farnostmalelevare.sk\/wp-content\/uploads\/2021\/01\/Matka-Bozia.jpg\" \/>\n<meta name=\"twitter:card\" content=\"summary_large_image\" \/>\n<meta name=\"twitter:label1\" content=\"Predpokladan\u00fd \u010das \u010d\u00edtania\">\n\t<meta name=\"twitter:data1\" content=\"0 min\u00fat\">\n<script type=\"application\/ld+json\" class=\"yoast-schema-graph\">{\"@context\":\"https:\/\/schema.org\",\"@graph\":[{\"@type\":\"Organization\",\"@id\":\"https:\/\/farnostmalelevare.sk\/#organization\",\"name\":\"Farnos\\u0165 Mal\\u00e9 Lev\\u00e1re\",\"url\":\"https:\/\/farnostmalelevare.sk\/\",\"sameAs\":[],\"logo\":{\"@type\":\"ImageObject\",\"@id\":\"https:\/\/farnostmalelevare.sk\/#logo\",\"inLanguage\":\"sk-SK\",\"url\":\"https:\/\/d.r1.wbsprt.com\/farnostmalelevare.sk\/wp-content\/uploads\/2020\/12\/marianska-hviezda.png\",\"width\":8000,\"height\":4500,\"caption\":\"Farnos\\u0165 Mal\\u00e9 Lev\\u00e1re\"},\"image\":{\"@id\":\"https:\/\/farnostmalelevare.sk\/#logo\"}},{\"@type\":\"WebSite\",\"@id\":\"https:\/\/farnostmalelevare.sk\/#website\",\"url\":\"https:\/\/farnostmalelevare.sk\/\",\"name\":\"Farnos\\u0165 Mal\\u00e9 Lev\\u00e1re\",\"description\":\"\",\"publisher\":{\"@id\":\"https:\/\/farnostmalelevare.sk\/#organization\"},\"potentialAction\":[{\"@type\":\"SearchAction\",\"target\":\"https:\/\/farnostmalelevare.sk\/?s={search_term_string}\",\"query-input\":\"required name=search_term_string\"}],\"inLanguage\":\"sk-SK\"},{\"@type\":\"ImageObject\",\"@id\":\"https:\/\/farnostmalelevare.sk\/biskup-jozef-halko-pod-tvoju-ochranu-zverujeme-rok-2021\/#primaryimage\",\"inLanguage\":\"sk-SK\",\"url\":\"http:\/\/farnostmalelevare.sk\/wp-content\/uploads\/2021\/01\/Matka-Bozia.jpg\"},{\"@type\":\"WebPage\",\"@id\":\"https:\/\/farnostmalelevare.sk\/biskup-jozef-halko-pod-tvoju-ochranu-zverujeme-rok-2021\/#webpage\",\"url\":\"https:\/\/farnostmalelevare.sk\/biskup-jozef-halko-pod-tvoju-ochranu-zverujeme-rok-2021\/\",\"name\":\"Biskup Jozef Ha\\u013eko: Pod tvoju ochranu zverujeme rok 2021 &bull; Farnos\\u0165 Mal\\u00e9 Lev\\u00e1re\",\"isPartOf\":{\"@id\":\"https:\/\/farnostmalelevare.sk\/#website\"},\"primaryImageOfPage\":{\"@id\":\"https:\/\/farnostmalelevare.sk\/biskup-jozef-halko-pod-tvoju-ochranu-zverujeme-rok-2021\/#primaryimage\"},\"datePublished\":\"2021-01-01T13:54:37+00:00\",\"dateModified\":\"2022-08-03T08:16:57+00:00\",\"inLanguage\":\"sk-SK\",\"potentialAction\":[{\"@type\":\"ReadAction\",\"target\":[\"https:\/\/farnostmalelevare.sk\/biskup-jozef-halko-pod-tvoju-ochranu-zverujeme-rok-2021\/\"]}]},{\"@type\":\"Article\",\"@id\":\"https:\/\/farnostmalelevare.sk\/biskup-jozef-halko-pod-tvoju-ochranu-zverujeme-rok-2021\/#article\",\"isPartOf\":{\"@id\":\"https:\/\/farnostmalelevare.sk\/biskup-jozef-halko-pod-tvoju-ochranu-zverujeme-rok-2021\/#webpage\"},\"author\":{\"@id\":\"https:\/\/farnostmalelevare.sk\/#\/schema\/person\/67f464ff48808276c7c132bf4a827212\"},\"headline\":\"Biskup Jozef Ha\\u013eko: Pod tvoju ochranu zverujeme rok 2021\",\"datePublished\":\"2021-01-01T13:54:37+00:00\",\"dateModified\":\"2022-08-03T08:16:57+00:00\",\"mainEntityOfPage\":{\"@id\":\"https:\/\/farnostmalelevare.sk\/biskup-jozef-halko-pod-tvoju-ochranu-zverujeme-rok-2021\/#webpage\"},\"publisher\":{\"@id\":\"https:\/\/farnostmalelevare.sk\/#organization\"},\"image\":{\"@id\":\"https:\/\/farnostmalelevare.sk\/biskup-jozef-halko-pod-tvoju-ochranu-zverujeme-rok-2021\/#primaryimage\"},\"articleSection\":\"Na dnes\",\"inLanguage\":\"sk-SK\"},{\"@type\":\"Person\",\"@id\":\"https:\/\/farnostmalelevare.sk\/#\/schema\/person\/67f464ff48808276c7c132bf4a827212\",\"name\":\"farnostlevarky\",\"sameAs\":[\"http:\/\/farnostmalelevare.sk\"]}]}<\/script>\n<!-- \/ Yoast SEO plugin. -->","_links":{"self":[{"href":"https:\/\/d.r1.wbsprt.com\/farnostmalelevare.sk\/wp-json\/wp\/v2\/posts\/448"}],"collection":[{"href":"https:\/\/d.r1.wbsprt.com\/farnostmalelevare.sk\/wp-json\/wp\/v2\/posts"}],"about":[{"href":"https:\/\/d.r1.wbsprt.com\/farnostmalelevare.sk\/wp-json\/wp\/v2\/types\/post"}],"author":[{"embeddable":true,"href":"https:\/\/d.r1.wbsprt.com\/farnostmalelevare.sk\/wp-json\/wp\/v2\/users\/1"}],"replies":[{"embeddable":true,"href":"https:\/\/d.r1.wbsprt.com\/farnostmalelevare.sk\/wp-json\/wp\/v2\/comments?post=448"}],"version-history":[{"count":6,"href":"https:\/\/d.r1.wbsprt.com\/farnostmalelevare.sk\/wp-json\/wp\/v2\/posts\/448\/revisions"}],"predecessor-version":[{"id":1806,"href":"https:\/\/d.r1.wbsprt.com\/farnostmalelevare.sk\/wp-json\/wp\/v2\/posts\/448\/revisions\/1806"}],"wp:attachment":[{"href":"https:\/\/d.r1.wbsprt.com\/farnostmalelevare.sk\/wp-json\/wp\/v2\/media?parent=448"}],"wp:term":[{"taxonomy":"category","embeddable":true,"href":"https:\/\/d.r1.wbsprt.com\/farnostmalelevare.sk\/wp-json\/wp\/v2\/categories?post=448"},{"taxonomy":"post_tag","embeddable":true,"href":"https:\/\/d.r1.wbsprt.com\/farnostmalelevare.sk\/wp-json\/wp\/v2\/tags?post=448"}],"curies":[{"name":"wp","href":"https:\/\/api.w.org\/{rel}","templated":true}]}}