{"id":7464,"date":"2025-05-26T07:00:00","date_gmt":"2025-05-26T05:00:00","guid":{"rendered":"https:\/\/www.cerstveovocie.sk\/?p=7464"},"modified":"2025-06-17T17:36:34","modified_gmt":"2025-06-17T15:36:34","slug":"hlas-ktory-sa-prihovara-z-ulic","status":"publish","type":"post","link":"https:\/\/d.r1.wbsprt.com\/cerstveovocie.sk\/hlas-ktory-sa-prihovara-z-ulic\/","title":{"rendered":"Hlas, ktor\u00fd sa prihov\u00e1ra z ul\u00edc"},"content":{"rendered":"\n<p class=\"has-medium-font-size\">Na prv\u00fd poh\u013ead je to len zelen\u00fd ja\u0161ter, ktor\u00fd zvedavo tr\u010d\u00ed z rohu skrinky, sed\u00ed na kom\u00edne alebo sleduje okolie spod bet\u00f3novej z\u00e1bradlia. No za touto postavou, ktor\u00e1 si za posledn\u00e9 roky podmanila ulice slovensk\u00fdch miest, stoj\u00ed Ri\u0161o. Streetartov\u00fd umelec, ktor\u00fd sa pod pseudonymom&nbsp;<strong><a href=\"https:\/\/www.instagram.com\/atychuje\/\" target=\"_blank\" rel=\"noreferrer noopener\"><strong>A Ty Chuje<\/strong><\/a><\/strong>&nbsp;rozhodol pretvori\u0165 verejn\u00fd priestor na miesto ironick\u00e9ho koment\u00e1ra, absurdnej po\u00e9zie a hravej konfront\u00e1cie.<\/p>\n\n\n\n<p><em>\u201eSom Ri\u0161o, Ja\u0161ter. Mo\u017eno ma pozn\u00e1te z ul\u00edc ako zelen\u00fd charakter \u2013 ja\u0161tericu, ktor\u00e1 sa sna\u017e\u00ed nie\u010do odovzda\u0165 cez bublinu alebo text v jej bl\u00edzkosti. Nejak\u00fa my\u0161lienku alebo pocit,\u201c&nbsp;<\/em>hovor\u00ed o sebe na \u00favod Ri\u0161o. Jeho cesta k umeniu v\u0161ak nebola rovn\u00e1, sk\u00f4r k\u013eukat\u00e1. Od detstva inklinoval ku kresleniu, nav\u0161tevoval ZU\u0160-ku, no rovnako tr\u00e1vil ve\u013ea \u010dasu v pr\u00edrode a venoval sa \u0161portom.&nbsp;<em>\u201eFormovalo sa to postupne. Ovplyvnili ma Simpsonovci, tie charaktery, farby, \u0161tyliz\u00e1cia. Bol som nimi norm\u00e1lne posadnut\u00fd.\u201c<\/em>&nbsp;Stredn\u00fa \u0161kolu absolvoval v technickom odbore, no v tom \u010dase sa za\u010dal dost\u00e1va\u0165 ku graffiti a spoznal komunitu, ktor\u00e1 ho vtiahla do sveta mestsk\u00e9ho umenia.&nbsp;<em>\u201eV\u017edy mi tam ale ch\u00fdbal charakter. V\u0161ade boli len p\u00edsmen\u00e1 a tagy. Tak som si povedal, \u017ee to sk\u00fasim inak.\u201c<\/em>&nbsp;Po ne\u00faspe\u0161nom prvom pokuse dosta\u0165 sa na vysok\u00fa \u0161kolu sa mu to podarilo na druh\u00fdkr\u00e1t \u2013 nast\u00fapil na Fakultu architekt\u00fary a&nbsp;dizajnu STU, kde \u0161tudoval dizajn. Pr\u00e1ve tam sa zrodil aj Ja\u0161ter.&nbsp;<em>\u201eVzniklo to niekedy koncom roka 2017, za\u010diatkom 2018. Mal som sa u\u010di\u0165 na bakal\u00e1rske \u0161t\u00e1tnice a to sa mi v\u00f4bec nechcelo. Tak som si rad\u0161ej za\u010dal kresli\u0165 ja\u0161tera.\u201c<\/em><\/p>\n\n\n\n<figure class=\"wp-block-gallery has-nested-images columns-default is-cropped wp-block-gallery-1 is-layout-flex wp-block-gallery-is-layout-flex\">\n<figure class=\"wp-block-image size-large\"><img loading=\"lazy\" decoding=\"async\" width=\"1024\" height=\"686\" data-id=\"7468\" src=\"https:\/\/www.cerstveovocie.sk\/wp-content\/uploads\/2025\/05\/01_A-ty-chuje-1024x686.jpg\" alt=\"\" class=\"wp-image-7468\" srcset=\"https:\/\/d.r1.wbsprt.com\/cerstveovocie.sk\/wp-content\/uploads\/2025\/05\/01_A-ty-chuje-1024x686.jpg 1024w, https:\/\/d.r1.wbsprt.com\/cerstveovocie.sk\/wp-content\/uploads\/2025\/05\/01_A-ty-chuje-300x201.jpg 300w, https:\/\/d.r1.wbsprt.com\/cerstveovocie.sk\/wp-content\/uploads\/2025\/05\/01_A-ty-chuje-768x515.jpg 768w, https:\/\/d.r1.wbsprt.com\/cerstveovocie.sk\/wp-content\/uploads\/2025\/05\/01_A-ty-chuje.jpg 1080w\" sizes=\"auto, (max-width: 1024px) 100vw, 1024px\" \/><\/figure>\n<\/figure>\n\n\n\n<p>Spo\u010diatku \u0161lo len o fig\u00farku na papieri. No r\u00fdchlo pri\u0161la potreba prenies\u0165 ju do ul\u00edc. S fixkou v ruke a zvy\u0161kami samolepiacich f\u00f3li\u00ed zo \u0161koly vytvoril prv\u00e9 n\u00e1lepky a plag\u00e1ty.&nbsp;<em>\u201eTen pr\u00e1zdny mestsk\u00fd priestor si p\u00fdtal nie\u010do \u2013 nie\u010do, \u010do by \u010dloveka zastavilo, rozosmialo, vyviedlo z rytmu.\u201c<\/em>&nbsp;Aj ke\u010f sa v tom \u010dase pohyboval medzi Bratislavou a in\u00fdmi miestami, pr\u00e1ve hlavn\u00e9 mesto sa stalo jeho hrac\u00edm po\u013eom.&nbsp;<em>\u201eZo za\u010diatku som Bratislavu nemal moc r\u00e1d. Pri\u0161iel som z mal\u00e9ho mesta, kde s\u00fa dve ulice, ktor\u00e9 netreba pomenov\u00e1va\u0165. Tu ka\u017ed\u00fd rie\u0161i, na akej ulici b\u00fdva. Ja som si tie ulice pam\u00e4tal sk\u00f4r cez graffiti. Boli pre m\u0148a orienta\u010dn\u00fdmi bodmi.\u201c<\/em><\/p>\n\n\n\n<figure class=\"wp-block-gallery has-nested-images columns-default is-cropped wp-block-gallery-2 is-layout-flex wp-block-gallery-is-layout-flex\">\n<figure class=\"wp-block-image size-large\"><img loading=\"lazy\" decoding=\"async\" width=\"1024\" height=\"686\" data-id=\"7469\" src=\"https:\/\/www.cerstveovocie.sk\/wp-content\/uploads\/2025\/05\/02_A-ty-chuje_3-1024x686.jpg\" alt=\"\" class=\"wp-image-7469\" srcset=\"https:\/\/d.r1.wbsprt.com\/cerstveovocie.sk\/wp-content\/uploads\/2025\/05\/02_A-ty-chuje_3-1024x686.jpg 1024w, https:\/\/d.r1.wbsprt.com\/cerstveovocie.sk\/wp-content\/uploads\/2025\/05\/02_A-ty-chuje_3-300x201.jpg 300w, https:\/\/d.r1.wbsprt.com\/cerstveovocie.sk\/wp-content\/uploads\/2025\/05\/02_A-ty-chuje_3-768x515.jpg 768w, https:\/\/d.r1.wbsprt.com\/cerstveovocie.sk\/wp-content\/uploads\/2025\/05\/02_A-ty-chuje_3.jpg 1080w\" sizes=\"auto, (max-width: 1024px) 100vw, 1024px\" \/><\/figure>\n<\/figure>\n\n\n\n<p>Postava Ja\u0161tera sa vyv\u00edjala spolo\u010dne s jeho autorom.&nbsp;<em>\u201eZo za\u010diatku to bola len bublina s n\u00e1pisom<\/em><em>&nbsp;<\/em><em>A ty chuje<\/em><em>. Vzniklo to ako intern\u00fd vtip s kamo\u0161mi na intr\u00e1ku, parafr\u00e1za na vir\u00e1lne po\u013esk\u00e9 video s bobrom. Postupne sa z toho stal povzdych, koment\u00e1r, citoslovce, niekedy ur\u00e1\u017eka, niekedy objatie. Z\u00e1le\u017e\u00ed, kto a ako to \u010d\u00edta.\u201c<\/em>&nbsp;Ri\u0161ove za\u010diatky boli experimentovan\u00edm s technikami, form\u00e1tmi, materi\u00e1lmi aj miestami.&nbsp;<em>\u201eBol to dlh\u00fd proces. H\u013eadal som ide\u00e1lne papiere, lepidl\u00e1, miesta. V\u017edy sa sna\u017e\u00edm lepi\u0165 tam, kde to nie je \u010disto natret\u00e1 fas\u00e1da alebo historick\u00e1 budova. Sk\u00f4r nie\u010do, \u010do je u\u017e pozna\u010den\u00e9 \u010dasom.\u201c<\/em>&nbsp;K\u013e\u00fa\u010dov\u00fd zlom nastal v roku 2024, ke\u010f sa jeho plag\u00e1ty za\u010dali objavova\u0165 v mestskom priestore vo v\u00e4\u010d\u0161om mno\u017estve.&nbsp;<em>\u201eZa\u010dalo to ako vo\u013eno\u010dasov\u00e1 aktivita. Chodil som sa bicyklova\u0165, objavoval spoty, vracal sa k nim a testoval.\u201c<\/em>&nbsp;V tejto zmesi rebelantstva, humoru, ir\u00f3nie, ale aj ne\u017enosti a empatie sa zrodil jeden z najzn\u00e1mej\u0161\u00edch vizu\u00e1lnych hlasov slovensk\u00fdch ul\u00edc. A ako dod\u00e1va Ri\u0161o:&nbsp;<em>\u201eKe\u010f niekomu vad\u00ed, \u017ee to tam je a strhne to, aj to je reakcia. Aj to je interakcia.\u201c<\/em><\/p>\n\n\n\n<figure class=\"wp-block-gallery has-nested-images columns-default is-cropped wp-block-gallery-3 is-layout-flex wp-block-gallery-is-layout-flex\">\n<figure class=\"wp-block-image size-large\"><img loading=\"lazy\" decoding=\"async\" width=\"1024\" height=\"686\" data-id=\"7470\" src=\"https:\/\/www.cerstveovocie.sk\/wp-content\/uploads\/2025\/05\/03_A-ty-chuje_1-1024x686.jpg\" alt=\"\" class=\"wp-image-7470\" srcset=\"https:\/\/d.r1.wbsprt.com\/cerstveovocie.sk\/wp-content\/uploads\/2025\/05\/03_A-ty-chuje_1-1024x686.jpg 1024w, https:\/\/d.r1.wbsprt.com\/cerstveovocie.sk\/wp-content\/uploads\/2025\/05\/03_A-ty-chuje_1-300x201.jpg 300w, https:\/\/d.r1.wbsprt.com\/cerstveovocie.sk\/wp-content\/uploads\/2025\/05\/03_A-ty-chuje_1-768x514.jpg 768w, https:\/\/d.r1.wbsprt.com\/cerstveovocie.sk\/wp-content\/uploads\/2025\/05\/03_A-ty-chuje_1.jpg 1080w\" sizes=\"auto, (max-width: 1024px) 100vw, 1024px\" \/><\/figure>\n<\/figure>\n\n\n\n<p>Za dielami Ja\u0161tera Ri\u0161a nestoj\u00ed digit\u00e1lny ploter ani v\u00fdrobn\u00e1 linka. Ka\u017ed\u00fd plag\u00e1t, n\u00e1lepka \u010di kresba, ktor\u00e1 sa objav\u00ed na rozvodnej skrinke, opustenej stene alebo mestskom mobili\u00e1ri, vznik\u00e1 ru\u010dne.&nbsp;<em>\u201eV\u0161etko je to roben\u00e9 ru\u010dne. Dokonca aj na promo k v\u00fdstav\u00e1m som robil ru\u010dne ma\u013eovan\u00e9 plag\u00e1ty. Nikdy to nebolo tla\u010den\u00e9,\u201c<\/em>&nbsp;zd\u00f4raz\u0148uje Ri\u0161o. Jeho najob\u013e\u00fabenej\u0161ou technikou je akryl na papieri, ktor\u00fd mu d\u00e1va dostatok slobody aj kontrastu pre vizu\u00e1lnu v\u00fdraznos\u0165.&nbsp;<em>\u201eZa\u010diatky boli o h\u013eadan\u00ed. Ktor\u00fd papier vydr\u017e\u00ed d\u00e1\u017e\u010f, ktor\u00e9 lepidlo sa neodlupuje, ako spravi\u0165 vrstvenie, ktor\u00e9 pre\u017eije nielen noc.\u201c<\/em>&nbsp;Hoci jeho pr\u00e1ca p\u00f4sob\u00ed na prv\u00fd poh\u013ead jednoducho a infantilne, je to vedom\u00fd \u0161t\u00fdl.&nbsp;<em>\u201eNa\u0161e heslo s kamo\u0161om bolo: \u010c\u00edm hor\u0161ie, t\u00fdm lep\u0161ie. Nemus\u00ed to by\u0165 dokonal\u00e9, d\u00f4le\u017eit\u00e9 je, aby to \u010dlovek pochopil za tri sekundy, ke\u010f ide okolo.\u201c<\/em>&nbsp;Jeho plag\u00e1ty maj\u00fa niekedy formu jednoduch\u00e9ho n\u00e1pisu v bublinke (<em>A ty chuje<\/em>,&nbsp;<em>V\u0161etko bude v poriadku<\/em>,&nbsp;<em>Attention<\/em>) inokedy nes\u00fa figur\u00e1lnou kompoz\u00edciou s ikonick\u00fdm ja\u0161terom v centre deja.&nbsp;<em>\u201eTeraz je to zameran\u00e9 na ru\u010dne kreslen\u00e9 akrylov\u00e9 plag\u00e1ty, ale bav\u00ed ma aj grafick\u00fd dizajn, rob\u00edm na tablete, animujem. Nechcem zosta\u0165 len pri tom.\u201c<\/em><\/p>\n\n\n\n<figure class=\"wp-block-gallery has-nested-images columns-default is-cropped wp-block-gallery-4 is-layout-flex wp-block-gallery-is-layout-flex\">\n<figure class=\"wp-block-image size-large\"><img loading=\"lazy\" decoding=\"async\" width=\"1024\" height=\"1024\" data-id=\"7472\" src=\"https:\/\/www.cerstveovocie.sk\/wp-content\/uploads\/2025\/05\/04_A-ty-chuje_1-1024x1024.jpg\" alt=\"\" class=\"wp-image-7472\" srcset=\"https:\/\/d.r1.wbsprt.com\/cerstveovocie.sk\/wp-content\/uploads\/2025\/05\/04_A-ty-chuje_1-1024x1024.jpg 1024w, https:\/\/d.r1.wbsprt.com\/cerstveovocie.sk\/wp-content\/uploads\/2025\/05\/04_A-ty-chuje_1-300x300.jpg 300w, https:\/\/d.r1.wbsprt.com\/cerstveovocie.sk\/wp-content\/uploads\/2025\/05\/04_A-ty-chuje_1-150x150.jpg 150w, https:\/\/d.r1.wbsprt.com\/cerstveovocie.sk\/wp-content\/uploads\/2025\/05\/04_A-ty-chuje_1-768x768.jpg 768w, https:\/\/d.r1.wbsprt.com\/cerstveovocie.sk\/wp-content\/uploads\/2025\/05\/04_A-ty-chuje_1.jpg 1080w\" sizes=\"auto, (max-width: 1024px) 100vw, 1024px\" \/><\/figure>\n\n\n\n<figure class=\"wp-block-image size-large\"><img loading=\"lazy\" decoding=\"async\" width=\"1024\" height=\"1024\" data-id=\"7471\" src=\"https:\/\/www.cerstveovocie.sk\/wp-content\/uploads\/2025\/05\/04_A-ty-chuje_2-1024x1024.jpg\" alt=\"\" class=\"wp-image-7471\" srcset=\"https:\/\/d.r1.wbsprt.com\/cerstveovocie.sk\/wp-content\/uploads\/2025\/05\/04_A-ty-chuje_2-1024x1024.jpg 1024w, https:\/\/d.r1.wbsprt.com\/cerstveovocie.sk\/wp-content\/uploads\/2025\/05\/04_A-ty-chuje_2-300x300.jpg 300w, https:\/\/d.r1.wbsprt.com\/cerstveovocie.sk\/wp-content\/uploads\/2025\/05\/04_A-ty-chuje_2-150x150.jpg 150w, https:\/\/d.r1.wbsprt.com\/cerstveovocie.sk\/wp-content\/uploads\/2025\/05\/04_A-ty-chuje_2-768x768.jpg 768w, https:\/\/d.r1.wbsprt.com\/cerstveovocie.sk\/wp-content\/uploads\/2025\/05\/04_A-ty-chuje_2.jpg 1080w\" sizes=\"auto, (max-width: 1024px) 100vw, 1024px\" \/><\/figure>\n<\/figure>\n\n\n\n<p>Ri\u0161o sa pravidelne vracia aj k experimentom. V\u0161etko si testuje s\u00e1m, \u010dasto &#8222;za pochodu&#8220;. Z r\u00f4znych pokusov vznikli vrstven\u00e9 plag\u00e1ty, ktor\u00e9 sa po viacn\u00e1sobnom lepen\u00ed na seba zmenia na takmer objektov\u00e9 dielo s vlastnou dynamikou. V kaviar\u0148ach, kde vystavuje, sa tieto vrstvy premie\u0148aj\u00fa na obrazy s \u010ditate\u013enou text\u00farou.&nbsp;<em>\u201ePripom\u00edna mi to<\/em><em>&nbsp;<\/em><em>onion skin<\/em><em>&nbsp;<\/em><em>z anim\u00e1cie, ke\u010f vidno v\u0161etky vrstvy pohybu.\u201c<\/em>&nbsp;Aj ke\u010f sa st\u00e1le pohybuje na hrane medzi leg\u00e1lnym a neleg\u00e1lnym umen\u00edm, jeho pr\u00edstup je premyslen\u00fd a zodpovedn\u00fd.&nbsp;<em>\u201eNikdy by som ne\u0161iel lepi\u0165 na \u010dist\u00fa fas\u00e1du. Ale ak je miesto zanedban\u00e9, \u010dasto pocitovo vol\u00e1: pod&#8216; sem.\u201c<\/em>&nbsp;Rovnako intuit\u00edvne pristupuje aj k v\u00fdberu textov a mot\u00edvov. Niektor\u00e9 reaguj\u00fa na aktu\u00e1lnu situ\u00e1ciu, in\u00e9 vznikaj\u00fa ako reakcia na vn\u00fatorn\u00fd pocit.&nbsp;<em>\u201eKe\u010f m\u00e1m n\u00e1ladu, rob\u00edm. Ke\u010f nie, tak nie. Nie je to systematick\u00e9. Ale sna\u017e\u00edm sa ma\u0165 pripraven\u00e9 veci, ktor\u00e9 \u010dakaj\u00fa na ten spr\u00e1vny \u010das a priestor.\u201c<\/em>&nbsp;Tvorbu Ja\u0161tera Ri\u0161a tak mo\u017eno op\u00edsa\u0165 ako kombin\u00e1ciu remesla, intu\u00edcie, humoru a presnej citlivosti na to, kedy a kde umeleck\u00fd z\u00e1sah m\u00e1 zmysel. A ke\u010f sa ho sp\u00fdtate, \u010di sa s\u00e1m pova\u017euje za umelca, len sa pousmeje:&nbsp;<em>\u201eSn\u00e1\u010f. A ke\u010f nie, tak aspo\u0148 ten, \u010do rob\u00ed rados\u0165 na stene.\u201c<\/em><\/p>\n\n\n\n<figure class=\"wp-block-gallery has-nested-images columns-default is-cropped wp-block-gallery-5 is-layout-flex wp-block-gallery-is-layout-flex\">\n<figure class=\"wp-block-image size-large\"><img loading=\"lazy\" decoding=\"async\" width=\"1024\" height=\"686\" data-id=\"7473\" src=\"https:\/\/www.cerstveovocie.sk\/wp-content\/uploads\/2025\/05\/05_A-ty-chuje_1-1024x686.jpg\" alt=\"\" class=\"wp-image-7473\" srcset=\"https:\/\/d.r1.wbsprt.com\/cerstveovocie.sk\/wp-content\/uploads\/2025\/05\/05_A-ty-chuje_1-1024x686.jpg 1024w, https:\/\/d.r1.wbsprt.com\/cerstveovocie.sk\/wp-content\/uploads\/2025\/05\/05_A-ty-chuje_1-300x201.jpg 300w, https:\/\/d.r1.wbsprt.com\/cerstveovocie.sk\/wp-content\/uploads\/2025\/05\/05_A-ty-chuje_1-768x515.jpg 768w, https:\/\/d.r1.wbsprt.com\/cerstveovocie.sk\/wp-content\/uploads\/2025\/05\/05_A-ty-chuje_1.jpg 1080w\" sizes=\"auto, (max-width: 1024px) 100vw, 1024px\" \/><\/figure>\n<\/figure>\n\n\n\n<p>Tvorba Ja\u0161tera Ri\u0161a sa neza\u010d\u00ednala v ateli\u00e9ri, ale v uliciach. Pr\u00e1ve tam nach\u00e1dza najviac impulzov aj najd\u00f4le\u017eitej\u0161iu odozvu.&nbsp;<em>\u201eKe\u010f niekto strhne plag\u00e1t, aj to je reakcia. Je to em\u00f3cia, ktor\u00e1 ho prin\u00fatila kona\u0165. A to je pre m\u0148a d\u00f4le\u017eit\u00e9,\u201c<\/em>&nbsp;hovor\u00ed Ri\u0161o. Interakcia s publikom je pre neho jadrom cel\u00e9ho umeleck\u00e9ho gesta. Jeho diela reaguj\u00fa na lok\u00e1lne situ\u00e1cie aj celospolo\u010densk\u00e9 dianie, ale v\u017edy s istou mierou nadh\u013eadu. Napriek tomu, \u017ee jeho najzn\u00e1mej\u0161ie mot\u00edvy nes\u00fa explicitne politick\u00e9, dok\u00e1\u017eu silno rezonova\u0165. Pr\u00e1ve jednoduchos\u0165 a poeti\u010dnos\u0165 sloganov ako&nbsp;<em>L\u00e1ska, Zamysli sa nad sebou,<\/em>&nbsp;<em>V\u0161etko bude v poriadku<\/em>&nbsp;alebo&nbsp;<em>\u013du\u010fom ch\u00fdba \u013eudskos\u0165<\/em>&nbsp;z nich rob\u00ed siln\u00e9 manifesty. Verejn\u00fd priestor mu poskytuje nevy\u010derpate\u013en\u00fd arzen\u00e1l pl\u00f4ch, no aj neust\u00e1le riziko.&nbsp;<em>\u201eNa Americkom n\u00e1mest\u00ed je skri\u0148a, ktor\u00fa niekto pravidelne prema\u013eov\u00e1va. Z jednej strany je d\u00fahov\u00fd mot\u00edv, z druhej nie\u010do random. U\u017e je z toho takmer verejn\u00fd ping-pong. Ja u\u017e len sledujem, ak\u00fa farbu ten \u010dlovek pou\u017eije nabud\u00face.\u201c<\/em><\/p>\n\n\n\n<figure class=\"wp-block-gallery has-nested-images columns-default is-cropped wp-block-gallery-6 is-layout-flex wp-block-gallery-is-layout-flex\">\n<figure class=\"wp-block-image size-large\"><img loading=\"lazy\" decoding=\"async\" width=\"1024\" height=\"1024\" data-id=\"7475\" src=\"https:\/\/www.cerstveovocie.sk\/wp-content\/uploads\/2025\/05\/06_A-ty-chuje_1-1024x1024.jpg\" alt=\"\" class=\"wp-image-7475\" srcset=\"https:\/\/d.r1.wbsprt.com\/cerstveovocie.sk\/wp-content\/uploads\/2025\/05\/06_A-ty-chuje_1-1024x1024.jpg 1024w, https:\/\/d.r1.wbsprt.com\/cerstveovocie.sk\/wp-content\/uploads\/2025\/05\/06_A-ty-chuje_1-300x300.jpg 300w, https:\/\/d.r1.wbsprt.com\/cerstveovocie.sk\/wp-content\/uploads\/2025\/05\/06_A-ty-chuje_1-150x150.jpg 150w, https:\/\/d.r1.wbsprt.com\/cerstveovocie.sk\/wp-content\/uploads\/2025\/05\/06_A-ty-chuje_1-768x768.jpg 768w, https:\/\/d.r1.wbsprt.com\/cerstveovocie.sk\/wp-content\/uploads\/2025\/05\/06_A-ty-chuje_1.jpg 1080w\" sizes=\"auto, (max-width: 1024px) 100vw, 1024px\" \/><\/figure>\n\n\n\n<figure class=\"wp-block-image size-large\"><img loading=\"lazy\" decoding=\"async\" width=\"1024\" height=\"1024\" data-id=\"7474\" src=\"https:\/\/www.cerstveovocie.sk\/wp-content\/uploads\/2025\/05\/06_A-ty-chuje_2-1024x1024.jpg\" alt=\"\" class=\"wp-image-7474\" srcset=\"https:\/\/d.r1.wbsprt.com\/cerstveovocie.sk\/wp-content\/uploads\/2025\/05\/06_A-ty-chuje_2-1024x1024.jpg 1024w, https:\/\/d.r1.wbsprt.com\/cerstveovocie.sk\/wp-content\/uploads\/2025\/05\/06_A-ty-chuje_2-300x300.jpg 300w, https:\/\/d.r1.wbsprt.com\/cerstveovocie.sk\/wp-content\/uploads\/2025\/05\/06_A-ty-chuje_2-150x150.jpg 150w, https:\/\/d.r1.wbsprt.com\/cerstveovocie.sk\/wp-content\/uploads\/2025\/05\/06_A-ty-chuje_2-768x768.jpg 768w, https:\/\/d.r1.wbsprt.com\/cerstveovocie.sk\/wp-content\/uploads\/2025\/05\/06_A-ty-chuje_2.jpg 1080w\" sizes=\"auto, (max-width: 1024px) 100vw, 1024px\" \/><\/figure>\n<\/figure>\n\n\n\n<p>S\u00fa\u010das\u0165ou Ri\u0161ovej tvorby je aj prienik do gal\u00e9ri\u00ed a organizovan\u00fdch kult\u00farnych podujat\u00ed. Po\u010das Bielej noci vytvoril sveteln\u00e9 in\u0161tal\u00e1cie, ktor\u00e9 si z\u00edskali pozornos\u0165 svojou jednoduchos\u0165ou a svietivos\u0165ou v tme. V gal\u00e9rii&nbsp;<a href=\"https:\/\/www.facebook.com\/profile.php?id=100069613480137\" target=\"_blank\" rel=\"noreferrer noopener\">PANOCTOPUS<\/a>&nbsp;na Klemensovej ulici mal v\u00fdstavu s&nbsp;n\u00e1zvom&nbsp;<strong><a href=\"https:\/\/www.facebook.com\/events\/klemensova-25141-811-09-bratislava-slovensko\/a-ty-chuje-zelen%C3%A1-a-biela\/1040347180977466\/\" target=\"_blank\" rel=\"noreferrer noopener\">zelen\u00e1 a biela<\/a><\/strong>&nbsp;obohaten\u00fa o \u017eiv\u00fd tr\u00e1vnik.&nbsp;<em>\u201eNajviac zo\u017eal tr\u00e1vnik. Ps\u00edky ho milovali. Deti tie\u017e. Mo\u017eno menej u\u017e ich rodi\u010dia.\u201c<\/em>Jeho diela sa objavuj\u00fa aj v interi\u00e9roch kaviarn\u00ed, kde spolupracuje s nez\u00e1visl\u00fdmi prev\u00e1dzkami. Tam umiest\u0148uje obrazy, ktor\u00e9 vych\u00e1dzaj\u00fa z uli\u010dnej poetiky, ale prisp\u00f4soben\u00e9 atmosf\u00e9re priestoru. Niekedy vznik\u00e1 cel\u00e1 s\u00e9ria, inokedy jedin\u00fd mot\u00edv. \u201e<em>V Artfore je napr\u00edklad Ja\u0161ter, \u010do sed\u00ed na knih\u00e1ch. V\u0161etko je to o pocite z miesta.\u201c<\/em><\/p>\n\n\n\n<figure class=\"wp-block-gallery has-nested-images columns-default is-cropped wp-block-gallery-7 is-layout-flex wp-block-gallery-is-layout-flex\">\n<figure class=\"wp-block-image size-large\"><img loading=\"lazy\" decoding=\"async\" width=\"1024\" height=\"683\" data-id=\"7476\" src=\"https:\/\/www.cerstveovocie.sk\/wp-content\/uploads\/2025\/05\/07_A-TY-CHUJE-\u2013-ZELENA-A-BIELA-foto-Jakub-Caprnka-@jakub.caprnka_5-1024x683.jpg\" alt=\"\" class=\"wp-image-7476\" srcset=\"https:\/\/d.r1.wbsprt.com\/cerstveovocie.sk\/wp-content\/uploads\/2025\/05\/07_A-TY-CHUJE-\u2013-ZELENA-A-BIELA-foto-Jakub-Caprnka-@jakub.caprnka_5-1024x683.jpg 1024w, https:\/\/d.r1.wbsprt.com\/cerstveovocie.sk\/wp-content\/uploads\/2025\/05\/07_A-TY-CHUJE-\u2013-ZELENA-A-BIELA-foto-Jakub-Caprnka-@jakub.caprnka_5-300x200.jpg 300w, https:\/\/d.r1.wbsprt.com\/cerstveovocie.sk\/wp-content\/uploads\/2025\/05\/07_A-TY-CHUJE-\u2013-ZELENA-A-BIELA-foto-Jakub-Caprnka-@jakub.caprnka_5-768x512.jpg 768w, https:\/\/d.r1.wbsprt.com\/cerstveovocie.sk\/wp-content\/uploads\/2025\/05\/07_A-TY-CHUJE-\u2013-ZELENA-A-BIELA-foto-Jakub-Caprnka-@jakub.caprnka_5.jpg 1080w\" sizes=\"auto, (max-width: 1024px) 100vw, 1024px\" \/><figcaption class=\"wp-element-caption\"><em>A TY CHUJE: ZELEN\u00c1 A BIELA | foto Jakub \u010caprnka | <a href=\"https:\/\/www.instagram.com\/jakub.caprnka\/\" target=\"_blank\" rel=\"noreferrer noopener\">@jakub.caprnka<\/a><\/em><\/figcaption><\/figure>\n<\/figure>\n\n\n\n<p>Interakcia s publikom nezost\u00e1va len na ulici. Je akt\u00edvny aj na Instagrame, kde diela dokumentuje a zaznamen\u00e1va aj reakcie: prema\u013eovania, strhnutia, odkazy, koment\u00e1re.&nbsp;<em>\u201eTen \u010dlovek, \u010do prema\u013eov\u00e1va, si zasl\u00fa\u017ei v\u00fdstavu. Mo\u017eno o tom ani nevie.\u201c<\/em>&nbsp;Jeho diela tak \u017eij\u00fa vlastn\u00fdm \u017eivotom aj po tom, \u010do ich nalep\u00ed. Niekedy mizn\u00fa po hodin\u00e1ch, inokedy ostan\u00fa roky. Niektor\u00e9 si \u013eudia odnes\u00fa, in\u00e9 zakonzervuje \u010das.&nbsp;<em>\u201eNevad\u00ed mi to. Vlastne je to presne to, \u010do ma bav\u00ed najviac. \u017eivot v ulici, reakcia.\u201c<\/em><\/p>\n\n\n\n<figure class=\"wp-block-gallery has-nested-images columns-default is-cropped wp-block-gallery-8 is-layout-flex wp-block-gallery-is-layout-flex\">\n<figure class=\"wp-block-image size-large\"><img loading=\"lazy\" decoding=\"async\" width=\"819\" height=\"1024\" data-id=\"7478\" src=\"https:\/\/www.cerstveovocie.sk\/wp-content\/uploads\/2025\/05\/08_A-ty-chuje-x-Rems-\u2013-Valcujem-valcujes-valcujeme.-Streetartisti-sa-uz-nasli-Jeden-lepi-druheho-a-druhy-prveho-aha-ho_1-819x1024.jpg\" alt=\"\" class=\"wp-image-7478\" srcset=\"https:\/\/d.r1.wbsprt.com\/cerstveovocie.sk\/wp-content\/uploads\/2025\/05\/08_A-ty-chuje-x-Rems-\u2013-Valcujem-valcujes-valcujeme.-Streetartisti-sa-uz-nasli-Jeden-lepi-druheho-a-druhy-prveho-aha-ho_1-819x1024.jpg 819w, https:\/\/d.r1.wbsprt.com\/cerstveovocie.sk\/wp-content\/uploads\/2025\/05\/08_A-ty-chuje-x-Rems-\u2013-Valcujem-valcujes-valcujeme.-Streetartisti-sa-uz-nasli-Jeden-lepi-druheho-a-druhy-prveho-aha-ho_1-240x300.jpg 240w, https:\/\/d.r1.wbsprt.com\/cerstveovocie.sk\/wp-content\/uploads\/2025\/05\/08_A-ty-chuje-x-Rems-\u2013-Valcujem-valcujes-valcujeme.-Streetartisti-sa-uz-nasli-Jeden-lepi-druheho-a-druhy-prveho-aha-ho_1-768x960.jpg 768w, https:\/\/d.r1.wbsprt.com\/cerstveovocie.sk\/wp-content\/uploads\/2025\/05\/08_A-ty-chuje-x-Rems-\u2013-Valcujem-valcujes-valcujeme.-Streetartisti-sa-uz-nasli-Jeden-lepi-druheho-a-druhy-prveho-aha-ho_1-300x375.jpg 300w, https:\/\/d.r1.wbsprt.com\/cerstveovocie.sk\/wp-content\/uploads\/2025\/05\/08_A-ty-chuje-x-Rems-\u2013-Valcujem-valcujes-valcujeme.-Streetartisti-sa-uz-nasli-Jeden-lepi-druheho-a-druhy-prveho-aha-ho_1.jpg 1080w\" sizes=\"auto, (max-width: 819px) 100vw, 819px\" \/><figcaption class=\"wp-element-caption\"><em>A ty chuje x Rems: Valcujem, valcuje\u0161, valcujeme. Streetartisti sa u\u017e na\u0161li! Jeden lep\u00ed druh\u00e9ho a druh\u00fd prv\u00e9ho, aha ho<\/em><\/figcaption><\/figure>\n\n\n\n<figure class=\"wp-block-image size-large\"><img loading=\"lazy\" decoding=\"async\" width=\"822\" height=\"1024\" data-id=\"7477\" src=\"https:\/\/www.cerstveovocie.sk\/wp-content\/uploads\/2025\/05\/08_A-ty-chuje-x-Rems-\u2013-Valcujem-valcujes-valcujeme.-Streetartisti-sa-uz-nasli-Jeden-lepi-druheho-a-druhy-prveho-aha-ho_2-822x1024.jpg\" alt=\"\" class=\"wp-image-7477\" srcset=\"https:\/\/d.r1.wbsprt.com\/cerstveovocie.sk\/wp-content\/uploads\/2025\/05\/08_A-ty-chuje-x-Rems-\u2013-Valcujem-valcujes-valcujeme.-Streetartisti-sa-uz-nasli-Jeden-lepi-druheho-a-druhy-prveho-aha-ho_2-822x1024.jpg 822w, https:\/\/d.r1.wbsprt.com\/cerstveovocie.sk\/wp-content\/uploads\/2025\/05\/08_A-ty-chuje-x-Rems-\u2013-Valcujem-valcujes-valcujeme.-Streetartisti-sa-uz-nasli-Jeden-lepi-druheho-a-druhy-prveho-aha-ho_2-241x300.jpg 241w, https:\/\/d.r1.wbsprt.com\/cerstveovocie.sk\/wp-content\/uploads\/2025\/05\/08_A-ty-chuje-x-Rems-\u2013-Valcujem-valcujes-valcujeme.-Streetartisti-sa-uz-nasli-Jeden-lepi-druheho-a-druhy-prveho-aha-ho_2-768x957.jpg 768w, https:\/\/d.r1.wbsprt.com\/cerstveovocie.sk\/wp-content\/uploads\/2025\/05\/08_A-ty-chuje-x-Rems-\u2013-Valcujem-valcujes-valcujeme.-Streetartisti-sa-uz-nasli-Jeden-lepi-druheho-a-druhy-prveho-aha-ho_2-300x374.jpg 300w, https:\/\/d.r1.wbsprt.com\/cerstveovocie.sk\/wp-content\/uploads\/2025\/05\/08_A-ty-chuje-x-Rems-\u2013-Valcujem-valcujes-valcujeme.-Streetartisti-sa-uz-nasli-Jeden-lepi-druheho-a-druhy-prveho-aha-ho_2.jpg 1080w\" sizes=\"auto, (max-width: 822px) 100vw, 822px\" \/><figcaption class=\"wp-element-caption\"><em>A ty chuje x Rems: Valcujem, valcuje\u0161, valcujeme. Streetartisti sa u\u017e na\u0161li! Jeden lep\u00ed druh\u00e9ho a druh\u00fd prv\u00e9ho, aha ho<\/em><\/figcaption><\/figure>\n<\/figure>\n\n\n\n<p>Aj ke\u010f na prv\u00fd poh\u013ead p\u00f4sobia ako v\u00fdkriky z kr\u010dmy alebo absurdn\u00e9 hesl\u00e1 z manifestu nezn\u00e1meho anarchistu, texty Ja\u0161tera Ri\u0161a s\u00fa jednou z najd\u00f4le\u017eitej\u0161\u00edch vrstiev jeho tvorby.&nbsp;<em>\u201ePre m\u0148a je to povzdych. Niekedy ir\u00f3nia, niekedy po\u00e9zia, niekedy jemn\u00e1 nad\u00e1vka. Ale v\u017edy to m\u00e1 nejak\u00fd odtie\u0148 \u00faletu,\u201c<\/em>&nbsp;vysvet\u013euje Ri\u0161o. Kultov\u00fd n\u00e1pis&nbsp;<em>A ty chuje<\/em>&nbsp;vznikol ako intern\u00fd vtip medzi kamar\u00e1tmi na intern\u00e1te a je parafr\u00e1zou na vir\u00e1lne po\u013esk\u00e9 video. Postupne sa z neho stal m\u00fdtus. Fr\u00e1za, ktor\u00e1 niekoho uraz\u00ed, in\u00e9ho rozosmeje a niekomu pr\u00edde ako dokonal\u00fd koment\u00e1r na situ\u00e1ciu, ktor\u00e1 sa ned\u00e1 inak op\u00edsa\u0165.&nbsp;<em>\u201eKe\u010f sme niekde na v\u00fdlete a je kr\u00e1sny v\u00fdh\u013ead, len sa zasmejem a poviem si:<\/em><em>&nbsp;<\/em><em>A ty chuje, ak\u00fd v\u00fdh\u013ead!<\/em><em>.\u201c<\/em><\/p>\n\n\n\n<figure class=\"wp-block-gallery has-nested-images columns-default is-cropped wp-block-gallery-9 is-layout-flex wp-block-gallery-is-layout-flex\">\n<figure class=\"wp-block-image size-large\"><img loading=\"lazy\" decoding=\"async\" width=\"1024\" height=\"687\" data-id=\"7479\" src=\"https:\/\/www.cerstveovocie.sk\/wp-content\/uploads\/2025\/05\/09_A-ty-chuje_1-1024x687.jpg\" alt=\"\" class=\"wp-image-7479\" srcset=\"https:\/\/d.r1.wbsprt.com\/cerstveovocie.sk\/wp-content\/uploads\/2025\/05\/09_A-ty-chuje_1-1024x687.jpg 1024w, https:\/\/d.r1.wbsprt.com\/cerstveovocie.sk\/wp-content\/uploads\/2025\/05\/09_A-ty-chuje_1-300x201.jpg 300w, https:\/\/d.r1.wbsprt.com\/cerstveovocie.sk\/wp-content\/uploads\/2025\/05\/09_A-ty-chuje_1-768x516.jpg 768w, https:\/\/d.r1.wbsprt.com\/cerstveovocie.sk\/wp-content\/uploads\/2025\/05\/09_A-ty-chuje_1.jpg 1080w\" sizes=\"auto, (max-width: 1024px) 100vw, 1024px\" \/><\/figure>\n<\/figure>\n\n\n\n<p>Ri\u0161ove texty funguj\u00fa ako priamy prenos vn\u00fatorn\u00fdch stavov, spolo\u010densk\u00fdch reflexi\u00ed aj nen\u00e1padn\u00fdch provok\u00e1ci\u00ed. Ich sila je v jednoduchosti a univerz\u00e1lnosti. V\u00fdrok&nbsp;<em>\u013eu\u010fom ch\u00fdba \u013eudskos\u0165<\/em>&nbsp;je pre Ri\u0161a srdcovou z\u00e1le\u017eitos\u0165ou.&nbsp;<em>\u201eJednoduchou vetou sa d\u00e1 poveda\u0165 stra\u0161ne ve\u013ea.\u201c<\/em>&nbsp;Texty nevznikaj\u00fa na z\u00e1klade dramaturgick\u00e9ho pl\u00e1nu.&nbsp;<em>\u201eJe to o pocite. Niektor\u00e9 vety nos\u00edm v hlave dlh\u0161ie, in\u00e9 pr\u00eddu ako n\u00e1hla potreba nie\u010do vykri\u010da\u0165.\u201c<\/em>&nbsp;Ich kontext je v\u017edy d\u00f4le\u017eit\u00fd. N\u00e1pis&nbsp;<em>Slobodn\u00e1 a \u017eiadna in\u00e1<\/em>&nbsp;v uliciach Bratislavy vznikol ako reflexia na situ\u00e1ciu v slovenskej kult\u00fare. Nie je doslovn\u00fd, ale zafarben\u00fd em\u00f3ciou frustr\u00e1cie aj v\u00fdkrikom za nie\u010do lep\u0161ie.&nbsp;<em>\u201eNiekedy ma to tiahne komentova\u0165 politiku. Ale r\u00fdchlo ma to prejde. Lebo tu sa ka\u017ed\u00fd de\u0148 prer\u00e1\u017ea nov\u00e9 dno.\u201c<\/em>&nbsp;Fr\u00e1zy na plag\u00e1toch zvy\u010dajne nie s\u00fa jednozna\u010dn\u00e9. Neob\u00e1va sa ich viacn\u00e1sobn\u00fdm v\u00fdznamom. \u201eNech si v tom ka\u017ed\u00fd n\u00e1jde \u010do chce. Pre m\u0148a je to raz smiech, raz sm\u00fatok, inokedy protest. Niekedy len zrkadlo.\u201c Tento jazyk mesta, v ktorom sa vulgarizmus m\u00f4\u017ee sta\u0165 metaforou a v\u00fdrok ako&nbsp;<em>\u013du\u010f sa!<\/em>&nbsp;novodobou zenovou b\u00e1s\u0148ou, definuje Ja\u0161tera Ri\u0161a ako vizu\u00e1lneho fejt\u00f3nistu. Jeho texty ne\u00fato\u010dia, ale zneis\u0165uj\u00fa. Nepon\u00fakaj\u00fa rie\u0161enia, ale p\u00fdtaj\u00fa sa.&nbsp;<em>\u201eNajviac ma bav\u00ed, ke\u010f to v niekom nie\u010do vyvol\u00e1. Nech je to \u010doko\u013evek.\u201c<\/em><\/p>\n\n\n\n<figure class=\"wp-block-gallery has-nested-images columns-default is-cropped wp-block-gallery-10 is-layout-flex wp-block-gallery-is-layout-flex\">\n<figure class=\"wp-block-image size-large\"><img loading=\"lazy\" decoding=\"async\" width=\"1024\" height=\"686\" data-id=\"7480\" src=\"https:\/\/www.cerstveovocie.sk\/wp-content\/uploads\/2025\/05\/10_A-ty-chuje_1-1024x686.jpg\" alt=\"\" class=\"wp-image-7480\" srcset=\"https:\/\/d.r1.wbsprt.com\/cerstveovocie.sk\/wp-content\/uploads\/2025\/05\/10_A-ty-chuje_1-1024x686.jpg 1024w, https:\/\/d.r1.wbsprt.com\/cerstveovocie.sk\/wp-content\/uploads\/2025\/05\/10_A-ty-chuje_1-300x201.jpg 300w, https:\/\/d.r1.wbsprt.com\/cerstveovocie.sk\/wp-content\/uploads\/2025\/05\/10_A-ty-chuje_1-768x515.jpg 768w, https:\/\/d.r1.wbsprt.com\/cerstveovocie.sk\/wp-content\/uploads\/2025\/05\/10_A-ty-chuje_1.jpg 1080w\" sizes=\"auto, (max-width: 1024px) 100vw, 1024px\" \/><\/figure>\n<\/figure>\n\n\n\n<p>Aj ke\u010f je Ja\u0161ter Ri\u0161o najviac doma na ulici, jeho tvorba sa postupne rozvetvuje do in\u00fdch sf\u00e9r. M\u00e1 za sebou v\u00fdstavu&nbsp;<a href=\"https:\/\/www.instagram.com\/p\/DAluGFmu9ZK\/?img_index=1\" target=\"_blank\" rel=\"noreferrer noopener\">zelen\u00e1 a&nbsp;biela v gal\u00e9rii PANOKTOPUS<\/a>, vytvoril&nbsp;<a href=\"https:\/\/www.instagram.com\/p\/DAwGIGxO-j3\/\" target=\"_blank\" rel=\"noreferrer noopener\">sveteln\u00e9 in\u0161tal\u00e1cie pre festival Biela noc<\/a>&nbsp;a jeho diela sa objavili aj na festivaloch ako Pohoda \u010di 66 hod\u00edn.&nbsp;Pri tejto pr\u00edle\u017eitosti spom\u00edna na plag\u00e1t &#8222;v\u0161etko bude v pohode&#8220; nalepen\u00fd na bet\u00f3nov\u00fdch skru\u017eiach v are\u00e1li festivalu Pohoda, ktor\u00fd pre\u017eil letn\u00fa b\u00farku bez ujmy.&nbsp;<em>\u201eM\u00e1m ho odfoten\u00fd pred b\u00farkou aj po nej. Ostal nepo\u0161koden\u00fd. Symbolicky to v\u00f4bec nezlyhalo.\u201c&nbsp;<\/em>Vystavoval v kaviar\u0148ach, spolupracoval s kultov\u00fdm pre\u0161ovsk\u00fdm priostrom&nbsp;<a href=\"https:\/\/www.instagram.com\/spojkaroastery\/\" target=\"_blank\" rel=\"noreferrer noopener\">Spojka Roastery Company<\/a>, kde vznikla dokonca aj \u0161peci\u00e1lna k\u00e1va s ja\u0161terom na obale.<\/p>\n\n\n\n<figure class=\"wp-block-gallery has-nested-images columns-default is-cropped wp-block-gallery-11 is-layout-flex wp-block-gallery-is-layout-flex\">\n<figure class=\"wp-block-image size-large\"><img loading=\"lazy\" decoding=\"async\" width=\"1024\" height=\"1024\" data-id=\"7483\" src=\"https:\/\/www.cerstveovocie.sk\/wp-content\/uploads\/2025\/05\/11_LUDOM-NA-POHODE-NECHYBA-LUDSKOST_2-1024x1024.jpg\" alt=\"\" class=\"wp-image-7483\" srcset=\"https:\/\/d.r1.wbsprt.com\/cerstveovocie.sk\/wp-content\/uploads\/2025\/05\/11_LUDOM-NA-POHODE-NECHYBA-LUDSKOST_2-1024x1024.jpg 1024w, https:\/\/d.r1.wbsprt.com\/cerstveovocie.sk\/wp-content\/uploads\/2025\/05\/11_LUDOM-NA-POHODE-NECHYBA-LUDSKOST_2-300x300.jpg 300w, https:\/\/d.r1.wbsprt.com\/cerstveovocie.sk\/wp-content\/uploads\/2025\/05\/11_LUDOM-NA-POHODE-NECHYBA-LUDSKOST_2-150x150.jpg 150w, https:\/\/d.r1.wbsprt.com\/cerstveovocie.sk\/wp-content\/uploads\/2025\/05\/11_LUDOM-NA-POHODE-NECHYBA-LUDSKOST_2-768x768.jpg 768w, https:\/\/d.r1.wbsprt.com\/cerstveovocie.sk\/wp-content\/uploads\/2025\/05\/11_LUDOM-NA-POHODE-NECHYBA-LUDSKOST_2.jpg 1080w\" sizes=\"auto, (max-width: 1024px) 100vw, 1024px\" \/><\/figure>\n\n\n\n<figure class=\"wp-block-image size-large\"><img loading=\"lazy\" decoding=\"async\" width=\"1024\" height=\"1024\" data-id=\"7482\" src=\"https:\/\/www.cerstveovocie.sk\/wp-content\/uploads\/2025\/05\/11_LUDOM-NA-POHODE-NECHYBA-LUDSKOST_1-1024x1024.jpg\" alt=\"\" class=\"wp-image-7482\" srcset=\"https:\/\/d.r1.wbsprt.com\/cerstveovocie.sk\/wp-content\/uploads\/2025\/05\/11_LUDOM-NA-POHODE-NECHYBA-LUDSKOST_1-1024x1024.jpg 1024w, https:\/\/d.r1.wbsprt.com\/cerstveovocie.sk\/wp-content\/uploads\/2025\/05\/11_LUDOM-NA-POHODE-NECHYBA-LUDSKOST_1-300x300.jpg 300w, https:\/\/d.r1.wbsprt.com\/cerstveovocie.sk\/wp-content\/uploads\/2025\/05\/11_LUDOM-NA-POHODE-NECHYBA-LUDSKOST_1-150x150.jpg 150w, https:\/\/d.r1.wbsprt.com\/cerstveovocie.sk\/wp-content\/uploads\/2025\/05\/11_LUDOM-NA-POHODE-NECHYBA-LUDSKOST_1-768x768.jpg 768w, https:\/\/d.r1.wbsprt.com\/cerstveovocie.sk\/wp-content\/uploads\/2025\/05\/11_LUDOM-NA-POHODE-NECHYBA-LUDSKOST_1.jpg 1080w\" sizes=\"auto, (max-width: 1024px) 100vw, 1024px\" \/><\/figure>\n<\/figure>\n\n\n\n<p>Medzi najnov\u0161ie projekty patr\u00ed obal magaz\u00ednu&nbsp;<a href=\"https:\/\/www.instagram.com\/p\/DJrWLJoq8Xv\/?img_index=1\" target=\"_blank\" rel=\"noreferrer noopener\">Roast Different<\/a>&nbsp;a spolupr\u00e1ca s&nbsp;<a href=\"https:\/\/www.instagram.com\/tlakersskateboards\/\" target=\"_blank\" rel=\"noreferrer noopener\">TLAKERS<\/a>&nbsp;na dizajne skate dosky.&nbsp;<em>\u201eRoky m\u00e1m doma pr\u00e1zdnu dosku, ktor\u00fa som nikdy nepoma\u013eoval. Teraz sa mi to kone\u010dne podarilo.\u201c<\/em>&nbsp;Hoci jeho aktivity naberaj\u00fa r\u00f4zne podoby, tvorba ost\u00e1va pre neho najviac o pocite a radosti.&nbsp;<em>\u201eJe to vo\u013eno\u010dasov\u00e1 aktivita, ktor\u00e1 ma bav\u00ed. Nie\u010do medzi hobby a osobnou misiou.\u201c<\/em>&nbsp;Ri\u0161o aktu\u00e1lne uva\u017euje nad v\u00e4\u010d\u0161\u00edmi form\u00e1tmi, trojrozmern\u00fdmi objektmi a anim\u00e1ciou.&nbsp;<em>\u201eBav\u00ed ma, \u017ee ja\u0161ter m\u00f4\u017ee \u017ei\u0165 aj v inom svete ako je stena. Chcem s n\u00edm sk\u00fasi\u0165 e\u0161te ve\u013ea vec\u00ed.\u201c<\/em>&nbsp;Z\u00e1rove\u0148 sa chce viac presun\u00fa\u0165 mimo Bratislavy \u2013 do in\u00fdch slovensk\u00fdch miest aj za hranice. \u201eBratislava je u\u017e podchyten\u00e1. Teraz je \u010das pusti\u0165 sa inde.\u201c<\/p>\n\n\n\n<figure class=\"wp-block-gallery has-nested-images columns-default is-cropped wp-block-gallery-12 is-layout-flex wp-block-gallery-is-layout-flex\">\n<figure class=\"wp-block-image size-large\"><img loading=\"lazy\" decoding=\"async\" width=\"819\" height=\"1024\" data-id=\"7486\" src=\"https:\/\/www.cerstveovocie.sk\/wp-content\/uploads\/2025\/05\/12_spolupraca-s-Roast-Different-magazin-o-kave_1-819x1024.jpg\" alt=\"\" class=\"wp-image-7486\" srcset=\"https:\/\/d.r1.wbsprt.com\/cerstveovocie.sk\/wp-content\/uploads\/2025\/05\/12_spolupraca-s-Roast-Different-magazin-o-kave_1-819x1024.jpg 819w, https:\/\/d.r1.wbsprt.com\/cerstveovocie.sk\/wp-content\/uploads\/2025\/05\/12_spolupraca-s-Roast-Different-magazin-o-kave_1-240x300.jpg 240w, https:\/\/d.r1.wbsprt.com\/cerstveovocie.sk\/wp-content\/uploads\/2025\/05\/12_spolupraca-s-Roast-Different-magazin-o-kave_1-768x960.jpg 768w, https:\/\/d.r1.wbsprt.com\/cerstveovocie.sk\/wp-content\/uploads\/2025\/05\/12_spolupraca-s-Roast-Different-magazin-o-kave_1-300x375.jpg 300w, https:\/\/d.r1.wbsprt.com\/cerstveovocie.sk\/wp-content\/uploads\/2025\/05\/12_spolupraca-s-Roast-Different-magazin-o-kave_1.jpg 1080w\" sizes=\"auto, (max-width: 819px) 100vw, 819px\" \/><\/figure>\n\n\n\n<figure class=\"wp-block-image size-large\"><img loading=\"lazy\" decoding=\"async\" width=\"821\" height=\"1024\" data-id=\"7485\" src=\"https:\/\/www.cerstveovocie.sk\/wp-content\/uploads\/2025\/05\/12_spolupraca-s-Roast-Different-magazin-o-kave_2-821x1024.jpg\" alt=\"\" class=\"wp-image-7485\" srcset=\"https:\/\/d.r1.wbsprt.com\/cerstveovocie.sk\/wp-content\/uploads\/2025\/05\/12_spolupraca-s-Roast-Different-magazin-o-kave_2-821x1024.jpg 821w, https:\/\/d.r1.wbsprt.com\/cerstveovocie.sk\/wp-content\/uploads\/2025\/05\/12_spolupraca-s-Roast-Different-magazin-o-kave_2-241x300.jpg 241w, https:\/\/d.r1.wbsprt.com\/cerstveovocie.sk\/wp-content\/uploads\/2025\/05\/12_spolupraca-s-Roast-Different-magazin-o-kave_2-768x958.jpg 768w, https:\/\/d.r1.wbsprt.com\/cerstveovocie.sk\/wp-content\/uploads\/2025\/05\/12_spolupraca-s-Roast-Different-magazin-o-kave_2-300x374.jpg 300w, https:\/\/d.r1.wbsprt.com\/cerstveovocie.sk\/wp-content\/uploads\/2025\/05\/12_spolupraca-s-Roast-Different-magazin-o-kave_2.jpg 1080w\" sizes=\"auto, (max-width: 821px) 100vw, 821px\" \/><\/figure>\n\n\n\n<figure class=\"wp-block-image size-large\"><img loading=\"lazy\" decoding=\"async\" width=\"819\" height=\"1024\" data-id=\"7484\" src=\"https:\/\/www.cerstveovocie.sk\/wp-content\/uploads\/2025\/05\/12_spolupraca-s-Roast-Different-magazin-o-kave_3-819x1024.jpg\" alt=\"\" class=\"wp-image-7484\" srcset=\"https:\/\/d.r1.wbsprt.com\/cerstveovocie.sk\/wp-content\/uploads\/2025\/05\/12_spolupraca-s-Roast-Different-magazin-o-kave_3-819x1024.jpg 819w, https:\/\/d.r1.wbsprt.com\/cerstveovocie.sk\/wp-content\/uploads\/2025\/05\/12_spolupraca-s-Roast-Different-magazin-o-kave_3-240x300.jpg 240w, https:\/\/d.r1.wbsprt.com\/cerstveovocie.sk\/wp-content\/uploads\/2025\/05\/12_spolupraca-s-Roast-Different-magazin-o-kave_3-768x960.jpg 768w, https:\/\/d.r1.wbsprt.com\/cerstveovocie.sk\/wp-content\/uploads\/2025\/05\/12_spolupraca-s-Roast-Different-magazin-o-kave_3-300x375.jpg 300w, https:\/\/d.r1.wbsprt.com\/cerstveovocie.sk\/wp-content\/uploads\/2025\/05\/12_spolupraca-s-Roast-Different-magazin-o-kave_3.jpg 1080w\" sizes=\"auto, (max-width: 819px) 100vw, 819px\" \/><\/figure>\n<\/figure>\n\n\n\n<p>Pr\u00edbeh Ja\u0161tera Ri\u0161a je pr\u00edbehom o v\u00fdraze, ktor\u00fd si nena\u0161iel miesto v gal\u00e9ri\u00e1ch, ale v uliciach. O postave, ktor\u00e1 vznikla z nudy na intern\u00e1te a vyr\u00e1stla do siln\u00e9ho mestsk\u00e9ho koment\u00e1ra. O autorovi, ktor\u00fd nepotrebuje presvied\u010da\u0165, ale sta\u010d\u00ed mu vyvola\u0165 reakciu. Ja\u0161ter nie je zna\u010dka. Nie je produkt. Je to hlas, ktor\u00fd na sekundu pritiahne va\u0161u pozornos\u0165, zneist\u00ed, mo\u017eno rozosmeje. Nie v\u017edy viete, \u010di sa na v\u00e1s pozer\u00e1, alebo vy na neho. Ale u\u017e ste v tom.<\/p>\n\n\n\n<figure class=\"wp-block-gallery has-nested-images columns-default is-cropped wp-block-gallery-13 is-layout-flex wp-block-gallery-is-layout-flex\">\n<figure class=\"wp-block-image size-large\"><img loading=\"lazy\" decoding=\"async\" width=\"1024\" height=\"686\" data-id=\"7487\" src=\"https:\/\/www.cerstveovocie.sk\/wp-content\/uploads\/2025\/05\/11_A-ty-chuje_1-1-1024x686.jpg\" alt=\"\" class=\"wp-image-7487\" srcset=\"https:\/\/d.r1.wbsprt.com\/cerstveovocie.sk\/wp-content\/uploads\/2025\/05\/11_A-ty-chuje_1-1-1024x686.jpg 1024w, https:\/\/d.r1.wbsprt.com\/cerstveovocie.sk\/wp-content\/uploads\/2025\/05\/11_A-ty-chuje_1-1-300x201.jpg 300w, https:\/\/d.r1.wbsprt.com\/cerstveovocie.sk\/wp-content\/uploads\/2025\/05\/11_A-ty-chuje_1-1-768x515.jpg 768w, https:\/\/d.r1.wbsprt.com\/cerstveovocie.sk\/wp-content\/uploads\/2025\/05\/11_A-ty-chuje_1-1.jpg 1080w\" sizes=\"auto, (max-width: 1024px) 100vw, 1024px\" \/><\/figure>\n<\/figure>\n\n\n\n<p class=\"has-white-color has-text-color has-background has-link-color wp-elements-b18fced22d8d438bd8978bdacd1ab28e\" style=\"background-color:#ff2ac4\"><strong>Ri\u0161o&nbsp;<\/strong>tie\u017e aj<strong>&nbsp;Ja\u0161ter Ri\u0161o&nbsp;<\/strong>je vizu\u00e1lny umelec, ktor\u00fd p\u00f4sob\u00ed pod streetartov\u00fdm pseudonymom A Ty Chuje. V jeho tvorbe sa stret\u00e1va ru\u010dne ma\u013eovan\u00fd akryl, uli\u010dn\u00e1 po\u00e9zia, jemn\u00fd nihilizmus a ostr\u00fd humor. Poch\u00e1dza zo stredn\u00e9ho Slovenska, \u0161tudoval dizajn na Fakulte architekt\u00fary a dizajnu STU a od roku 2018 pretv\u00e1ra verejn\u00fd priestor do mapy vizu\u00e1lnych odkazov, ktor\u00e9 vyvol\u00e1vaj\u00fa reakciu \u2013 nech je ak\u00e1ko\u013evek. Jeho ikonick\u00fd zelen\u00fd ja\u0161ter sa objavuje na sten\u00e1ch, rozvodn\u00fdch skrink\u00e1ch, v gal\u00e9ri\u00e1ch, ale aj v kaviar\u0148ach \u010di magaz\u00ednoch.<\/p>\n\n\n\n<div class=\"wp-block-buttons is-layout-flex wp-block-buttons-is-layout-flex\">\n<div class=\"wp-block-button\"><a class=\"wp-block-button__link has-background wp-element-button\" href=\"https:\/\/www.instagram.com\/atychuje\/\" style=\"background-color:#ff2ac4\" target=\"_blank\" rel=\"noreferrer noopener\">INSTAGRAM<\/a><\/div>\n\n\n\n<div class=\"wp-block-button\"><a class=\"wp-block-button__link has-background wp-element-button\" href=\"https:\/\/www.tiktok.com\/@a.tychuje\" style=\"background-color:#ff2ac4\" target=\"_blank\" rel=\"noreferrer noopener\">TIKTOK<\/a><\/div>\n<\/div>\n\n\n\n<div style=\"height:100px\" aria-hidden=\"true\" class=\"wp-block-spacer\"><\/div>\n\n\n\n<iframe loading=\"lazy\" width=\"100%\" height=\"400\" src=\"https:\/\/player-widget.mixcloud.com\/widget\/iframe\/?feed=%2FCerstve_Ovocie%2Fa-ty-chuje-ja%25C5%25A1ter-ri%25C5%25A1o-hlas-ktor%25C3%25BD-sa-prihov%25C3%25A1ra-z-ul%25C3%25ADc%2F\" frameborder=\"0\" allow=\"encrypted-media; fullscreen; autoplay; idle-detection; speaker-selection; web-share;\" ><\/iframe>\n\n\n\n<hr class=\"wp-block-separator has-text-color has-alpha-channel-opacity has-background\" style=\"background-color:#ff2ac4;color:#ff2ac4\"\/>\n\n\n\nngg_shortcode_0_placeholder\n","protected":false},"excerpt":{"rendered":"<p>Na prv\u00fd poh\u013ead je to len zelen\u00fd ja\u0161ter, ktor\u00fd zvedavo tr\u010d\u00ed z rohu skrinky, sed\u00ed na kom\u00edne alebo sleduje okolie spod bet\u00f3novej z\u00e1bradlia. No za touto postavou, ktor\u00e1 si za posledn\u00e9 roky podmanila ulice slovensk\u00fdch miest, stoj\u00ed Ri\u0161o. Streetartov\u00fd umelec, ktor\u00fd sa pod pseudonymom&nbsp;A Ty Chuje&nbsp;rozhodol pretvori\u0165 verejn\u00fd priestor na miesto ironick\u00e9ho koment\u00e1ra, absurdnej po\u00e9zie [&hellip;]<\/p>\n","protected":false},"author":3,"featured_media":7488,"comment_status":"closed","ping_status":"closed","sticky":false,"template":"","format":"standard","meta":{"_monsterinsights_skip_tracking":false,"_monsterinsights_sitenote_active":false,"_monsterinsights_sitenote_note":"","_monsterinsights_sitenote_category":0,"ngg_post_thumbnail":0,"footnotes":""},"categories":[30,31],"tags":[7,34,15,42,197,561,560],"class_list":["post-7464","post","type-post","status-publish","format-standard","has-post-thumbnail","hentry","category-cerstve-ovocie","category-novinky","tag-cerstve-ovocie_fm","tag-efemko","tag-graficky-dizajn","tag-grafika","tag-streetart","tag-ulica","tag-umenia"],"yoast_head":"<!-- This site is optimized with the Yoast SEO plugin v26.8 - https:\/\/yoast.com\/product\/yoast-seo-wordpress\/ -->\n<title>Hlas, ktor\u00fd sa prihov\u00e1ra z ul\u00edc - \u010cerstv\u00e9 Ovocie<\/title>\n<meta name=\"robots\" content=\"index, follow, max-snippet:-1, max-image-preview:large, max-video-preview:-1\" \/>\n<link rel=\"canonical\" href=\"https:\/\/d.r1.wbsprt.com\/cerstveovocie.sk\/hlas-ktory-sa-prihovara-z-ulic\/\" \/>\n<meta property=\"og:locale\" content=\"sk_SK\" \/>\n<meta property=\"og:type\" content=\"article\" \/>\n<meta property=\"og:title\" content=\"Hlas, ktor\u00fd sa prihov\u00e1ra z ul\u00edc - \u010cerstv\u00e9 Ovocie\" \/>\n<meta property=\"og:description\" content=\"Na prv\u00fd poh\u013ead je to len zelen\u00fd ja\u0161ter, ktor\u00fd zvedavo tr\u010d\u00ed z rohu skrinky, sed\u00ed na kom\u00edne alebo sleduje okolie spod bet\u00f3novej z\u00e1bradlia. No za touto postavou, ktor\u00e1 si za posledn\u00e9 roky podmanila ulice slovensk\u00fdch miest, stoj\u00ed Ri\u0161o. Streetartov\u00fd umelec, ktor\u00fd sa pod pseudonymom&nbsp;A Ty Chuje&nbsp;rozhodol pretvori\u0165 verejn\u00fd priestor na miesto ironick\u00e9ho koment\u00e1ra, absurdnej po\u00e9zie [&hellip;]\" \/>\n<meta property=\"og:url\" content=\"https:\/\/d.r1.wbsprt.com\/cerstveovocie.sk\/hlas-ktory-sa-prihovara-z-ulic\/\" \/>\n<meta property=\"og:site_name\" content=\"\u010cerstv\u00e9 Ovocie\" \/>\n<meta property=\"article:published_time\" content=\"2025-05-26T05:00:00+00:00\" \/>\n<meta property=\"article:modified_time\" content=\"2025-06-17T15:36:34+00:00\" \/>\n<meta property=\"og:image\" content=\"https:\/\/d.r1.wbsprt.com\/cerstveovocie.sk\/wp-content\/uploads\/2025\/05\/07_A-TY-CHUJE-\u2013-ZELENA-A-BIELA-foto-Jakub-Caprnka-@jakub.caprnka_2.jpg\" \/>\n\t<meta property=\"og:image:width\" content=\"1080\" \/>\n\t<meta property=\"og:image:height\" content=\"720\" \/>\n\t<meta property=\"og:image:type\" content=\"image\/jpeg\" \/>\n<meta name=\"author\" content=\"Martin Brix\" \/>\n<meta name=\"twitter:card\" content=\"summary_large_image\" \/>\n<meta name=\"twitter:label1\" content=\"Autor\" \/>\n\t<meta name=\"twitter:data1\" content=\"Martin Brix\" \/>\n\t<meta name=\"twitter:label2\" content=\"Predpokladan\u00fd \u010das \u010d\u00edtania\" \/>\n\t<meta name=\"twitter:data2\" content=\"15 min\u00fat\" \/>\n<script type=\"application\/ld+json\" class=\"yoast-schema-graph\">{\"@context\":\"https:\/\/schema.org\",\"@graph\":[{\"@type\":\"Article\",\"@id\":\"https:\/\/d.r1.wbsprt.com\/cerstveovocie.sk\/hlas-ktory-sa-prihovara-z-ulic\/#article\",\"isPartOf\":{\"@id\":\"https:\/\/d.r1.wbsprt.com\/cerstveovocie.sk\/hlas-ktory-sa-prihovara-z-ulic\/\"},\"author\":{\"name\":\"Martin Brix\",\"@id\":\"https:\/\/www.cerstveovocie.sk\/#\/schema\/person\/8e202c9288643a126812bf9c72605646\"},\"headline\":\"Hlas, ktor\u00fd sa prihov\u00e1ra z ul\u00edc\",\"datePublished\":\"2025-05-26T05:00:00+00:00\",\"dateModified\":\"2025-06-17T15:36:34+00:00\",\"mainEntityOfPage\":{\"@id\":\"https:\/\/d.r1.wbsprt.com\/cerstveovocie.sk\/hlas-ktory-sa-prihovara-z-ulic\/\"},\"wordCount\":2602,\"image\":{\"@id\":\"https:\/\/d.r1.wbsprt.com\/cerstveovocie.sk\/hlas-ktory-sa-prihovara-z-ulic\/#primaryimage\"},\"thumbnailUrl\":\"https:\/\/d.r1.wbsprt.com\/cerstveovocie.sk\/wp-content\/uploads\/2025\/05\/07_A-TY-CHUJE-\u2013-ZELENA-A-BIELA-foto-Jakub-Caprnka-@jakub.caprnka_2.jpg\",\"keywords\":[\"\u010derstv\u00e9 ovocie_fm\",\"efemko\",\"grafick\u00fd dizajn\",\"grafika\",\"streetart\",\"ulica\",\"umenia\"],\"articleSection\":[\"\u010cerstv\u00e9 Ovocie\",\"Novinky\"],\"inLanguage\":\"sk-SK\"},{\"@type\":\"WebPage\",\"@id\":\"https:\/\/d.r1.wbsprt.com\/cerstveovocie.sk\/hlas-ktory-sa-prihovara-z-ulic\/\",\"url\":\"https:\/\/d.r1.wbsprt.com\/cerstveovocie.sk\/hlas-ktory-sa-prihovara-z-ulic\/\",\"name\":\"Hlas, ktor\u00fd sa prihov\u00e1ra z ul\u00edc - \u010cerstv\u00e9 Ovocie\",\"isPartOf\":{\"@id\":\"https:\/\/www.cerstveovocie.sk\/#website\"},\"primaryImageOfPage\":{\"@id\":\"https:\/\/d.r1.wbsprt.com\/cerstveovocie.sk\/hlas-ktory-sa-prihovara-z-ulic\/#primaryimage\"},\"image\":{\"@id\":\"https:\/\/d.r1.wbsprt.com\/cerstveovocie.sk\/hlas-ktory-sa-prihovara-z-ulic\/#primaryimage\"},\"thumbnailUrl\":\"https:\/\/d.r1.wbsprt.com\/cerstveovocie.sk\/wp-content\/uploads\/2025\/05\/07_A-TY-CHUJE-\u2013-ZELENA-A-BIELA-foto-Jakub-Caprnka-@jakub.caprnka_2.jpg\",\"datePublished\":\"2025-05-26T05:00:00+00:00\",\"dateModified\":\"2025-06-17T15:36:34+00:00\",\"author\":{\"@id\":\"https:\/\/www.cerstveovocie.sk\/#\/schema\/person\/8e202c9288643a126812bf9c72605646\"},\"breadcrumb\":{\"@id\":\"https:\/\/d.r1.wbsprt.com\/cerstveovocie.sk\/hlas-ktory-sa-prihovara-z-ulic\/#breadcrumb\"},\"inLanguage\":\"sk-SK\",\"potentialAction\":[{\"@type\":\"ReadAction\",\"target\":[\"https:\/\/d.r1.wbsprt.com\/cerstveovocie.sk\/hlas-ktory-sa-prihovara-z-ulic\/\"]}]},{\"@type\":\"ImageObject\",\"inLanguage\":\"sk-SK\",\"@id\":\"https:\/\/d.r1.wbsprt.com\/cerstveovocie.sk\/hlas-ktory-sa-prihovara-z-ulic\/#primaryimage\",\"url\":\"https:\/\/d.r1.wbsprt.com\/cerstveovocie.sk\/wp-content\/uploads\/2025\/05\/07_A-TY-CHUJE-\u2013-ZELENA-A-BIELA-foto-Jakub-Caprnka-@jakub.caprnka_2.jpg\",\"contentUrl\":\"https:\/\/d.r1.wbsprt.com\/cerstveovocie.sk\/wp-content\/uploads\/2025\/05\/07_A-TY-CHUJE-\u2013-ZELENA-A-BIELA-foto-Jakub-Caprnka-@jakub.caprnka_2.jpg\",\"width\":1080,\"height\":720},{\"@type\":\"BreadcrumbList\",\"@id\":\"https:\/\/d.r1.wbsprt.com\/cerstveovocie.sk\/hlas-ktory-sa-prihovara-z-ulic\/#breadcrumb\",\"itemListElement\":[{\"@type\":\"ListItem\",\"position\":1,\"name\":\"Home\",\"item\":\"https:\/\/www.cerstveovocie.sk\/\"},{\"@type\":\"ListItem\",\"position\":2,\"name\":\"Hlas, ktor\u00fd sa prihov\u00e1ra z ul\u00edc\"}]},{\"@type\":\"WebSite\",\"@id\":\"https:\/\/www.cerstveovocie.sk\/#website\",\"url\":\"https:\/\/www.cerstveovocie.sk\/\",\"name\":\"\u010cerstv\u00e9 Ovocie\",\"description\":\"V\u00fd\u017eivn\u00e1 porcia lok\u00e1lnej tvorby.\",\"potentialAction\":[{\"@type\":\"SearchAction\",\"target\":{\"@type\":\"EntryPoint\",\"urlTemplate\":\"https:\/\/www.cerstveovocie.sk\/?s={search_term_string}\"},\"query-input\":{\"@type\":\"PropertyValueSpecification\",\"valueRequired\":true,\"valueName\":\"search_term_string\"}}],\"inLanguage\":\"sk-SK\"},{\"@type\":\"Person\",\"@id\":\"https:\/\/www.cerstveovocie.sk\/#\/schema\/person\/8e202c9288643a126812bf9c72605646\",\"name\":\"Martin Brix\",\"image\":{\"@type\":\"ImageObject\",\"inLanguage\":\"sk-SK\",\"@id\":\"https:\/\/www.cerstveovocie.sk\/#\/schema\/person\/image\/\",\"url\":\"https:\/\/secure.gravatar.com\/avatar\/6af874eeaf8969d475094f41c59f338c12819f2025832a5aa203c0d29ad36294?s=96&d=mm&r=g\",\"contentUrl\":\"https:\/\/secure.gravatar.com\/avatar\/6af874eeaf8969d475094f41c59f338c12819f2025832a5aa203c0d29ad36294?s=96&d=mm&r=g\",\"caption\":\"Martin Brix\"},\"url\":\"https:\/\/d.r1.wbsprt.com\/cerstveovocie.sk\/author\/brix\/\"}]}<\/script>\n<!-- \/ Yoast SEO plugin. -->","yoast_head_json":{"title":"Hlas, ktor\u00fd sa prihov\u00e1ra z ul\u00edc - \u010cerstv\u00e9 Ovocie","robots":{"index":"index","follow":"follow","max-snippet":"max-snippet:-1","max-image-preview":"max-image-preview:large","max-video-preview":"max-video-preview:-1"},"canonical":"https:\/\/d.r1.wbsprt.com\/cerstveovocie.sk\/hlas-ktory-sa-prihovara-z-ulic\/","og_locale":"sk_SK","og_type":"article","og_title":"Hlas, ktor\u00fd sa prihov\u00e1ra z ul\u00edc - \u010cerstv\u00e9 Ovocie","og_description":"Na prv\u00fd poh\u013ead je to len zelen\u00fd ja\u0161ter, ktor\u00fd zvedavo tr\u010d\u00ed z rohu skrinky, sed\u00ed na kom\u00edne alebo sleduje okolie spod bet\u00f3novej z\u00e1bradlia. No za touto postavou, ktor\u00e1 si za posledn\u00e9 roky podmanila ulice slovensk\u00fdch miest, stoj\u00ed Ri\u0161o. Streetartov\u00fd umelec, ktor\u00fd sa pod pseudonymom&nbsp;A Ty Chuje&nbsp;rozhodol pretvori\u0165 verejn\u00fd priestor na miesto ironick\u00e9ho koment\u00e1ra, absurdnej po\u00e9zie [&hellip;]","og_url":"https:\/\/d.r1.wbsprt.com\/cerstveovocie.sk\/hlas-ktory-sa-prihovara-z-ulic\/","og_site_name":"\u010cerstv\u00e9 Ovocie","article_published_time":"2025-05-26T05:00:00+00:00","article_modified_time":"2025-06-17T15:36:34+00:00","og_image":[{"width":1080,"height":720,"url":"https:\/\/d.r1.wbsprt.com\/cerstveovocie.sk\/wp-content\/uploads\/2025\/05\/07_A-TY-CHUJE-\u2013-ZELENA-A-BIELA-foto-Jakub-Caprnka-@jakub.caprnka_2.jpg","type":"image\/jpeg"}],"author":"Martin Brix","twitter_card":"summary_large_image","twitter_misc":{"Autor":"Martin Brix","Predpokladan\u00fd \u010das \u010d\u00edtania":"15 min\u00fat"},"schema":{"@context":"https:\/\/schema.org","@graph":[{"@type":"Article","@id":"https:\/\/d.r1.wbsprt.com\/cerstveovocie.sk\/hlas-ktory-sa-prihovara-z-ulic\/#article","isPartOf":{"@id":"https:\/\/d.r1.wbsprt.com\/cerstveovocie.sk\/hlas-ktory-sa-prihovara-z-ulic\/"},"author":{"name":"Martin Brix","@id":"https:\/\/www.cerstveovocie.sk\/#\/schema\/person\/8e202c9288643a126812bf9c72605646"},"headline":"Hlas, ktor\u00fd sa prihov\u00e1ra z ul\u00edc","datePublished":"2025-05-26T05:00:00+00:00","dateModified":"2025-06-17T15:36:34+00:00","mainEntityOfPage":{"@id":"https:\/\/d.r1.wbsprt.com\/cerstveovocie.sk\/hlas-ktory-sa-prihovara-z-ulic\/"},"wordCount":2602,"image":{"@id":"https:\/\/d.r1.wbsprt.com\/cerstveovocie.sk\/hlas-ktory-sa-prihovara-z-ulic\/#primaryimage"},"thumbnailUrl":"https:\/\/d.r1.wbsprt.com\/cerstveovocie.sk\/wp-content\/uploads\/2025\/05\/07_A-TY-CHUJE-\u2013-ZELENA-A-BIELA-foto-Jakub-Caprnka-@jakub.caprnka_2.jpg","keywords":["\u010derstv\u00e9 ovocie_fm","efemko","grafick\u00fd dizajn","grafika","streetart","ulica","umenia"],"articleSection":["\u010cerstv\u00e9 Ovocie","Novinky"],"inLanguage":"sk-SK"},{"@type":"WebPage","@id":"https:\/\/d.r1.wbsprt.com\/cerstveovocie.sk\/hlas-ktory-sa-prihovara-z-ulic\/","url":"https:\/\/d.r1.wbsprt.com\/cerstveovocie.sk\/hlas-ktory-sa-prihovara-z-ulic\/","name":"Hlas, ktor\u00fd sa prihov\u00e1ra z ul\u00edc - \u010cerstv\u00e9 Ovocie","isPartOf":{"@id":"https:\/\/www.cerstveovocie.sk\/#website"},"primaryImageOfPage":{"@id":"https:\/\/d.r1.wbsprt.com\/cerstveovocie.sk\/hlas-ktory-sa-prihovara-z-ulic\/#primaryimage"},"image":{"@id":"https:\/\/d.r1.wbsprt.com\/cerstveovocie.sk\/hlas-ktory-sa-prihovara-z-ulic\/#primaryimage"},"thumbnailUrl":"https:\/\/d.r1.wbsprt.com\/cerstveovocie.sk\/wp-content\/uploads\/2025\/05\/07_A-TY-CHUJE-\u2013-ZELENA-A-BIELA-foto-Jakub-Caprnka-@jakub.caprnka_2.jpg","datePublished":"2025-05-26T05:00:00+00:00","dateModified":"2025-06-17T15:36:34+00:00","author":{"@id":"https:\/\/www.cerstveovocie.sk\/#\/schema\/person\/8e202c9288643a126812bf9c72605646"},"breadcrumb":{"@id":"https:\/\/d.r1.wbsprt.com\/cerstveovocie.sk\/hlas-ktory-sa-prihovara-z-ulic\/#breadcrumb"},"inLanguage":"sk-SK","potentialAction":[{"@type":"ReadAction","target":["https:\/\/d.r1.wbsprt.com\/cerstveovocie.sk\/hlas-ktory-sa-prihovara-z-ulic\/"]}]},{"@type":"ImageObject","inLanguage":"sk-SK","@id":"https:\/\/d.r1.wbsprt.com\/cerstveovocie.sk\/hlas-ktory-sa-prihovara-z-ulic\/#primaryimage","url":"https:\/\/d.r1.wbsprt.com\/cerstveovocie.sk\/wp-content\/uploads\/2025\/05\/07_A-TY-CHUJE-\u2013-ZELENA-A-BIELA-foto-Jakub-Caprnka-@jakub.caprnka_2.jpg","contentUrl":"https:\/\/d.r1.wbsprt.com\/cerstveovocie.sk\/wp-content\/uploads\/2025\/05\/07_A-TY-CHUJE-\u2013-ZELENA-A-BIELA-foto-Jakub-Caprnka-@jakub.caprnka_2.jpg","width":1080,"height":720},{"@type":"BreadcrumbList","@id":"https:\/\/d.r1.wbsprt.com\/cerstveovocie.sk\/hlas-ktory-sa-prihovara-z-ulic\/#breadcrumb","itemListElement":[{"@type":"ListItem","position":1,"name":"Home","item":"https:\/\/www.cerstveovocie.sk\/"},{"@type":"ListItem","position":2,"name":"Hlas, ktor\u00fd sa prihov\u00e1ra z ul\u00edc"}]},{"@type":"WebSite","@id":"https:\/\/www.cerstveovocie.sk\/#website","url":"https:\/\/www.cerstveovocie.sk\/","name":"\u010cerstv\u00e9 Ovocie","description":"V\u00fd\u017eivn\u00e1 porcia lok\u00e1lnej tvorby.","potentialAction":[{"@type":"SearchAction","target":{"@type":"EntryPoint","urlTemplate":"https:\/\/www.cerstveovocie.sk\/?s={search_term_string}"},"query-input":{"@type":"PropertyValueSpecification","valueRequired":true,"valueName":"search_term_string"}}],"inLanguage":"sk-SK"},{"@type":"Person","@id":"https:\/\/www.cerstveovocie.sk\/#\/schema\/person\/8e202c9288643a126812bf9c72605646","name":"Martin Brix","image":{"@type":"ImageObject","inLanguage":"sk-SK","@id":"https:\/\/www.cerstveovocie.sk\/#\/schema\/person\/image\/","url":"https:\/\/secure.gravatar.com\/avatar\/6af874eeaf8969d475094f41c59f338c12819f2025832a5aa203c0d29ad36294?s=96&d=mm&r=g","contentUrl":"https:\/\/secure.gravatar.com\/avatar\/6af874eeaf8969d475094f41c59f338c12819f2025832a5aa203c0d29ad36294?s=96&d=mm&r=g","caption":"Martin Brix"},"url":"https:\/\/d.r1.wbsprt.com\/cerstveovocie.sk\/author\/brix\/"}]}},"_links":{"self":[{"href":"https:\/\/d.r1.wbsprt.com\/cerstveovocie.sk\/wp-json\/wp\/v2\/posts\/7464","targetHints":{"allow":["GET"]}}],"collection":[{"href":"https:\/\/d.r1.wbsprt.com\/cerstveovocie.sk\/wp-json\/wp\/v2\/posts"}],"about":[{"href":"https:\/\/d.r1.wbsprt.com\/cerstveovocie.sk\/wp-json\/wp\/v2\/types\/post"}],"author":[{"embeddable":true,"href":"https:\/\/d.r1.wbsprt.com\/cerstveovocie.sk\/wp-json\/wp\/v2\/users\/3"}],"replies":[{"embeddable":true,"href":"https:\/\/d.r1.wbsprt.com\/cerstveovocie.sk\/wp-json\/wp\/v2\/comments?post=7464"}],"version-history":[{"count":2,"href":"https:\/\/d.r1.wbsprt.com\/cerstveovocie.sk\/wp-json\/wp\/v2\/posts\/7464\/revisions"}],"predecessor-version":[{"id":7675,"href":"https:\/\/d.r1.wbsprt.com\/cerstveovocie.sk\/wp-json\/wp\/v2\/posts\/7464\/revisions\/7675"}],"wp:featuredmedia":[{"embeddable":true,"href":"https:\/\/d.r1.wbsprt.com\/cerstveovocie.sk\/wp-json\/wp\/v2\/media\/7488"}],"wp:attachment":[{"href":"https:\/\/d.r1.wbsprt.com\/cerstveovocie.sk\/wp-json\/wp\/v2\/media?parent=7464"}],"wp:term":[{"taxonomy":"category","embeddable":true,"href":"https:\/\/d.r1.wbsprt.com\/cerstveovocie.sk\/wp-json\/wp\/v2\/categories?post=7464"},{"taxonomy":"post_tag","embeddable":true,"href":"https:\/\/d.r1.wbsprt.com\/cerstveovocie.sk\/wp-json\/wp\/v2\/tags?post=7464"}],"curies":[{"name":"wp","href":"https:\/\/api.w.org\/{rel}","templated":true}]}}