{"id":721,"date":"2021-04-27T20:41:00","date_gmt":"2021-04-27T18:41:00","guid":{"rendered":"https:\/\/www.cerstveovocie.sk\/?p=721"},"modified":"2021-06-10T18:25:36","modified_gmt":"2021-06-10T16:25:36","slug":"nema-rada-centralnu-kompoziciu-a-tupe-ceruzky","status":"publish","type":"post","link":"https:\/\/d.r1.wbsprt.com\/cerstveovocie.sk\/nema-rada-centralnu-kompoziciu-a-tupe-ceruzky\/","title":{"rendered":"Nem\u00e1 rada centr\u00e1lnu kompoz\u00edciu a tup\u00e9 ceruzky"},"content":{"rendered":"\n<p class=\"has-medium-font-size\">Ak v\u00e1m robia rados\u0165 farebn\u00e9 obr\u00e1zky, rozpr\u00e1vkov\u00e9 mot\u00edvy, striedanie farieb a kombinovanie techn\u00edk, potom ste na spr\u00e1vnom mieste, na ktorom v\u00e1s zozn\u00e1mime s&nbsp;mladou ilustr\u00e1torkou z&nbsp;Trnavy. Kreslenie je prv\u00e9, \u010do si v\u00f4bec pam\u00e4t\u00e1. Dokonca mamina jej do kni\u017eky u\u017e ako \u0161tvorro\u010dnej nap\u00edsala, \u017ee \u201ebude maliarka, pekne kresl\u00ed\u201c. Od svojho dedka dostala prv\u00e9 akvarelov\u00e9 farby. Ten sa stal aj jej vzorom v&nbsp;ma\u013eovan\u00ed. Je milovn\u00ed\u010dkou tradi\u010dn\u00fdch v\u00fdtvarn\u00fdch techn\u00edk, no m\u00e1lokedy ostanem iba pri jednej z nich.<\/p>\n\n\n\n<p>Lenka Koll\u00e1rov\u00e1 alebo umelecky Lena Kollar je ilustr\u00e1torka, ktor\u00e1 h\u013abku a d\u00f4raz do pr\u00e1c dost\u00e1va naj\u010dastej\u0161ie linkou tu\u0161ov\u00e9ho grafick\u00e9ho pera. Jej najob\u013e\u00fabenej\u0161ia technika je akvarel v kombin\u00e1cii s fixami. Pr\u00edzna\u010dn\u00e1 je pre \u0148u akvarelov\u00e1 ma\u013eba, outlineov\u00e9 grafick\u00e9 pero a &#8222;fullscreen-ov\u00e1&#8220; ilustr\u00e1cia. Nebr\u00e1ni sa ani digit\u00e1lnej tvorbe, vyu\u017e\u00edva ju v\u0161ak iba na fin\u00e1lnu \u00fapravu. V\u00fdsledkom jej pr\u00e1ce s\u00fa \u010dasto diela n\u00e1ro\u010dn\u00e9 na detail a kompozi\u010dne bohat\u00e9. In\u0161pir\u00e1ciou je pre \u0148u ka\u017edodenn\u00fd \u017eivot, raz s\u00fa to flor\u00e1lne mot\u00edvy, ktor\u00e9 pretavuje na snov\u00e9 fantasy, inokedy technick\u00fd a funk\u010dn\u00fd urbanizmus.<\/p>\n\n\n\n<p>Jej portf\u00f3lio m\u00f4\u017eeme rozdeli\u0165 na \u0161es\u0165 smerov v&nbsp;r\u00e1mci tvorby. Detsk\u00e9 ilustr\u00e1cie s\u00fa jej najob\u013e\u00fabenej\u0161\u00ed. Detsk\u00e1 kresba, ktor\u00e1 je pln\u00e1 farieb, tvarov, objektov, bezhrani\u010dn\u00fdch kombin\u00e1cii a&nbsp;\u017eiadnych pravidiel. \u010eal\u0161\u00edm s\u00fa technick\u00e9 pamiatky. Niekedy zabudnut\u00e9, o\u0161arpan\u00e9 ale tie\u017e majest\u00e1tne, nad\u010dasov\u00e9 a&nbsp;ve\u013ekolep\u00e9. Napriek tomu, \u017ee genius loci t\u00fdchto miest na papier je asi \u0165a\u017ek\u00e9 zachyti\u0165, no zobrazi\u0165 ich hrub\u00fa kr\u00e1su kombinovan\u00fa s d\u00f4razom na funk\u010dnos\u0165 sa jej dar\u00ed. Snahu o realistick\u00fa tvorbu \u017eivo\u010d\u00ed\u0161neho charakteru u Lenky nen\u00e1jdete \u010dasto, v\u00e4\u010d\u0161inou je to vec v\u00fdhradne na objedn\u00e1vku. Ale v\u017edy je to pr\u00edjemn\u00e1 zmena, ktor\u00e1 ju bav\u00ed a&nbsp;preto n\u00e1jdeme v&nbsp;jej tvorbe aj obr\u00e1zky ktor\u00e9 s\u00fa \u201eako \u017eiv\u00e9\u201c. S\u00fa ilustr\u00e1cie pre deti, a potom s\u00fa ilustr\u00e1cie pre diev\u010dat\u00e1 a \u017eeny. A&nbsp;to je \u010fal\u0161\u00ed smer, ktor\u00fdm sa vie Lenkina tvorba ubera\u0165. Okrem ma\u013eby technick\u00fdch stavieb sa jej sem tam \u017eiada zahodi\u0165 prav\u00edtko a \u00eds\u0165 len tak ako ju ruky ved\u00fa. Preto s\u00fa jej dom\u010deky naozaj r\u00f4znorod\u00e9. A&nbsp;nakoniec je to fascin\u00e1cia vesm\u00edrom. T\u00e1 nie len vizu\u00e1lna, ale aj teoretick\u00e1. Je to pr\u00edli\u0161 nekone\u010dn\u00e9 na to, aby sa jej minula in\u0161pir\u00e1cia.<\/p>\n\n\n\n<p>Pri vesm\u00edre e\u0161te ostaneme. Aj ke\u010f na za\u010diatku si nevedela predstavi\u0165, \u017ee nie\u010do tak nekone\u010dne vizu\u00e1lne rozmanit\u00e9 ako vesm\u00edrne objekty by bolo mo\u017en\u00e9 zachyti\u0165 na papier. Nech si predstavila ktor\u00e9ko\u013evek m\u00e9dium, v\u017edy na\u0161la v&nbsp;hlave prek\u00e1\u017eku, pre\u010do nie akvarel, pre\u010do nie gva\u0161, pre\u010do nie pastelky. A\u017e ned\u00e1vno prekro\u010dila ak\u00fasi ment\u00e1lnu bari\u00e9ru a doslova vysk\u00fa\u0161ala kombinova\u0165 techniky naprie\u010d galaxiou, a\u017e k\u00fdm v\u00fdsledok nepriniesol ovocie. A tak vznikla akvarelov\u00e1 ma\u013eba vesm\u00edrnych telies aj ke\u010f trochu netradi\u010dne.<\/p>\n\n\n\n<p>Jej pr\u00e1ca sa k v\u00e1m dostane aj formou \u201eprintov\u201c. Lenke z\u00e1le\u017e\u00ed na tom, aby tieto \u201eprinty\u201c vyzerali ako origin\u00e1ly. Preto h\u013eadala kombin\u00e1ciu papiera a tla\u010dovej technol\u00f3gie, ktor\u00e1 umo\u017en\u00ed ma\u0165 z diela tak\u00fdto z\u00e1\u017eitok. Z ka\u017ed\u00e9ho diela, ktor\u00e9 nama\u013euje, nech\u00e1va vyhotovi\u0165 jeho digit\u00e1lnu reprodukciu. Pr\u00e1ce potom tla\u010d\u00ed technikou Gicle\u00e9. Nako\u013eko ide o ve\u013emi prec\u00edznu tla\u010d tla\u010diarne Epson SC P10000 s pigmentov\u00fdmi atramentami so st\u00e1los\u0165ou viac ne\u017e 100 rokov, je mo\u017en\u00e9 pova\u017eova\u0165 v\u00fdstup takejto tla\u010dovej technol\u00f3gie za autorsk\u00fd. Pr\u00e1ce nech\u00e1va tla\u010di\u0165 na papier z pr\u00edrodn\u00fdch materi\u00e1lov zna\u010dky Hahnem\u00fchle Museum Etching, s v\u00fdraznou \u0161trukt\u00farou, vysokou gram\u00e1\u017eou, ktor\u00e9 sa pou\u017e\u00edvaj\u00fa aj v m\u00faze\u00e1ch, za \u00fa\u010delom tla\u010de reprodukci\u00ed. V\u00fdsledkom tak\u00e9hoto procesu je v\u00fdtla\u010dok v kvalite origin\u00e1lu, ktor\u00fd je dostupn\u00fd v cene printu a preto umo\u017e\u0148uje dosta\u0165 k\u00fasok umenia ku komuko\u013evek.<\/p>\n\n\n\n<hr class=\"wp-block-separator has-text-color has-background\" style=\"background-color:#ff2ac4;color:#ff2ac4\"\/>\n\n\n\n<div class=\"wp-block-buttons is-layout-flex wp-block-buttons-is-layout-flex\">\n<div class=\"wp-block-button\"><a class=\"wp-block-button__link has-background\" href=\"https:\/\/lenakollar.sk\/\" style=\"background-color:#ff2ac4\" target=\"_blank\" rel=\"noreferrer noopener\">WEB<\/a><\/div>\n\n\n\n<div class=\"wp-block-button\"><a class=\"wp-block-button__link has-background\" href=\"https:\/\/www.facebook.com\/lenakollART\" style=\"background-color:#ff2ac4\" target=\"_blank\" rel=\"noreferrer noopener\">FACEBOOK<\/a><\/div>\n\n\n\n<div class=\"wp-block-button\"><a class=\"wp-block-button__link has-background\" href=\"https:\/\/www.instagram.com\/lenakollar\/\" style=\"background-color:#ff2ac4\" target=\"_blank\" rel=\"noreferrer noopener\">INSTAGRAM<\/a><\/div>\n<\/div>\n\n\n\n<div style=\"height:100px\" aria-hidden=\"true\" class=\"wp-block-spacer\"><\/div>\n\n\n\n<iframe loading=\"lazy\" width=\"100%\" height=\"400\" src=\"https:\/\/www.mixcloud.com\/widget\/iframe\/?light=1&amp;feed=%2FCerstve_Ovocie%2Flena-kollar-nem%C3%A1-rada-centr%C3%A1lnu-kompoz%C3%ADciu-a-tup%C3%A9-ceruzky%2F\" frameborder=\"0\"><\/iframe>\n\n\n\n<hr class=\"wp-block-separator has-text-color has-background\" style=\"background-color:#ff2ac4;color:#ff2ac4\"\/>\n\n\n\nngg_shortcode_0_placeholder\n","protected":false},"excerpt":{"rendered":"<p>Ak v\u00e1m robia rados\u0165 farebn\u00e9 obr\u00e1zky, rozpr\u00e1vkov\u00e9 mot\u00edvy, striedanie farieb a kombinovanie techn\u00edk, potom ste na spr\u00e1vnom mieste, na ktorom v\u00e1s zozn\u00e1mime s&nbsp;mladou ilustr\u00e1torkou z&nbsp;Trnavy. Kreslenie je prv\u00e9, \u010do si v\u00f4bec pam\u00e4t\u00e1. Dokonca mamina jej do kni\u017eky u\u017e ako \u0161tvorro\u010dnej nap\u00edsala, \u017ee \u201ebude maliarka, pekne kresl\u00ed\u201c. Od svojho dedka dostala prv\u00e9 akvarelov\u00e9 farby. Ten sa [&hellip;]<\/p>\n","protected":false},"author":3,"featured_media":722,"comment_status":"open","ping_status":"open","sticky":false,"template":"","format":"standard","meta":{"_monsterinsights_skip_tracking":false,"_monsterinsights_sitenote_active":false,"_monsterinsights_sitenote_note":"","_monsterinsights_sitenote_category":0,"ngg_post_thumbnail":0,"footnotes":""},"categories":[30,31],"tags":[87,7,34,40,21,89,88],"class_list":["post-721","post","type-post","status-publish","format-standard","has-post-thumbnail","hentry","category-cerstve-ovocie","category-novinky","tag-akvarel","tag-cerstve-ovocie_fm","tag-efemko","tag-ilustracia","tag-malba","tag-technicke-pamiatky","tag-vesmir"],"yoast_head":"<!-- This site is optimized with the Yoast SEO plugin v26.8 - https:\/\/yoast.com\/product\/yoast-seo-wordpress\/ -->\n<title>Nem\u00e1 rada centr\u00e1lnu kompoz\u00edciu a tup\u00e9 ceruzky - \u010cerstv\u00e9 Ovocie<\/title>\n<meta name=\"robots\" content=\"index, follow, max-snippet:-1, max-image-preview:large, max-video-preview:-1\" \/>\n<link rel=\"canonical\" href=\"https:\/\/www.cerstveovocie.sk\/nema-rada-centralnu-kompoziciu-a-tupe-ceruzky\/\" \/>\n<meta property=\"og:locale\" content=\"sk_SK\" \/>\n<meta property=\"og:type\" content=\"article\" \/>\n<meta property=\"og:title\" content=\"Nem\u00e1 rada centr\u00e1lnu kompoz\u00edciu a tup\u00e9 ceruzky - \u010cerstv\u00e9 Ovocie\" \/>\n<meta property=\"og:description\" content=\"Ak v\u00e1m robia rados\u0165 farebn\u00e9 obr\u00e1zky, rozpr\u00e1vkov\u00e9 mot\u00edvy, striedanie farieb a kombinovanie techn\u00edk, potom ste na spr\u00e1vnom mieste, na ktorom v\u00e1s zozn\u00e1mime s&nbsp;mladou ilustr\u00e1torkou z&nbsp;Trnavy. Kreslenie je prv\u00e9, \u010do si v\u00f4bec pam\u00e4t\u00e1. Dokonca mamina jej do kni\u017eky u\u017e ako \u0161tvorro\u010dnej nap\u00edsala, \u017ee \u201ebude maliarka, pekne kresl\u00ed\u201c. Od svojho dedka dostala prv\u00e9 akvarelov\u00e9 farby. Ten sa [&hellip;]\" \/>\n<meta property=\"og:url\" content=\"https:\/\/www.cerstveovocie.sk\/nema-rada-centralnu-kompoziciu-a-tupe-ceruzky\/\" \/>\n<meta property=\"og:site_name\" content=\"\u010cerstv\u00e9 Ovocie\" \/>\n<meta property=\"article:published_time\" content=\"2021-04-27T18:41:00+00:00\" \/>\n<meta property=\"article:modified_time\" content=\"2021-06-10T16:25:36+00:00\" \/>\n<meta property=\"og:image\" content=\"https:\/\/www.cerstveovocie.sk\/wp-content\/uploads\/2021\/04\/IMG_20210224_143023-scaled.jpg\" \/>\n\t<meta property=\"og:image:width\" content=\"1992\" \/>\n\t<meta property=\"og:image:height\" content=\"2560\" \/>\n\t<meta property=\"og:image:type\" content=\"image\/jpeg\" \/>\n<meta name=\"author\" content=\"Martin Brix\" \/>\n<meta name=\"twitter:card\" content=\"summary_large_image\" \/>\n<meta name=\"twitter:label1\" content=\"Autor\" \/>\n\t<meta name=\"twitter:data1\" content=\"Martin Brix\" \/>\n\t<meta name=\"twitter:label2\" content=\"Predpokladan\u00fd \u010das \u010d\u00edtania\" \/>\n\t<meta name=\"twitter:data2\" content=\"3 min\u00faty\" \/>\n<script type=\"application\/ld+json\" class=\"yoast-schema-graph\">{\"@context\":\"https:\/\/schema.org\",\"@graph\":[{\"@type\":\"Article\",\"@id\":\"https:\/\/www.cerstveovocie.sk\/nema-rada-centralnu-kompoziciu-a-tupe-ceruzky\/#article\",\"isPartOf\":{\"@id\":\"https:\/\/www.cerstveovocie.sk\/nema-rada-centralnu-kompoziciu-a-tupe-ceruzky\/\"},\"author\":{\"name\":\"Martin Brix\",\"@id\":\"https:\/\/www.cerstveovocie.sk\/#\/schema\/person\/8e202c9288643a126812bf9c72605646\"},\"headline\":\"Nem\u00e1 rada centr\u00e1lnu kompoz\u00edciu a tup\u00e9 ceruzky\",\"datePublished\":\"2021-04-27T18:41:00+00:00\",\"dateModified\":\"2021-06-10T16:25:36+00:00\",\"mainEntityOfPage\":{\"@id\":\"https:\/\/www.cerstveovocie.sk\/nema-rada-centralnu-kompoziciu-a-tupe-ceruzky\/\"},\"wordCount\":763,\"commentCount\":0,\"image\":{\"@id\":\"https:\/\/www.cerstveovocie.sk\/nema-rada-centralnu-kompoziciu-a-tupe-ceruzky\/#primaryimage\"},\"thumbnailUrl\":\"https:\/\/d.r1.wbsprt.com\/cerstveovocie.sk\/wp-content\/uploads\/2021\/04\/IMG_20210224_143023-scaled.jpg\",\"keywords\":[\"akvarel\",\"\u010derstv\u00e9 ovocie_fm\",\"efemko\",\"ilustr\u00e1cia\",\"ma\u013eba\",\"technick\u00e9 pamiatky\",\"vesm\u00edr\"],\"articleSection\":[\"\u010cerstv\u00e9 Ovocie\",\"Novinky\"],\"inLanguage\":\"sk-SK\",\"potentialAction\":[{\"@type\":\"CommentAction\",\"name\":\"Comment\",\"target\":[\"https:\/\/www.cerstveovocie.sk\/nema-rada-centralnu-kompoziciu-a-tupe-ceruzky\/#respond\"]}]},{\"@type\":\"WebPage\",\"@id\":\"https:\/\/www.cerstveovocie.sk\/nema-rada-centralnu-kompoziciu-a-tupe-ceruzky\/\",\"url\":\"https:\/\/www.cerstveovocie.sk\/nema-rada-centralnu-kompoziciu-a-tupe-ceruzky\/\",\"name\":\"Nem\u00e1 rada centr\u00e1lnu kompoz\u00edciu a tup\u00e9 ceruzky - \u010cerstv\u00e9 Ovocie\",\"isPartOf\":{\"@id\":\"https:\/\/www.cerstveovocie.sk\/#website\"},\"primaryImageOfPage\":{\"@id\":\"https:\/\/www.cerstveovocie.sk\/nema-rada-centralnu-kompoziciu-a-tupe-ceruzky\/#primaryimage\"},\"image\":{\"@id\":\"https:\/\/www.cerstveovocie.sk\/nema-rada-centralnu-kompoziciu-a-tupe-ceruzky\/#primaryimage\"},\"thumbnailUrl\":\"https:\/\/d.r1.wbsprt.com\/cerstveovocie.sk\/wp-content\/uploads\/2021\/04\/IMG_20210224_143023-scaled.jpg\",\"datePublished\":\"2021-04-27T18:41:00+00:00\",\"dateModified\":\"2021-06-10T16:25:36+00:00\",\"author\":{\"@id\":\"https:\/\/www.cerstveovocie.sk\/#\/schema\/person\/8e202c9288643a126812bf9c72605646\"},\"breadcrumb\":{\"@id\":\"https:\/\/www.cerstveovocie.sk\/nema-rada-centralnu-kompoziciu-a-tupe-ceruzky\/#breadcrumb\"},\"inLanguage\":\"sk-SK\",\"potentialAction\":[{\"@type\":\"ReadAction\",\"target\":[\"https:\/\/www.cerstveovocie.sk\/nema-rada-centralnu-kompoziciu-a-tupe-ceruzky\/\"]}]},{\"@type\":\"ImageObject\",\"inLanguage\":\"sk-SK\",\"@id\":\"https:\/\/www.cerstveovocie.sk\/nema-rada-centralnu-kompoziciu-a-tupe-ceruzky\/#primaryimage\",\"url\":\"https:\/\/d.r1.wbsprt.com\/cerstveovocie.sk\/wp-content\/uploads\/2021\/04\/IMG_20210224_143023-scaled.jpg\",\"contentUrl\":\"https:\/\/d.r1.wbsprt.com\/cerstveovocie.sk\/wp-content\/uploads\/2021\/04\/IMG_20210224_143023-scaled.jpg\",\"width\":1992,\"height\":2560},{\"@type\":\"BreadcrumbList\",\"@id\":\"https:\/\/www.cerstveovocie.sk\/nema-rada-centralnu-kompoziciu-a-tupe-ceruzky\/#breadcrumb\",\"itemListElement\":[{\"@type\":\"ListItem\",\"position\":1,\"name\":\"Home\",\"item\":\"https:\/\/www.cerstveovocie.sk\/\"},{\"@type\":\"ListItem\",\"position\":2,\"name\":\"Nem\u00e1 rada centr\u00e1lnu kompoz\u00edciu a tup\u00e9 ceruzky\"}]},{\"@type\":\"WebSite\",\"@id\":\"https:\/\/www.cerstveovocie.sk\/#website\",\"url\":\"https:\/\/www.cerstveovocie.sk\/\",\"name\":\"\u010cerstv\u00e9 Ovocie\",\"description\":\"V\u00fd\u017eivn\u00e1 porcia lok\u00e1lnej tvorby.\",\"potentialAction\":[{\"@type\":\"SearchAction\",\"target\":{\"@type\":\"EntryPoint\",\"urlTemplate\":\"https:\/\/www.cerstveovocie.sk\/?s={search_term_string}\"},\"query-input\":{\"@type\":\"PropertyValueSpecification\",\"valueRequired\":true,\"valueName\":\"search_term_string\"}}],\"inLanguage\":\"sk-SK\"},{\"@type\":\"Person\",\"@id\":\"https:\/\/www.cerstveovocie.sk\/#\/schema\/person\/8e202c9288643a126812bf9c72605646\",\"name\":\"Martin Brix\",\"image\":{\"@type\":\"ImageObject\",\"inLanguage\":\"sk-SK\",\"@id\":\"https:\/\/www.cerstveovocie.sk\/#\/schema\/person\/image\/\",\"url\":\"https:\/\/secure.gravatar.com\/avatar\/6af874eeaf8969d475094f41c59f338c12819f2025832a5aa203c0d29ad36294?s=96&d=mm&r=g\",\"contentUrl\":\"https:\/\/secure.gravatar.com\/avatar\/6af874eeaf8969d475094f41c59f338c12819f2025832a5aa203c0d29ad36294?s=96&d=mm&r=g\",\"caption\":\"Martin Brix\"},\"url\":\"https:\/\/d.r1.wbsprt.com\/cerstveovocie.sk\/author\/brix\/\"}]}<\/script>\n<!-- \/ Yoast SEO plugin. -->","yoast_head_json":{"title":"Nem\u00e1 rada centr\u00e1lnu kompoz\u00edciu a tup\u00e9 ceruzky - \u010cerstv\u00e9 Ovocie","robots":{"index":"index","follow":"follow","max-snippet":"max-snippet:-1","max-image-preview":"max-image-preview:large","max-video-preview":"max-video-preview:-1"},"canonical":"https:\/\/www.cerstveovocie.sk\/nema-rada-centralnu-kompoziciu-a-tupe-ceruzky\/","og_locale":"sk_SK","og_type":"article","og_title":"Nem\u00e1 rada centr\u00e1lnu kompoz\u00edciu a tup\u00e9 ceruzky - \u010cerstv\u00e9 Ovocie","og_description":"Ak v\u00e1m robia rados\u0165 farebn\u00e9 obr\u00e1zky, rozpr\u00e1vkov\u00e9 mot\u00edvy, striedanie farieb a kombinovanie techn\u00edk, potom ste na spr\u00e1vnom mieste, na ktorom v\u00e1s zozn\u00e1mime s&nbsp;mladou ilustr\u00e1torkou z&nbsp;Trnavy. Kreslenie je prv\u00e9, \u010do si v\u00f4bec pam\u00e4t\u00e1. Dokonca mamina jej do kni\u017eky u\u017e ako \u0161tvorro\u010dnej nap\u00edsala, \u017ee \u201ebude maliarka, pekne kresl\u00ed\u201c. Od svojho dedka dostala prv\u00e9 akvarelov\u00e9 farby. Ten sa [&hellip;]","og_url":"https:\/\/www.cerstveovocie.sk\/nema-rada-centralnu-kompoziciu-a-tupe-ceruzky\/","og_site_name":"\u010cerstv\u00e9 Ovocie","article_published_time":"2021-04-27T18:41:00+00:00","article_modified_time":"2021-06-10T16:25:36+00:00","og_image":[{"width":1992,"height":2560,"url":"https:\/\/www.cerstveovocie.sk\/wp-content\/uploads\/2021\/04\/IMG_20210224_143023-scaled.jpg","type":"image\/jpeg"}],"author":"Martin Brix","twitter_card":"summary_large_image","twitter_misc":{"Autor":"Martin Brix","Predpokladan\u00fd \u010das \u010d\u00edtania":"3 min\u00faty"},"schema":{"@context":"https:\/\/schema.org","@graph":[{"@type":"Article","@id":"https:\/\/www.cerstveovocie.sk\/nema-rada-centralnu-kompoziciu-a-tupe-ceruzky\/#article","isPartOf":{"@id":"https:\/\/www.cerstveovocie.sk\/nema-rada-centralnu-kompoziciu-a-tupe-ceruzky\/"},"author":{"name":"Martin Brix","@id":"https:\/\/www.cerstveovocie.sk\/#\/schema\/person\/8e202c9288643a126812bf9c72605646"},"headline":"Nem\u00e1 rada centr\u00e1lnu kompoz\u00edciu a tup\u00e9 ceruzky","datePublished":"2021-04-27T18:41:00+00:00","dateModified":"2021-06-10T16:25:36+00:00","mainEntityOfPage":{"@id":"https:\/\/www.cerstveovocie.sk\/nema-rada-centralnu-kompoziciu-a-tupe-ceruzky\/"},"wordCount":763,"commentCount":0,"image":{"@id":"https:\/\/www.cerstveovocie.sk\/nema-rada-centralnu-kompoziciu-a-tupe-ceruzky\/#primaryimage"},"thumbnailUrl":"https:\/\/d.r1.wbsprt.com\/cerstveovocie.sk\/wp-content\/uploads\/2021\/04\/IMG_20210224_143023-scaled.jpg","keywords":["akvarel","\u010derstv\u00e9 ovocie_fm","efemko","ilustr\u00e1cia","ma\u013eba","technick\u00e9 pamiatky","vesm\u00edr"],"articleSection":["\u010cerstv\u00e9 Ovocie","Novinky"],"inLanguage":"sk-SK","potentialAction":[{"@type":"CommentAction","name":"Comment","target":["https:\/\/www.cerstveovocie.sk\/nema-rada-centralnu-kompoziciu-a-tupe-ceruzky\/#respond"]}]},{"@type":"WebPage","@id":"https:\/\/www.cerstveovocie.sk\/nema-rada-centralnu-kompoziciu-a-tupe-ceruzky\/","url":"https:\/\/www.cerstveovocie.sk\/nema-rada-centralnu-kompoziciu-a-tupe-ceruzky\/","name":"Nem\u00e1 rada centr\u00e1lnu kompoz\u00edciu a tup\u00e9 ceruzky - \u010cerstv\u00e9 Ovocie","isPartOf":{"@id":"https:\/\/www.cerstveovocie.sk\/#website"},"primaryImageOfPage":{"@id":"https:\/\/www.cerstveovocie.sk\/nema-rada-centralnu-kompoziciu-a-tupe-ceruzky\/#primaryimage"},"image":{"@id":"https:\/\/www.cerstveovocie.sk\/nema-rada-centralnu-kompoziciu-a-tupe-ceruzky\/#primaryimage"},"thumbnailUrl":"https:\/\/d.r1.wbsprt.com\/cerstveovocie.sk\/wp-content\/uploads\/2021\/04\/IMG_20210224_143023-scaled.jpg","datePublished":"2021-04-27T18:41:00+00:00","dateModified":"2021-06-10T16:25:36+00:00","author":{"@id":"https:\/\/www.cerstveovocie.sk\/#\/schema\/person\/8e202c9288643a126812bf9c72605646"},"breadcrumb":{"@id":"https:\/\/www.cerstveovocie.sk\/nema-rada-centralnu-kompoziciu-a-tupe-ceruzky\/#breadcrumb"},"inLanguage":"sk-SK","potentialAction":[{"@type":"ReadAction","target":["https:\/\/www.cerstveovocie.sk\/nema-rada-centralnu-kompoziciu-a-tupe-ceruzky\/"]}]},{"@type":"ImageObject","inLanguage":"sk-SK","@id":"https:\/\/www.cerstveovocie.sk\/nema-rada-centralnu-kompoziciu-a-tupe-ceruzky\/#primaryimage","url":"https:\/\/d.r1.wbsprt.com\/cerstveovocie.sk\/wp-content\/uploads\/2021\/04\/IMG_20210224_143023-scaled.jpg","contentUrl":"https:\/\/d.r1.wbsprt.com\/cerstveovocie.sk\/wp-content\/uploads\/2021\/04\/IMG_20210224_143023-scaled.jpg","width":1992,"height":2560},{"@type":"BreadcrumbList","@id":"https:\/\/www.cerstveovocie.sk\/nema-rada-centralnu-kompoziciu-a-tupe-ceruzky\/#breadcrumb","itemListElement":[{"@type":"ListItem","position":1,"name":"Home","item":"https:\/\/www.cerstveovocie.sk\/"},{"@type":"ListItem","position":2,"name":"Nem\u00e1 rada centr\u00e1lnu kompoz\u00edciu a tup\u00e9 ceruzky"}]},{"@type":"WebSite","@id":"https:\/\/www.cerstveovocie.sk\/#website","url":"https:\/\/www.cerstveovocie.sk\/","name":"\u010cerstv\u00e9 Ovocie","description":"V\u00fd\u017eivn\u00e1 porcia lok\u00e1lnej tvorby.","potentialAction":[{"@type":"SearchAction","target":{"@type":"EntryPoint","urlTemplate":"https:\/\/www.cerstveovocie.sk\/?s={search_term_string}"},"query-input":{"@type":"PropertyValueSpecification","valueRequired":true,"valueName":"search_term_string"}}],"inLanguage":"sk-SK"},{"@type":"Person","@id":"https:\/\/www.cerstveovocie.sk\/#\/schema\/person\/8e202c9288643a126812bf9c72605646","name":"Martin Brix","image":{"@type":"ImageObject","inLanguage":"sk-SK","@id":"https:\/\/www.cerstveovocie.sk\/#\/schema\/person\/image\/","url":"https:\/\/secure.gravatar.com\/avatar\/6af874eeaf8969d475094f41c59f338c12819f2025832a5aa203c0d29ad36294?s=96&d=mm&r=g","contentUrl":"https:\/\/secure.gravatar.com\/avatar\/6af874eeaf8969d475094f41c59f338c12819f2025832a5aa203c0d29ad36294?s=96&d=mm&r=g","caption":"Martin Brix"},"url":"https:\/\/d.r1.wbsprt.com\/cerstveovocie.sk\/author\/brix\/"}]}},"_links":{"self":[{"href":"https:\/\/d.r1.wbsprt.com\/cerstveovocie.sk\/wp-json\/wp\/v2\/posts\/721","targetHints":{"allow":["GET"]}}],"collection":[{"href":"https:\/\/d.r1.wbsprt.com\/cerstveovocie.sk\/wp-json\/wp\/v2\/posts"}],"about":[{"href":"https:\/\/d.r1.wbsprt.com\/cerstveovocie.sk\/wp-json\/wp\/v2\/types\/post"}],"author":[{"embeddable":true,"href":"https:\/\/d.r1.wbsprt.com\/cerstveovocie.sk\/wp-json\/wp\/v2\/users\/3"}],"replies":[{"embeddable":true,"href":"https:\/\/d.r1.wbsprt.com\/cerstveovocie.sk\/wp-json\/wp\/v2\/comments?post=721"}],"version-history":[{"count":4,"href":"https:\/\/d.r1.wbsprt.com\/cerstveovocie.sk\/wp-json\/wp\/v2\/posts\/721\/revisions"}],"predecessor-version":[{"id":797,"href":"https:\/\/d.r1.wbsprt.com\/cerstveovocie.sk\/wp-json\/wp\/v2\/posts\/721\/revisions\/797"}],"wp:featuredmedia":[{"embeddable":true,"href":"https:\/\/d.r1.wbsprt.com\/cerstveovocie.sk\/wp-json\/wp\/v2\/media\/722"}],"wp:attachment":[{"href":"https:\/\/d.r1.wbsprt.com\/cerstveovocie.sk\/wp-json\/wp\/v2\/media?parent=721"}],"wp:term":[{"taxonomy":"category","embeddable":true,"href":"https:\/\/d.r1.wbsprt.com\/cerstveovocie.sk\/wp-json\/wp\/v2\/categories?post=721"},{"taxonomy":"post_tag","embeddable":true,"href":"https:\/\/d.r1.wbsprt.com\/cerstveovocie.sk\/wp-json\/wp\/v2\/tags?post=721"}],"curies":[{"name":"wp","href":"https:\/\/api.w.org\/{rel}","templated":true}]}}