{"id":7057,"date":"2025-04-07T07:07:00","date_gmt":"2025-04-07T05:07:00","guid":{"rendered":"https:\/\/www.cerstveovocie.sk\/?p=7057"},"modified":"2025-06-17T17:30:15","modified_gmt":"2025-06-17T15:30:15","slug":"umenie-co-neda-pokoj","status":"publish","type":"post","link":"https:\/\/d.r1.wbsprt.com\/cerstveovocie.sk\/umenie-co-neda-pokoj\/","title":{"rendered":"Umenie, \u010do ned\u00e1 pokoj"},"content":{"rendered":"\n<p class=\"has-medium-font-size\">Michal patr\u00ed medzi v\u00fdrazn\u00e9 osobnosti s\u00fa\u010dasnej v\u00fdtvarnej sc\u00e9ny, ktor\u00e9 sa neboja otv\u00e1ra\u0165 citliv\u00e9, spolo\u010densky d\u00f4le\u017eit\u00e9 aj absurdne komick\u00e9 t\u00e9my. Jeho tvorba stoj\u00ed na rozhran\u00ed medzi ma\u013ebou a kresbou, anga\u017eovan\u00fdm koment\u00e1rom a poetickou v\u00fdpove\u010fou, medzi intu\u00edciou a ostrou ir\u00f3niou. Hoci s umen\u00edm neza\u010d\u00ednal s cie\u013eom \u201eby\u0165 umelcom\u201c, dnes je jeho vizu\u00e1lny jazyk nezamenite\u013en\u00fd. Oslovuje silou obrazov, ktor\u00e9 s\u00fa niekedy smutn\u00e9, inokedy smie\u0161ne, \u010dasto oboje naraz \u2013 no v\u017edy s\u00fa osobn\u00e9. V tomto profile sa pozrieme na jeho cestu \u2013 od grafiky k ma\u013ebe, od typografie k airbrushu, od s\u00f3lov\u00fdch v\u00fdstav po v\u00fdtvarn\u00e9 kolekt\u00edvy \u2013 a rozoberieme, ako sa jeho autorsk\u00fd hlas postupne formoval, a\u017e sa naplno usadil v s\u00fa\u010dasnej vizu\u00e1lnej kult\u00fare.<\/p>\n\n\n\n<p>Michal \u0160umichrast vyrastal v Bratislave a od mali\u010dka ho bavilo kresli\u0165.&nbsp;<em>\u201eOd mali\u010dka som si r\u00e1d kreslil za ka\u017ed\u00fdch okolnost\u00ed, ale nikdy som nad t\u00fdm alebo dlho som nad t\u00fdm neuva\u017eoval v nejak\u00fdch intenci\u00e1ch, \u017ee bude zo m\u0148a umelec a maliar,\u201c<\/em>&nbsp;spom\u00edna na svoje detstvo. Aj ke\u010f umenie nebolo jeho prvotnou amb\u00edciou, v\u00fdtvarn\u00e9 prostredie ho podvedome sprev\u00e1dzalo u\u017e od detstva.<\/p>\n\n\n\n<figure class=\"wp-block-gallery has-nested-images columns-default is-cropped wp-block-gallery-1 is-layout-flex wp-block-gallery-is-layout-flex\">\n<figure class=\"wp-block-image size-large\"><img loading=\"lazy\" decoding=\"async\" width=\"1024\" height=\"683\" data-id=\"7058\" src=\"https:\/\/www.cerstveovocie.sk\/wp-content\/uploads\/2025\/04\/Sumichrast-v-Kalabe-foto-@bratislava_undrgrnd-1024x683.jpg\" alt=\"\" class=\"wp-image-7058\" srcset=\"https:\/\/d.r1.wbsprt.com\/cerstveovocie.sk\/wp-content\/uploads\/2025\/04\/Sumichrast-v-Kalabe-foto-@bratislava_undrgrnd-1024x683.jpg 1024w, https:\/\/d.r1.wbsprt.com\/cerstveovocie.sk\/wp-content\/uploads\/2025\/04\/Sumichrast-v-Kalabe-foto-@bratislava_undrgrnd-300x200.jpg 300w, https:\/\/d.r1.wbsprt.com\/cerstveovocie.sk\/wp-content\/uploads\/2025\/04\/Sumichrast-v-Kalabe-foto-@bratislava_undrgrnd-768x512.jpg 768w, https:\/\/d.r1.wbsprt.com\/cerstveovocie.sk\/wp-content\/uploads\/2025\/04\/Sumichrast-v-Kalabe-foto-@bratislava_undrgrnd.jpg 1080w\" sizes=\"auto, (max-width: 1024px) 100vw, 1024px\" \/><figcaption class=\"wp-element-caption\"><em>\u0160umichrast v Kalabe (foto @bratislava_undrgrnd)<\/em><\/figcaption><\/figure>\n<\/figure>\n\n\n\n<p>Na za\u010diatku ho fascinoval automotiv dizajn.&nbsp;<em>\u201eTo ma dr\u017ealo mo\u017eno tri roky,\u201c<\/em>&nbsp;hovor\u00ed. Nesk\u00f4r sa jeho z\u00e1ujem prirodzene posunul smerom ku grafick\u00e9mu dizajnu a ilustr\u00e1cii. Po gymn\u00e1ziu, kde si umenie pestoval najm\u00e4 vo vo\u013eno\u010dasov\u00fdch aktivit\u00e1ch (a v graffiti komunite), sa rozhodol prihl\u00e1si\u0165 na Vysok\u00fa \u0161kolu v\u00fdtvarn\u00fdch umen\u00ed.&nbsp;<em>\u201eNa prv\u00fd pokus som neuspel, ale uspel som na architekt\u00fare na STU, kde som vydr\u017eal jeden semester. Moja matematika bola v tom \u010dase ve\u013emi z\u00fafal\u00e1,\u201c<\/em>&nbsp;prizn\u00e1va s humorom sebe vlastn\u00fdm. To ho ale neodradilo a&nbsp;tak sk\u00fa\u0161al \u010falej. Na za\u010diatku si e\u0161te myslel, \u017ee chce pokra\u010dova\u0165 v ilustr\u00e1cii, no ve\u013emi r\u00fdchlo pochopil, \u017ee jeho cesta vedie inam.&nbsp;<em>\u201eZ nejak\u00e9ho d\u00f4vodu som si myslel, \u017ee na ma\u013ebu nem\u00e1m, tak som sk\u00fasil grafiku&#8230; pri\u0161lo mi to bli\u017e\u0161ie nie\u010domu, \u010do som vtedy robil.\u201c<\/em>&nbsp;Grafika sa mu zdala prirodzen\u00fdm pokra\u010dovan\u00edm jeho kresliarskej v\u00e1\u0161ne a\u202fumo\u017enila mu experimentova\u0165 s m\u00e9diami, ktor\u00e9 boli technicky dostupn\u00e9 na \u0161kole. Po druhom pokuse sa napokon na V\u0160VU dostal a nast\u00fapil do ateli\u00e9ru vo\u013enej grafiky k prof. R\u00f3bertovi Jan\u010dovi\u010dovi.&nbsp;<\/p>\n\n\n\n<figure class=\"wp-block-gallery has-nested-images columns-default is-cropped wp-block-gallery-2 is-layout-flex wp-block-gallery-is-layout-flex\">\n<figure class=\"wp-block-image size-large\"><img loading=\"lazy\" decoding=\"async\" width=\"1024\" height=\"1024\" data-id=\"7059\" src=\"https:\/\/www.cerstveovocie.sk\/wp-content\/uploads\/2025\/04\/Michal-Sumichrast_01-1024x1024.jpg\" alt=\"\" class=\"wp-image-7059\" srcset=\"https:\/\/d.r1.wbsprt.com\/cerstveovocie.sk\/wp-content\/uploads\/2025\/04\/Michal-Sumichrast_01-1024x1024.jpg 1024w, https:\/\/d.r1.wbsprt.com\/cerstveovocie.sk\/wp-content\/uploads\/2025\/04\/Michal-Sumichrast_01-300x300.jpg 300w, https:\/\/d.r1.wbsprt.com\/cerstveovocie.sk\/wp-content\/uploads\/2025\/04\/Michal-Sumichrast_01-150x150.jpg 150w, https:\/\/d.r1.wbsprt.com\/cerstveovocie.sk\/wp-content\/uploads\/2025\/04\/Michal-Sumichrast_01-768x768.jpg 768w, https:\/\/d.r1.wbsprt.com\/cerstveovocie.sk\/wp-content\/uploads\/2025\/04\/Michal-Sumichrast_01.jpg 1080w\" sizes=\"auto, (max-width: 1024px) 100vw, 1024px\" \/><\/figure>\n\n\n\n<figure class=\"wp-block-image size-large\"><img loading=\"lazy\" decoding=\"async\" width=\"874\" height=\"1024\" data-id=\"7060\" src=\"https:\/\/www.cerstveovocie.sk\/wp-content\/uploads\/2025\/04\/Michal-Sumichrast_02-874x1024.jpg\" alt=\"\" class=\"wp-image-7060\" srcset=\"https:\/\/d.r1.wbsprt.com\/cerstveovocie.sk\/wp-content\/uploads\/2025\/04\/Michal-Sumichrast_02-874x1024.jpg 874w, https:\/\/d.r1.wbsprt.com\/cerstveovocie.sk\/wp-content\/uploads\/2025\/04\/Michal-Sumichrast_02-256x300.jpg 256w, https:\/\/d.r1.wbsprt.com\/cerstveovocie.sk\/wp-content\/uploads\/2025\/04\/Michal-Sumichrast_02-768x900.jpg 768w, https:\/\/d.r1.wbsprt.com\/cerstveovocie.sk\/wp-content\/uploads\/2025\/04\/Michal-Sumichrast_02-300x351.jpg 300w, https:\/\/d.r1.wbsprt.com\/cerstveovocie.sk\/wp-content\/uploads\/2025\/04\/Michal-Sumichrast_02.jpg 1080w\" sizes=\"auto, (max-width: 874px) 100vw, 874px\" \/><\/figure>\n<\/figure>\n\n\n\n<p>Jeho stredo\u0161kolsk\u00e9 \u0161t\u00fadium nemalo umeleck\u00fd charakter: najprv nav\u0161tevoval bilingv\u00e1lne gymn\u00e1zium v Petr\u017ealke, nesk\u00f4r prest\u00fapil na klasick\u00fd \u201egympel\u201c v D\u00fabravke.&nbsp;<em>\u201eV\u0161etky tieto veci som si robil vo\u013eno\u010dasovo&#8230; Chcel som \u0161tudova\u0165 na \u201e\u0161upke\u201c, ale napokon sme sa s rodi\u010dmi rozhodli pre \u201egympel\u201c, \u010do sp\u00e4tne hodnot\u00edm dobre,\u201c<\/em>&nbsp;hovor\u00ed. \u0160tudenti zo \u201e\u0161upky\u201c mali technick\u00fd n\u00e1skok, ale v\u00fdtvarn\u00fd cit a chu\u0165 sa u\u010di\u0165 mu pomohli r\u00fdchlo ich dobehn\u00fa\u0165.&nbsp;<em>\u201eV prvom ro\u010dn\u00edku som mal pocit, \u017ee zaost\u00e1vam v technologick\u00fdch aspektoch&#8230; ale ve\u013emi r\u00fdchlo sa to vyrovnalo aj v\u010faka pedag\u00f3gom,\u201c<\/em>&nbsp;spom\u00edna. Prv\u00fd ro\u010dn\u00edk na V\u0160VU v\u0161ak neznamenal okam\u017eit\u00e9 zaradenie do zvolen\u00e9ho ateli\u00e9ru \u2013 ako bolo vtedy be\u017en\u00e9, absolvoval pr\u00edpravn\u00fd rok, po\u010das ktor\u00e9ho pre\u0161iel viacer\u00fdmi ateli\u00e9rmi \u2013 od ma\u013eby, cez sochu a\u017e po grafiku. Tento \u201e\u00favodn\u00fd kolobeh\u201c mu umo\u017enil vysk\u00fa\u0161a\u0165 si r\u00f4zne pr\u00edstupy a m\u00e9di\u00e1, a\u202fnapokon si definit\u00edvne zvolil grafiku ako svoju hlavn\u00e9 zameranie.<\/p>\n\n\n\n<figure class=\"wp-block-gallery has-nested-images columns-default is-cropped wp-block-gallery-3 is-layout-flex wp-block-gallery-is-layout-flex\">\n<figure class=\"wp-block-image size-large\"><img loading=\"lazy\" decoding=\"async\" width=\"762\" height=\"1024\" data-id=\"7061\" src=\"https:\/\/www.cerstveovocie.sk\/wp-content\/uploads\/2025\/04\/Michal-Sumichrast_05-762x1024.jpg\" alt=\"\" class=\"wp-image-7061\" srcset=\"https:\/\/d.r1.wbsprt.com\/cerstveovocie.sk\/wp-content\/uploads\/2025\/04\/Michal-Sumichrast_05-762x1024.jpg 762w, https:\/\/d.r1.wbsprt.com\/cerstveovocie.sk\/wp-content\/uploads\/2025\/04\/Michal-Sumichrast_05-223x300.jpg 223w, https:\/\/d.r1.wbsprt.com\/cerstveovocie.sk\/wp-content\/uploads\/2025\/04\/Michal-Sumichrast_05-768x1033.jpg 768w, https:\/\/d.r1.wbsprt.com\/cerstveovocie.sk\/wp-content\/uploads\/2025\/04\/Michal-Sumichrast_05-300x403.jpg 300w, https:\/\/d.r1.wbsprt.com\/cerstveovocie.sk\/wp-content\/uploads\/2025\/04\/Michal-Sumichrast_05.jpg 778w\" sizes=\"auto, (max-width: 762px) 100vw, 762px\" \/><\/figure>\n\n\n\n<figure class=\"wp-block-image size-large\"><img loading=\"lazy\" decoding=\"async\" width=\"690\" height=\"1024\" data-id=\"7062\" src=\"https:\/\/www.cerstveovocie.sk\/wp-content\/uploads\/2025\/04\/Michal-Sumichrast_06-690x1024.jpg\" alt=\"\" class=\"wp-image-7062\" srcset=\"https:\/\/d.r1.wbsprt.com\/cerstveovocie.sk\/wp-content\/uploads\/2025\/04\/Michal-Sumichrast_06-690x1024.jpg 690w, https:\/\/d.r1.wbsprt.com\/cerstveovocie.sk\/wp-content\/uploads\/2025\/04\/Michal-Sumichrast_06-202x300.jpg 202w, https:\/\/d.r1.wbsprt.com\/cerstveovocie.sk\/wp-content\/uploads\/2025\/04\/Michal-Sumichrast_06-300x445.jpg 300w, https:\/\/d.r1.wbsprt.com\/cerstveovocie.sk\/wp-content\/uploads\/2025\/04\/Michal-Sumichrast_06.jpg 704w\" sizes=\"auto, (max-width: 690px) 100vw, 690px\" \/><\/figure>\n<\/figure>\n\n\n\n<p>Po\u010das \u0161t\u00fadia na V\u0160VU sa z\u00fa\u010dastnil nieko\u013ekomesa\u010dn\u00e9ho pobytu na Tokyo University of the Arts (Geidai) v Japonsku. Tento zahrani\u010dn\u00fd pobyt mal v\u00fdrazn\u00fd vplyv na jeho vn\u00edmanie vizu\u00e1lneho umenia a roz\u0161\u00edril jeho obzory mimo eur\u00f3pskeho kult\u00farneho kontextu. Roky na \u0161kole boli z\u00e1rove\u0148 obdob\u00edm, kedy sa za\u010dali kry\u0161talizova\u0165 aj jeho t\u00e9matick\u00e9 z\u00e1ujmy \u2013 najm\u00e4 spolo\u010densk\u00e1 kritika, antifa\u0161izmus, \u013eavicov\u00e9 hodnoty a nesk\u00f4r aj t\u00e9ma pr\u00e1ce a \u017eivota v kapitalistickej spolo\u010dnosti.&nbsp;<em>\u201eOd druh\u00e1ku vy\u0161\u0161ie som sa sna\u017eil n\u00e1js\u0165 nie\u010do, \u010domu by som sa venoval aj t\u00e9maticky\u2026 objavili sa t\u00e9my ako antifa\u0161izmus, ute\u010deneck\u00e1 kr\u00edza, nerovnosti alebo kritika korpor\u00e1tneho sveta.\u201c<\/em><\/p>\n\n\n\n<figure class=\"wp-block-gallery has-nested-images columns-default is-cropped wp-block-gallery-4 is-layout-flex wp-block-gallery-is-layout-flex\">\n<figure class=\"wp-block-image size-large\"><img loading=\"lazy\" decoding=\"async\" width=\"1024\" height=\"667\" data-id=\"7063\" src=\"https:\/\/www.cerstveovocie.sk\/wp-content\/uploads\/2025\/04\/What-was-it-like-in-japan-300x150cm-charcoal-and-oil-stick-on-canvas-2019-1024x667.jpg\" alt=\"\" class=\"wp-image-7063\" srcset=\"https:\/\/d.r1.wbsprt.com\/cerstveovocie.sk\/wp-content\/uploads\/2025\/04\/What-was-it-like-in-japan-300x150cm-charcoal-and-oil-stick-on-canvas-2019-1024x667.jpg 1024w, https:\/\/d.r1.wbsprt.com\/cerstveovocie.sk\/wp-content\/uploads\/2025\/04\/What-was-it-like-in-japan-300x150cm-charcoal-and-oil-stick-on-canvas-2019-300x196.jpg 300w, https:\/\/d.r1.wbsprt.com\/cerstveovocie.sk\/wp-content\/uploads\/2025\/04\/What-was-it-like-in-japan-300x150cm-charcoal-and-oil-stick-on-canvas-2019-768x501.jpg 768w, https:\/\/d.r1.wbsprt.com\/cerstveovocie.sk\/wp-content\/uploads\/2025\/04\/What-was-it-like-in-japan-300x150cm-charcoal-and-oil-stick-on-canvas-2019.jpg 1080w\" sizes=\"auto, (max-width: 1024px) 100vw, 1024px\" \/><figcaption class=\"wp-element-caption\"><em>What was it like in japan (300x150cm, charcoal and oil stick on canvas, 2019)<\/em><\/figcaption><\/figure>\n<\/figure>\n\n\n\n<p>Jeho rukopis sa na \u0161kole e\u0161te len za\u010d\u00ednal formova\u0165.&nbsp;<em>\u201eNemal som vtedy \u00faplne vyhranen\u00fd rukopis\u2026 jedin\u00e9, \u010do moju tvorbu prep\u00e1jalo, bol mo\u017eno z\u00e1ujem o p\u00edsmo, typografiu a pr\u00e1cu s textom.\u201c<\/em>&nbsp;T\u00e1to l\u00ednia pr\u00e1ce s textom \u2013 \u010dasto vo forme ironick\u00fdch, anga\u017eovan\u00fdch alebo absurdn\u00fdch v\u00fdrokov \u2013 zost\u00e1va pre Michalovu tvorbu k\u013e\u00fa\u010dov\u00e1 dodnes. Z h\u013eadiska techniky sa postupne odp\u00fataval od tradi\u010dn\u00fdch grafick\u00fdch techn\u00edk ako litografia \u010di such\u00e1 ihla a \u010doraz viac sa prikl\u00e1\u0148al ku kresbe, akvarelu, tu\u0161u a nesk\u00f4r aj airbrushu, ktor\u00fd mu poskytol ide\u00e1lny kompromis medzi kresbou a ma\u013ebou. Vysoko\u0161kolsk\u00e9 roky tak boli pre Michala obdob\u00edm intenz\u00edvneho h\u013eadania \u2013 technick\u00e9ho, form\u00e1lneho aj obsahov\u00e9ho. Hoci spo\u010diatku s neistotou, pr\u00e1ve tieto roky polo\u017eili z\u00e1klad jeho bud\u00facej autorskej dr\u00e1hy.<\/p>\n\n\n\n<figure class=\"wp-block-gallery has-nested-images columns-default is-cropped wp-block-gallery-5 is-layout-flex wp-block-gallery-is-layout-flex\">\n<figure class=\"wp-block-image size-large\"><img loading=\"lazy\" decoding=\"async\" width=\"648\" height=\"991\" data-id=\"7064\" src=\"https:\/\/www.cerstveovocie.sk\/wp-content\/uploads\/2025\/04\/SHIT-DOODLE-COMPILATION-SHEET-mostly-ink-on-paper.jpg\" alt=\"\" class=\"wp-image-7064\" srcset=\"https:\/\/d.r1.wbsprt.com\/cerstveovocie.sk\/wp-content\/uploads\/2025\/04\/SHIT-DOODLE-COMPILATION-SHEET-mostly-ink-on-paper.jpg 648w, https:\/\/d.r1.wbsprt.com\/cerstveovocie.sk\/wp-content\/uploads\/2025\/04\/SHIT-DOODLE-COMPILATION-SHEET-mostly-ink-on-paper-196x300.jpg 196w, https:\/\/d.r1.wbsprt.com\/cerstveovocie.sk\/wp-content\/uploads\/2025\/04\/SHIT-DOODLE-COMPILATION-SHEET-mostly-ink-on-paper-300x459.jpg 300w\" sizes=\"auto, (max-width: 648px) 100vw, 648px\" \/><figcaption class=\"wp-element-caption\"><em>SHIT DOODLE COMPILATION SHEET (mostly ink on paper)<\/em><\/figcaption><\/figure>\n\n\n\n<figure class=\"wp-block-image size-large\"><img loading=\"lazy\" decoding=\"async\" width=\"674\" height=\"1000\" data-id=\"7065\" src=\"https:\/\/www.cerstveovocie.sk\/wp-content\/uploads\/2025\/04\/TIME-FOR-A-FAMILY-VACATION-illustration-for-@kapital_noviny-issue-05-21-watercolor-on-paper.jpg\" alt=\"\" class=\"wp-image-7065\" srcset=\"https:\/\/d.r1.wbsprt.com\/cerstveovocie.sk\/wp-content\/uploads\/2025\/04\/TIME-FOR-A-FAMILY-VACATION-illustration-for-@kapital_noviny-issue-05-21-watercolor-on-paper.jpg 674w, https:\/\/d.r1.wbsprt.com\/cerstveovocie.sk\/wp-content\/uploads\/2025\/04\/TIME-FOR-A-FAMILY-VACATION-illustration-for-@kapital_noviny-issue-05-21-watercolor-on-paper-202x300.jpg 202w, https:\/\/d.r1.wbsprt.com\/cerstveovocie.sk\/wp-content\/uploads\/2025\/04\/TIME-FOR-A-FAMILY-VACATION-illustration-for-@kapital_noviny-issue-05-21-watercolor-on-paper-300x445.jpg 300w\" sizes=\"auto, (max-width: 674px) 100vw, 674px\" \/><figcaption class=\"wp-element-caption\"><em>TIME FOR A FAMILY VACATION illustration for @kapital_noviny (issue 05-21) (watercolor on paper)<\/em><\/figcaption><\/figure>\n<\/figure>\n\n\n\n<p>Tvorba Michala \u0160umichrasta je vizu\u00e1lne v\u00fdrazn\u00e1, obsahovo anga\u017eovan\u00e1 a form\u00e1lne hrav\u00e1. Jej k\u013e\u00fa\u010dov\u00fdm prvkom je kresba \u2013 t\u00e1 je pre\u0148ho prirodzen\u00fdm m\u00e9diom, ktor\u00e9 ho sprev\u00e1dza od detstva. Kresba sa v jeho pr\u00edpade neobmedzuje len na \u010diaru \u2013 rozv\u00edja ju do akvarelu, tu\u0161u, airbrushu, ale aj do priestorov\u00fdch z\u00e1sahov, objektov \u010di kol\u00e1\u017e\u00ed. Hoci za\u010d\u00ednal ako grafik, postupne sa vzdialil od tradi\u010dn\u00fdch grafick\u00fdch techn\u00edk ako je litografia alebo such\u00e1 ihla a vybral sa cestou kresby a ma\u013eby.<\/p>\n\n\n\n<figure class=\"wp-block-gallery has-nested-images columns-default is-cropped wp-block-gallery-6 is-layout-flex wp-block-gallery-is-layout-flex\">\n<figure class=\"wp-block-image size-large\"><img loading=\"lazy\" decoding=\"async\" width=\"1024\" height=\"1024\" data-id=\"7066\" src=\"https:\/\/www.cerstveovocie.sk\/wp-content\/uploads\/2025\/04\/A-LONG-HYMN-TO-WORK-acrylic-on-canvas-60cm-x-60cm-1024x1024.jpg\" alt=\"\" class=\"wp-image-7066\" srcset=\"https:\/\/d.r1.wbsprt.com\/cerstveovocie.sk\/wp-content\/uploads\/2025\/04\/A-LONG-HYMN-TO-WORK-acrylic-on-canvas-60cm-x-60cm-1024x1024.jpg 1024w, https:\/\/d.r1.wbsprt.com\/cerstveovocie.sk\/wp-content\/uploads\/2025\/04\/A-LONG-HYMN-TO-WORK-acrylic-on-canvas-60cm-x-60cm-300x300.jpg 300w, https:\/\/d.r1.wbsprt.com\/cerstveovocie.sk\/wp-content\/uploads\/2025\/04\/A-LONG-HYMN-TO-WORK-acrylic-on-canvas-60cm-x-60cm-150x150.jpg 150w, https:\/\/d.r1.wbsprt.com\/cerstveovocie.sk\/wp-content\/uploads\/2025\/04\/A-LONG-HYMN-TO-WORK-acrylic-on-canvas-60cm-x-60cm-768x768.jpg 768w, https:\/\/d.r1.wbsprt.com\/cerstveovocie.sk\/wp-content\/uploads\/2025\/04\/A-LONG-HYMN-TO-WORK-acrylic-on-canvas-60cm-x-60cm.jpg 1080w\" sizes=\"auto, (max-width: 1024px) 100vw, 1024px\" \/><figcaption class=\"wp-element-caption\"><em>A LONG HYMN TO WORK (acrylic on canvas, 60cm x 60cm)<\/em><\/figcaption><\/figure>\n\n\n\n<figure class=\"wp-block-image size-large\"><img loading=\"lazy\" decoding=\"async\" width=\"1024\" height=\"1024\" data-id=\"7067\" src=\"https:\/\/www.cerstveovocie.sk\/wp-content\/uploads\/2025\/04\/THEY-DONT-LOVE-YOU-LIKE-I-LOVE-YOU-acrylic-ink-on-canvas-60cm-x-60cm-1024x1024.jpg\" alt=\"\" class=\"wp-image-7067\" srcset=\"https:\/\/d.r1.wbsprt.com\/cerstveovocie.sk\/wp-content\/uploads\/2025\/04\/THEY-DONT-LOVE-YOU-LIKE-I-LOVE-YOU-acrylic-ink-on-canvas-60cm-x-60cm-1024x1024.jpg 1024w, https:\/\/d.r1.wbsprt.com\/cerstveovocie.sk\/wp-content\/uploads\/2025\/04\/THEY-DONT-LOVE-YOU-LIKE-I-LOVE-YOU-acrylic-ink-on-canvas-60cm-x-60cm-300x300.jpg 300w, https:\/\/d.r1.wbsprt.com\/cerstveovocie.sk\/wp-content\/uploads\/2025\/04\/THEY-DONT-LOVE-YOU-LIKE-I-LOVE-YOU-acrylic-ink-on-canvas-60cm-x-60cm-150x150.jpg 150w, https:\/\/d.r1.wbsprt.com\/cerstveovocie.sk\/wp-content\/uploads\/2025\/04\/THEY-DONT-LOVE-YOU-LIKE-I-LOVE-YOU-acrylic-ink-on-canvas-60cm-x-60cm-768x768.jpg 768w, https:\/\/d.r1.wbsprt.com\/cerstveovocie.sk\/wp-content\/uploads\/2025\/04\/THEY-DONT-LOVE-YOU-LIKE-I-LOVE-YOU-acrylic-ink-on-canvas-60cm-x-60cm.jpg 1080w\" sizes=\"auto, (max-width: 1024px) 100vw, 1024px\" \/><figcaption class=\"wp-element-caption\"><em>THEY DON&#8217;T LOVE YOU LIKE I LOVE YOU (acrylic ink on canvas, 60cm x 60cm)<\/em><\/figcaption><\/figure>\n<\/figure>\n\n\n\n<p>Jeho rukopis je s\u00edce pre\u0148ho samotn\u00e9ho \u0165a\u017eko definovate\u013en\u00fd, no navonok p\u00f4sob\u00ed charakteristicky: v\u00fdrazn\u00e1 pr\u00e1ca s textom, humorom a figur\u00e1lnymi mot\u00edvmi.&nbsp;<em>\u201eAj doteraz si mysl\u00edm, \u017ee nem\u00e1m \u00faplne nejak\u00fd vyhranen\u00fd rukopis&#8230; ale mo\u017eno to okolie vn\u00edma inak,\u201c<\/em>&nbsp;hovor\u00ed. Jedn\u00fdm z nosn\u00fdch znakov jeho v\u00fdtvarn\u00e9ho prejavu je typografia a pr\u00e1ca s p\u00edsmom, \u010dasto vo forme sloganov, v\u00fdrokov a parafr\u00e1z popkult\u00farnych \u010di subkult\u00farnych odkazov. Texty v jeho obrazoch s\u00fa in\u0161pirovan\u00e9 hudbou, filmami, literat\u00farou, ale aj ka\u017edodennou realitou \u2013 s\u00fa intuit\u00edvne, poetick\u00e9, ob\u010das absurdn\u00e9, no v\u017edy maj\u00fa svoj odkaz. Vo svojej tvorbe \u010dasto reflektuje spolo\u010densk\u00e9 dianie. Zauj\u00edma ho najm\u00e4 t\u00e9ma pr\u00e1ce, korpor\u00e1tneho sveta, spolo\u010denskej nerovnosti, antifa\u0161izmu \u010di pr\u00e1v marginalizovan\u00fdch skup\u00edn.&nbsp;<em>\u201eV\u017edy je to reakcia na nie\u010do \u2013 nie\u010do ma na\u0161tve, tak to okomentujem svojimi obr\u00e1zkami,\u201c<\/em>&nbsp;opisuje svoj postoj. Jeho tvorba sa tak pohybuje medzi anga\u017eovan\u00fdm vizu\u00e1lnym koment\u00e1rom a hravou obrazovou po\u00e9ziou.<\/p>\n\n\n\n<figure class=\"wp-block-gallery has-nested-images columns-default is-cropped wp-block-gallery-7 is-layout-flex wp-block-gallery-is-layout-flex\">\n<figure class=\"wp-block-image size-large\"><img loading=\"lazy\" decoding=\"async\" width=\"983\" height=\"643\" data-id=\"7068\" src=\"https:\/\/www.cerstveovocie.sk\/wp-content\/uploads\/2025\/04\/Michal-Sumichrast_04.jpg\" alt=\"\" class=\"wp-image-7068\" srcset=\"https:\/\/d.r1.wbsprt.com\/cerstveovocie.sk\/wp-content\/uploads\/2025\/04\/Michal-Sumichrast_04.jpg 983w, https:\/\/d.r1.wbsprt.com\/cerstveovocie.sk\/wp-content\/uploads\/2025\/04\/Michal-Sumichrast_04-300x196.jpg 300w, https:\/\/d.r1.wbsprt.com\/cerstveovocie.sk\/wp-content\/uploads\/2025\/04\/Michal-Sumichrast_04-768x502.jpg 768w\" sizes=\"auto, (max-width: 983px) 100vw, 983px\" \/><\/figure>\n<\/figure>\n\n\n\n<p>Esteticky \u010derp\u00e1 z r\u00f4znych vizu\u00e1lnych jazykov \u2013 od internetov\u00fdch m\u00e9mov cez DIY kult\u00faru, punkov\u00fa a grindcorov\u00fa sc\u00e9nu, a\u017e po arch\u00edvy podradnej literat\u00fary \u010di star\u00fdch porno\u010dasopisov.&nbsp;<em>\u201ePokia\u013e to aspo\u0148 trochu naru\u0161uje t\u00fa dizajnov\u00fa \u010distotu, tak mi to imponuje,\u201c<\/em>hovor\u00ed o tom, \u010do ho vizu\u00e1lne in\u0161piruje. Technicky sa opiera o tradi\u010dn\u00e9 i s\u00fa\u010dasn\u00e9 m\u00e9di\u00e1: kresba, tu\u0161, akvarel, airbrush, digit\u00e1lny z\u00e1znam a skenovanie. Digit\u00e1lne n\u00e1stroje pou\u017e\u00edva minim\u00e1lne \u2013 v\u00e4\u010d\u0161inu vec\u00ed vytv\u00e1ra anal\u00f3govo a a\u017e n\u00e1sledne digitalizuje.&nbsp;<em>\u201eNie som \u00fapln\u00fd fan\u00fa\u0161ik tej po\u010d\u00edta\u010dovej pr\u00e1ce&#8230; sna\u017e\u00edm sa, aby to u\u017e na papieri bolo na 90 % tak\u00e9, ako m\u00e1 by\u0165 vo fin\u00e1le.\u201c<\/em><\/p>\n\n\n\n<figure class=\"wp-block-gallery has-nested-images columns-default is-cropped wp-block-gallery-8 is-layout-flex wp-block-gallery-is-layout-flex\">\n<figure class=\"wp-block-image size-large\"><img loading=\"lazy\" decoding=\"async\" width=\"734\" height=\"1024\" data-id=\"7069\" src=\"https:\/\/www.cerstveovocie.sk\/wp-content\/uploads\/2025\/04\/HOW-TO-ASSEMBLE-THE-IKEA-BEDFRAME-ink-and-watercolor-on-paper-734x1024.jpg\" alt=\"\" class=\"wp-image-7069\" srcset=\"https:\/\/d.r1.wbsprt.com\/cerstveovocie.sk\/wp-content\/uploads\/2025\/04\/HOW-TO-ASSEMBLE-THE-IKEA-BEDFRAME-ink-and-watercolor-on-paper-734x1024.jpg 734w, https:\/\/d.r1.wbsprt.com\/cerstveovocie.sk\/wp-content\/uploads\/2025\/04\/HOW-TO-ASSEMBLE-THE-IKEA-BEDFRAME-ink-and-watercolor-on-paper-215x300.jpg 215w, https:\/\/d.r1.wbsprt.com\/cerstveovocie.sk\/wp-content\/uploads\/2025\/04\/HOW-TO-ASSEMBLE-THE-IKEA-BEDFRAME-ink-and-watercolor-on-paper-300x419.jpg 300w, https:\/\/d.r1.wbsprt.com\/cerstveovocie.sk\/wp-content\/uploads\/2025\/04\/HOW-TO-ASSEMBLE-THE-IKEA-BEDFRAME-ink-and-watercolor-on-paper.jpg 756w\" sizes=\"auto, (max-width: 734px) 100vw, 734px\" \/><figcaption class=\"wp-element-caption\"><em>HOW TO ASSEMBLE THE IKEA BEDFRAME (ink and watercolor on paper)<\/em><\/figcaption><\/figure>\n\n\n\n<figure class=\"wp-block-image size-large\"><img loading=\"lazy\" decoding=\"async\" width=\"727\" height=\"1024\" data-id=\"7070\" src=\"https:\/\/www.cerstveovocie.sk\/wp-content\/uploads\/2025\/04\/MEINE-COUCH-GZUZ-BONEZ-MCink-and-watercolor-on-paper-727x1024.jpg\" alt=\"\" class=\"wp-image-7070\" srcset=\"https:\/\/d.r1.wbsprt.com\/cerstveovocie.sk\/wp-content\/uploads\/2025\/04\/MEINE-COUCH-GZUZ-BONEZ-MCink-and-watercolor-on-paper-727x1024.jpg 727w, https:\/\/d.r1.wbsprt.com\/cerstveovocie.sk\/wp-content\/uploads\/2025\/04\/MEINE-COUCH-GZUZ-BONEZ-MCink-and-watercolor-on-paper-213x300.jpg 213w, https:\/\/d.r1.wbsprt.com\/cerstveovocie.sk\/wp-content\/uploads\/2025\/04\/MEINE-COUCH-GZUZ-BONEZ-MCink-and-watercolor-on-paper-300x423.jpg 300w, https:\/\/d.r1.wbsprt.com\/cerstveovocie.sk\/wp-content\/uploads\/2025\/04\/MEINE-COUCH-GZUZ-BONEZ-MCink-and-watercolor-on-paper.jpg 742w\" sizes=\"auto, (max-width: 727px) 100vw, 727px\" \/><figcaption class=\"wp-element-caption\"><em>MEINE COUCH (GZUZ, BONEZ MC)(ink and watercolor on paper)<\/em><\/figcaption><\/figure>\n<\/figure>\n\n\n\n<p>Michalova tvorba je \u017e\u00e1nrovo a obsahovo pestr\u00e1, no jej charakteristiky ost\u00e1vaj\u00fa konzistentn\u00e9: figur\u00e1lnos\u0165, text, anga\u017eovanos\u0165, humor a estetika na pomedz\u00ed medzi kresbou a ma\u013ebou. Je to obrazov\u00fd svet, ktor\u00fd reaguje na ka\u017edodennos\u0165 \u2013 niekedy s ir\u00f3niou, inokedy s melanch\u00f3liou \u2013 no v\u017edy s osobn\u00fdm postojom a v\u00fdraznou v\u00fdtvarnou energiou. Tvorba Michala \u0160umichrasta je rozmanit\u00e1 nielen tematicky a technicky, ale aj \u010do sa t\u00fdka v\u00fdstavn\u00fdch a projektov\u00fdch spolupr\u00e1c. Svoje diela prezentuje najm\u00e4 formou v\u00fdstav \u2013 samostatn\u00fdch aj kolekt\u00edvnych \u2013, pri\u010dom \u010dasto vytv\u00e1ra nov\u00e9 cykly priamo na mieru konkr\u00e9tnemu priestoru. Medzi jeho v\u00fdznamn\u00e9 projekty patria:<\/p>\n\n\n\n<p><strong>Spolupr\u00e1ca s mesa\u010dn\u00edkom Kapit\u00e1l.<\/strong>&nbsp;Jednou z d\u00f4le\u017eit\u00fdch sk\u00fasenost\u00ed bola spolupr\u00e1ca s anga\u017eovan\u00fdm kult\u00farno-spolo\u010densk\u00fdm mesa\u010dn\u00edkom&nbsp;<a href=\"https:\/\/kapital-noviny.sk\/\" target=\"_blank\" rel=\"noreferrer noopener\">Kapit\u00e1l<\/a>,&nbsp;pre ktor\u00fd&nbsp;<a href=\"https:\/\/kapital-noviny.sk\/zanre\/komiks\/\" target=\"_blank\" rel=\"noreferrer noopener\">vytv\u00e1ral pravideln\u00e9 komiksy<\/a>.&nbsp;<em>\u201eBolo to pre m\u0148a z\u00e1sadn\u00e9 \u2013 nau\u010dil som sa pracova\u0165 v inom re\u017eime, v inom m\u00e9diu. Nie som komiksov\u00fd fanatik, ale bavilo ma to. Komiks mal ma\u0165 za\u010diatok, koniec, zmysel a e\u0161te aj humor.\u201c<\/em>&nbsp;Pr\u00e1ve tu si vytvoril postavi\u010dku zakuklenej ma\u010dky \u2013 mot\u00edv, ktor\u00fd sa nesk\u00f4r objavil aj v jeho vo\u013enej tvorbe.<\/p>\n\n\n\n<figure class=\"wp-block-gallery has-nested-images columns-default is-cropped wp-block-gallery-9 is-layout-flex wp-block-gallery-is-layout-flex\">\n<figure class=\"wp-block-image size-large\"><img loading=\"lazy\" decoding=\"async\" width=\"751\" height=\"1024\" data-id=\"7071\" src=\"https:\/\/www.cerstveovocie.sk\/wp-content\/uploads\/2025\/04\/Komiks_2022-03-UKRAJINA-751x1024.jpg\" alt=\"\" class=\"wp-image-7071\" srcset=\"https:\/\/d.r1.wbsprt.com\/cerstveovocie.sk\/wp-content\/uploads\/2025\/04\/Komiks_2022-03-UKRAJINA-751x1024.jpg 751w, https:\/\/d.r1.wbsprt.com\/cerstveovocie.sk\/wp-content\/uploads\/2025\/04\/Komiks_2022-03-UKRAJINA-220x300.jpg 220w, https:\/\/d.r1.wbsprt.com\/cerstveovocie.sk\/wp-content\/uploads\/2025\/04\/Komiks_2022-03-UKRAJINA-768x1048.jpg 768w, https:\/\/d.r1.wbsprt.com\/cerstveovocie.sk\/wp-content\/uploads\/2025\/04\/Komiks_2022-03-UKRAJINA-300x409.jpg 300w, https:\/\/d.r1.wbsprt.com\/cerstveovocie.sk\/wp-content\/uploads\/2025\/04\/Komiks_2022-03-UKRAJINA.jpg 1024w\" sizes=\"auto, (max-width: 751px) 100vw, 751px\" \/><figcaption class=\"wp-element-caption\"><em>Komiks pre Kapit\u00e1l 2022 03 UKRAJINA<\/em><\/figcaption><\/figure>\n\n\n\n<figure class=\"wp-block-image size-large\"><img loading=\"lazy\" decoding=\"async\" width=\"706\" height=\"1024\" data-id=\"7072\" src=\"https:\/\/www.cerstveovocie.sk\/wp-content\/uploads\/2025\/04\/Komiks_2023-06-SOCIALNA-DEMOKRACIA-706x1024.jpg\" alt=\"\" class=\"wp-image-7072\" srcset=\"https:\/\/d.r1.wbsprt.com\/cerstveovocie.sk\/wp-content\/uploads\/2025\/04\/Komiks_2023-06-SOCIALNA-DEMOKRACIA-706x1024.jpg 706w, https:\/\/d.r1.wbsprt.com\/cerstveovocie.sk\/wp-content\/uploads\/2025\/04\/Komiks_2023-06-SOCIALNA-DEMOKRACIA-207x300.jpg 207w, https:\/\/d.r1.wbsprt.com\/cerstveovocie.sk\/wp-content\/uploads\/2025\/04\/Komiks_2023-06-SOCIALNA-DEMOKRACIA-768x1114.jpg 768w, https:\/\/d.r1.wbsprt.com\/cerstveovocie.sk\/wp-content\/uploads\/2025\/04\/Komiks_2023-06-SOCIALNA-DEMOKRACIA-300x435.jpg 300w, https:\/\/d.r1.wbsprt.com\/cerstveovocie.sk\/wp-content\/uploads\/2025\/04\/Komiks_2023-06-SOCIALNA-DEMOKRACIA.jpg 1024w\" sizes=\"auto, (max-width: 706px) 100vw, 706px\" \/><figcaption class=\"wp-element-caption\"><em>Komiks pre Kapit\u00e1l 2023 06 SOCI\u00c1LNA DEMOKRACIA<\/em><\/figcaption><\/figure>\n<\/figure>\n\n\n\n<p><strong>1-800-CATS&nbsp;(<\/strong>Art Books Coffe, Bratislava, 2021).&nbsp;V\u00fdstava&nbsp;<a href=\"https:\/\/www.artbookscoffee.sk\/blog\/2021\/03\/03\/michal-sumichrast\/\" target=\"_blank\" rel=\"noreferrer noopener\">1-800-CATS<\/a>&nbsp;predstavila Michalov ikonick\u00fd mot\u00edv \u2013 \u201ema\u010dky v kukl\u00e1ch\u201c. Symbol anarchie, odporu, ale aj jemnej ir\u00f3nie preniesol Michal z ul\u00edc, plag\u00e1tov a komiksov do priestoru gal\u00e9rie&nbsp;<a href=\"https:\/\/www.instagram.com\/artbookscoffee_ba\/\" target=\"_blank\" rel=\"noreferrer noopener\">Art Books Coffee<\/a>. Kur\u00e1torkou v\u00fdstavy bola Beata Jablonsk\u00e1. V\u00fdstava odhalila z\u00e1kulisie tvorby tohto mot\u00edvu \u2013 od sk\u00edc a kresieb a\u017e po fin\u00e1lne ma\u013eby. Diela p\u00f4sobili ako z\u00e1znamy neust\u00e1leho v\u00fdtvarn\u00e9ho procesu, pri\u010dom v\u00fdstava evokovala pocit ateli\u00e9ru pln\u00e9ho pl\u00e1nov, z\u00e1sahov a vrstiev. \u201eMa\u010dky v kukl\u00e1ch\u201c sa tu uk\u00e1zali nielen ako subverz\u00edvny prvok, ale aj ako poetick\u00fd symbol rezistencie a nez\u00e1vislosti v autorskej mytol\u00f3gii Michala \u0160umichrasta.<\/p>\n\n\n\n<figure class=\"wp-block-gallery has-nested-images columns-default is-cropped wp-block-gallery-10 is-layout-flex wp-block-gallery-is-layout-flex\">\n<figure class=\"wp-block-image size-large\"><img loading=\"lazy\" decoding=\"async\" width=\"1024\" height=\"683\" data-id=\"7073\" src=\"https:\/\/www.cerstveovocie.sk\/wp-content\/uploads\/2025\/04\/1-800-CATS_6-1024x683.jpg\" alt=\"\" class=\"wp-image-7073\" srcset=\"https:\/\/d.r1.wbsprt.com\/cerstveovocie.sk\/wp-content\/uploads\/2025\/04\/1-800-CATS_6-1024x683.jpg 1024w, https:\/\/d.r1.wbsprt.com\/cerstveovocie.sk\/wp-content\/uploads\/2025\/04\/1-800-CATS_6-300x200.jpg 300w, https:\/\/d.r1.wbsprt.com\/cerstveovocie.sk\/wp-content\/uploads\/2025\/04\/1-800-CATS_6-768x512.jpg 768w, https:\/\/d.r1.wbsprt.com\/cerstveovocie.sk\/wp-content\/uploads\/2025\/04\/1-800-CATS_6-1536x1024.jpg 1536w, https:\/\/d.r1.wbsprt.com\/cerstveovocie.sk\/wp-content\/uploads\/2025\/04\/1-800-CATS_6.jpg 2048w\" sizes=\"auto, (max-width: 1024px) 100vw, 1024px\" \/><figcaption class=\"wp-element-caption\"><em>1-800-CATS&nbsp;(Art Books Coffe, Bratislava, 2021)<\/em><\/figcaption><\/figure>\n<\/figure>\n\n\n\n<p><strong>Still Not Dreaming of Labor<\/strong>&nbsp;(blu : gallery, Modra, 2022).&nbsp;V roku 2022 mal Michal samostatn\u00fa v\u00fdstavu v&nbsp;<a href=\"https:\/\/www.blugallery.sk\/\" target=\"_blank\" rel=\"noreferrer noopener\">blu : gallery v Modre<\/a>&nbsp;s n\u00e1zvom&nbsp;<a href=\"https:\/\/kapital-noviny.sk\/you-can-be-the-boss-anti-hehe\/\" target=\"_blank\" rel=\"noreferrer noopener\">Still Not Dreaming of Labor<\/a>, ktor\u00fa kur\u00e1torsky pripravila Beata Jablonsk\u00e1. V\u00fdstava tematizovala ka\u017edodennos\u0165 zamestnanca v korpor\u00e1te, \u010derpala z literat\u00fary, najm\u00e4 z knihy Davida Graebera&nbsp;s&nbsp;n\u00e1zvom&nbsp;<em>Bullshit Jobs.<\/em>&nbsp;<em>\u201eVe\u013ea vec\u00ed sa mi po\u010das \u010d\u00edtania za\u010dalo zjavova\u0165 pred o\u010dami \u2013 tak som to spracoval do v\u00fdstavy.\u201c<\/em>&nbsp;V\u00fdstava kombinovala kritiku kapitalistick\u00e9ho syst\u00e9mu s typick\u00fdm Michalov\u00fdm humorom a vizu\u00e1lnou hrou.&nbsp;<\/p>\n\n\n\n<figure class=\"wp-block-gallery has-nested-images columns-default is-cropped wp-block-gallery-11 is-layout-flex wp-block-gallery-is-layout-flex\">\n<figure class=\"wp-block-image size-large\"><img loading=\"lazy\" decoding=\"async\" width=\"712\" height=\"1024\" data-id=\"7074\" src=\"https:\/\/www.cerstveovocie.sk\/wp-content\/uploads\/2025\/04\/Still-Not-Dreaming-of-Labor_MY-BOSS-JUST-FOUND-MY-BOOK-akryl-na-platne-100cm-x-140cm-2022-712x1024.jpeg\" alt=\"\" class=\"wp-image-7074\" srcset=\"https:\/\/d.r1.wbsprt.com\/cerstveovocie.sk\/wp-content\/uploads\/2025\/04\/Still-Not-Dreaming-of-Labor_MY-BOSS-JUST-FOUND-MY-BOOK-akryl-na-platne-100cm-x-140cm-2022-712x1024.jpeg 712w, https:\/\/d.r1.wbsprt.com\/cerstveovocie.sk\/wp-content\/uploads\/2025\/04\/Still-Not-Dreaming-of-Labor_MY-BOSS-JUST-FOUND-MY-BOOK-akryl-na-platne-100cm-x-140cm-2022-209x300.jpeg 209w, https:\/\/d.r1.wbsprt.com\/cerstveovocie.sk\/wp-content\/uploads\/2025\/04\/Still-Not-Dreaming-of-Labor_MY-BOSS-JUST-FOUND-MY-BOOK-akryl-na-platne-100cm-x-140cm-2022-768x1105.jpeg 768w, https:\/\/d.r1.wbsprt.com\/cerstveovocie.sk\/wp-content\/uploads\/2025\/04\/Still-Not-Dreaming-of-Labor_MY-BOSS-JUST-FOUND-MY-BOOK-akryl-na-platne-100cm-x-140cm-2022-300x432.jpeg 300w, https:\/\/d.r1.wbsprt.com\/cerstveovocie.sk\/wp-content\/uploads\/2025\/04\/Still-Not-Dreaming-of-Labor_MY-BOSS-JUST-FOUND-MY-BOOK-akryl-na-platne-100cm-x-140cm-2022.jpeg 1024w\" sizes=\"auto, (max-width: 712px) 100vw, 712px\" \/><figcaption class=\"wp-element-caption\"><em>Still Not Dreaming of Labor: MY BOSS JUST FOUND MY BOOK (akryl na pl\u00e1tne, 100cm x 140cm, 2022)<\/em><\/figcaption><\/figure>\n\n\n\n<figure class=\"wp-block-image size-large\"><img loading=\"lazy\" decoding=\"async\" width=\"719\" height=\"1024\" data-id=\"7075\" src=\"https:\/\/www.cerstveovocie.sk\/wp-content\/uploads\/2025\/04\/Still-Not-Dreaming-of-Labor_VERY-TIRED-II-tus-na-papieri-295cm-x-415cm-2022-719x1024.jpeg\" alt=\"\" class=\"wp-image-7075\" srcset=\"https:\/\/d.r1.wbsprt.com\/cerstveovocie.sk\/wp-content\/uploads\/2025\/04\/Still-Not-Dreaming-of-Labor_VERY-TIRED-II-tus-na-papieri-295cm-x-415cm-2022-719x1024.jpeg 719w, https:\/\/d.r1.wbsprt.com\/cerstveovocie.sk\/wp-content\/uploads\/2025\/04\/Still-Not-Dreaming-of-Labor_VERY-TIRED-II-tus-na-papieri-295cm-x-415cm-2022-211x300.jpeg 211w, https:\/\/d.r1.wbsprt.com\/cerstveovocie.sk\/wp-content\/uploads\/2025\/04\/Still-Not-Dreaming-of-Labor_VERY-TIRED-II-tus-na-papieri-295cm-x-415cm-2022-768x1094.jpeg 768w, https:\/\/d.r1.wbsprt.com\/cerstveovocie.sk\/wp-content\/uploads\/2025\/04\/Still-Not-Dreaming-of-Labor_VERY-TIRED-II-tus-na-papieri-295cm-x-415cm-2022-300x427.jpeg 300w, https:\/\/d.r1.wbsprt.com\/cerstveovocie.sk\/wp-content\/uploads\/2025\/04\/Still-Not-Dreaming-of-Labor_VERY-TIRED-II-tus-na-papieri-295cm-x-415cm-2022.jpeg 1024w\" sizes=\"auto, (max-width: 719px) 100vw, 719px\" \/><figcaption class=\"wp-element-caption\"><em>Still Not Dreaming of Labor: VERY TIRED II (tu\u0161 na papieri, 29,5cm x 41,5cm, 2022)<\/em><\/figcaption><\/figure>\n<\/figure>\n\n\n\n<p><strong>They Don\u2019t Love You Like I Love You&nbsp;(<\/strong>Art Books Coffe, Bratislava, 2023).&nbsp;\u010eal\u0161ou v\u00fdraznou v\u00fdstavou bola&nbsp;<a href=\"https:\/\/www.artbookscoffee.sk\/blog\/2023\/06\/08\/michal-sumichrast-they-dont-love-you-like-i-love-you\/\" target=\"_blank\" rel=\"noreferrer noopener\">They Don\u2019t Love You Like I Love You<\/a>,&nbsp;ktor\u00e1 sa konala v gal\u00e9rii&nbsp;<a href=\"https:\/\/www.instagram.com\/artbookscoffee_ba\/\" target=\"_blank\" rel=\"noreferrer noopener\">Art Books Coffee<\/a>. V\u00fdstava predstavila s\u00e9riu diel, v ktor\u00fdch Michal reflektoval osobn\u00e9 vz\u0165ahy, int\u00edmu, samotu a emocion\u00e1lnu pr\u00e1zdnotu s\u00fa\u010dasnosti. Kur\u00e1tor v\u00fdstavy, Pavol \u010cejka, prispel k v\u00fdstave textom, laden\u00fdm do dial\u00f3govej formy medzi otcom a&nbsp;synom. Text reflektoval t\u00e9my komunik\u00e1cie, porozumenia a genera\u010dn\u00fdch rozdielov, \u010do kore\u0161pondovalo s celkovou atmosf\u00e9rou v\u00fdstavy. V\u00fdstava They Don\u2019t Love You Like I Love You tak poskytla n\u00e1v\u0161tevn\u00edkom hlbok\u00fd poh\u013ead do Michalovho vn\u00fatorn\u00e9ho sveta, jeho vn\u00edmania medzi\u013eudsk\u00fdch vz\u0165ahov a kritick\u00e9ho poh\u013eadu na spolo\u010densk\u00e9 javy.<\/p>\n\n\n\n<figure class=\"wp-block-gallery has-nested-images columns-default is-cropped wp-block-gallery-12 is-layout-flex wp-block-gallery-is-layout-flex\">\n<figure class=\"wp-block-image size-large\"><img loading=\"lazy\" decoding=\"async\" width=\"1024\" height=\"753\" data-id=\"7076\" src=\"https:\/\/www.cerstveovocie.sk\/wp-content\/uploads\/2025\/04\/THEY-DONT-LOVE-YOU-LIKE-I-LOVE-YOU_9-1024x753.jpg\" alt=\"\" class=\"wp-image-7076\" srcset=\"https:\/\/d.r1.wbsprt.com\/cerstveovocie.sk\/wp-content\/uploads\/2025\/04\/THEY-DONT-LOVE-YOU-LIKE-I-LOVE-YOU_9-1024x753.jpg 1024w, https:\/\/d.r1.wbsprt.com\/cerstveovocie.sk\/wp-content\/uploads\/2025\/04\/THEY-DONT-LOVE-YOU-LIKE-I-LOVE-YOU_9-300x221.jpg 300w, https:\/\/d.r1.wbsprt.com\/cerstveovocie.sk\/wp-content\/uploads\/2025\/04\/THEY-DONT-LOVE-YOU-LIKE-I-LOVE-YOU_9-768x565.jpg 768w, https:\/\/d.r1.wbsprt.com\/cerstveovocie.sk\/wp-content\/uploads\/2025\/04\/THEY-DONT-LOVE-YOU-LIKE-I-LOVE-YOU_9.jpg 1041w\" sizes=\"auto, (max-width: 1024px) 100vw, 1024px\" \/><figcaption class=\"wp-element-caption\"><em>They Don\u2019t Love You Like I Love You&nbsp;(Art Books Coffe, Bratislava, 2023)<\/em><\/figcaption><\/figure>\n<\/figure>\n\n\n\n<p><strong>Z o\u010d\u00ed mi tr\u010dali no\u017ee&nbsp;<\/strong>(Rare Cultural Space, Bratislava, 2024). V\u00fdstava Z o\u010d\u00ed mi tr\u010dali no\u017ee spojila troch umelcov \u2013 Michala \u0160umichrasta,&nbsp;<a href=\"https:\/\/www.instagram.com\/janbatorek\/\" target=\"_blank\" rel=\"noreferrer noopener\">J\u00e1na B\u00e1toreka<\/a>&nbsp;a&nbsp;<a href=\"https:\/\/www.instagram.com\/golak.michal\/\" target=\"_blank\" rel=\"noreferrer noopener\">Michala Gol\u00e1ka<\/a>&nbsp;\u2013 ktor\u00ed vo svojich dielach reflektovali osobn\u00e9 mytol\u00f3gie, traumy a spolo\u010densk\u00e9 archetypy. Ka\u017ed\u00fd z nich prispel svoj\u00edm unik\u00e1tnym pr\u00edstupom k vizu\u00e1lnemu umeniu, \u010d\u00edm spolo\u010dne vytvorili v\u00fdstavu s hlbok\u00fdm emocion\u00e1lnym n\u00e1bojom. V\u00fdstava sa konala v bratislavskom priestore&nbsp;<a href=\"https:\/\/www.instagram.com\/rare_cultural_space\/\" target=\"_blank\" rel=\"noreferrer noopener\">Rare Cultural Space<\/a>&nbsp;a kur\u00e1torsky ju zastre\u0161il&nbsp;<a href=\"https:\/\/www.instagram.com\/palocejka\/\" target=\"_blank\" rel=\"noreferrer noopener\">Palo \u010cejka<\/a>. Trojica autorov vytvorila vizu\u00e1lne siln\u00fd a tematicky znepokojuj\u00faci celok, ktor\u00fd kombinoval kresbu, ma\u013ebu a objekt v int\u00edmnej in\u0161tal\u00e1cii.<\/p>\n\n\n\n<figure class=\"wp-block-gallery has-nested-images columns-default is-cropped wp-block-gallery-13 is-layout-flex wp-block-gallery-is-layout-flex\">\n<figure class=\"wp-block-image size-large\"><img loading=\"lazy\" decoding=\"async\" width=\"1024\" height=\"685\" data-id=\"7078\" src=\"https:\/\/www.cerstveovocie.sk\/wp-content\/uploads\/2025\/04\/Z-OCI-MI-TRCALI-NOZE-Knives-were-sticking-out-of-my-eyes-foto-Sabina-Skolkova-@sabinka_skolkova_1-1024x685.jpg\" alt=\"\" class=\"wp-image-7078\" srcset=\"https:\/\/d.r1.wbsprt.com\/cerstveovocie.sk\/wp-content\/uploads\/2025\/04\/Z-OCI-MI-TRCALI-NOZE-Knives-were-sticking-out-of-my-eyes-foto-Sabina-Skolkova-@sabinka_skolkova_1-1024x685.jpg 1024w, https:\/\/d.r1.wbsprt.com\/cerstveovocie.sk\/wp-content\/uploads\/2025\/04\/Z-OCI-MI-TRCALI-NOZE-Knives-were-sticking-out-of-my-eyes-foto-Sabina-Skolkova-@sabinka_skolkova_1-300x201.jpg 300w, https:\/\/d.r1.wbsprt.com\/cerstveovocie.sk\/wp-content\/uploads\/2025\/04\/Z-OCI-MI-TRCALI-NOZE-Knives-were-sticking-out-of-my-eyes-foto-Sabina-Skolkova-@sabinka_skolkova_1-768x514.jpg 768w, https:\/\/d.r1.wbsprt.com\/cerstveovocie.sk\/wp-content\/uploads\/2025\/04\/Z-OCI-MI-TRCALI-NOZE-Knives-were-sticking-out-of-my-eyes-foto-Sabina-Skolkova-@sabinka_skolkova_1.jpg 1060w\" sizes=\"auto, (max-width: 1024px) 100vw, 1024px\" \/><figcaption class=\"wp-element-caption\"><em>Z o\u010d\u00ed mi tr\u010dali no\u017ee&nbsp;| <em>Knives were sticking out of my eyes<\/em><\/em> <em>(Rare Cultural Space, Bratislava, 2024) (foto Sab\u00edna \u0160kolkov\u00e1 | @sabinka_skolkova)<\/em><\/figcaption><\/figure>\n<\/figure>\n\n\n\n<p><strong>Every day same things happen<\/strong>&nbsp;(ATELIER XIII, Bratislava, 2025). V marci 2025 vystavoval Michal spolo\u010dne s&nbsp;<a href=\"https:\/\/www.instagram.com\/janbatorek\/\" target=\"_blank\" rel=\"noreferrer noopener\">J\u00e1nom B\u00e1torekom<\/a>&nbsp;v bratislavskej gal\u00e9rii&nbsp;<a href=\"https:\/\/www.instagram.com\/atelierxiii\/\" target=\"_blank\" rel=\"noreferrer noopener\">ATELIER XIII<\/a>&nbsp;na spolo\u010dnej v\u00fdstave s n\u00e1zvom&nbsp;<a href=\"https:\/\/www.atelierxiii.com\/jan-batorek-michal-sumichrast-%E2%98%85-every-day-same-things-happen\/\" target=\"_blank\" rel=\"noreferrer noopener\">Every day same things happen<\/a>*. V\u00fdstava reflektovala \u017eivot v s\u00eddliskovom prostred\u00ed a ka\u017edodennos\u0165, ktor\u00e1 m\u00f4\u017ee p\u00f4sobi\u0165 monot\u00f3nne, ale z\u00e1rove\u0148 ukr\u00fdva int\u00edmne a osobn\u00e9 vrstvy. Obe autorsk\u00e9 polohy sa stretli v spolo\u010dnej vizu\u00e1lnej poetike, no ka\u017ed\u00fd z umelcov z nej vych\u00e1dzal in\u00fdm sp\u00f4sobom. Michal sa zameral na fig\u00fary a sc\u00e9nky zo s\u00eddliskov\u00e9ho \u017eivota, pri\u010dom pracoval s airbrushom na pl\u00e1tne, kombinoval text a obraz, jemn\u00fa ir\u00f3niu a nostalgick\u00fd vizu\u00e1lny jazyk. V\u00fdstava bola v\u00fdnimo\u010dn\u00e1 t\u00fdm, \u017ee vznikla za ve\u013emi kr\u00e1tky \u010das po pozvan\u00ed zo strany gal\u00e9rie, \u010do obaja autori premenili na intenz\u00edvny tvoriv\u00fd impulz.&nbsp;<em>\u201eObidvaja tam pracujeme s t\u00fdm s\u00eddliskom, akur\u00e1t ka\u017ed\u00fd nejako inak\u2026\u201c<\/em>&nbsp;hovor\u00ed Michal. V\u00fdstava nadviazala na ich predch\u00e1dzaj\u00facu spolupr\u00e1cu a potvrdila siln\u00fa autorsk\u00fa ch\u00e9miu.<\/p>\n\n\n\n<figure class=\"wp-block-gallery has-nested-images columns-default is-cropped wp-block-gallery-14 is-layout-flex wp-block-gallery-is-layout-flex\">\n<figure class=\"wp-block-image size-large\"><img loading=\"lazy\" decoding=\"async\" width=\"1024\" height=\"683\" data-id=\"7079\" src=\"https:\/\/www.cerstveovocie.sk\/wp-content\/uploads\/2025\/04\/Every-day-same-things-happen_foto-Otto-Banyak-ATELIER-XIII-2025-1024x683.jpg\" alt=\"\" class=\"wp-image-7079\" srcset=\"https:\/\/d.r1.wbsprt.com\/cerstveovocie.sk\/wp-content\/uploads\/2025\/04\/Every-day-same-things-happen_foto-Otto-Banyak-ATELIER-XIII-2025-1024x683.jpg 1024w, https:\/\/d.r1.wbsprt.com\/cerstveovocie.sk\/wp-content\/uploads\/2025\/04\/Every-day-same-things-happen_foto-Otto-Banyak-ATELIER-XIII-2025-300x200.jpg 300w, https:\/\/d.r1.wbsprt.com\/cerstveovocie.sk\/wp-content\/uploads\/2025\/04\/Every-day-same-things-happen_foto-Otto-Banyak-ATELIER-XIII-2025-768x512.jpg 768w, https:\/\/d.r1.wbsprt.com\/cerstveovocie.sk\/wp-content\/uploads\/2025\/04\/Every-day-same-things-happen_foto-Otto-Banyak-ATELIER-XIII-2025-1536x1024.jpg 1536w, https:\/\/d.r1.wbsprt.com\/cerstveovocie.sk\/wp-content\/uploads\/2025\/04\/Every-day-same-things-happen_foto-Otto-Banyak-ATELIER-XIII-2025.jpg 2048w\" sizes=\"auto, (max-width: 1024px) 100vw, 1024px\" \/><figcaption class=\"wp-element-caption\"><em>Every day same things happen&nbsp;(ATELIER XIII, Bratislava, 2025) (foto Otto Bany\u00e1k)<\/em><\/figcaption><\/figure>\n<\/figure>\n\n\n\n<p class=\"has-small-font-size\">*Celosvetov\u00fd trend pr\u00edklonu k iracionalite je ne\u00faprosn\u00fd a t\u00fdka sa n\u00e1s v\u0161etk\u00fdch, \u010di u\u017e priamo alebo vo svojich d\u00f4sledkoch. T\u00ed, \u010do v posledn\u00fdch rokoch najviac hovorili o svetovom sprisahan\u00ed miliard\u00e1rov, teraz tlieskaj\u00fa najbohat\u0161iemu t\u00fdpkovi na plan\u00e9te ako hromad\u00ed politick\u00fa moc a te\u0161ia sa na to, ako mu odovzdaj\u00fa svoje chab\u00e9 \u00faspory, ako sa hovor\u00ed, na tanieriku s modr\u00fdm p\u00e1sikom\u2026 Nejde tu o \u017eiadnu sofistikovan\u00fa filozofiu, hodnoty \u010di v\u00edziu, ale len o prachy. \u0160koda, mohlo to by\u0165 nie\u010do z\u00e1bavnej\u0161ie, ke\u010f u\u017e pre to v\u0161etci \u00faboho zakapeme. V tejto morovej kl\u00edme sa napodiv e\u0161te st\u00e1le stret\u00e1vame so z\u00e1bleskami kult\u00fary. Magick\u00e9 myslenie v\u0161ak u\u017e presiaklo aj do miest kde by sme ho \u010dakali najmenej. Dvojica inak du\u0161evne stabiln\u00fdch slovensk\u00fdch v\u00fdtvarn\u00edkov J\u00e1n B\u00e1torek a Michal \u0160umichrast sa pustili na tenk\u00fd \u013ead okultizmu. Viedlo ich k tomu z\u00fafalstvo a mizern\u00e9 vyhliadky sveta. Prostredn\u00edctvom m\u00e9dia sa pok\u00fasili nahliadnu\u0165 do ne\u010falekej bud\u00facnosti a z poznatkov, ktor\u00e9 takto z\u00edskali, vytvorili model dejov, ktor\u00e9 n\u00e1s e\u0161te len \u010dakaj\u00fa. Ka\u017ed\u00e9mu, kto niekedy nav\u0161t\u00edvil ak\u00e9ko\u013evek panelov\u00e9 s\u00eddlisko, bude t\u00e1to ich v\u00edzia nie\u010do pripom\u00edna\u0165. Bo\u010dn\u00fdm produktom projektu je text N\u00f3rskej black metalovej skupiny GRISEBLODSANG, ktor\u00e1 vznikne a presl\u00e1vi sa niekedy v roku 2026. Autor textu: Pavol \u010cejka<\/p>\n\n\n\n<figure class=\"wp-block-gallery has-nested-images columns-default is-cropped wp-block-gallery-15 is-layout-flex wp-block-gallery-is-layout-flex\">\n<figure class=\"wp-block-image size-large\"><img loading=\"lazy\" decoding=\"async\" width=\"1024\" height=\"769\" data-id=\"7080\" src=\"https:\/\/www.cerstveovocie.sk\/wp-content\/uploads\/2025\/04\/ZLATO-PADA-Z-NEBA-family-portrait-2023-foto-Tomas-Banik-@patkan_noodles-1024x769.jpg\" alt=\"\" class=\"wp-image-7080\" srcset=\"https:\/\/d.r1.wbsprt.com\/cerstveovocie.sk\/wp-content\/uploads\/2025\/04\/ZLATO-PADA-Z-NEBA-family-portrait-2023-foto-Tomas-Banik-@patkan_noodles-1024x769.jpg 1024w, https:\/\/d.r1.wbsprt.com\/cerstveovocie.sk\/wp-content\/uploads\/2025\/04\/ZLATO-PADA-Z-NEBA-family-portrait-2023-foto-Tomas-Banik-@patkan_noodles-300x225.jpg 300w, https:\/\/d.r1.wbsprt.com\/cerstveovocie.sk\/wp-content\/uploads\/2025\/04\/ZLATO-PADA-Z-NEBA-family-portrait-2023-foto-Tomas-Banik-@patkan_noodles-768x577.jpg 768w, https:\/\/d.r1.wbsprt.com\/cerstveovocie.sk\/wp-content\/uploads\/2025\/04\/ZLATO-PADA-Z-NEBA-family-portrait-2023-foto-Tomas-Banik-@patkan_noodles.jpg 1038w\" sizes=\"auto, (max-width: 1024px) 100vw, 1024px\" \/><figcaption class=\"wp-element-caption\"><em>ZLATO PADA Z N\u20acBA | family portrait, 2023 (foto Tom\u00e1\u0161 B\u00e1nik | @patkan_noodles)<\/em><\/figcaption><\/figure>\n<\/figure>\n\n\n\n<p><strong>Spolupr\u00e1ce s Dion\u00fdzom Trosk\u00f3m a&nbsp;\u010fal\u0161\u00edmi umelcami.<\/strong>&nbsp;V\u00fdznamn\u00fa \u010das\u0165 jeho portf\u00f3lia tvoria kolaborat\u00edvne v\u00fdstavy s Dion\u00fdzom Trosk\u00f3m, Filipom Sabolom, Palom \u010cejkom a \u010fal\u0161\u00edmi. V tejto skupine vytvorili nieko\u013eko v\u00fdstav, ktor\u00e9 pracovali s priestorom, objektmi, ready-made estetikou a kolekt\u00edvnym koment\u00e1rom:<\/p>\n\n\n\n<p><strong><a href=\"http:\/\/www.gjb.sk\/index.php\/2024\/02\/23\/zlato-pada-z-neba-dionyz-trosko-filip-sabol-michal-sumichrast-pavol-cejka\/\" target=\"_blank\" rel=\"noreferrer noopener\">Zlato pad\u00e1 z neba<\/a><\/strong>&nbsp;(Gal\u00e9ria J\u00faliusa Bindera, Bansk\u00e1 \u0160tiavnica, 2024). V\u00fdstava vznikla v spolupr\u00e1ci <a href=\"https:\/\/www.instagram.com\/holyhotpunx\/\" target=\"_blank\" rel=\"noreferrer noopener\">Dion\u00fdza Troska<\/a>,&nbsp;<a href=\"https:\/\/www.instagram.com\/_filip_sabol\/\" target=\"_blank\" rel=\"noreferrer noopener\">Filipa Sabola<\/a>, Michala \u0160umichrasta a <a href=\"https:\/\/www.instagram.com\/palocejka\/\" target=\"_blank\" rel=\"noreferrer noopener\">Pala \u010cejku<\/a>. Priestory gal\u00e9rie sa premenili na dev\u00e4\u0165desiatkov\u00fa her\u0148u \u2013 nostalgick\u00fd priestor pln\u00fd vizu\u00e1lnych a zmyslov\u00fdch impulzov. V in\u0161tal\u00e1cii sa objavovali poma\u013eovan\u00e9 hracie automaty, tapety, drevotriesky, sveteln\u00e9 efekty a sochy z ne\u00f3nov, ktor\u00e9 spolu vytv\u00e1rali popkult\u00farny mix vizu\u00e1lneho smogu, satiry a sentimentu. T\u00edm autorov vytvoril \u201ezlat\u00fd chr\u00e1m ka\u017edodennosti\u201c, ktor\u00fd ironizoval spolo\u010densk\u00e9 a kult\u00farne hodnoty sp\u00e4t\u00e9 s estetikou konzumu a il\u00faziou v\u00fdhry. Diela vznikli kolekt\u00edvne, \u010dasto s prekr\u00fdvan\u00edm autorstva \u2013 pri\u010dom humor, absurdita a tematizovanie spolo\u010denskej pam\u00e4ti sa stali spojovac\u00edm prvkom celej v\u00fdstavy.<\/p>\n\n\n\n<figure class=\"wp-block-gallery has-nested-images columns-default is-cropped wp-block-gallery-16 is-layout-flex wp-block-gallery-is-layout-flex\">\n<figure class=\"wp-block-image size-large\"><img loading=\"lazy\" decoding=\"async\" width=\"1024\" height=\"576\" data-id=\"7081\" src=\"https:\/\/www.cerstveovocie.sk\/wp-content\/uploads\/2025\/04\/Zlato-pada-z-neba_0-1024x576.jpg\" alt=\"\" class=\"wp-image-7081\" srcset=\"https:\/\/d.r1.wbsprt.com\/cerstveovocie.sk\/wp-content\/uploads\/2025\/04\/Zlato-pada-z-neba_0-1024x576.jpg 1024w, https:\/\/d.r1.wbsprt.com\/cerstveovocie.sk\/wp-content\/uploads\/2025\/04\/Zlato-pada-z-neba_0-300x169.jpg 300w, https:\/\/d.r1.wbsprt.com\/cerstveovocie.sk\/wp-content\/uploads\/2025\/04\/Zlato-pada-z-neba_0-768x432.jpg 768w, https:\/\/d.r1.wbsprt.com\/cerstveovocie.sk\/wp-content\/uploads\/2025\/04\/Zlato-pada-z-neba_0.jpg 1140w\" sizes=\"auto, (max-width: 1024px) 100vw, 1024px\" \/><figcaption class=\"wp-element-caption\"><em>Zlato pad\u00e1 z neba (Gal\u00e9ria J\u00faliusa Bindera, Bansk\u00e1 \u0160tiavnica, 2024)<\/em><\/figcaption><\/figure>\n<\/figure>\n\n\n\n<p><strong><a href=\"https:\/\/www.facebook.com\/galeriatopolcany\/photos\/dion%C3%BDz-trosk%C3%B3-a-michal-%C5%A1umichrast-vytvorili-in%C5%A1tal%C3%A1ciu-ktor%C3%A1-sa-form%C3%A1lne-aj-obsa\/884317313804015\/\">Abyssus Abyssum <\/a><a href=\"https:\/\/www.facebook.com\/galeriatopolcany\/photos\/dion%C3%BDz-trosk%C3%B3-a-michal-%C5%A1umichrast-vytvorili-in%C5%A1tal%C3%A1ciu-ktor%C3%A1-sa-form%C3%A1lne-aj-obsa\/884317313804015\/\" target=\"_blank\" rel=\"noreferrer noopener\">Invocat<\/a><\/strong>&nbsp;(Gal\u00e9ria Topo\u013e\u010dany, Topo\u013e\u010dany, 2023). Michal \u0160umichrast a&nbsp;<a href=\"https:\/\/www.instagram.com\/holyhotpunx\/\" target=\"_blank\" rel=\"noreferrer noopener\">Dion\u00fdz Trosk\u00f3<\/a>, spolu s&nbsp;<a href=\"https:\/\/www.instagram.com\/palocejka\/\" target=\"_blank\" rel=\"noreferrer noopener\">Palom \u010cejkom<\/a> a&nbsp;<a href=\"https:\/\/www.instagram.com\/tedovanie_tattoos\/\" target=\"_blank\" rel=\"noreferrer noopener\">ted01<\/a>, vytvorili v Gal\u00e9rii Topo\u013e\u010dany in\u0161tal\u00e1ciu, ktor\u00e1 sa form\u00e1lne aj obsahovo vracia k tradi\u010dn\u00e9mu sub\u017e\u00e1nru \u201epam\u00e4tnej izby\u201c. I\u0161lo o priestorov\u00fa kol\u00e1\u017e z n\u00e1bytku a dom\u00e1cich predmetov zozbieran\u00fdch z r\u00f4znych k\u00fatov Slovenska. Autori n\u00e1bytok upravili, poma\u013eovali, znefunk\u010dnili alebo postavili do nov\u00fdch kontextov, \u010d\u00edm vznikla miestnos\u0165 pln\u00e1 ir\u00f3nie, spomienok a v\u00fdtvarn\u00fdch z\u00e1sahov. Form\u00e1lne aj obsahovo sa in\u0161tal\u00e1cia pohybovala medzi dizajnom a vo\u013en\u00fdm umen\u00edm, medzi in\u0161tal\u00e1ciou a objektov\u00fdm arch\u00edvom. Ob\u00fdva\u010dka sa tak stala pam\u00e4tn\u00edkom kolekt\u00edvnej ka\u017edodennosti \u2013 nostalgick\u00fdm, ale z\u00e1rove\u0148 kritick\u00fdm poh\u013eadom na dom\u00e1cu kult\u00faru a vizu\u00e1lne dedi\u010dstvo post-socialistick\u00e9ho priestoru.<\/p>\n\n\n\n<figure class=\"wp-block-gallery has-nested-images columns-default is-cropped wp-block-gallery-17 is-layout-flex wp-block-gallery-is-layout-flex\">\n<figure class=\"wp-block-image size-large\"><img loading=\"lazy\" decoding=\"async\" width=\"1020\" height=\"681\" data-id=\"7082\" src=\"https:\/\/www.cerstveovocie.sk\/wp-content\/uploads\/2025\/04\/Abyssus-Abyssum-Invocat-foto-Vlado-Vojtela-@vladovojtela_9.jpg\" alt=\"\" class=\"wp-image-7082\" srcset=\"https:\/\/d.r1.wbsprt.com\/cerstveovocie.sk\/wp-content\/uploads\/2025\/04\/Abyssus-Abyssum-Invocat-foto-Vlado-Vojtela-@vladovojtela_9.jpg 1020w, https:\/\/d.r1.wbsprt.com\/cerstveovocie.sk\/wp-content\/uploads\/2025\/04\/Abyssus-Abyssum-Invocat-foto-Vlado-Vojtela-@vladovojtela_9-300x200.jpg 300w, https:\/\/d.r1.wbsprt.com\/cerstveovocie.sk\/wp-content\/uploads\/2025\/04\/Abyssus-Abyssum-Invocat-foto-Vlado-Vojtela-@vladovojtela_9-768x513.jpg 768w\" sizes=\"auto, (max-width: 1020px) 100vw, 1020px\" \/><figcaption class=\"wp-element-caption\"><em>Abyssus Abyssum Invocat&nbsp;(Gal\u00e9ria Topo\u013e\u010dany, Topo\u013e\u010dany, 2023) (foto Vlado Vojtela | @vladovojtela)<\/em><\/figcaption><\/figure>\n<\/figure>\n\n\n\n<p><strong><a href=\"https:\/\/www.instagram.com\/archa_projekt\/p\/DC1RcVJo2Yp\/?img_index=1\" target=\"_blank\" rel=\"noreferrer noopener\">Spolo\u010dn\u00e1 in\u0161tal\u00e1cia<\/a>&nbsp;<\/strong>(Ka\u0161tie\u013e Moravany nad V\u00e1hom, 2024), ktor\u00fa vytvorili&nbsp;<a href=\"https:\/\/www.instagram.com\/holyhotpunx\/\" target=\"_blank\" rel=\"noreferrer noopener\">Dion\u00fdz Trosk\u00f3<\/a>, Michal \u0160umichrast,&nbsp;<a href=\"https:\/\/www.instagram.com\/palocejka\/\" target=\"_blank\" rel=\"noreferrer noopener\">Palo \u010cejka<\/a>&nbsp;a&nbsp;<a href=\"https:\/\/www.instagram.com\/tedovanie_tattoos\/\" target=\"_blank\" rel=\"noreferrer noopener\">ted01<\/a>&nbsp;v r\u00e1mci projektu&nbsp;<a href=\"https:\/\/www.instagram.com\/archa_projekt\/\" target=\"_blank\" rel=\"noreferrer noopener\">ARCHA slobodnej tvorby<\/a>* je monument\u00e1lnou n\u00e1stennou ma\u013ebou s priestorovou in\u0161tal\u00e1ciou, ktor\u00e1 vzd\u00e1va poctu (vymyslen\u00e9mu?) hrdinovi Henrichovi Kozsuchovi. Projekt vych\u00e1dza z fikcie \u2013 z arch\u00edvneho v\u00fdskumu a n\u00e1hodn\u00e9ho objavu zaplombovan\u00e9ho priestoru, ktor\u00fd mal patri\u0165 tejto legend\u00e1rnej postave z Topo\u013e\u010dian. Autori nar\u00e1baj\u00fa s form\u00e1tom \u201epam\u00e4tnej izby\u201c \u2013 vytv\u00e1raj\u00fa ironick\u00fa, hrav\u00fa, no z\u00e1rove\u0148 melancholick\u00fa in\u0161tal\u00e1ciu, ktor\u00e1 pripom\u00edna nielen Kozsucha, ale aj na\u0161u potrebu vytv\u00e1ra\u0165 si hrdinov, spomienky a pr\u00edbehy. Ma\u013eba a objektov\u00e1 in\u0161tal\u00e1cia nes\u00fa v\u0161etky znaky tvorby z\u00fa\u010dastnen\u00fdch autorov: vrstvenie popkult\u00farnych a historick\u00fdch referenci\u00ed, grotesknos\u0165, falo\u0161n\u00fa pomp\u00e9znos\u0165 i sentiment. Autori s humorom kon\u0161truuj\u00fa neexistuj\u00faceho bohatiera, ktor\u00e9ho z\u00e1sluhy s\u00fa nezmazate\u013en\u00e9 \u2013 aj ke\u010f ich nikto nikdy nevidel. Projekt st\u00e1l na hranici medzi pam\u00e4\u0165ou, fabul\u00e1ciou a kolekt\u00edvnym v\u00fdmyslom. Kur\u00e1torsk\u00fd text k v\u00fdstave vyu\u017e\u00edva jazyk arch\u00edvneho objavu a z\u00e1rove\u0148 \u0161tylizovan\u00e9ho lokalpatriotizmu, \u010d\u00edm vznik\u00e1 bohat\u00fd pr\u00edklad subverz\u00edvneho v\u00fdtvarn\u00e9ho storytellingu<em>.<\/em><\/p>\n\n\n\n<p class=\"has-small-font-size\">*ARCHA je multimedi\u00e1lny v\u00fdstavn\u00fd projekt, ktor\u00fd bude zdru\u017eova\u0165 vystavuj\u00face*ich naprie\u010d umeleck\u00fdm spektrom. Ako spont\u00e1nne komunity demokracie pir\u00e1tskych kor\u00e1bov, sa aj my dnes mus\u00edme zomkn\u00fa\u0165 a h\u013eada\u0165 alternat\u00edvy. Dnes, ke\u010f sa autoritat\u00edvna moc sna\u017e\u00ed nastoli\u0165 svoju verziu poriadku pr\u00edsnym dikt\u00e1tom a nepohodln\u00e9*\u00fdch, ktor\u00e9*\u00fdch \u0161koly vy\u0161kolili slobodne a kriticky myslie\u0165, chce vytla\u010di\u0165 do izolovanosti pomocou panoptik\u00e1lnych prakt\u00edk. Preto bude ARCHA v\u017edy \u00fato\u010diskom pre mlad\u00fa umeleck\u00fa tvorbu, ktor\u00e1 neospravedl\u0148uj\u00faco br\u00e1ni svoju slobodu a podporuje spolupr\u00e1cu. ARCHA bude kotvi\u0165 v\u0161ade tam, kde moc siahne kradmou rukou na umeleck\u00fa slobodu a pon\u00fakne \u00fato\u010disko v\u0161etk\u00fdm, ktor\u00fdm s\u00fa jej hodnoty bl\u00edzke. Tak n\u00e1m dajte va\u0161e*ich slovensk\u00e9*\u00fdch aj neslovensk\u00e9*\u00fdch, va\u0161e odmietnut\u00e9 masy, t\u00fa\u017eiace po slobodnom prejave!<\/p>\n\n\n\n<figure class=\"wp-block-gallery has-nested-images columns-default is-cropped wp-block-gallery-18 is-layout-flex wp-block-gallery-is-layout-flex\">\n<figure class=\"wp-block-image size-large\"><img loading=\"lazy\" decoding=\"async\" width=\"1024\" height=\"767\" data-id=\"7085\" src=\"https:\/\/www.cerstveovocie.sk\/wp-content\/uploads\/2025\/04\/Mental-Relief-fot-Lucia-Lukacova-@revolucia-1024x767.jpeg\" alt=\"\" class=\"wp-image-7085\" srcset=\"https:\/\/d.r1.wbsprt.com\/cerstveovocie.sk\/wp-content\/uploads\/2025\/04\/Mental-Relief-fot-Lucia-Lukacova-@revolucia-1024x767.jpeg 1024w, https:\/\/d.r1.wbsprt.com\/cerstveovocie.sk\/wp-content\/uploads\/2025\/04\/Mental-Relief-fot-Lucia-Lukacova-@revolucia-300x225.jpeg 300w, https:\/\/d.r1.wbsprt.com\/cerstveovocie.sk\/wp-content\/uploads\/2025\/04\/Mental-Relief-fot-Lucia-Lukacova-@revolucia-768x575.jpeg 768w, https:\/\/d.r1.wbsprt.com\/cerstveovocie.sk\/wp-content\/uploads\/2025\/04\/Mental-Relief-fot-Lucia-Lukacova-@revolucia.jpeg 1078w\" sizes=\"auto, (max-width: 1024px) 100vw, 1024px\" \/><figcaption class=\"wp-element-caption\"><em>Mental Relief&nbsp;(Artrooms Moravany, Ka\u0161tie\u013e Moravany nad V\u00e1hom, 2024) (fot Lucia Lukacova | @revolucia)<\/em><\/figcaption><\/figure>\n<\/figure>\n\n\n\n<p><strong><a href=\"https:\/\/www.instagram.com\/kastielmoravany\/p\/C8HQB4hKT7t\/\" target=\"_blank\" rel=\"noreferrer noopener\">Mental Relief<\/a>&nbsp;<\/strong>(Artrooms Moravany, Ka\u0161tie\u013e Moravany nad V\u00e1hom, 2024). Site-specific in\u0161tal\u00e1cia s n\u00e1zvom Mental Relief vznikla v r\u00e1mci v\u00fdstavy Artrooms Moravany ako projekt kolekt\u00edvu S.N.Z.R. a P. (Spolo\u010denstvo n\u00e1hodne zhroma\u017eden\u00fdch radik\u00e1lov a priate\u013eov), ktor\u00fd tvoria v\u00fdtvarn\u00edci&nbsp;<a href=\"https:\/\/www.instagram.com\/holyhotpunx\/\" target=\"_blank\" rel=\"noreferrer noopener\">Dion\u00fdz Trosk\u00f3<\/a>, Michal \u0160umichrast,&nbsp;<a href=\"https:\/\/www.instagram.com\/piky_pumpkin\/\" target=\"_blank\" rel=\"noreferrer noopener\">Michal Hor\u0148\u00e1k<\/a>,&nbsp;<a href=\"https:\/\/www.instagram.com\/_filip_sabol\/\" target=\"_blank\" rel=\"noreferrer noopener\">Filip Sabol<\/a>&nbsp;a&nbsp;<a href=\"https:\/\/www.instagram.com\/palocejka\/\" target=\"_blank\" rel=\"noreferrer noopener\">Palo \u010cejka<\/a>. In\u0161tal\u00e1cia umiestnen\u00e1 do podkrovia historick\u00e9ho ka\u0161tie\u013ea, nes\u00faca n\u00e1zov Povala priate\u013estva, je dobrodru\u017eno-dokument\u00e1rnym cyklom, ktor\u00fd sa hravo aj z\u00e1merne ne\u00factivo pohr\u00e1va s trad\u00edciou pam\u00e4\u0165ov\u00fdch priestorov, muze\u00e1lnych in\u0161tal\u00e1ci\u00ed a historick\u00fdch narat\u00edvov. Autori si za cie\u013e vyt\u00fd\u010dili \u201edemagogick\u00fa interpret\u00e1ciu\u201c kult\u00farnych a spolo\u010densk\u00fdch dej\u00edn \u2013 s pou\u017eit\u00edm vrstvenia faktov, zahmlievania s\u00favislost\u00ed, fikt\u00edvnych objavov a otvorenej mystifik\u00e1cie. D\u00f4le\u017eitou s\u00fa\u010das\u0165ou je aj dekon\u0161trukcia p\u00f4vodn\u00fdch diel socialistick\u00e9ho realizmu, ktor\u00e9 boli prekomponovan\u00e9, prevrstven\u00e9 a manipulovan\u00e9 a\u017e na hranicu \u00faplnej absurdity. V\u00fdsledkom je para-expoz\u00edcia, ktor\u00e1 balansuje medzi fikciou, koment\u00e1rom a \u010dist\u00fdm v\u00fdtvarn\u00fdm cynizmom. Povala priate\u013estva tak nie je len v\u00fdstavn\u00fdm priestorom, ale aj metaforou kolekt\u00edvneho zab\u00fadania a z\u00e1rove\u0148 spochyb\u0148ovania v\u0161etk\u00e9ho, \u010do pova\u017eujeme za historick\u00fa pravdu. Dielo sa pohybuje na hrane pam\u00e4ti a z\u00e1bavy \u2013 a s humorom konfrontuje publikum s ot\u00e1zkami, na ktor\u00e9 mo\u017eno ani netreba h\u013eada\u0165 odpovede.<\/p>\n\n\n\n<figure class=\"wp-block-gallery has-nested-images columns-default is-cropped wp-block-gallery-19 is-layout-flex wp-block-gallery-is-layout-flex\">\n<figure class=\"wp-block-image size-large\"><img loading=\"lazy\" decoding=\"async\" width=\"819\" height=\"1024\" data-id=\"7084\" src=\"https:\/\/www.cerstveovocie.sk\/wp-content\/uploads\/2025\/04\/Mental-Relief_S.N.Z.R.a-P._foto-Ivan-Kalev-819x1024.jpg\" alt=\"\" class=\"wp-image-7084\" srcset=\"https:\/\/d.r1.wbsprt.com\/cerstveovocie.sk\/wp-content\/uploads\/2025\/04\/Mental-Relief_S.N.Z.R.a-P._foto-Ivan-Kalev-819x1024.jpg 819w, https:\/\/d.r1.wbsprt.com\/cerstveovocie.sk\/wp-content\/uploads\/2025\/04\/Mental-Relief_S.N.Z.R.a-P._foto-Ivan-Kalev-240x300.jpg 240w, https:\/\/d.r1.wbsprt.com\/cerstveovocie.sk\/wp-content\/uploads\/2025\/04\/Mental-Relief_S.N.Z.R.a-P._foto-Ivan-Kalev-768x960.jpg 768w, https:\/\/d.r1.wbsprt.com\/cerstveovocie.sk\/wp-content\/uploads\/2025\/04\/Mental-Relief_S.N.Z.R.a-P._foto-Ivan-Kalev-300x375.jpg 300w, https:\/\/d.r1.wbsprt.com\/cerstveovocie.sk\/wp-content\/uploads\/2025\/04\/Mental-Relief_S.N.Z.R.a-P._foto-Ivan-Kalev.jpg 1080w\" sizes=\"auto, (max-width: 819px) 100vw, 819px\" \/><figcaption class=\"wp-element-caption\"><em>S.N.Z.R.a P.: Mental Relief (Artrooms Moravany, Ka\u0161tie\u013e Moravany nad V\u00e1hom, 2024) (foto Ivan Kalev)<\/em><\/figcaption><\/figure>\n\n\n\n<figure class=\"wp-block-image size-large\"><img loading=\"lazy\" decoding=\"async\" width=\"819\" height=\"1024\" data-id=\"7083\" src=\"https:\/\/www.cerstveovocie.sk\/wp-content\/uploads\/2025\/04\/Mental-Relief_S.N.Z.R.a-P-819x1024.jpg\" alt=\"\" class=\"wp-image-7083\" srcset=\"https:\/\/d.r1.wbsprt.com\/cerstveovocie.sk\/wp-content\/uploads\/2025\/04\/Mental-Relief_S.N.Z.R.a-P-819x1024.jpg 819w, https:\/\/d.r1.wbsprt.com\/cerstveovocie.sk\/wp-content\/uploads\/2025\/04\/Mental-Relief_S.N.Z.R.a-P-240x300.jpg 240w, https:\/\/d.r1.wbsprt.com\/cerstveovocie.sk\/wp-content\/uploads\/2025\/04\/Mental-Relief_S.N.Z.R.a-P-768x960.jpg 768w, https:\/\/d.r1.wbsprt.com\/cerstveovocie.sk\/wp-content\/uploads\/2025\/04\/Mental-Relief_S.N.Z.R.a-P-300x375.jpg 300w, https:\/\/d.r1.wbsprt.com\/cerstveovocie.sk\/wp-content\/uploads\/2025\/04\/Mental-Relief_S.N.Z.R.a-P.jpg 1080w\" sizes=\"auto, (max-width: 819px) 100vw, 819px\" \/><figcaption class=\"wp-element-caption\"><em>S.N.Z.R.a P.: Mental Relief&nbsp;(Artrooms Moravany, Ka\u0161tie\u013e Moravany nad V\u00e1hom, 2024) <\/em><\/figcaption><\/figure>\n<\/figure>\n\n\n\n<p>V\u00fdstava&nbsp;<strong>Shop Before Dishonor<\/strong>&nbsp;(Boh\u00e9ma Bar, Bratislava, 2022) bola skupinovou expoz\u00edciou silnej zostavy v&nbsp;zlo\u017een\u00ed&nbsp;<a href=\"https:\/\/www.instagram.com\/holyhotpunx\/\" target=\"_blank\" rel=\"noreferrer noopener\">Dion\u00fdz Trosk\u00f3<\/a>, Michal \u0160umichrast,&nbsp;<a href=\"https:\/\/www.instagram.com\/patkan_noodles\/\" target=\"_blank\" rel=\"noreferrer noopener\">Tom\u00e1\u0161 B\u00e1nik<\/a>&nbsp;a&nbsp;<a href=\"https:\/\/www.instagram.com\/_filip_sabol\/\" target=\"_blank\" rel=\"noreferrer noopener\">Filip Sabol<\/a>, ktor\u00e1 sa konala v gal\u00e9rii Boh\u00e9ma v Bratislave. Kur\u00e1torom v\u00fdstavy bol&nbsp;<a href=\"https:\/\/www.instagram.com\/palocejka\/\" target=\"_blank\" rel=\"noreferrer noopener\">Palo \u010cejka<\/a>.<\/p>\n\n\n\n<figure class=\"wp-block-gallery has-nested-images columns-default is-cropped wp-block-gallery-20 is-layout-flex wp-block-gallery-is-layout-flex\">\n<figure class=\"wp-block-image size-large\"><img loading=\"lazy\" decoding=\"async\" width=\"1024\" height=\"683\" data-id=\"7086\" src=\"https:\/\/www.cerstveovocie.sk\/wp-content\/uploads\/2025\/04\/Shop-Before-Dishonor-foto-Martin-Farky-Farkas-@martin_farky_farkas_1-1024x683.jpg\" alt=\"\" class=\"wp-image-7086\" srcset=\"https:\/\/d.r1.wbsprt.com\/cerstveovocie.sk\/wp-content\/uploads\/2025\/04\/Shop-Before-Dishonor-foto-Martin-Farky-Farkas-@martin_farky_farkas_1-1024x683.jpg 1024w, https:\/\/d.r1.wbsprt.com\/cerstveovocie.sk\/wp-content\/uploads\/2025\/04\/Shop-Before-Dishonor-foto-Martin-Farky-Farkas-@martin_farky_farkas_1-300x200.jpg 300w, https:\/\/d.r1.wbsprt.com\/cerstveovocie.sk\/wp-content\/uploads\/2025\/04\/Shop-Before-Dishonor-foto-Martin-Farky-Farkas-@martin_farky_farkas_1-768x512.jpg 768w, https:\/\/d.r1.wbsprt.com\/cerstveovocie.sk\/wp-content\/uploads\/2025\/04\/Shop-Before-Dishonor-foto-Martin-Farky-Farkas-@martin_farky_farkas_1.jpg 1042w\" sizes=\"auto, (max-width: 1024px) 100vw, 1024px\" \/><figcaption class=\"wp-element-caption\"><em>Shop Before Dishonor (Boh\u00e9ma Bar, Bratislava, 2022)<\/em> <em>(foto Martin Farky Farka\u0161 | @martin_farky_farkas)<\/em><\/figcaption><\/figure>\n<\/figure>\n\n\n\n<p><em>\u201eV\u017edy je to vyst\u00fapenie z komfortu \u2013 Dion\u00fdz rob\u00ed v 3D, ja sa dr\u017e\u00edm 2D. Ale bav\u00ed ma to,\u201c<\/em>&nbsp;prizn\u00e1va Michal.<\/p>\n\n\n\n<p><strong>Zin s porno n\u00e1metmi.<\/strong>&nbsp;Popri v\u00fdstav\u00e1ch vznikaj\u00fa aj men\u0161ie, auton\u00f3mne projekty. Jedn\u00fdm z nich bol vlastn\u00fd zin, ktor\u00fd vytvoril z kresieb s erotickou tematikou.&nbsp;<em>\u201eNevedel som, \u010do s nimi\u2026 vedel som, \u017ee ich nechcem vystavi\u0165. Tak som ich zoskenoval, zviazal a vydal ako zin.\u201c<\/em><\/p>\n\n\n\n<figure class=\"wp-block-gallery has-nested-images columns-default is-cropped wp-block-gallery-21 is-layout-flex wp-block-gallery-is-layout-flex\">\n<figure class=\"wp-block-image size-large\"><img loading=\"lazy\" decoding=\"async\" width=\"1024\" height=\"977\" data-id=\"7088\" src=\"https:\/\/www.cerstveovocie.sk\/wp-content\/uploads\/2025\/04\/First-zine-titled-BAD-TIMES-AHEAD_01-1024x977.jpg\" alt=\"\" class=\"wp-image-7088\" srcset=\"https:\/\/d.r1.wbsprt.com\/cerstveovocie.sk\/wp-content\/uploads\/2025\/04\/First-zine-titled-BAD-TIMES-AHEAD_01-1024x977.jpg 1024w, https:\/\/d.r1.wbsprt.com\/cerstveovocie.sk\/wp-content\/uploads\/2025\/04\/First-zine-titled-BAD-TIMES-AHEAD_01-300x286.jpg 300w, https:\/\/d.r1.wbsprt.com\/cerstveovocie.sk\/wp-content\/uploads\/2025\/04\/First-zine-titled-BAD-TIMES-AHEAD_01-768x732.jpg 768w, https:\/\/d.r1.wbsprt.com\/cerstveovocie.sk\/wp-content\/uploads\/2025\/04\/First-zine-titled-BAD-TIMES-AHEAD_01.jpg 1038w\" sizes=\"auto, (max-width: 1024px) 100vw, 1024px\" \/><figcaption class=\"wp-element-caption\"><em>First zine titled BAD TIMES AHEAD<\/em><\/figcaption><\/figure>\n\n\n\n<figure class=\"wp-block-image size-large\"><img loading=\"lazy\" decoding=\"async\" width=\"803\" height=\"1024\" data-id=\"7087\" src=\"https:\/\/www.cerstveovocie.sk\/wp-content\/uploads\/2025\/04\/First-zine-titled-BAD-TIMES-AHEAD_02-803x1024.jpg\" alt=\"\" class=\"wp-image-7087\" srcset=\"https:\/\/d.r1.wbsprt.com\/cerstveovocie.sk\/wp-content\/uploads\/2025\/04\/First-zine-titled-BAD-TIMES-AHEAD_02-803x1024.jpg 803w, https:\/\/d.r1.wbsprt.com\/cerstveovocie.sk\/wp-content\/uploads\/2025\/04\/First-zine-titled-BAD-TIMES-AHEAD_02-235x300.jpg 235w, https:\/\/d.r1.wbsprt.com\/cerstveovocie.sk\/wp-content\/uploads\/2025\/04\/First-zine-titled-BAD-TIMES-AHEAD_02-768x979.jpg 768w, https:\/\/d.r1.wbsprt.com\/cerstveovocie.sk\/wp-content\/uploads\/2025\/04\/First-zine-titled-BAD-TIMES-AHEAD_02-300x383.jpg 300w, https:\/\/d.r1.wbsprt.com\/cerstveovocie.sk\/wp-content\/uploads\/2025\/04\/First-zine-titled-BAD-TIMES-AHEAD_02.jpg 818w\" sizes=\"auto, (max-width: 803px) 100vw, 803px\" \/><figcaption class=\"wp-element-caption\"><em>First zine titled BAD TIMES AHEAD<\/em><\/figcaption><\/figure>\n<\/figure>\n\n\n\n<p>Michalova v\u00fdstavn\u00e1 \u010dinnos\u0165 sa orientuje najm\u00e4 na gal\u00e9rie nez\u00e1visl\u00e9ho a alternat\u00edvneho charakteru, pri\u010dom si v\u017edy zachov\u00e1va svoj autentick\u00fd rukopis a auton\u00f3miu:&nbsp;<em>\u201eNestalo sa mi e\u0161te, \u017ee by za mnou pri\u0161iel kur\u00e1tor a chcel odo m\u0148a nie\u010do \u00faplne in\u00e9. St\u00e1le si rob\u00edm to, \u010do chcem.\u201c&nbsp;<\/em>V&nbsp;roku 2025<em>&nbsp;<\/em>pl\u00e1nuje Michal samostatn\u00fa v\u00fdstavu v gal\u00e9rii Artot\u00e9ka v Bratislave. Zatia\u013e nepozn\u00e1me jej n\u00e1zov ani t\u00e9mu, ale Michal potvrdzuje, \u017ee p\u00f4jde o nov\u00fd cyklus, ako je u\u0148ho zvykom.<\/p>\n\n\n\n<p>Michal \u0160umichrast je v\u00fdtvarn\u00edk, ktor\u00fd sa vo svojej tvorbe pohybuje s \u013eahkos\u0165ou, no nikdy nie \u013eahkov\u00e1\u017ene. Jeho diela \u010dasto vych\u00e1dzaj\u00fa z osobnej sk\u00fasenosti, kolekt\u00edvnej pam\u00e4ti \u010di spolo\u010denskej frustr\u00e1cie, a\u202fpretavuj\u00fa sa do obrazov, ktor\u00e9 nie s\u00fa prvopl\u00e1novo kr\u00e1sne, ale s\u00fa siln\u00e9, znepokojuj\u00face aj hrav\u00e9 z\u00e1rove\u0148. Hoci sa jeho rukopis neust\u00e1le vyv\u00edja, zost\u00e1va vern\u00fd svojej poetike \u2013 prep\u00e1janiu textu a obrazu, kresby a ma\u013eby, reality a fikcie. A mo\u017eno pr\u00e1ve v tom spo\u010d\u00edva jeho sila \u2013 v schopnosti spochybni\u0165 o\u010dak\u00e1vania a pon\u00faknu\u0165 div\u00e1kovi nie len obraz, ale aj ot\u00e1zku. Alebo \u00fasmev. Alebo facku. Niekedy v\u0161etko naraz.<\/p>\n\n\n\n<figure class=\"wp-block-gallery has-nested-images columns-default is-cropped wp-block-gallery-22 is-layout-flex wp-block-gallery-is-layout-flex\">\n<figure class=\"wp-block-image size-large\"><img loading=\"lazy\" decoding=\"async\" width=\"766\" height=\"1024\" data-id=\"7089\" src=\"https:\/\/www.cerstveovocie.sk\/wp-content\/uploads\/2025\/04\/50-ANGEL-50-DEVIL_1-766x1024.jpg\" alt=\"\" class=\"wp-image-7089\" srcset=\"https:\/\/d.r1.wbsprt.com\/cerstveovocie.sk\/wp-content\/uploads\/2025\/04\/50-ANGEL-50-DEVIL_1-766x1024.jpg 766w, https:\/\/d.r1.wbsprt.com\/cerstveovocie.sk\/wp-content\/uploads\/2025\/04\/50-ANGEL-50-DEVIL_1-225x300.jpg 225w, https:\/\/d.r1.wbsprt.com\/cerstveovocie.sk\/wp-content\/uploads\/2025\/04\/50-ANGEL-50-DEVIL_1-768x1026.jpg 768w, https:\/\/d.r1.wbsprt.com\/cerstveovocie.sk\/wp-content\/uploads\/2025\/04\/50-ANGEL-50-DEVIL_1-300x401.jpg 300w, https:\/\/d.r1.wbsprt.com\/cerstveovocie.sk\/wp-content\/uploads\/2025\/04\/50-ANGEL-50-DEVIL_1.jpg 791w\" sizes=\"auto, (max-width: 766px) 100vw, 766px\" \/><\/figure>\n\n\n\n<figure class=\"wp-block-image size-large\"><img loading=\"lazy\" decoding=\"async\" width=\"765\" height=\"1024\" data-id=\"7090\" src=\"https:\/\/www.cerstveovocie.sk\/wp-content\/uploads\/2025\/04\/50-ANGEL-50-DEVIL_2-765x1024.jpg\" alt=\"\" class=\"wp-image-7090\" srcset=\"https:\/\/d.r1.wbsprt.com\/cerstveovocie.sk\/wp-content\/uploads\/2025\/04\/50-ANGEL-50-DEVIL_2-765x1024.jpg 765w, https:\/\/d.r1.wbsprt.com\/cerstveovocie.sk\/wp-content\/uploads\/2025\/04\/50-ANGEL-50-DEVIL_2-224x300.jpg 224w, https:\/\/d.r1.wbsprt.com\/cerstveovocie.sk\/wp-content\/uploads\/2025\/04\/50-ANGEL-50-DEVIL_2-768x1028.jpg 768w, https:\/\/d.r1.wbsprt.com\/cerstveovocie.sk\/wp-content\/uploads\/2025\/04\/50-ANGEL-50-DEVIL_2-300x401.jpg 300w, https:\/\/d.r1.wbsprt.com\/cerstveovocie.sk\/wp-content\/uploads\/2025\/04\/50-ANGEL-50-DEVIL_2.jpg 790w\" sizes=\"auto, (max-width: 765px) 100vw, 765px\" \/><\/figure>\n<\/figure>\n\n\n\n<p class=\"has-white-color has-text-color has-background has-link-color wp-elements-8758744f2c1f8d51cb35a7615411e8a1\" style=\"background-color:#ff2ac4\"><strong>Michal \u0160umichrast&nbsp;<\/strong>(*1991) je vizu\u00e1lny umelec, ktor\u00fd \u017eije a tvor\u00ed v Bratislave. Venuje sa kresbe, ma\u013ebe, ilustr\u00e1cii aj autorsk\u00fdm in\u0161tal\u00e1ci\u00e1m. Vo svojej tvorbe prep\u00e1ja text a obraz, spolo\u010densk\u00fa kritiku s jemnou ir\u00f3niou, intu\u00edciu s konceptu\u00e1lnym pr\u00edstupom. \u0160tudoval vo\u013en\u00fa grafiku na V\u0160VU v Bratislave, \u010das\u0165 \u0161t\u00fadi\u00ed absolvoval na Tokyo University of the Arts (Geidai). Jeho rukopis sa vyzna\u010duje figur\u00e1lnos\u0165ou, anga\u017eovan\u00fdm obsahom a hravou estetikou na pomedz\u00ed kresby a ma\u013eby. T\u00e9my jeho diel \u010dasto reflektuj\u00fa korpor\u00e1tnu kult\u00faru, antifa\u0161izmus, popkult\u00faru \u010di vizu\u00e1lny smog ka\u017edodennosti. Pravidelne vystavuje na Slovensku \u2013 samostatne aj ako s\u00fa\u010das\u0165 kolekt\u00edvnych projektov.<\/p>\n\n\n\n<div class=\"wp-block-buttons is-layout-flex wp-block-buttons-is-layout-flex\">\n<div class=\"wp-block-button\"><a class=\"wp-block-button__link has-background wp-element-button\" href=\"https:\/\/www.instagram.com\/sssumichrast\/\" style=\"background-color:#ff2ac4\" target=\"_blank\" rel=\"noreferrer noopener\">INSTAGRAM<\/a><\/div>\n<\/div>\n\n\n\n<div style=\"height:100px\" aria-hidden=\"true\" class=\"wp-block-spacer\"><\/div>\n\n\n\n<iframe loading=\"lazy\" width=\"100%\" height=\"400\" src=\"https:\/\/player-widget.mixcloud.com\/widget\/iframe\/?feed=%2FCerstve_Ovocie%2Fmichal-%25C5%25A1umichrast-umenie-%25C4%258Do-ned%25C3%25A1-pokoj%2F\" frameborder=\"0\" ><\/iframe>\n\n\n\n<hr class=\"wp-block-separator has-text-color has-alpha-channel-opacity has-background\" style=\"background-color:#ff2ac4;color:#ff2ac4\"\/>\n\n\n\nngg_shortcode_0_placeholder\n","protected":false},"excerpt":{"rendered":"<p>Michal patr\u00ed medzi v\u00fdrazn\u00e9 osobnosti s\u00fa\u010dasnej v\u00fdtvarnej sc\u00e9ny, ktor\u00e9 sa neboja otv\u00e1ra\u0165 citliv\u00e9, spolo\u010densky d\u00f4le\u017eit\u00e9 aj absurdne komick\u00e9 t\u00e9my. Jeho tvorba stoj\u00ed na rozhran\u00ed medzi ma\u013ebou a kresbou, anga\u017eovan\u00fdm koment\u00e1rom a poetickou v\u00fdpove\u010fou, medzi intu\u00edciou a ostrou ir\u00f3niou. Hoci s umen\u00edm neza\u010d\u00ednal s cie\u013eom \u201eby\u0165 umelcom\u201c, dnes je jeho vizu\u00e1lny jazyk nezamenite\u013en\u00fd. Oslovuje silou obrazov, [&hellip;]<\/p>\n","protected":false},"author":3,"featured_media":7091,"comment_status":"closed","ping_status":"closed","sticky":false,"template":"","format":"standard","meta":{"_monsterinsights_skip_tracking":false,"_monsterinsights_sitenote_active":false,"_monsterinsights_sitenote_note":"","_monsterinsights_sitenote_category":0,"ngg_post_thumbnail":0,"footnotes":""},"categories":[30,31],"tags":[554,7,34,42,40,64,21,109],"class_list":["post-7057","post","type-post","status-publish","format-standard","has-post-thumbnail","hentry","category-cerstve-ovocie","category-novinky","tag-airbrush","tag-cerstve-ovocie_fm","tag-efemko","tag-grafika","tag-ilustracia","tag-kresba","tag-malba","tag-vytvarne-umenie"],"yoast_head":"<!-- This site is optimized with the Yoast SEO plugin v26.8 - https:\/\/yoast.com\/product\/yoast-seo-wordpress\/ -->\n<title>Umenie, \u010do ned\u00e1 pokoj - \u010cerstv\u00e9 Ovocie<\/title>\n<meta name=\"robots\" content=\"index, follow, max-snippet:-1, max-image-preview:large, max-video-preview:-1\" \/>\n<link rel=\"canonical\" href=\"https:\/\/www.cerstveovocie.sk\/umenie-co-neda-pokoj\/\" \/>\n<meta property=\"og:locale\" content=\"sk_SK\" \/>\n<meta property=\"og:type\" content=\"article\" \/>\n<meta property=\"og:title\" content=\"Umenie, \u010do ned\u00e1 pokoj - \u010cerstv\u00e9 Ovocie\" \/>\n<meta property=\"og:description\" content=\"Michal patr\u00ed medzi v\u00fdrazn\u00e9 osobnosti s\u00fa\u010dasnej v\u00fdtvarnej sc\u00e9ny, ktor\u00e9 sa neboja otv\u00e1ra\u0165 citliv\u00e9, spolo\u010densky d\u00f4le\u017eit\u00e9 aj absurdne komick\u00e9 t\u00e9my. Jeho tvorba stoj\u00ed na rozhran\u00ed medzi ma\u013ebou a kresbou, anga\u017eovan\u00fdm koment\u00e1rom a poetickou v\u00fdpove\u010fou, medzi intu\u00edciou a ostrou ir\u00f3niou. Hoci s umen\u00edm neza\u010d\u00ednal s cie\u013eom \u201eby\u0165 umelcom\u201c, dnes je jeho vizu\u00e1lny jazyk nezamenite\u013en\u00fd. Oslovuje silou obrazov, [&hellip;]\" \/>\n<meta property=\"og:url\" content=\"https:\/\/www.cerstveovocie.sk\/umenie-co-neda-pokoj\/\" \/>\n<meta property=\"og:site_name\" content=\"\u010cerstv\u00e9 Ovocie\" \/>\n<meta property=\"article:published_time\" content=\"2025-04-07T05:07:00+00:00\" \/>\n<meta property=\"article:modified_time\" content=\"2025-06-17T15:30:15+00:00\" \/>\n<meta property=\"og:image\" content=\"https:\/\/www.cerstveovocie.sk\/wp-content\/uploads\/2025\/04\/01_Michal-Sumichrast-profil-scaled.jpg\" \/>\n\t<meta property=\"og:image:width\" content=\"2560\" \/>\n\t<meta property=\"og:image:height\" content=\"1519\" \/>\n\t<meta property=\"og:image:type\" content=\"image\/jpeg\" \/>\n<meta name=\"author\" content=\"Martin Brix\" \/>\n<meta name=\"twitter:card\" content=\"summary_large_image\" \/>\n<meta name=\"twitter:label1\" content=\"Autor\" \/>\n\t<meta name=\"twitter:data1\" content=\"Martin Brix\" \/>\n\t<meta name=\"twitter:label2\" content=\"Predpokladan\u00fd \u010das \u010d\u00edtania\" \/>\n\t<meta name=\"twitter:data2\" content=\"24 min\u00fat\" \/>\n<script type=\"application\/ld+json\" class=\"yoast-schema-graph\">{\"@context\":\"https:\/\/schema.org\",\"@graph\":[{\"@type\":\"Article\",\"@id\":\"https:\/\/www.cerstveovocie.sk\/umenie-co-neda-pokoj\/#article\",\"isPartOf\":{\"@id\":\"https:\/\/www.cerstveovocie.sk\/umenie-co-neda-pokoj\/\"},\"author\":{\"name\":\"Martin Brix\",\"@id\":\"https:\/\/d.r1.wbsprt.com\/cerstveovocie.sk\/#\/schema\/person\/8e202c9288643a126812bf9c72605646\"},\"headline\":\"Umenie, \u010do ned\u00e1 pokoj\",\"datePublished\":\"2025-04-07T05:07:00+00:00\",\"dateModified\":\"2025-06-17T15:30:15+00:00\",\"mainEntityOfPage\":{\"@id\":\"https:\/\/www.cerstveovocie.sk\/umenie-co-neda-pokoj\/\"},\"wordCount\":4297,\"image\":{\"@id\":\"https:\/\/www.cerstveovocie.sk\/umenie-co-neda-pokoj\/#primaryimage\"},\"thumbnailUrl\":\"https:\/\/d.r1.wbsprt.com\/cerstveovocie.sk\/wp-content\/uploads\/2025\/04\/01_Michal-Sumichrast-profil-scaled.jpg\",\"keywords\":[\"airbrush\",\"\u010derstv\u00e9 ovocie_fm\",\"efemko\",\"grafika\",\"ilustr\u00e1cia\",\"kresba\",\"ma\u013eba\",\"v\u00fdtvarn\u00e9 umenie\"],\"articleSection\":[\"\u010cerstv\u00e9 Ovocie\",\"Novinky\"],\"inLanguage\":\"sk-SK\"},{\"@type\":\"WebPage\",\"@id\":\"https:\/\/www.cerstveovocie.sk\/umenie-co-neda-pokoj\/\",\"url\":\"https:\/\/www.cerstveovocie.sk\/umenie-co-neda-pokoj\/\",\"name\":\"Umenie, \u010do ned\u00e1 pokoj - \u010cerstv\u00e9 Ovocie\",\"isPartOf\":{\"@id\":\"https:\/\/d.r1.wbsprt.com\/cerstveovocie.sk\/#website\"},\"primaryImageOfPage\":{\"@id\":\"https:\/\/www.cerstveovocie.sk\/umenie-co-neda-pokoj\/#primaryimage\"},\"image\":{\"@id\":\"https:\/\/www.cerstveovocie.sk\/umenie-co-neda-pokoj\/#primaryimage\"},\"thumbnailUrl\":\"https:\/\/d.r1.wbsprt.com\/cerstveovocie.sk\/wp-content\/uploads\/2025\/04\/01_Michal-Sumichrast-profil-scaled.jpg\",\"datePublished\":\"2025-04-07T05:07:00+00:00\",\"dateModified\":\"2025-06-17T15:30:15+00:00\",\"author\":{\"@id\":\"https:\/\/d.r1.wbsprt.com\/cerstveovocie.sk\/#\/schema\/person\/8e202c9288643a126812bf9c72605646\"},\"breadcrumb\":{\"@id\":\"https:\/\/www.cerstveovocie.sk\/umenie-co-neda-pokoj\/#breadcrumb\"},\"inLanguage\":\"sk-SK\",\"potentialAction\":[{\"@type\":\"ReadAction\",\"target\":[\"https:\/\/www.cerstveovocie.sk\/umenie-co-neda-pokoj\/\"]}]},{\"@type\":\"ImageObject\",\"inLanguage\":\"sk-SK\",\"@id\":\"https:\/\/www.cerstveovocie.sk\/umenie-co-neda-pokoj\/#primaryimage\",\"url\":\"https:\/\/d.r1.wbsprt.com\/cerstveovocie.sk\/wp-content\/uploads\/2025\/04\/01_Michal-Sumichrast-profil-scaled.jpg\",\"contentUrl\":\"https:\/\/d.r1.wbsprt.com\/cerstveovocie.sk\/wp-content\/uploads\/2025\/04\/01_Michal-Sumichrast-profil-scaled.jpg\",\"width\":2560,\"height\":1519},{\"@type\":\"BreadcrumbList\",\"@id\":\"https:\/\/www.cerstveovocie.sk\/umenie-co-neda-pokoj\/#breadcrumb\",\"itemListElement\":[{\"@type\":\"ListItem\",\"position\":1,\"name\":\"Home\",\"item\":\"https:\/\/d.r1.wbsprt.com\/cerstveovocie.sk\/\"},{\"@type\":\"ListItem\",\"position\":2,\"name\":\"Umenie, \u010do ned\u00e1 pokoj\"}]},{\"@type\":\"WebSite\",\"@id\":\"https:\/\/d.r1.wbsprt.com\/cerstveovocie.sk\/#website\",\"url\":\"https:\/\/d.r1.wbsprt.com\/cerstveovocie.sk\/\",\"name\":\"\u010cerstv\u00e9 Ovocie\",\"description\":\"V\u00fd\u017eivn\u00e1 porcia lok\u00e1lnej tvorby.\",\"potentialAction\":[{\"@type\":\"SearchAction\",\"target\":{\"@type\":\"EntryPoint\",\"urlTemplate\":\"https:\/\/d.r1.wbsprt.com\/cerstveovocie.sk\/?s={search_term_string}\"},\"query-input\":{\"@type\":\"PropertyValueSpecification\",\"valueRequired\":true,\"valueName\":\"search_term_string\"}}],\"inLanguage\":\"sk-SK\"},{\"@type\":\"Person\",\"@id\":\"https:\/\/d.r1.wbsprt.com\/cerstveovocie.sk\/#\/schema\/person\/8e202c9288643a126812bf9c72605646\",\"name\":\"Martin Brix\",\"image\":{\"@type\":\"ImageObject\",\"inLanguage\":\"sk-SK\",\"@id\":\"https:\/\/d.r1.wbsprt.com\/cerstveovocie.sk\/#\/schema\/person\/image\/\",\"url\":\"https:\/\/secure.gravatar.com\/avatar\/6af874eeaf8969d475094f41c59f338c12819f2025832a5aa203c0d29ad36294?s=96&d=mm&r=g\",\"contentUrl\":\"https:\/\/secure.gravatar.com\/avatar\/6af874eeaf8969d475094f41c59f338c12819f2025832a5aa203c0d29ad36294?s=96&d=mm&r=g\",\"caption\":\"Martin Brix\"},\"url\":\"https:\/\/d.r1.wbsprt.com\/cerstveovocie.sk\/author\/brix\/\"}]}<\/script>\n<!-- \/ Yoast SEO plugin. -->","yoast_head_json":{"title":"Umenie, \u010do ned\u00e1 pokoj - \u010cerstv\u00e9 Ovocie","robots":{"index":"index","follow":"follow","max-snippet":"max-snippet:-1","max-image-preview":"max-image-preview:large","max-video-preview":"max-video-preview:-1"},"canonical":"https:\/\/www.cerstveovocie.sk\/umenie-co-neda-pokoj\/","og_locale":"sk_SK","og_type":"article","og_title":"Umenie, \u010do ned\u00e1 pokoj - \u010cerstv\u00e9 Ovocie","og_description":"Michal patr\u00ed medzi v\u00fdrazn\u00e9 osobnosti s\u00fa\u010dasnej v\u00fdtvarnej sc\u00e9ny, ktor\u00e9 sa neboja otv\u00e1ra\u0165 citliv\u00e9, spolo\u010densky d\u00f4le\u017eit\u00e9 aj absurdne komick\u00e9 t\u00e9my. Jeho tvorba stoj\u00ed na rozhran\u00ed medzi ma\u013ebou a kresbou, anga\u017eovan\u00fdm koment\u00e1rom a poetickou v\u00fdpove\u010fou, medzi intu\u00edciou a ostrou ir\u00f3niou. Hoci s umen\u00edm neza\u010d\u00ednal s cie\u013eom \u201eby\u0165 umelcom\u201c, dnes je jeho vizu\u00e1lny jazyk nezamenite\u013en\u00fd. Oslovuje silou obrazov, [&hellip;]","og_url":"https:\/\/www.cerstveovocie.sk\/umenie-co-neda-pokoj\/","og_site_name":"\u010cerstv\u00e9 Ovocie","article_published_time":"2025-04-07T05:07:00+00:00","article_modified_time":"2025-06-17T15:30:15+00:00","og_image":[{"width":2560,"height":1519,"url":"https:\/\/www.cerstveovocie.sk\/wp-content\/uploads\/2025\/04\/01_Michal-Sumichrast-profil-scaled.jpg","type":"image\/jpeg"}],"author":"Martin Brix","twitter_card":"summary_large_image","twitter_misc":{"Autor":"Martin Brix","Predpokladan\u00fd \u010das \u010d\u00edtania":"24 min\u00fat"},"schema":{"@context":"https:\/\/schema.org","@graph":[{"@type":"Article","@id":"https:\/\/www.cerstveovocie.sk\/umenie-co-neda-pokoj\/#article","isPartOf":{"@id":"https:\/\/www.cerstveovocie.sk\/umenie-co-neda-pokoj\/"},"author":{"name":"Martin Brix","@id":"https:\/\/d.r1.wbsprt.com\/cerstveovocie.sk\/#\/schema\/person\/8e202c9288643a126812bf9c72605646"},"headline":"Umenie, \u010do ned\u00e1 pokoj","datePublished":"2025-04-07T05:07:00+00:00","dateModified":"2025-06-17T15:30:15+00:00","mainEntityOfPage":{"@id":"https:\/\/www.cerstveovocie.sk\/umenie-co-neda-pokoj\/"},"wordCount":4297,"image":{"@id":"https:\/\/www.cerstveovocie.sk\/umenie-co-neda-pokoj\/#primaryimage"},"thumbnailUrl":"https:\/\/d.r1.wbsprt.com\/cerstveovocie.sk\/wp-content\/uploads\/2025\/04\/01_Michal-Sumichrast-profil-scaled.jpg","keywords":["airbrush","\u010derstv\u00e9 ovocie_fm","efemko","grafika","ilustr\u00e1cia","kresba","ma\u013eba","v\u00fdtvarn\u00e9 umenie"],"articleSection":["\u010cerstv\u00e9 Ovocie","Novinky"],"inLanguage":"sk-SK"},{"@type":"WebPage","@id":"https:\/\/www.cerstveovocie.sk\/umenie-co-neda-pokoj\/","url":"https:\/\/www.cerstveovocie.sk\/umenie-co-neda-pokoj\/","name":"Umenie, \u010do ned\u00e1 pokoj - \u010cerstv\u00e9 Ovocie","isPartOf":{"@id":"https:\/\/d.r1.wbsprt.com\/cerstveovocie.sk\/#website"},"primaryImageOfPage":{"@id":"https:\/\/www.cerstveovocie.sk\/umenie-co-neda-pokoj\/#primaryimage"},"image":{"@id":"https:\/\/www.cerstveovocie.sk\/umenie-co-neda-pokoj\/#primaryimage"},"thumbnailUrl":"https:\/\/d.r1.wbsprt.com\/cerstveovocie.sk\/wp-content\/uploads\/2025\/04\/01_Michal-Sumichrast-profil-scaled.jpg","datePublished":"2025-04-07T05:07:00+00:00","dateModified":"2025-06-17T15:30:15+00:00","author":{"@id":"https:\/\/d.r1.wbsprt.com\/cerstveovocie.sk\/#\/schema\/person\/8e202c9288643a126812bf9c72605646"},"breadcrumb":{"@id":"https:\/\/www.cerstveovocie.sk\/umenie-co-neda-pokoj\/#breadcrumb"},"inLanguage":"sk-SK","potentialAction":[{"@type":"ReadAction","target":["https:\/\/www.cerstveovocie.sk\/umenie-co-neda-pokoj\/"]}]},{"@type":"ImageObject","inLanguage":"sk-SK","@id":"https:\/\/www.cerstveovocie.sk\/umenie-co-neda-pokoj\/#primaryimage","url":"https:\/\/d.r1.wbsprt.com\/cerstveovocie.sk\/wp-content\/uploads\/2025\/04\/01_Michal-Sumichrast-profil-scaled.jpg","contentUrl":"https:\/\/d.r1.wbsprt.com\/cerstveovocie.sk\/wp-content\/uploads\/2025\/04\/01_Michal-Sumichrast-profil-scaled.jpg","width":2560,"height":1519},{"@type":"BreadcrumbList","@id":"https:\/\/www.cerstveovocie.sk\/umenie-co-neda-pokoj\/#breadcrumb","itemListElement":[{"@type":"ListItem","position":1,"name":"Home","item":"https:\/\/d.r1.wbsprt.com\/cerstveovocie.sk\/"},{"@type":"ListItem","position":2,"name":"Umenie, \u010do ned\u00e1 pokoj"}]},{"@type":"WebSite","@id":"https:\/\/d.r1.wbsprt.com\/cerstveovocie.sk\/#website","url":"https:\/\/d.r1.wbsprt.com\/cerstveovocie.sk\/","name":"\u010cerstv\u00e9 Ovocie","description":"V\u00fd\u017eivn\u00e1 porcia lok\u00e1lnej tvorby.","potentialAction":[{"@type":"SearchAction","target":{"@type":"EntryPoint","urlTemplate":"https:\/\/d.r1.wbsprt.com\/cerstveovocie.sk\/?s={search_term_string}"},"query-input":{"@type":"PropertyValueSpecification","valueRequired":true,"valueName":"search_term_string"}}],"inLanguage":"sk-SK"},{"@type":"Person","@id":"https:\/\/d.r1.wbsprt.com\/cerstveovocie.sk\/#\/schema\/person\/8e202c9288643a126812bf9c72605646","name":"Martin Brix","image":{"@type":"ImageObject","inLanguage":"sk-SK","@id":"https:\/\/d.r1.wbsprt.com\/cerstveovocie.sk\/#\/schema\/person\/image\/","url":"https:\/\/secure.gravatar.com\/avatar\/6af874eeaf8969d475094f41c59f338c12819f2025832a5aa203c0d29ad36294?s=96&d=mm&r=g","contentUrl":"https:\/\/secure.gravatar.com\/avatar\/6af874eeaf8969d475094f41c59f338c12819f2025832a5aa203c0d29ad36294?s=96&d=mm&r=g","caption":"Martin Brix"},"url":"https:\/\/d.r1.wbsprt.com\/cerstveovocie.sk\/author\/brix\/"}]}},"_links":{"self":[{"href":"https:\/\/d.r1.wbsprt.com\/cerstveovocie.sk\/wp-json\/wp\/v2\/posts\/7057","targetHints":{"allow":["GET"]}}],"collection":[{"href":"https:\/\/d.r1.wbsprt.com\/cerstveovocie.sk\/wp-json\/wp\/v2\/posts"}],"about":[{"href":"https:\/\/d.r1.wbsprt.com\/cerstveovocie.sk\/wp-json\/wp\/v2\/types\/post"}],"author":[{"embeddable":true,"href":"https:\/\/d.r1.wbsprt.com\/cerstveovocie.sk\/wp-json\/wp\/v2\/users\/3"}],"replies":[{"embeddable":true,"href":"https:\/\/d.r1.wbsprt.com\/cerstveovocie.sk\/wp-json\/wp\/v2\/comments?post=7057"}],"version-history":[{"count":2,"href":"https:\/\/d.r1.wbsprt.com\/cerstveovocie.sk\/wp-json\/wp\/v2\/posts\/7057\/revisions"}],"predecessor-version":[{"id":7357,"href":"https:\/\/d.r1.wbsprt.com\/cerstveovocie.sk\/wp-json\/wp\/v2\/posts\/7057\/revisions\/7357"}],"wp:featuredmedia":[{"embeddable":true,"href":"https:\/\/d.r1.wbsprt.com\/cerstveovocie.sk\/wp-json\/wp\/v2\/media\/7091"}],"wp:attachment":[{"href":"https:\/\/d.r1.wbsprt.com\/cerstveovocie.sk\/wp-json\/wp\/v2\/media?parent=7057"}],"wp:term":[{"taxonomy":"category","embeddable":true,"href":"https:\/\/d.r1.wbsprt.com\/cerstveovocie.sk\/wp-json\/wp\/v2\/categories?post=7057"},{"taxonomy":"post_tag","embeddable":true,"href":"https:\/\/d.r1.wbsprt.com\/cerstveovocie.sk\/wp-json\/wp\/v2\/tags?post=7057"}],"curies":[{"name":"wp","href":"https:\/\/api.w.org\/{rel}","templated":true}]}}