{"id":662,"date":"2021-04-06T07:32:28","date_gmt":"2021-04-06T05:32:28","guid":{"rendered":"https:\/\/www.cerstveovocie.sk\/?p=662"},"modified":"2021-06-10T18:23:42","modified_gmt":"2021-06-10T16:23:42","slug":"makucke-oblecenie-vytvorene-s-laskou-a-vasnou-k-dizajnu-nielen-na-doma","status":"publish","type":"post","link":"https:\/\/d.r1.wbsprt.com\/cerstveovocie.sk\/makucke-oblecenie-vytvorene-s-laskou-a-vasnou-k-dizajnu-nielen-na-doma\/","title":{"rendered":"M\u00e4ku\u010dk\u00e9 oble\u010denie vytvoren\u00e9 s l\u00e1skou a v\u00e1\u0161\u0148ou k dizajnu nielen na doma"},"content":{"rendered":"\n<p class=\"has-medium-font-size\">V\u0161etko sa to za\u010dalo \u017eupanom. Av\u0161ak nie oby\u010dajn\u00fdm. Bol tepl\u00fd, ale z\u00e1rove\u0148 \u013eahk\u00fd, pr\u00edjemn\u00fd na telo, \u0161t\u00fdlov\u00fd, no pohodln\u00fd. Aj takto m\u00f4\u017ee od\u0161tartova\u0165 pr\u00edbeh jednej lok\u00e1lnej zna\u010dky. Ten sa za\u010dal p\u00edsa\u0165 Zuzkou v roku 2010. Zuzka, vy\u0161tudovan\u00e1 ekon\u00f3mka, si uvedomila, \u017ee pr\u00e1ca v kancel\u00e1rii za po\u010d\u00edta\u010dom nebude pr\u00e1ve to, \u010do ju bude nap\u013a\u0148a\u0165 a bez ak\u00fdchko\u013evek sk\u00fasenost\u00ed a poznatkov sa rozhodla, \u017ee bude po\u010d\u00fava\u0165 svoje srdce a za\u010dala sa naplno venova\u0165 m\u00f3de. N\u00e1sledne v spolupr\u00e1ci so \u0161ikovnou kraj\u010d\u00edrkou vytvorili prv\u00fd produkt. Spom\u00ednan\u00fd \u017eupan. O necel\u00fd mesiac sa vyrobilo prv\u00fdch nieko\u013eko dizajnov a tie si r\u00fdchlo na\u0161li svoje prv\u00e9 majite\u013eky. To bol moment, kedy sa za\u010dala tvori\u0165 filozofia zna\u010dky Lull, \u0161t\u00fdlov\u00fdch a z\u00e1rove\u0148 pohodln\u00fdch vec\u00ed na doma. Lull v\u0161ak nezostalo len pri jednom produkte, a tak vznikli prv\u00e9 py\u017eam\u00e1, \u017eupany, vo\u013en\u00e9 dlh\u00e9 tri\u010dk\u00e1 a leg\u00edny. V\u0161etko oble\u010denie sl\u00fa\u017eilo na dom\u00e1ce vyu\u017eitie a t\u00fdm bolo Lull Homewear jedine\u010dn\u00e9.<\/p>\n\n\n\n<p>Na za\u010diatku nebol \u017eiaden biznis pl\u00e1n, sk\u00f4r t\u00fa\u017eba robi\u0165 nie\u010do in\u00e9 a pre seba. A\u017e ke\u010f do firmy vst\u00fapil Edo. Edo, kapit\u00e1n, hlavn\u00fd strat\u00e9g, zakladate\u013e \u201em\u00e4ku\u010dkej\u201c filozofie, sa stal jej spolumajite\u013e. \u201eOtec\u201c zna\u010dky Lull, el Capitano, ktor\u00fd vedie, rad\u00ed, d\u00e1va priestor realizova\u0165 sa, stavia piliere a&nbsp;je oporou cel\u00e9ho Lull t\u00edmu. Vy\u0161tudovan\u00fd ekon\u00f3m polo\u017eil z\u00e1klady fungovania z\u00e1kazn\u00edckeho servisu, marketingu a predaja. Nenech\u00e1 si ujs\u0165 ob\u013e\u00faben\u00e9 markety a miluje fakt, \u017ee tepl\u00e1ky sa stali s\u00fa\u010das\u0165ou jeho firemnej kult\u00fary. Je protikladom Zuzky, ktor\u00fd si v\u0161etko v\u017edy dobre premysl\u00ed a uv\u00e1\u017ei, ale funguje im to. Od tej doby nabrali smer, ktor\u00fd bol viac business-oriented. Do roku 2013 sa Lull z\u00fa\u010dastnilo na viacer\u00fdch m\u00f3dnych ve\u013etrhoch a ob\u013e\u00fabenos\u0165 zna\u010dky r\u00e1stla zo d\u0148a na de\u0148. Produktov\u00e1 l\u00ednia sa pomaly rozrastala, do t\u00edmu pribudli nov\u00ed \u0161ikovn\u00ed \u013eudia, av\u0161ak nie\u010do tomu e\u0161te ch\u00fdbalo. A\u017e pri\u0161la my\u0161lienka vyr\u00e1ba\u0165 m\u00e4ku\u010dk\u00e9 veci nielen na doma. Po dlhom navrhovan\u00ed, sk\u00fa\u0161an\u00ed a \u0161it\u00ed bolo dielo na svete! Do kolekcie pribudli nohavice, mikiny, tri\u010dk\u00e1 a \u0161aty, aby mohli by\u0165 pr\u00edjemn\u00e9 chv\u00edle e\u0161te pr\u00edjemnej\u0161ie. Zna\u010dka Lull Homewear sa premenovala na Lull Loungewear a nastolila tak nov\u00fa \u00e9ru vo svojej mladej hist\u00f3rii.<\/p>\n\n\n\n<p>Rok 2014 patril medzi \u010fal\u0161ie m\u00ed\u013eniky. Lull si uvedomilo, \u017ee pre jeho \u010fal\u0161ie napredovanie bude nevyhnutn\u00e9 ma\u0165 svoju vlastn\u00fa diel\u0148u, \u010do znamenalo z\u00edskanie slobody a nez\u00e1vislosti v tvorbe a v\u00fdrobe nov\u00fdch kolekci\u00ed. Zuzke od za\u010diatku najprv externe pom\u00e1hali in\u00e9 kraj\u010d\u00edrky, ktor\u00e9 d\u00e1vali dokopy jej n\u00e1pady. Tak\u017ee u\u017e mala re\u00e1lne veci v ruk\u00e1ch. Potom sa k nej pridala Zdenka, ale len ako extern\u00e1 pomoc, no nesk\u00f4r sa, po Edovom pr\u00edchode, stala \u0161\u00e9fkou dielne. Nasledovali \u010fal\u0161ie inov\u00e1cie a pri\u0161la aj prv\u00e1 n\u00e1v\u0161teva jedn\u00e9ho z najv\u00e4\u010d\u0161\u00edch svetov\u00fdch ve\u013etrhov vo svete m\u00f3dy, Premiere Vision v Par\u00ed\u017ei, kde nadviazali spolupr\u00e1cu s renomovan\u00fdmi eur\u00f3pskymi v\u00fdrobcami l\u00e1tok. Zuzka si v\u017edy d\u00e1va z\u00e1le\u017ea\u0165 pri v\u00fdbere materi\u00e1lov a ve\u013etrh t\u00fdchto kval\u00edt jej pon\u00faka presne to, \u010do tak dlho h\u013eadala \u2013 najkvalitnej\u0161ie eur\u00f3pske a svetov\u00e9 materi\u00e1ly \u2013 na jednom mieste. V Lull plat\u00ed, \u017ee vybran\u00e9 materi\u00e1ly musia by\u0165 nielen kvalitn\u00e9 a pr\u00edjemn\u00e9 na dotyk, ale z\u00e1rove\u0148 musia by\u0165 vyroben\u00e9 s&nbsp;oh\u013eadom na \u017eivotn\u00e9 prostredie. Po splnen\u00ed tejto podmienky sa cesta za dokonal\u00fdm produktom zdala op\u00e4\u0165 bli\u017e\u0161ie. V roku 2015 sa ich dizajnov\u00e1 l\u00ednia vy\u0161plhala na 67 produktov a Lull neodmyslite\u013ene za\u010dala patri\u0165 medzi ob\u013e\u00faben\u00e9 zna\u010dky nielen v r\u00e1mci slovenskej, ale aj \u010deskej nez\u00e1vislej m\u00f3dy.<\/p>\n\n\n\n<p>Za\u010diatkom roku 2016 predstavila zna\u010dka svoju prv\u00fa kolekciu plaviek a za\u010dala pracova\u0165 aj s \u00faplne nov\u00fdmi materi\u00e1lmi. Do produktovej l\u00ednie tak pribudli nov\u00e9 typy produktov, ktor\u00e9 boli ur\u010den\u00e9 aj na be\u017en\u00e9 nosenie. Medzi\u010dasom sa Lull Loungewear zaradila medzi 100 najlep\u0161\u00edch start-upov \u201eRob\u00edme to inak\u201c a takisto sa z\u00fa\u010dast\u0148uje aj r\u00f4znych kampan\u00ed, ktor\u00e9 podporuj\u00fa transparentnos\u0165 a poctivos\u0165 v m\u00f3dnom priemysle. Medzi posledn\u00fdmi to bola iniciat\u00edva britsk\u00e9ho hnutia Fashion Revolution, ktor\u00e9 pri\u0161lo s kampa\u0148ou \u201cWhoMadeMyClothes\u201d, ktor\u00e9 malo za cie\u013e pouk\u00e1za\u0165 na p\u00f4vod v\u00fdroby oble\u010denia. Zuzka s&nbsp;Edom sa za\u010dali viac zameriava\u0165 na slow-fashion. Do kolekcie zahrnuli l\u00edniu Basics, tzv. z\u00e1kladn\u00fdch k\u00faskov, ktor\u00e9 chceme st\u00e1le nosi\u0165, lebo s\u00fa nad\u010dasov\u00e9. Ke\u010f je oble\u010denie prec\u00edzne u\u0161it\u00e9 a&nbsp;s\u00fa pou\u017eit\u00e9 kvalitn\u00e9 materi\u00e1ly, vydr\u017e\u00ed viac ako jednu sez\u00f3nu. To s\u00fa tie k\u00fasky, do ktor\u00fdch sa oplat\u00ed investova\u0165. V kolekcii pribudlo viac produktov vyroben\u00fdch z eco a organick\u00fdch materi\u00e1lov. Nadviazali nov\u00e9 spolupr\u00e1ce s v\u00fdrobcami l\u00e1tok, ktor\u00ed sa zameriavaj\u00fa na ekologickej\u0161ie materi\u00e1ly, \u010di in\u00e9 sp\u00f4soby z\u00edskavania priadz\u00ed ako napr\u00edklad firma Recover, kde sa vyu\u017e\u00edva textiln\u00fd odpad, z ktor\u00e9ho sa znovu vyr\u00e1baj\u00fa priadze, a z nej znovu tkaj\u00fa l\u00e1tky, \u010di\u017ee ide o up-cyklovanie bavlny. Zuzka s&nbsp;Edom sa so svojou zna\u010dkou z\u00fa\u010dastnili obnoven\u00e9ho ve\u013etrhu Tren\u010d\u00edn mesto m\u00f3dy, kde sa \u00faspe\u0161ne prezentovali a stali sa odevnou firmou za rok 2017.<\/p>\n\n\n\n<p>Rok 2020 bol pre Lull \u0161pecifick\u00fdm. Na jednej strane, v&nbsp;tomto roku osl\u00e1vili svojich 10 rokov a&nbsp;na druhej, cel\u00fd svet zasiahla pand\u00e9mia. Za\u010diatok pand\u00e9mie ich prekvapil, asi ako ka\u017ed\u00e9ho z&nbsp;n\u00e1s. No ve\u013emi r\u00fdchlo a flexibilne v\u0161ak zareagovali, \u010do si aj s odstupom \u010dasu uvedomuj\u00fa ako najd\u00f4le\u017eitej\u0161ie. Etapa r\u00fa\u0161ka. Na za\u010diatku sa potr\u00e1pili s dizajnom, aby boli pekn\u00e9 aj funk\u010dn\u00e9 a sedeli na viacero typov tv\u00e1r\u00ed. Najprv pou\u017e\u00edvali l\u00e1tky z novej kolekcie a zbytkov\u00e9 l\u00e1tky z predo\u0161l\u00fdch a nesk\u00f4r sa im podarilo zohna\u0165 \u0161peci\u00e1lny materi\u00e1l, ktor\u00fd sl\u00fa\u017ei na zdravotn\u00edcke \u00fa\u010dely. Pomohlo im, \u017ee vedeli prejs\u0165 na v\u00fdrobu r\u00fa\u0161ok nielen kv\u00f4li predaju a pokrytiu z\u00e1kladn\u00fdch n\u00e1kladov na zachovanie fungovania a udr\u017eania pracovn\u00fdch miest v dielni. Z\u00e1rove\u0148 vedeli pom\u00f4c\u0165 a podarova\u0165 ich na viacero miest, kde ich bol nedostatok. Ke\u010f sa situ\u00e1cia ust\u00e1lila a&nbsp;zistili, \u017ee zase treba viac vyr\u00e1ba\u0165 ich be\u017en\u00e9 produkty, r\u00fa\u0161ka i\u0161li bokom.<\/p>\n\n\n\n<p>Dnes je na svete nov\u00e1 kolekcia s n\u00e1zvom \u201eFiggy Chew\u201d, ktor\u00e1 nesie v sebe prvky \u017eenskosti, \u013eahu\u010dk\u00fa d\u00e1vku elegancie a samozrejme prvky street-wear, ktor\u00e9 miluj\u00fa. Napriek pandemick\u00fdm podmienkam sa im podarilo vybudova\u0165 ateli\u00e9r, zaobstara\u0165 nov\u00e9 kraj\u010d\u00edrske vybavenie a \u0161ijacie stroje, v\u010faka ktor\u00fdm teraz m\u00f4\u017eu e\u0161te viac zlep\u0161ova\u0165 technol\u00f3giu a kvalitu \u0161itia. Po celej Eur\u00f3pe h\u013eadali ekologicky vyroben\u00fa riflovinu, vysk\u00fa\u0161ali si nov\u00e9 technol\u00f3gie farbenia a potla\u010de, \u010di nechali si vyrobi\u0165 na mieru pleten\u00e9 patenty, designov\u00e9 \u0161n\u00farky, \u010di kr\u00e1sne kovov\u00e9 komponenty. A pre\u010do n\u00e1zov \u201eFiggy chew\u201c?&nbsp;&nbsp;Symbol figy, ktor\u00fd sa v kolekcii objavuje, Lull oslovil celkom n\u00e1hodne, a&nbsp;napriek tomu mu \u00faplne prepadli.&nbsp;&nbsp;<\/p>\n\n\n\n<p>V Lull Loungewear maj\u00fa vlastn\u00fa v\u00fdrobu, \u0161ij\u00fa pod\u013ea vlastn\u00fdch strihov a d\u00e1vaj\u00fa si z\u00e1le\u017ea\u0165 na \u00fazkom kontakte so z\u00e1kazn\u00ed\u010dkami, ktor\u00e9 v\u017edy vedia, \u010do si kupuj\u00fa. Svoje produkty vyr\u00e1baj\u00fa z t\u00fdch najm\u00e4ku\u010dkej\u0161\u00edch materi\u00e1lov, na ktor\u00fdch v\u00fdbere si d\u00e1vaj\u00fa extra z\u00e1le\u017ea\u0165. Mus\u00ed z\u00e1rove\u0148 odola\u0165 aj be\u017en\u00e9mu noseniu, praniu a zachova\u0165 si svoju kr\u00e1su \u010do najdlh\u0161ie. Lull je slovensk\u00e1 zna\u010dka m\u00e4ku\u010dk\u00e9ho oble\u010denia nielen na doma. Oble\u010denie, ktor\u00e9 sa \u0161ije v&nbsp;ich dielni v \u0160a\u0161t\u00edne, je vytvoren\u00e9 s l\u00e1skou a v\u00e1\u0161\u0148ou k dizajnu, za f\u00e9rov\u00fdch podmienok a \u010do najviac ekologicky. Prin\u00e1\u0161a udr\u017eate\u013en\u00fa loungy m\u00f3du s nad\u010dasov\u00fdmi strihmi v duchu hesla: \u201eGettin\u2018 better every season\u201c.<\/p>\n\n\n\n<hr class=\"wp-block-separator has-text-color has-background\" style=\"background-color:#ff2ac4;color:#ff2ac4\"\/>\n\n\n\n<div class=\"wp-block-buttons is-layout-flex wp-block-buttons-is-layout-flex\">\n<div class=\"wp-block-button\"><a class=\"wp-block-button__link has-background\" href=\"https:\/\/www.lull.sk\" style=\"background-color:#ff2ac4\" target=\"_blank\" rel=\"noreferrer noopener\">WEB<\/a><\/div>\n\n\n\n<div class=\"wp-block-button\"><a class=\"wp-block-button__link has-background\" href=\"https:\/\/www.facebook.com\/LullLoungewear\" style=\"background-color:#ff2ac4\" target=\"_blank\" rel=\"noreferrer noopener\">FACEBOOK<\/a><\/div>\n\n\n\n<div class=\"wp-block-button\"><a class=\"wp-block-button__link has-background\" href=\"https:\/\/www.instagram.com\/lull.loungewear\/\" style=\"background-color:#ff2ac4\" target=\"_blank\" rel=\"noreferrer noopener\">INSTAGRAM<\/a><\/div>\n<\/div>\n\n\n\n<div style=\"height:100px\" aria-hidden=\"true\" class=\"wp-block-spacer\"><\/div>\n\n\n\n<iframe loading=\"lazy\" width=\"100%\" height=\"400\" src=\"https:\/\/www.mixcloud.com\/widget\/iframe\/?light=1&amp;feed=%2FCerstve_Ovocie%2Flull-loungewear-m%C3%A4ku%C4%8Dk%C3%A9-oble%C4%8Denie-vytvoren%C3%A9-s-l%C3%A1skou-a-v%C3%A1%C5%A1%C5%88ou-k-dizajnu-nielen-na-doma%2F\" frameborder=\"0\"><\/iframe>\n\n\n\n<hr class=\"wp-block-separator has-text-color has-background\" style=\"background-color:#ff2ac4;color:#ff2ac4\"\/>\n\n\n\nngg_shortcode_0_placeholder\n","protected":false},"excerpt":{"rendered":"<p>V\u0161etko sa to za\u010dalo \u017eupanom. Av\u0161ak nie oby\u010dajn\u00fdm. Bol tepl\u00fd, ale z\u00e1rove\u0148 \u013eahk\u00fd, pr\u00edjemn\u00fd na telo, \u0161t\u00fdlov\u00fd, no pohodln\u00fd. Aj takto m\u00f4\u017ee od\u0161tartova\u0165 pr\u00edbeh jednej lok\u00e1lnej zna\u010dky. Ten sa za\u010dal p\u00edsa\u0165 Zuzkou v roku 2010. Zuzka, vy\u0161tudovan\u00e1 ekon\u00f3mka, si uvedomila, \u017ee pr\u00e1ca v kancel\u00e1rii za po\u010d\u00edta\u010dom nebude pr\u00e1ve to, \u010do ju bude nap\u013a\u0148a\u0165 a bez [&hellip;]<\/p>\n","protected":false},"author":3,"featured_media":663,"comment_status":"open","ping_status":"open","sticky":false,"template":"","format":"standard","meta":{"_monsterinsights_skip_tracking":false,"_monsterinsights_sitenote_active":false,"_monsterinsights_sitenote_note":"","_monsterinsights_sitenote_category":0,"ngg_post_thumbnail":0,"footnotes":""},"categories":[30,31],"tags":[7,5,34,77,24,78],"class_list":["post-662","post","type-post","status-publish","format-standard","has-post-thumbnail","hentry","category-cerstve-ovocie","category-novinky","tag-cerstve-ovocie_fm","tag-dizajn","tag-efemko","tag-lokalna-vyroba","tag-moda","tag-oblecenie-na-doma"],"yoast_head":"<!-- This site is optimized with the Yoast SEO plugin v26.8 - https:\/\/yoast.com\/product\/yoast-seo-wordpress\/ -->\n<title>M\u00e4ku\u010dk\u00e9 oble\u010denie vytvoren\u00e9 s l\u00e1skou a v\u00e1\u0161\u0148ou k dizajnu nielen na doma - \u010cerstv\u00e9 Ovocie<\/title>\n<meta name=\"robots\" content=\"index, follow, max-snippet:-1, max-image-preview:large, max-video-preview:-1\" \/>\n<link rel=\"canonical\" href=\"https:\/\/www.cerstveovocie.sk\/makucke-oblecenie-vytvorene-s-laskou-a-vasnou-k-dizajnu-nielen-na-doma\/\" \/>\n<meta property=\"og:locale\" content=\"sk_SK\" \/>\n<meta property=\"og:type\" content=\"article\" \/>\n<meta property=\"og:title\" content=\"M\u00e4ku\u010dk\u00e9 oble\u010denie vytvoren\u00e9 s l\u00e1skou a v\u00e1\u0161\u0148ou k dizajnu nielen na doma - \u010cerstv\u00e9 Ovocie\" \/>\n<meta property=\"og:description\" content=\"V\u0161etko sa to za\u010dalo \u017eupanom. Av\u0161ak nie oby\u010dajn\u00fdm. Bol tepl\u00fd, ale z\u00e1rove\u0148 \u013eahk\u00fd, pr\u00edjemn\u00fd na telo, \u0161t\u00fdlov\u00fd, no pohodln\u00fd. Aj takto m\u00f4\u017ee od\u0161tartova\u0165 pr\u00edbeh jednej lok\u00e1lnej zna\u010dky. Ten sa za\u010dal p\u00edsa\u0165 Zuzkou v roku 2010. Zuzka, vy\u0161tudovan\u00e1 ekon\u00f3mka, si uvedomila, \u017ee pr\u00e1ca v kancel\u00e1rii za po\u010d\u00edta\u010dom nebude pr\u00e1ve to, \u010do ju bude nap\u013a\u0148a\u0165 a bez [&hellip;]\" \/>\n<meta property=\"og:url\" content=\"https:\/\/www.cerstveovocie.sk\/makucke-oblecenie-vytvorene-s-laskou-a-vasnou-k-dizajnu-nielen-na-doma\/\" \/>\n<meta property=\"og:site_name\" content=\"\u010cerstv\u00e9 Ovocie\" \/>\n<meta property=\"article:published_time\" content=\"2021-04-06T05:32:28+00:00\" \/>\n<meta property=\"article:modified_time\" content=\"2021-06-10T16:23:42+00:00\" \/>\n<meta property=\"og:image\" content=\"https:\/\/www.cerstveovocie.sk\/wp-content\/uploads\/2021\/04\/ZuzkaEdo_family-scaled.jpg\" \/>\n\t<meta property=\"og:image:width\" content=\"2560\" \/>\n\t<meta property=\"og:image:height\" content=\"1707\" \/>\n\t<meta property=\"og:image:type\" content=\"image\/jpeg\" \/>\n<meta name=\"author\" content=\"Martin Brix\" \/>\n<meta name=\"twitter:card\" content=\"summary_large_image\" \/>\n<meta name=\"twitter:label1\" content=\"Autor\" \/>\n\t<meta name=\"twitter:data1\" content=\"Martin Brix\" \/>\n\t<meta name=\"twitter:label2\" content=\"Predpokladan\u00fd \u010das \u010d\u00edtania\" \/>\n\t<meta name=\"twitter:data2\" content=\"5 min\u00fat\" \/>\n<script type=\"application\/ld+json\" class=\"yoast-schema-graph\">{\"@context\":\"https:\/\/schema.org\",\"@graph\":[{\"@type\":\"Article\",\"@id\":\"https:\/\/www.cerstveovocie.sk\/makucke-oblecenie-vytvorene-s-laskou-a-vasnou-k-dizajnu-nielen-na-doma\/#article\",\"isPartOf\":{\"@id\":\"https:\/\/www.cerstveovocie.sk\/makucke-oblecenie-vytvorene-s-laskou-a-vasnou-k-dizajnu-nielen-na-doma\/\"},\"author\":{\"name\":\"Martin Brix\",\"@id\":\"https:\/\/www.cerstveovocie.sk\/#\/schema\/person\/8e202c9288643a126812bf9c72605646\"},\"headline\":\"M\u00e4ku\u010dk\u00e9 oble\u010denie vytvoren\u00e9 s l\u00e1skou a v\u00e1\u0161\u0148ou k dizajnu nielen na doma\",\"datePublished\":\"2021-04-06T05:32:28+00:00\",\"dateModified\":\"2021-06-10T16:23:42+00:00\",\"mainEntityOfPage\":{\"@id\":\"https:\/\/www.cerstveovocie.sk\/makucke-oblecenie-vytvorene-s-laskou-a-vasnou-k-dizajnu-nielen-na-doma\/\"},\"wordCount\":1475,\"commentCount\":0,\"image\":{\"@id\":\"https:\/\/www.cerstveovocie.sk\/makucke-oblecenie-vytvorene-s-laskou-a-vasnou-k-dizajnu-nielen-na-doma\/#primaryimage\"},\"thumbnailUrl\":\"https:\/\/d.r1.wbsprt.com\/cerstveovocie.sk\/wp-content\/uploads\/2021\/04\/ZuzkaEdo_family-scaled.jpg\",\"keywords\":[\"\u010derstv\u00e9 ovocie_fm\",\"dizajn\",\"efemko\",\"lok\u00e1lna v\u00fdroba\",\"m\u00f3da\",\"oble\u010denie na doma\"],\"articleSection\":[\"\u010cerstv\u00e9 Ovocie\",\"Novinky\"],\"inLanguage\":\"sk-SK\",\"potentialAction\":[{\"@type\":\"CommentAction\",\"name\":\"Comment\",\"target\":[\"https:\/\/www.cerstveovocie.sk\/makucke-oblecenie-vytvorene-s-laskou-a-vasnou-k-dizajnu-nielen-na-doma\/#respond\"]}]},{\"@type\":\"WebPage\",\"@id\":\"https:\/\/www.cerstveovocie.sk\/makucke-oblecenie-vytvorene-s-laskou-a-vasnou-k-dizajnu-nielen-na-doma\/\",\"url\":\"https:\/\/www.cerstveovocie.sk\/makucke-oblecenie-vytvorene-s-laskou-a-vasnou-k-dizajnu-nielen-na-doma\/\",\"name\":\"M\u00e4ku\u010dk\u00e9 oble\u010denie vytvoren\u00e9 s l\u00e1skou a v\u00e1\u0161\u0148ou k dizajnu nielen na doma - \u010cerstv\u00e9 Ovocie\",\"isPartOf\":{\"@id\":\"https:\/\/www.cerstveovocie.sk\/#website\"},\"primaryImageOfPage\":{\"@id\":\"https:\/\/www.cerstveovocie.sk\/makucke-oblecenie-vytvorene-s-laskou-a-vasnou-k-dizajnu-nielen-na-doma\/#primaryimage\"},\"image\":{\"@id\":\"https:\/\/www.cerstveovocie.sk\/makucke-oblecenie-vytvorene-s-laskou-a-vasnou-k-dizajnu-nielen-na-doma\/#primaryimage\"},\"thumbnailUrl\":\"https:\/\/d.r1.wbsprt.com\/cerstveovocie.sk\/wp-content\/uploads\/2021\/04\/ZuzkaEdo_family-scaled.jpg\",\"datePublished\":\"2021-04-06T05:32:28+00:00\",\"dateModified\":\"2021-06-10T16:23:42+00:00\",\"author\":{\"@id\":\"https:\/\/www.cerstveovocie.sk\/#\/schema\/person\/8e202c9288643a126812bf9c72605646\"},\"breadcrumb\":{\"@id\":\"https:\/\/www.cerstveovocie.sk\/makucke-oblecenie-vytvorene-s-laskou-a-vasnou-k-dizajnu-nielen-na-doma\/#breadcrumb\"},\"inLanguage\":\"sk-SK\",\"potentialAction\":[{\"@type\":\"ReadAction\",\"target\":[\"https:\/\/www.cerstveovocie.sk\/makucke-oblecenie-vytvorene-s-laskou-a-vasnou-k-dizajnu-nielen-na-doma\/\"]}]},{\"@type\":\"ImageObject\",\"inLanguage\":\"sk-SK\",\"@id\":\"https:\/\/www.cerstveovocie.sk\/makucke-oblecenie-vytvorene-s-laskou-a-vasnou-k-dizajnu-nielen-na-doma\/#primaryimage\",\"url\":\"https:\/\/d.r1.wbsprt.com\/cerstveovocie.sk\/wp-content\/uploads\/2021\/04\/ZuzkaEdo_family-scaled.jpg\",\"contentUrl\":\"https:\/\/d.r1.wbsprt.com\/cerstveovocie.sk\/wp-content\/uploads\/2021\/04\/ZuzkaEdo_family-scaled.jpg\",\"width\":2560,\"height\":1707},{\"@type\":\"BreadcrumbList\",\"@id\":\"https:\/\/www.cerstveovocie.sk\/makucke-oblecenie-vytvorene-s-laskou-a-vasnou-k-dizajnu-nielen-na-doma\/#breadcrumb\",\"itemListElement\":[{\"@type\":\"ListItem\",\"position\":1,\"name\":\"Home\",\"item\":\"https:\/\/www.cerstveovocie.sk\/\"},{\"@type\":\"ListItem\",\"position\":2,\"name\":\"M\u00e4ku\u010dk\u00e9 oble\u010denie vytvoren\u00e9 s l\u00e1skou a v\u00e1\u0161\u0148ou k dizajnu nielen na doma\"}]},{\"@type\":\"WebSite\",\"@id\":\"https:\/\/www.cerstveovocie.sk\/#website\",\"url\":\"https:\/\/www.cerstveovocie.sk\/\",\"name\":\"\u010cerstv\u00e9 Ovocie\",\"description\":\"V\u00fd\u017eivn\u00e1 porcia lok\u00e1lnej tvorby.\",\"potentialAction\":[{\"@type\":\"SearchAction\",\"target\":{\"@type\":\"EntryPoint\",\"urlTemplate\":\"https:\/\/www.cerstveovocie.sk\/?s={search_term_string}\"},\"query-input\":{\"@type\":\"PropertyValueSpecification\",\"valueRequired\":true,\"valueName\":\"search_term_string\"}}],\"inLanguage\":\"sk-SK\"},{\"@type\":\"Person\",\"@id\":\"https:\/\/www.cerstveovocie.sk\/#\/schema\/person\/8e202c9288643a126812bf9c72605646\",\"name\":\"Martin Brix\",\"image\":{\"@type\":\"ImageObject\",\"inLanguage\":\"sk-SK\",\"@id\":\"https:\/\/www.cerstveovocie.sk\/#\/schema\/person\/image\/\",\"url\":\"https:\/\/secure.gravatar.com\/avatar\/6af874eeaf8969d475094f41c59f338c12819f2025832a5aa203c0d29ad36294?s=96&d=mm&r=g\",\"contentUrl\":\"https:\/\/secure.gravatar.com\/avatar\/6af874eeaf8969d475094f41c59f338c12819f2025832a5aa203c0d29ad36294?s=96&d=mm&r=g\",\"caption\":\"Martin Brix\"},\"url\":\"https:\/\/d.r1.wbsprt.com\/cerstveovocie.sk\/author\/brix\/\"}]}<\/script>\n<!-- \/ Yoast SEO plugin. -->","yoast_head_json":{"title":"M\u00e4ku\u010dk\u00e9 oble\u010denie vytvoren\u00e9 s l\u00e1skou a v\u00e1\u0161\u0148ou k dizajnu nielen na doma - \u010cerstv\u00e9 Ovocie","robots":{"index":"index","follow":"follow","max-snippet":"max-snippet:-1","max-image-preview":"max-image-preview:large","max-video-preview":"max-video-preview:-1"},"canonical":"https:\/\/www.cerstveovocie.sk\/makucke-oblecenie-vytvorene-s-laskou-a-vasnou-k-dizajnu-nielen-na-doma\/","og_locale":"sk_SK","og_type":"article","og_title":"M\u00e4ku\u010dk\u00e9 oble\u010denie vytvoren\u00e9 s l\u00e1skou a v\u00e1\u0161\u0148ou k dizajnu nielen na doma - \u010cerstv\u00e9 Ovocie","og_description":"V\u0161etko sa to za\u010dalo \u017eupanom. Av\u0161ak nie oby\u010dajn\u00fdm. Bol tepl\u00fd, ale z\u00e1rove\u0148 \u013eahk\u00fd, pr\u00edjemn\u00fd na telo, \u0161t\u00fdlov\u00fd, no pohodln\u00fd. Aj takto m\u00f4\u017ee od\u0161tartova\u0165 pr\u00edbeh jednej lok\u00e1lnej zna\u010dky. Ten sa za\u010dal p\u00edsa\u0165 Zuzkou v roku 2010. Zuzka, vy\u0161tudovan\u00e1 ekon\u00f3mka, si uvedomila, \u017ee pr\u00e1ca v kancel\u00e1rii za po\u010d\u00edta\u010dom nebude pr\u00e1ve to, \u010do ju bude nap\u013a\u0148a\u0165 a bez [&hellip;]","og_url":"https:\/\/www.cerstveovocie.sk\/makucke-oblecenie-vytvorene-s-laskou-a-vasnou-k-dizajnu-nielen-na-doma\/","og_site_name":"\u010cerstv\u00e9 Ovocie","article_published_time":"2021-04-06T05:32:28+00:00","article_modified_time":"2021-06-10T16:23:42+00:00","og_image":[{"width":2560,"height":1707,"url":"https:\/\/www.cerstveovocie.sk\/wp-content\/uploads\/2021\/04\/ZuzkaEdo_family-scaled.jpg","type":"image\/jpeg"}],"author":"Martin Brix","twitter_card":"summary_large_image","twitter_misc":{"Autor":"Martin Brix","Predpokladan\u00fd \u010das \u010d\u00edtania":"5 min\u00fat"},"schema":{"@context":"https:\/\/schema.org","@graph":[{"@type":"Article","@id":"https:\/\/www.cerstveovocie.sk\/makucke-oblecenie-vytvorene-s-laskou-a-vasnou-k-dizajnu-nielen-na-doma\/#article","isPartOf":{"@id":"https:\/\/www.cerstveovocie.sk\/makucke-oblecenie-vytvorene-s-laskou-a-vasnou-k-dizajnu-nielen-na-doma\/"},"author":{"name":"Martin Brix","@id":"https:\/\/www.cerstveovocie.sk\/#\/schema\/person\/8e202c9288643a126812bf9c72605646"},"headline":"M\u00e4ku\u010dk\u00e9 oble\u010denie vytvoren\u00e9 s l\u00e1skou a v\u00e1\u0161\u0148ou k dizajnu nielen na doma","datePublished":"2021-04-06T05:32:28+00:00","dateModified":"2021-06-10T16:23:42+00:00","mainEntityOfPage":{"@id":"https:\/\/www.cerstveovocie.sk\/makucke-oblecenie-vytvorene-s-laskou-a-vasnou-k-dizajnu-nielen-na-doma\/"},"wordCount":1475,"commentCount":0,"image":{"@id":"https:\/\/www.cerstveovocie.sk\/makucke-oblecenie-vytvorene-s-laskou-a-vasnou-k-dizajnu-nielen-na-doma\/#primaryimage"},"thumbnailUrl":"https:\/\/d.r1.wbsprt.com\/cerstveovocie.sk\/wp-content\/uploads\/2021\/04\/ZuzkaEdo_family-scaled.jpg","keywords":["\u010derstv\u00e9 ovocie_fm","dizajn","efemko","lok\u00e1lna v\u00fdroba","m\u00f3da","oble\u010denie na doma"],"articleSection":["\u010cerstv\u00e9 Ovocie","Novinky"],"inLanguage":"sk-SK","potentialAction":[{"@type":"CommentAction","name":"Comment","target":["https:\/\/www.cerstveovocie.sk\/makucke-oblecenie-vytvorene-s-laskou-a-vasnou-k-dizajnu-nielen-na-doma\/#respond"]}]},{"@type":"WebPage","@id":"https:\/\/www.cerstveovocie.sk\/makucke-oblecenie-vytvorene-s-laskou-a-vasnou-k-dizajnu-nielen-na-doma\/","url":"https:\/\/www.cerstveovocie.sk\/makucke-oblecenie-vytvorene-s-laskou-a-vasnou-k-dizajnu-nielen-na-doma\/","name":"M\u00e4ku\u010dk\u00e9 oble\u010denie vytvoren\u00e9 s l\u00e1skou a v\u00e1\u0161\u0148ou k dizajnu nielen na doma - \u010cerstv\u00e9 Ovocie","isPartOf":{"@id":"https:\/\/www.cerstveovocie.sk\/#website"},"primaryImageOfPage":{"@id":"https:\/\/www.cerstveovocie.sk\/makucke-oblecenie-vytvorene-s-laskou-a-vasnou-k-dizajnu-nielen-na-doma\/#primaryimage"},"image":{"@id":"https:\/\/www.cerstveovocie.sk\/makucke-oblecenie-vytvorene-s-laskou-a-vasnou-k-dizajnu-nielen-na-doma\/#primaryimage"},"thumbnailUrl":"https:\/\/d.r1.wbsprt.com\/cerstveovocie.sk\/wp-content\/uploads\/2021\/04\/ZuzkaEdo_family-scaled.jpg","datePublished":"2021-04-06T05:32:28+00:00","dateModified":"2021-06-10T16:23:42+00:00","author":{"@id":"https:\/\/www.cerstveovocie.sk\/#\/schema\/person\/8e202c9288643a126812bf9c72605646"},"breadcrumb":{"@id":"https:\/\/www.cerstveovocie.sk\/makucke-oblecenie-vytvorene-s-laskou-a-vasnou-k-dizajnu-nielen-na-doma\/#breadcrumb"},"inLanguage":"sk-SK","potentialAction":[{"@type":"ReadAction","target":["https:\/\/www.cerstveovocie.sk\/makucke-oblecenie-vytvorene-s-laskou-a-vasnou-k-dizajnu-nielen-na-doma\/"]}]},{"@type":"ImageObject","inLanguage":"sk-SK","@id":"https:\/\/www.cerstveovocie.sk\/makucke-oblecenie-vytvorene-s-laskou-a-vasnou-k-dizajnu-nielen-na-doma\/#primaryimage","url":"https:\/\/d.r1.wbsprt.com\/cerstveovocie.sk\/wp-content\/uploads\/2021\/04\/ZuzkaEdo_family-scaled.jpg","contentUrl":"https:\/\/d.r1.wbsprt.com\/cerstveovocie.sk\/wp-content\/uploads\/2021\/04\/ZuzkaEdo_family-scaled.jpg","width":2560,"height":1707},{"@type":"BreadcrumbList","@id":"https:\/\/www.cerstveovocie.sk\/makucke-oblecenie-vytvorene-s-laskou-a-vasnou-k-dizajnu-nielen-na-doma\/#breadcrumb","itemListElement":[{"@type":"ListItem","position":1,"name":"Home","item":"https:\/\/www.cerstveovocie.sk\/"},{"@type":"ListItem","position":2,"name":"M\u00e4ku\u010dk\u00e9 oble\u010denie vytvoren\u00e9 s l\u00e1skou a v\u00e1\u0161\u0148ou k dizajnu nielen na doma"}]},{"@type":"WebSite","@id":"https:\/\/www.cerstveovocie.sk\/#website","url":"https:\/\/www.cerstveovocie.sk\/","name":"\u010cerstv\u00e9 Ovocie","description":"V\u00fd\u017eivn\u00e1 porcia lok\u00e1lnej tvorby.","potentialAction":[{"@type":"SearchAction","target":{"@type":"EntryPoint","urlTemplate":"https:\/\/www.cerstveovocie.sk\/?s={search_term_string}"},"query-input":{"@type":"PropertyValueSpecification","valueRequired":true,"valueName":"search_term_string"}}],"inLanguage":"sk-SK"},{"@type":"Person","@id":"https:\/\/www.cerstveovocie.sk\/#\/schema\/person\/8e202c9288643a126812bf9c72605646","name":"Martin Brix","image":{"@type":"ImageObject","inLanguage":"sk-SK","@id":"https:\/\/www.cerstveovocie.sk\/#\/schema\/person\/image\/","url":"https:\/\/secure.gravatar.com\/avatar\/6af874eeaf8969d475094f41c59f338c12819f2025832a5aa203c0d29ad36294?s=96&d=mm&r=g","contentUrl":"https:\/\/secure.gravatar.com\/avatar\/6af874eeaf8969d475094f41c59f338c12819f2025832a5aa203c0d29ad36294?s=96&d=mm&r=g","caption":"Martin Brix"},"url":"https:\/\/d.r1.wbsprt.com\/cerstveovocie.sk\/author\/brix\/"}]}},"_links":{"self":[{"href":"https:\/\/d.r1.wbsprt.com\/cerstveovocie.sk\/wp-json\/wp\/v2\/posts\/662","targetHints":{"allow":["GET"]}}],"collection":[{"href":"https:\/\/d.r1.wbsprt.com\/cerstveovocie.sk\/wp-json\/wp\/v2\/posts"}],"about":[{"href":"https:\/\/d.r1.wbsprt.com\/cerstveovocie.sk\/wp-json\/wp\/v2\/types\/post"}],"author":[{"embeddable":true,"href":"https:\/\/d.r1.wbsprt.com\/cerstveovocie.sk\/wp-json\/wp\/v2\/users\/3"}],"replies":[{"embeddable":true,"href":"https:\/\/d.r1.wbsprt.com\/cerstveovocie.sk\/wp-json\/wp\/v2\/comments?post=662"}],"version-history":[{"count":4,"href":"https:\/\/d.r1.wbsprt.com\/cerstveovocie.sk\/wp-json\/wp\/v2\/posts\/662\/revisions"}],"predecessor-version":[{"id":1010,"href":"https:\/\/d.r1.wbsprt.com\/cerstveovocie.sk\/wp-json\/wp\/v2\/posts\/662\/revisions\/1010"}],"wp:featuredmedia":[{"embeddable":true,"href":"https:\/\/d.r1.wbsprt.com\/cerstveovocie.sk\/wp-json\/wp\/v2\/media\/663"}],"wp:attachment":[{"href":"https:\/\/d.r1.wbsprt.com\/cerstveovocie.sk\/wp-json\/wp\/v2\/media?parent=662"}],"wp:term":[{"taxonomy":"category","embeddable":true,"href":"https:\/\/d.r1.wbsprt.com\/cerstveovocie.sk\/wp-json\/wp\/v2\/categories?post=662"},{"taxonomy":"post_tag","embeddable":true,"href":"https:\/\/d.r1.wbsprt.com\/cerstveovocie.sk\/wp-json\/wp\/v2\/tags?post=662"}],"curies":[{"name":"wp","href":"https:\/\/api.w.org\/{rel}","templated":true}]}}