{"id":6010,"date":"2024-10-06T22:58:25","date_gmt":"2024-10-06T20:58:25","guid":{"rendered":"https:\/\/www.cerstveovocie.sk\/?p=6010"},"modified":"2025-01-13T11:11:42","modified_gmt":"2025-01-13T10:11:42","slug":"kombinuje-tradicne-textilne-techniky-s-ekologickymi-principmi-cim-vytvara-udrzatelnu-modu-inspirovanu-kulturnymi-a-osobnymi-pribehmi","status":"publish","type":"post","link":"https:\/\/d.r1.wbsprt.com\/cerstveovocie.sk\/kombinuje-tradicne-textilne-techniky-s-ekologickymi-principmi-cim-vytvara-udrzatelnu-modu-inspirovanu-kulturnymi-a-osobnymi-pribehmi\/","title":{"rendered":"Kombinuje tradi\u010dn\u00e9 textiln\u00e9 techniky s ekologick\u00fdmi princ\u00edpmi, \u010d\u00edm vytv\u00e1ra udr\u017eate\u013en\u00fa m\u00f3du in\u0161pirovan\u00fa kult\u00farnymi a osobn\u00fdmi pr\u00edbehmi"},"content":{"rendered":"\n<p class=\"has-medium-font-size\">Najviac ju bav\u00ed to, \u010do sa nach\u00e1dza na okraji. Zo sk\u00fasenosti perif\u00e9rneho, zabudnut\u00e9ho, ob\u010das nechcen\u00e9ho m\u00f4\u017eu vznikn\u00fa\u0165 najzauj\u00edmavej\u0161ie fenom\u00e9ny. V poslednej dobe sk\u00fama t\u00fato t\u00e9mu cez \u0161trikovan\u00e9, pleten\u00e9, h\u00e1\u010dkovan\u00e9 alebo in\u00e9 \u201epo\u0161koden\u00e9\u201c \u0161trukt\u00fary. H\u013ead\u00e1 autorsk\u00e9 mo\u017enosti ch\u00fdb a dierok, \u010derp\u00e1m z tradi\u010dn\u00fdch vzorov a vytv\u00e1ra vo\u013en\u00fa \u010dipku. Z\u00e1ujem o perif\u00e9rie ju sprev\u00e1dza u\u017e od \u0161t\u00fadia \u0161panielsko-americkej literat\u00fary a\u017e po upcyklovanie post-consumer oble\u010denia. Dekon\u0161trukcia jej pom\u00e1ha pochopi\u0165 jadro odevu. Je rada, ke\u010f ju odev n\u00fati alebo mo\u017eno pr\u00e1ve naopak, ke\u010f jej nech\u00e1va priestor prem\u00fd\u0161\u013ea\u0165.<\/p>\n\n\n\n<p>Odmali\u010dka sa aj v\u010faka rodi\u010dom venovala r\u00f4znym kreat\u00edvnym \u010dinnostiam. I\u0161lo hlavne o&nbsp;hudbu a&nbsp;literat\u00faru. Ve\u013emi dlho chcel by\u0165 hudobn\u00ed\u010dkou alebo here\u010dkou. Videla sa vo filmoch alebo na p\u00f3diu. Nesk\u00f4r dostala pr\u00edle\u017eitos\u0165 zahra\u0165 si v&nbsp;divadle a&nbsp;u\u010di\u0165 sa na z\u00e1kladnej umeleckej \u0161kole hru na hudobn\u00e9 n\u00e1stroje. V&nbsp;tom obdob\u00ed si uvedomila, \u017ee javisko nie je pre \u0148u a&nbsp;\u017ee sa c\u00edti viac ako introvertka. Preto sa rozhodla pre \u0161t\u00fadium na gymn\u00e1ziu a&nbsp;po \u0148om pre odbor hispanistka na vysokej \u0161kole v&nbsp;Budape\u0161ti. Po vysokej \u0161kole za\u010dala u\u010di\u0165 \u0161paniel\u010dinu na gymn\u00e1ziu, kde stretla kolegov, ktor\u00ed sa vo vo\u013enom \u010dase ve\u013ea venovali pleteniu a&nbsp;r\u00f4znym textiln\u00fdm technik\u00e1m. A&nbsp;pr\u00e1ve v&nbsp;tomto \u010das sa pomaly za\u010d\u00edna cesta Krisztiny Zsapky ako m\u00f3dnej n\u00e1vrh\u00e1rky.<\/p>\n\n\n\n<figure class=\"wp-block-gallery has-nested-images columns-default is-cropped wp-block-gallery-1 is-layout-flex wp-block-gallery-is-layout-flex\">\n<figure class=\"wp-block-image size-large\"><img loading=\"lazy\" decoding=\"async\" width=\"819\" height=\"1024\" data-id=\"6026\" src=\"https:\/\/www.cerstveovocie.sk\/wp-content\/uploads\/2024\/10\/328008792_3247358925527449_6939484753312872917_n-819x1024.jpg\" alt=\"\" class=\"wp-image-6026\" srcset=\"https:\/\/d.r1.wbsprt.com\/cerstveovocie.sk\/wp-content\/uploads\/2024\/10\/328008792_3247358925527449_6939484753312872917_n-819x1024.jpg 819w, https:\/\/d.r1.wbsprt.com\/cerstveovocie.sk\/wp-content\/uploads\/2024\/10\/328008792_3247358925527449_6939484753312872917_n-240x300.jpg 240w, https:\/\/d.r1.wbsprt.com\/cerstveovocie.sk\/wp-content\/uploads\/2024\/10\/328008792_3247358925527449_6939484753312872917_n-768x960.jpg 768w, https:\/\/d.r1.wbsprt.com\/cerstveovocie.sk\/wp-content\/uploads\/2024\/10\/328008792_3247358925527449_6939484753312872917_n-300x375.jpg 300w, https:\/\/d.r1.wbsprt.com\/cerstveovocie.sk\/wp-content\/uploads\/2024\/10\/328008792_3247358925527449_6939484753312872917_n.jpg 1080w\" sizes=\"auto, (max-width: 819px) 100vw, 819px\" \/><\/figure>\n\n\n\n<figure class=\"wp-block-image size-large\"><img loading=\"lazy\" decoding=\"async\" width=\"819\" height=\"1024\" data-id=\"6027\" src=\"https:\/\/www.cerstveovocie.sk\/wp-content\/uploads\/2024\/10\/328497502_1879284679103194_2122905538115532135_n-819x1024.jpg\" alt=\"\" class=\"wp-image-6027\" srcset=\"https:\/\/d.r1.wbsprt.com\/cerstveovocie.sk\/wp-content\/uploads\/2024\/10\/328497502_1879284679103194_2122905538115532135_n-819x1024.jpg 819w, https:\/\/d.r1.wbsprt.com\/cerstveovocie.sk\/wp-content\/uploads\/2024\/10\/328497502_1879284679103194_2122905538115532135_n-240x300.jpg 240w, https:\/\/d.r1.wbsprt.com\/cerstveovocie.sk\/wp-content\/uploads\/2024\/10\/328497502_1879284679103194_2122905538115532135_n-768x960.jpg 768w, https:\/\/d.r1.wbsprt.com\/cerstveovocie.sk\/wp-content\/uploads\/2024\/10\/328497502_1879284679103194_2122905538115532135_n-300x375.jpg 300w, https:\/\/d.r1.wbsprt.com\/cerstveovocie.sk\/wp-content\/uploads\/2024\/10\/328497502_1879284679103194_2122905538115532135_n.jpg 1080w\" sizes=\"auto, (max-width: 819px) 100vw, 819px\" \/><\/figure>\n<\/figure>\n\n\n\n<p>Pletenie jej u\u010darovalo. Za\u010dala materi\u00e1lov\u00fdmi a&nbsp;textur\u00e1lnymi sk\u00fa\u0161kami, nesk\u00f4r uplietla svoj prv\u00fd \u0161\u00e1l a&nbsp;\u201eklasick\u00e9\u201c mal\u00e9, jednoduch\u00e9 pleten\u00e9 k\u00fasky oble\u010denia. \u010casom sa pustila do sk\u00famania a&nbsp;zh\u00e1\u0148ania kvalitn\u00e9ho materi\u00e1lu, najm\u00e4 vlny. Takto sa postupne dostala na pletacie kr\u00fa\u017eky, na\u0161la si kamar\u00e1tky s&nbsp;rovnakou z\u00e1\u013eubou a&nbsp;bola s\u00fa\u010das\u0165ou komunity.<\/p>\n\n\n\n<figure class=\"wp-block-gallery has-nested-images columns-default is-cropped wp-block-gallery-2 is-layout-flex wp-block-gallery-is-layout-flex\">\n<figure class=\"wp-block-image size-large\"><img loading=\"lazy\" decoding=\"async\" width=\"819\" height=\"1024\" data-id=\"6028\" src=\"https:\/\/www.cerstveovocie.sk\/wp-content\/uploads\/2024\/10\/328021058_1597386320723120_5185371999338394076_n-819x1024.jpg\" alt=\"\" class=\"wp-image-6028\" srcset=\"https:\/\/d.r1.wbsprt.com\/cerstveovocie.sk\/wp-content\/uploads\/2024\/10\/328021058_1597386320723120_5185371999338394076_n-819x1024.jpg 819w, https:\/\/d.r1.wbsprt.com\/cerstveovocie.sk\/wp-content\/uploads\/2024\/10\/328021058_1597386320723120_5185371999338394076_n-240x300.jpg 240w, https:\/\/d.r1.wbsprt.com\/cerstveovocie.sk\/wp-content\/uploads\/2024\/10\/328021058_1597386320723120_5185371999338394076_n-768x960.jpg 768w, https:\/\/d.r1.wbsprt.com\/cerstveovocie.sk\/wp-content\/uploads\/2024\/10\/328021058_1597386320723120_5185371999338394076_n-300x375.jpg 300w, https:\/\/d.r1.wbsprt.com\/cerstveovocie.sk\/wp-content\/uploads\/2024\/10\/328021058_1597386320723120_5185371999338394076_n.jpg 1080w\" sizes=\"auto, (max-width: 819px) 100vw, 819px\" \/><\/figure>\n\n\n\n<figure class=\"wp-block-image size-large\"><img loading=\"lazy\" decoding=\"async\" width=\"819\" height=\"1024\" data-id=\"6029\" src=\"https:\/\/www.cerstveovocie.sk\/wp-content\/uploads\/2024\/10\/328390855_846921733074716_297584199463230068_n-819x1024.jpg\" alt=\"\" class=\"wp-image-6029\" srcset=\"https:\/\/d.r1.wbsprt.com\/cerstveovocie.sk\/wp-content\/uploads\/2024\/10\/328390855_846921733074716_297584199463230068_n-819x1024.jpg 819w, https:\/\/d.r1.wbsprt.com\/cerstveovocie.sk\/wp-content\/uploads\/2024\/10\/328390855_846921733074716_297584199463230068_n-240x300.jpg 240w, https:\/\/d.r1.wbsprt.com\/cerstveovocie.sk\/wp-content\/uploads\/2024\/10\/328390855_846921733074716_297584199463230068_n-768x960.jpg 768w, https:\/\/d.r1.wbsprt.com\/cerstveovocie.sk\/wp-content\/uploads\/2024\/10\/328390855_846921733074716_297584199463230068_n-300x375.jpg 300w, https:\/\/d.r1.wbsprt.com\/cerstveovocie.sk\/wp-content\/uploads\/2024\/10\/328390855_846921733074716_297584199463230068_n.jpg 1080w\" sizes=\"auto, (max-width: 819px) 100vw, 819px\" \/><\/figure>\n<\/figure>\n\n\n\n<p>\u010cerstv\u00e1 absolventka bakal\u00e1rskeho \u0161t\u00fadia odevn\u00e9ho dizajnu v Ateli\u00e9ri 343 na V\u0160VU vo svojej tvorbe \u010dasto vych\u00e1dza z experimentov s r\u00f4znymi textiln\u00fdmi technikami. Do bud\u00facna sa pl\u00e1nuje venova\u0165 technol\u00f3gii plet\u00e1\u017ee a z\u00edska\u0165 prax v priemysle, aby mohla budova\u0165 svoju zna\u010dku a komunitu \u013eud\u00ed s podobnou v\u00edziou. Tina Zsapka vyu\u017e\u00edva pr\u00edrodn\u00e9 materi\u00e1ly a spolupracuje s lok\u00e1lnymi remeseln\u00edkmi. V jej tvorbe sa odr\u00e1\u017eaj\u00fa princ\u00edpy ekologickej udr\u017eate\u013enosti a remeselnej kvality, pri\u010dom pou\u017e\u00edva materi\u00e1ly farben\u00e9 pr\u00edrodn\u00fdmi pigmentmi alebo vintage ru\u010dne tkan\u00e9 plachty.<\/p>\n\n\n\n<p>Jednu zo svojich prv\u00fdch \u0161kolsk\u00fdch pr\u00e1c&nbsp;<strong><a href=\"https:\/\/www.digitalnyprieskum.sk\/i-need-this-language-to-be-my-comfort-zone-tina-zsapka\/\" target=\"_blank\" rel=\"noreferrer noopener\">I need this language to be my comfort zone<\/a><\/strong>&nbsp;(1. ro\u010d. Bc.) Tina zamerala na ot\u00e1zku, pre\u010do st\u00e1le neovl\u00e1da sloven\u010dinu dostato\u010dne dobre, napriek tomu, \u017ee sa tu narodila, a u\u010denie sa sloven\u010diny bolo s\u00fa\u010das\u0165ou jej ka\u017edodenn\u00e9ho \u017eivota u\u017e od \u0161k\u00f4lky. Nie je to ale individu\u00e1lny pr\u00edpad, ve\u013ea \u013eud\u00ed z ma\u010farskej men\u0161iny sa nec\u00edti komfortne pri pou\u017e\u00edvan\u00ed sloven\u010diny. V r\u00e1mci re\u0161er\u0161u sa sna\u017eila informova\u0165 o kult\u00farnych, spolo\u010densk\u00fdch a vzdel\u00e1vac\u00edch okolnostiach tejto problematiky. Jej k\u013e\u00fa\u010dov\u00e9 slov\u00e1 s\u00fa sebareflexia, komfortn\u00e1 z\u00f3na, ignorancia, cudz\u00ed jazyk, z\u00e1ujmy, izol\u00e1cia, spolo\u010densk\u00fd\/individu\u00e1lny fenom\u00e9n. Tininim cie\u013eom v tomto projekte bolo pozorova\u0165 osobn\u00fa (nie spolo\u010densk\u00fa) problematiku neovl\u00e1dania sloven\u010diny.&nbsp;<\/p>\n\n\n\n<figure class=\"wp-block-gallery has-nested-images columns-default is-cropped wp-block-gallery-3 is-layout-flex wp-block-gallery-is-layout-flex\">\n<figure class=\"wp-block-image size-large\"><img loading=\"lazy\" decoding=\"async\" width=\"637\" height=\"849\" data-id=\"6011\" src=\"https:\/\/www.cerstveovocie.sk\/wp-content\/uploads\/2024\/10\/I-need-this-language-to-be-my-comfort-zone_01.jpg\" alt=\"\" class=\"wp-image-6011\" srcset=\"https:\/\/d.r1.wbsprt.com\/cerstveovocie.sk\/wp-content\/uploads\/2024\/10\/I-need-this-language-to-be-my-comfort-zone_01.jpg 637w, https:\/\/d.r1.wbsprt.com\/cerstveovocie.sk\/wp-content\/uploads\/2024\/10\/I-need-this-language-to-be-my-comfort-zone_01-225x300.jpg 225w, https:\/\/d.r1.wbsprt.com\/cerstveovocie.sk\/wp-content\/uploads\/2024\/10\/I-need-this-language-to-be-my-comfort-zone_01-300x400.jpg 300w\" sizes=\"auto, (max-width: 637px) 100vw, 637px\" \/><\/figure>\n\n\n\n<figure class=\"wp-block-image size-large\"><img loading=\"lazy\" decoding=\"async\" width=\"637\" height=\"846\" data-id=\"6012\" src=\"https:\/\/www.cerstveovocie.sk\/wp-content\/uploads\/2024\/10\/I-need-this-language-to-be-my-comfort-zone_02.jpg\" alt=\"\" class=\"wp-image-6012\" srcset=\"https:\/\/d.r1.wbsprt.com\/cerstveovocie.sk\/wp-content\/uploads\/2024\/10\/I-need-this-language-to-be-my-comfort-zone_02.jpg 637w, https:\/\/d.r1.wbsprt.com\/cerstveovocie.sk\/wp-content\/uploads\/2024\/10\/I-need-this-language-to-be-my-comfort-zone_02-226x300.jpg 226w, https:\/\/d.r1.wbsprt.com\/cerstveovocie.sk\/wp-content\/uploads\/2024\/10\/I-need-this-language-to-be-my-comfort-zone_02-300x398.jpg 300w\" sizes=\"auto, (max-width: 637px) 100vw, 637px\" \/><\/figure>\n<\/figure>\n\n\n\n<p>\u201eNem\u00f4\u017ee by\u0165 v\u0161etko chybou extern\u00fdch okolnost\u00ed, treba preuk\u00e1za\u0165 dostato\u010dn\u00fa sebareflexiu. Pre m\u0148a, k osvojeniu si cudzieho jazyka nesta\u010d\u00ed priate\u013esk\u00e1 atmosf\u00e9ra na hodine v \u0161kole, mus\u00edm venova\u0165 \u010das \u0161t\u00fadiu a informova\u0165 sa o z\u00e1ujmoch v cudzom jazyku. Mojou chybou bola v\u017edy predov\u0161etk\u00fdm ignorancia, zotrvanie v komfortnej z\u00f3ne, ktor\u00fa z jazykov\u00e9ho h\u013eadiska zabezpe\u010dila ma\u010farsk\u00e1 komunita.\u201c pribli\u017euje v\u00fdchodisk\u00e1 svojho projektu&nbsp;<strong>I need this language to be my comfort zone<\/strong>. Aby sa c\u00edtila pohodlne aj v slovenskom prostred\u00ed, rozhodla sa navrhn\u00fa\u0165 deku, ktorej funkciou je poskytn\u00fa\u0165 komfort pre svojho u\u017e\u00edvate\u013ea. Vybrala si techniku ru\u010dn\u00e9ho quiltovania, ktor\u00e1 e\u0161te viac zd\u00f4raz\u0148uje \u00fatulnos\u0165, m\u00e4kkos\u0165 a komfort.<\/p>\n\n\n\n<p>Pojem \u201ehybrid\u201c je mo\u017en\u00e9 vn\u00edma\u0165 z r\u00f4znych poh\u013eadov. V ur\u010dit\u00fdch kontextoch m\u00e1 negat\u00edvnu konot\u00e1ciu, v in\u00fdch sk\u00f4r neutr\u00e1lnu. Existuj\u00fa ale aj ve\u013emi pozit\u00edvne kontexty \u201ehybridu\u201c. V&nbsp;semestr\u00e1lnej pr\u00e1ci s&nbsp;n\u00e1zvom&nbsp;<strong><a href=\"https:\/\/www.digitalnyprieskum.sk\/hybrid-tina-zsapka\/\" target=\"_blank\" rel=\"noreferrer noopener\">Hybrid<\/a><\/strong>&nbsp;(1. ro\u010d. Bc.) chcela Tina pod\u010diarknu\u0165 vn\u00edmanie hybridu v pozit\u00edvnom zmysle. \u010cerpala od teoretika Homi K. Bhabha, z jeho textov o kultur\u00e1lnej hybridite a \u201ethird space\u201c, ktor\u00fd m\u00e1 \u201ekreat\u00edvne kapacity\u201c. Z\u00e1kladom jej pr\u00e1ce je koncept presk\u00famania kreat\u00edvnych kapac\u00edt tretieho priestoru, my\u0161lienka spojenia dvoch odli\u0161nost\u00ed, zmena tradi\u010dn\u00fdch a ust\u00e1len\u00fdch foriem bytia. Sna\u017e\u00ed sa ilustrova\u0165 proces hybridiz\u00e1cie a zachyti\u0165 jeho k\u013e\u00fa\u010dov\u00e9 momenty. Chce zd\u00f4razni\u0165, \u017ee hybrid je d\u00f4le\u017eit\u00fd, lebo s nim dok\u00e1\u017eeme zobrazi\u0165 autentickej\u0161\u00ed obraz. Hybrid v Tininom projekte symbolizuje pestros\u0165 oproti iba \u010dierno-bielym vn\u00edman\u00edm a pre transparentn\u00fa komunik\u00e1ciu s\u00fa podstatn\u00e9 v\u0161etky odtiene farebnej \u0161k\u00e1ly. Transparentnos\u0165 by mala by\u0165 z\u00e1kladnou mor\u00e1lnou hodnotou \u013eudskej spolo\u010dnosti. Tinine k\u013e\u00fa\u010dov\u00e9 slov\u00e1 s\u00fa hybridiz\u00e1cia, proces, modifik\u00e1cia, transparentnos\u0165 a odtiene.<\/p>\n\n\n\n<figure class=\"wp-block-image size-full\"><img loading=\"lazy\" decoding=\"async\" width=\"845\" height=\"563\" src=\"https:\/\/www.cerstveovocie.sk\/wp-content\/uploads\/2024\/10\/Hybrid.jpg\" alt=\"\" class=\"wp-image-6013\" srcset=\"https:\/\/d.r1.wbsprt.com\/cerstveovocie.sk\/wp-content\/uploads\/2024\/10\/Hybrid.jpg 845w, https:\/\/d.r1.wbsprt.com\/cerstveovocie.sk\/wp-content\/uploads\/2024\/10\/Hybrid-300x200.jpg 300w, https:\/\/d.r1.wbsprt.com\/cerstveovocie.sk\/wp-content\/uploads\/2024\/10\/Hybrid-768x512.jpg 768w\" sizes=\"auto, (max-width: 845px) 100vw, 845px\" \/><\/figure>\n\n\n\n<p>Textiln\u00e1 kolekcia&nbsp;<strong><a href=\"https:\/\/www.digitalnyprieskum.sk\/hrdza-tina-zsapka\/\" target=\"_blank\" rel=\"noreferrer noopener\">Hrdza<\/a><\/strong>&nbsp;(2. ro\u010d. Bc.) sa vyv\u00edjala organicky v dielni po\u010das konzult\u00e1cii, sk\u00fa\u0161ania a rozm\u00fd\u0161\u013eania. Tina si zvolila pracovn\u00fd postup dizajnu zameran\u00e9ho na z\u00e1kazn\u00edka. Jej imagin\u00e1rny z\u00e1kazn\u00edk je umelec, ktor\u00fd potrebuje textiln\u00e9 komponenty do svojho polos\u00fakromn\u00e9ho ateli\u00e9ru, kde sa chce c\u00edti\u0165 ako doma, preto\u017ee tam tr\u00e1vi ve\u013ea \u010dasu a je to jeho vlastn\u00fd kreat\u00edvny priestor. Taktie\u017e by to mal by\u0165 aj priestor na stretnutia s klientmi.&nbsp;Hlavnou vizu\u00e1lnou in\u0161pir\u00e1ciou bola hrdza a pokazen\u00e9, zni\u010den\u00e9 kovov\u00e9 objekty, hlavne ploty, ktor\u00e9 Tina sk\u00famala na uliciach. Zaujali ju farebnos\u0165ou aj \u0161trukt\u00farou. Z\u00e1rove\u0148 in\u0161pirovali aj hlavn\u00fa my\u0161lienku o zranite\u013enosti siln\u00fdch objektov, materi\u00e1lov alebo os\u00f4b. Dominantn\u00fdm materi\u00e1lov\u00fdm prvkom s\u00fa kovov\u00e9 pr\u00e1\u0161ky, ktor\u00e9 s\u00fa nan\u00e1\u0161an\u00e9 na textil sie\u0165otla\u010dou alebo cez \u0161abl\u00f3nu. Tina vyu\u017e\u00edvala aj techniku rezania laserom.&nbsp;&nbsp;<\/p>\n\n\n\n<figure class=\"wp-block-gallery has-nested-images columns-default is-cropped wp-block-gallery-4 is-layout-flex wp-block-gallery-is-layout-flex\">\n<figure class=\"wp-block-image size-large\"><img loading=\"lazy\" decoding=\"async\" width=\"652\" height=\"978\" data-id=\"6015\" src=\"https:\/\/www.cerstveovocie.sk\/wp-content\/uploads\/2024\/10\/Hrdza_01.jpg\" alt=\"\" class=\"wp-image-6015\" srcset=\"https:\/\/d.r1.wbsprt.com\/cerstveovocie.sk\/wp-content\/uploads\/2024\/10\/Hrdza_01.jpg 652w, https:\/\/d.r1.wbsprt.com\/cerstveovocie.sk\/wp-content\/uploads\/2024\/10\/Hrdza_01-200x300.jpg 200w, https:\/\/d.r1.wbsprt.com\/cerstveovocie.sk\/wp-content\/uploads\/2024\/10\/Hrdza_01-300x450.jpg 300w\" sizes=\"auto, (max-width: 652px) 100vw, 652px\" \/><\/figure>\n\n\n\n<figure class=\"wp-block-image size-large\"><img loading=\"lazy\" decoding=\"async\" width=\"624\" height=\"935\" data-id=\"6014\" src=\"https:\/\/www.cerstveovocie.sk\/wp-content\/uploads\/2024\/10\/Hrdza_02.jpg\" alt=\"\" class=\"wp-image-6014\" srcset=\"https:\/\/d.r1.wbsprt.com\/cerstveovocie.sk\/wp-content\/uploads\/2024\/10\/Hrdza_02.jpg 624w, https:\/\/d.r1.wbsprt.com\/cerstveovocie.sk\/wp-content\/uploads\/2024\/10\/Hrdza_02-200x300.jpg 200w, https:\/\/d.r1.wbsprt.com\/cerstveovocie.sk\/wp-content\/uploads\/2024\/10\/Hrdza_02-300x450.jpg 300w\" sizes=\"auto, (max-width: 624px) 100vw, 624px\" \/><\/figure>\n<\/figure>\n\n\n\n<p>Tinina star\u00e1 mama m\u00e1 slu\u0161n\u00fa zbierku star\u00fdch m\u00f3dnych \u010dasopisov, ktor\u00fa \u010dasto s rados\u0165ou prelistuje. Prezera\u0165 si dizajn odevu, layoutu a m\u00f3dne fotografie socialistick\u00e9ho \u010ceskoslovenska Tinu v\u017edy napln\u00ed zvl\u00e1\u0161tnym pocitom nostalgie. Na jednej strane je to pre \u0148u pr\u00edjemn\u00fd estetick\u00fd z\u00e1\u017eitok, na druhej strane si v\u017edy spomenie na nedostatky vtedaj\u0161ieho re\u017eimu. Semestr\u00e1lna pr\u00e1ca&nbsp;<strong><a href=\"https:\/\/www.digitalnyprieskum.sk\/bearing-the-consequences-tina-zsapka\/\" target=\"_blank\" rel=\"noreferrer noopener\">Bearing the consequences<\/a><\/strong>&nbsp;(2. ro\u010d. Bc.) sa zrodila pr\u00e1ve z tohto zvl\u00e1\u0161tneho ambivalentn\u00e9ho pocitu.&nbsp;Prirodzen\u00fdm sp\u00f4sobom sa jej koncept zredukoval na k\u013e\u00fa\u010dov\u00e9 slov\u00e1 obmedzenos\u0165 a pohodlie.&nbsp;Pojmom obmedzenosti chcela vyjadri\u0165, \u017ee socialistick\u00fd re\u017eim s pomocou cenz\u00fary \u017eia\u013e spomalil rozvoj r\u00f4znych oblast\u00ed kult\u00fary. Pojmom pohodlia sa sna\u017eila symbolizova\u0165 zvl\u00e1\u0161tny fenom\u00e9n toho, ako \u010dlovek, ktor\u00fd sa podriadil re\u017eimu, mohol dosiahnu\u0165 najpodstatnej\u0161ie veci, ktor\u00e9 potreboval k pohodln\u00e9mu \u017eivotn\u00e9mu \u0161t\u00fdlu, akur\u00e1t jeho kreativita a progres\u00edvne snahy boli obmedzen\u00e9.<\/p>\n\n\n\n<figure class=\"wp-block-gallery has-nested-images columns-default is-cropped wp-block-gallery-5 is-layout-flex wp-block-gallery-is-layout-flex\">\n<figure class=\"wp-block-image size-large\"><img loading=\"lazy\" decoding=\"async\" width=\"594\" height=\"891\" data-id=\"6016\" src=\"https:\/\/www.cerstveovocie.sk\/wp-content\/uploads\/2024\/10\/Bearing-the-consequences_01.jpg\" alt=\"\" class=\"wp-image-6016\" srcset=\"https:\/\/d.r1.wbsprt.com\/cerstveovocie.sk\/wp-content\/uploads\/2024\/10\/Bearing-the-consequences_01.jpg 594w, https:\/\/d.r1.wbsprt.com\/cerstveovocie.sk\/wp-content\/uploads\/2024\/10\/Bearing-the-consequences_01-200x300.jpg 200w, https:\/\/d.r1.wbsprt.com\/cerstveovocie.sk\/wp-content\/uploads\/2024\/10\/Bearing-the-consequences_01-300x450.jpg 300w\" sizes=\"auto, (max-width: 594px) 100vw, 594px\" \/><\/figure>\n\n\n\n<figure class=\"wp-block-image size-large\"><img loading=\"lazy\" decoding=\"async\" width=\"509\" height=\"764\" data-id=\"6017\" src=\"https:\/\/www.cerstveovocie.sk\/wp-content\/uploads\/2024\/10\/Bearing-the-consequences_02.jpg\" alt=\"\" class=\"wp-image-6017\" srcset=\"https:\/\/d.r1.wbsprt.com\/cerstveovocie.sk\/wp-content\/uploads\/2024\/10\/Bearing-the-consequences_02.jpg 509w, https:\/\/d.r1.wbsprt.com\/cerstveovocie.sk\/wp-content\/uploads\/2024\/10\/Bearing-the-consequences_02-200x300.jpg 200w, https:\/\/d.r1.wbsprt.com\/cerstveovocie.sk\/wp-content\/uploads\/2024\/10\/Bearing-the-consequences_02-300x450.jpg 300w\" sizes=\"auto, (max-width: 509px) 100vw, 509px\" \/><\/figure>\n<\/figure>\n\n\n\n<p>Tina Zsapka sa zapojila do skupinov\u00e9ho projektu&nbsp;<strong>Fragment<\/strong>, na ktorom spolupracovala spolu s Pavl\u00ednou \u00c1rend\u00e1\u0161ovou, Filipom Feckom, Jaroslavou Poliakovou, Vikt\u00f3riou Ko\u0161\u00edkovou a Lenkou Vallovou. Projekt predstavuje skupinov\u00fa kolekciu \u0161tudentov 2. ro\u010dn\u00edka V\u0160VU v Bratislave, ktorou sa spolo\u010dne sna\u017eia reprezentova\u0165 kolekt\u00edvny pr\u00edstup mladej gener\u00e1cie k navrhovaniu odevov. Autori recykluj\u00fa textiln\u00fd odpad z n\u00e1\u0161ho okolia \u2013 star\u00e9 ko\u0161ele, poste\u013en\u00e9 oblie\u010dky, z\u00e1clony a in\u00e9, u\u017e nepou\u017eite\u013en\u00e9 text\u00edlie. V\u00fdsledkom je \u017eiv\u00e1 a dynamick\u00e1 skupinov\u00e1 kolekcia \u2013 spolupr\u00e1ca, v ktorej diela navz\u00e1jom rezonuj\u00fa a predstavuj\u00fa lep\u0161iu a l\u00e1skavej\u0161iu bud\u00facnos\u0165, o ktorej sn\u00edvame.<\/p>\n\n\n\n<figure class=\"wp-block-gallery has-nested-images columns-default is-cropped wp-block-gallery-6 is-layout-flex wp-block-gallery-is-layout-flex\">\n<figure class=\"wp-block-image size-large\"><img loading=\"lazy\" decoding=\"async\" width=\"430\" height=\"771\" data-id=\"6019\" src=\"https:\/\/www.cerstveovocie.sk\/wp-content\/uploads\/2024\/10\/Fragment_01.jpg\" alt=\"\" class=\"wp-image-6019\" srcset=\"https:\/\/d.r1.wbsprt.com\/cerstveovocie.sk\/wp-content\/uploads\/2024\/10\/Fragment_01.jpg 430w, https:\/\/d.r1.wbsprt.com\/cerstveovocie.sk\/wp-content\/uploads\/2024\/10\/Fragment_01-167x300.jpg 167w, https:\/\/d.r1.wbsprt.com\/cerstveovocie.sk\/wp-content\/uploads\/2024\/10\/Fragment_01-300x538.jpg 300w\" sizes=\"auto, (max-width: 430px) 100vw, 430px\" \/><\/figure>\n\n\n\n<figure class=\"wp-block-image size-large\"><img loading=\"lazy\" decoding=\"async\" width=\"479\" height=\"771\" data-id=\"6018\" src=\"https:\/\/www.cerstveovocie.sk\/wp-content\/uploads\/2024\/10\/Fragment_02.jpg\" alt=\"\" class=\"wp-image-6018\" srcset=\"https:\/\/d.r1.wbsprt.com\/cerstveovocie.sk\/wp-content\/uploads\/2024\/10\/Fragment_02.jpg 479w, https:\/\/d.r1.wbsprt.com\/cerstveovocie.sk\/wp-content\/uploads\/2024\/10\/Fragment_02-186x300.jpg 186w, https:\/\/d.r1.wbsprt.com\/cerstveovocie.sk\/wp-content\/uploads\/2024\/10\/Fragment_02-300x483.jpg 300w\" sizes=\"auto, (max-width: 479px) 100vw, 479px\" \/><\/figure>\n\n\n\n<figure class=\"wp-block-image size-large\"><img loading=\"lazy\" decoding=\"async\" width=\"477\" height=\"768\" data-id=\"6020\" src=\"https:\/\/www.cerstveovocie.sk\/wp-content\/uploads\/2024\/10\/Fragment_03.jpg\" alt=\"\" class=\"wp-image-6020\" srcset=\"https:\/\/d.r1.wbsprt.com\/cerstveovocie.sk\/wp-content\/uploads\/2024\/10\/Fragment_03.jpg 477w, https:\/\/d.r1.wbsprt.com\/cerstveovocie.sk\/wp-content\/uploads\/2024\/10\/Fragment_03-186x300.jpg 186w, https:\/\/d.r1.wbsprt.com\/cerstveovocie.sk\/wp-content\/uploads\/2024\/10\/Fragment_03-300x483.jpg 300w\" sizes=\"auto, (max-width: 477px) 100vw, 477px\" \/><\/figure>\n<\/figure>\n\n\n\n<p>Kolekcia upcyklovan\u00e9ho kapsulov\u00e9ho \u0161atn\u00edka&nbsp;<strong><a href=\"https:\/\/www.digitalnyprieskum.sk\/muted-tina-zsapka\/\" target=\"_blank\" rel=\"noreferrer noopener\">Muted<\/a><\/strong>&nbsp;(3. ro\u010d. Bc.) je vytvoren\u00e1 v r\u00e1mci spolupr\u00e1ce so slovenskou zna\u010dkou Buffet. V\u0161etky k\u00fasky s\u00fa vyroben\u00e9 z deadstock metr\u00e1\u017ee, sample k\u00faskov alebo hotov\u00fdch odevov.&nbsp;\u010cipkovan\u00fd priesvitn\u00fd top je ru\u010dne \u0161trikovan\u00fd dvomi ihlicami z materi\u00e1lu, ktor\u00fd&nbsp;&nbsp;z\u00edskala vyp\u00e1ran\u00edm hotov\u00e9ho priemyseln\u00fdmi strojmi pleten\u00e9ho \u0161\u00e1lu. Pou\u017e\u00edvala dva vzory zo Shetlandskej trad\u00edcie.&nbsp;<\/p>\n\n\n\n<figure class=\"wp-block-gallery has-nested-images columns-default is-cropped wp-block-gallery-7 is-layout-flex wp-block-gallery-is-layout-flex\">\n<figure class=\"wp-block-image size-large\"><img loading=\"lazy\" decoding=\"async\" width=\"769\" height=\"1024\" data-id=\"6022\" src=\"https:\/\/www.cerstveovocie.sk\/wp-content\/uploads\/2024\/10\/Muted_01-769x1024.jpg\" alt=\"\" class=\"wp-image-6022\" srcset=\"https:\/\/d.r1.wbsprt.com\/cerstveovocie.sk\/wp-content\/uploads\/2024\/10\/Muted_01-769x1024.jpg 769w, https:\/\/d.r1.wbsprt.com\/cerstveovocie.sk\/wp-content\/uploads\/2024\/10\/Muted_01-225x300.jpg 225w, https:\/\/d.r1.wbsprt.com\/cerstveovocie.sk\/wp-content\/uploads\/2024\/10\/Muted_01-768x1022.jpg 768w, https:\/\/d.r1.wbsprt.com\/cerstveovocie.sk\/wp-content\/uploads\/2024\/10\/Muted_01-300x399.jpg 300w, https:\/\/d.r1.wbsprt.com\/cerstveovocie.sk\/wp-content\/uploads\/2024\/10\/Muted_01.jpg 879w\" sizes=\"auto, (max-width: 769px) 100vw, 769px\" \/><\/figure>\n\n\n\n<figure class=\"wp-block-image size-large\"><img loading=\"lazy\" decoding=\"async\" width=\"624\" height=\"792\" data-id=\"6021\" src=\"https:\/\/www.cerstveovocie.sk\/wp-content\/uploads\/2024\/10\/Muted_02.jpeg\" alt=\"\" class=\"wp-image-6021\" srcset=\"https:\/\/d.r1.wbsprt.com\/cerstveovocie.sk\/wp-content\/uploads\/2024\/10\/Muted_02.jpeg 624w, https:\/\/d.r1.wbsprt.com\/cerstveovocie.sk\/wp-content\/uploads\/2024\/10\/Muted_02-236x300.jpeg 236w, https:\/\/d.r1.wbsprt.com\/cerstveovocie.sk\/wp-content\/uploads\/2024\/10\/Muted_02-300x381.jpeg 300w\" sizes=\"auto, (max-width: 624px) 100vw, 624px\" \/><\/figure>\n<\/figure>\n\n\n\n<p>N\u00e1zov kolekcie odevov&nbsp;<strong>Substantia Cruda<\/strong>&nbsp;alebo Surov\u00e1 l\u00e1tka vyjadruje snahu o zachytenie podstaty in\u0161tinktu, ur\u010ditej atrakcie a senzibility. V tejto semestr\u00e1lnej pr\u00e1ci sk\u00fama dynamiku m\u00f3dy z h\u013eadiska pozorovate\u013ea. Tinu zauj\u00edma, ako sa \u013eudia navz\u00e1jom ovplyv\u0148uj\u00fa v obliekan\u00ed. M\u00f3da nemus\u00ed by\u0165 iba o kulte osobnosti. \u017dijeme v&nbsp;ur\u010ditom historickom a soci\u00e1lnom kontexte, r\u00f4zne extern\u00e9 okolnosti vpl\u00fdvaj\u00fa na na\u0161e \u017eivoty, pocity, rozhodnutia, aj na to, \u010do si r\u00e1no oble\u010dieme. Tina tu \u010derp\u00e1 in\u0161pir\u00e1ciu od jej osobn\u00fdch m\u00faz. Cez ich preferencie sk\u00famam zdroje vlastn\u00e9ho vkusu. Kolekcia sa sklad\u00e1 z 4 modelov \u0161pecificky navrhnut\u00e9 na Tinine m\u00fazy.<\/p>\n\n\n\n<figure class=\"wp-block-gallery has-nested-images columns-default is-cropped wp-block-gallery-8 is-layout-flex wp-block-gallery-is-layout-flex\">\n<figure class=\"wp-block-image size-large\"><img loading=\"lazy\" decoding=\"async\" width=\"808\" height=\"1024\" data-id=\"6024\" src=\"https:\/\/www.cerstveovocie.sk\/wp-content\/uploads\/2024\/10\/Substantia-Cruda_01-808x1024.jpg\" alt=\"\" class=\"wp-image-6024\" srcset=\"https:\/\/d.r1.wbsprt.com\/cerstveovocie.sk\/wp-content\/uploads\/2024\/10\/Substantia-Cruda_01-808x1024.jpg 808w, https:\/\/d.r1.wbsprt.com\/cerstveovocie.sk\/wp-content\/uploads\/2024\/10\/Substantia-Cruda_01-237x300.jpg 237w, https:\/\/d.r1.wbsprt.com\/cerstveovocie.sk\/wp-content\/uploads\/2024\/10\/Substantia-Cruda_01-768x973.jpg 768w, https:\/\/d.r1.wbsprt.com\/cerstveovocie.sk\/wp-content\/uploads\/2024\/10\/Substantia-Cruda_01-1212x1536.jpg 1212w, https:\/\/d.r1.wbsprt.com\/cerstveovocie.sk\/wp-content\/uploads\/2024\/10\/Substantia-Cruda_01-1616x2048.jpg 1616w, https:\/\/d.r1.wbsprt.com\/cerstveovocie.sk\/wp-content\/uploads\/2024\/10\/Substantia-Cruda_01-300x380.jpg 300w, https:\/\/d.r1.wbsprt.com\/cerstveovocie.sk\/wp-content\/uploads\/2024\/10\/Substantia-Cruda_01-scaled.jpg 2021w\" sizes=\"auto, (max-width: 808px) 100vw, 808px\" \/><\/figure>\n\n\n\n<figure class=\"wp-block-image size-large\"><img loading=\"lazy\" decoding=\"async\" width=\"808\" height=\"1024\" data-id=\"6023\" src=\"https:\/\/www.cerstveovocie.sk\/wp-content\/uploads\/2024\/10\/Substantia-Cruda_02-808x1024.jpg\" alt=\"\" class=\"wp-image-6023\" srcset=\"https:\/\/d.r1.wbsprt.com\/cerstveovocie.sk\/wp-content\/uploads\/2024\/10\/Substantia-Cruda_02-808x1024.jpg 808w, https:\/\/d.r1.wbsprt.com\/cerstveovocie.sk\/wp-content\/uploads\/2024\/10\/Substantia-Cruda_02-237x300.jpg 237w, https:\/\/d.r1.wbsprt.com\/cerstveovocie.sk\/wp-content\/uploads\/2024\/10\/Substantia-Cruda_02-768x973.jpg 768w, https:\/\/d.r1.wbsprt.com\/cerstveovocie.sk\/wp-content\/uploads\/2024\/10\/Substantia-Cruda_02-1212x1536.jpg 1212w, https:\/\/d.r1.wbsprt.com\/cerstveovocie.sk\/wp-content\/uploads\/2024\/10\/Substantia-Cruda_02-1616x2048.jpg 1616w, https:\/\/d.r1.wbsprt.com\/cerstveovocie.sk\/wp-content\/uploads\/2024\/10\/Substantia-Cruda_02-300x380.jpg 300w, https:\/\/d.r1.wbsprt.com\/cerstveovocie.sk\/wp-content\/uploads\/2024\/10\/Substantia-Cruda_02-scaled.jpg 2020w\" sizes=\"auto, (max-width: 808px) 100vw, 808px\" \/><\/figure>\n<\/figure>\n\n\n\n<p>Tina sa vo svojej tvorbe \u010dasto in\u0161piruje experimentovan\u00edm s r\u00f4znymi textiln\u00fdmi technikami, ako s\u00fa pletenie a plstenie, a z\u00e1rove\u0148 \u010derp\u00e1 z kraj\u010d\u00edrskeho remesla. Osobitn\u00fd d\u00f4raz kladie na inov\u00e1cie v technik\u00e1ch pletenia, vr\u00e1tane ru\u010dne pletenej \u010dipky na ihliciach alebo vytv\u00e1rania \u201efully fashioned\u201c k\u00faskov oble\u010denia s autorsk\u00fdmi plastick\u00fdmi text\u00farami. K\u013e\u00fa\u010dov\u00fdm prvkom jej tvorby je v\u00fdber materi\u00e1lov, ktor\u00fd odr\u00e1\u017ea nielen jej umeleck\u00e9 preferencie, ale aj princ\u00edpy ekologickej udr\u017eate\u013enosti.<\/p>\n\n\n\n<p>Jej bakal\u00e1rska kolekcia&nbsp;<strong>Like Fine Vessels<\/strong>&nbsp;\u010derp\u00e1 in\u0161pir\u00e1ciu z kult\u00farnych dej\u00edn n\u00e1\u0161ho regi\u00f3nu, pri\u010dom reinterpretovala hodnotu archeologick\u00fdch n\u00e1lezov z praveku a staroveku pre s\u00fa\u010dasnos\u0165. K\u00fasky kolekcie s\u00fa zhotoven\u00e9 origin\u00e1lnymi rie\u0161eniami, ako s\u00fa asymetrick\u00e9 strihy a text\u00fary vytvoren\u00e9 pleten\u00edm a plsten\u00edm. Princ\u00edpy ekologickej udr\u017eate\u013enosti s\u00fa zakomponovan\u00e9 vo v\u00fdbere pr\u00edrodn\u00fdch materi\u00e1lov a spolupr\u00e1ci s lok\u00e1lnymi remeseln\u00edkmi.<\/p>\n\n\n\n<figure class=\"wp-block-image size-large\"><img loading=\"lazy\" decoding=\"async\" width=\"1024\" height=\"683\" src=\"https:\/\/www.cerstveovocie.sk\/wp-content\/uploads\/2024\/10\/Like-Fine-Vessels-1024x683.jpg\" alt=\"\" class=\"wp-image-6025\" srcset=\"https:\/\/d.r1.wbsprt.com\/cerstveovocie.sk\/wp-content\/uploads\/2024\/10\/Like-Fine-Vessels-1024x683.jpg 1024w, https:\/\/d.r1.wbsprt.com\/cerstveovocie.sk\/wp-content\/uploads\/2024\/10\/Like-Fine-Vessels-300x200.jpg 300w, https:\/\/d.r1.wbsprt.com\/cerstveovocie.sk\/wp-content\/uploads\/2024\/10\/Like-Fine-Vessels-768x512.jpg 768w, https:\/\/d.r1.wbsprt.com\/cerstveovocie.sk\/wp-content\/uploads\/2024\/10\/Like-Fine-Vessels-1536x1024.jpg 1536w, https:\/\/d.r1.wbsprt.com\/cerstveovocie.sk\/wp-content\/uploads\/2024\/10\/Like-Fine-Vessels.jpg 1800w\" sizes=\"auto, (max-width: 1024px) 100vw, 1024px\" \/><\/figure>\n\n\n\n<p><strong>Like Fine Vessels<\/strong>&nbsp;predstavuje d\u00e1msku odevn\u00fa kolekciu, in\u0161pirovan\u00fa archeologick\u00fdmi n\u00e1lezmi. Pr\u00e1ca kombinuje tradi\u010dn\u00e9 remesl\u00e1 s modern\u00fdm dizajnom a kladie d\u00f4raz na ekologick\u00fa udr\u017eate\u013enos\u0165. Kolekcia obsahuje desa\u0165 modelov so siluetami a text\u00farami in\u0161pirovan\u00fdmi pravek\u00fdmi a starovek\u00fdmi artefaktmi, vyu\u017e\u00edvaj\u00fac pr\u00edrodn\u00e9 materi\u00e1ly a techniky ako pletenie a plstenie. Cie\u013eom je sk\u00fama\u0165 kreat\u00edvne mo\u017enosti a prispie\u0165 k ekologickej\u0161iemu pr\u00edstupu v&nbsp;m\u00f3de. Vo filozofickej rovine sa toto dielo zam\u00fd\u0161\u013ea nad po\u00e9ziou materi\u00e1lnej kult\u00fary a spochyb\u0148uje jej \u00falohu v dejin\u00e1ch \u013eudstva.<\/p>\n\n\n\n<hr class=\"wp-block-separator has-text-color has-alpha-channel-opacity has-background\" style=\"background-color:#ff2ac4;color:#ff2ac4\"\/>\n\n\n\n<div class=\"wp-block-buttons is-layout-flex wp-block-buttons-is-layout-flex\">\n<div class=\"wp-block-button\"><a class=\"wp-block-button__link has-background wp-element-button\" href=\"https:\/\/www.instagram.com\/arrepentina\/\" style=\"background-color:#ff2ac4\" target=\"_blank\" rel=\"noreferrer noopener\">INSTAGRAM<\/a><\/div>\n<\/div>\n\n\n\n<div style=\"height:100px\" aria-hidden=\"true\" class=\"wp-block-spacer\"><\/div>\n\n\n\n<iframe loading=\"lazy\" width=\"100%\" height=\"400\" src=\"https:\/\/player-widget.mixcloud.com\/widget\/iframe\/?light=1&#038;feed=%2FCerstve_Ovocie%2Ftina-zsapka-udr%25C5%25BEate%25C4%25BEn%25C3%25A1-m%25C3%25B3da-in%25C5%25A1pirovana-kult%25C3%25BArnymi-a-osobn%25C3%25BDmi-pr%25C3%25ADbehmi%2F\" frameborder=\"0\" ><\/iframe>\n\n\n\n<hr class=\"wp-block-separator has-text-color has-alpha-channel-opacity has-background\" style=\"background-color:#ff2ac4;color:#ff2ac4\"\/>\n\n\n\nngg_shortcode_0_placeholder\n","protected":false},"excerpt":{"rendered":"<p>Najviac ju bav\u00ed to, \u010do sa nach\u00e1dza na okraji. Zo sk\u00fasenosti perif\u00e9rneho, zabudnut\u00e9ho, ob\u010das nechcen\u00e9ho m\u00f4\u017eu vznikn\u00fa\u0165 najzauj\u00edmavej\u0161ie fenom\u00e9ny. V poslednej dobe sk\u00fama t\u00fato t\u00e9mu cez \u0161trikovan\u00e9, pleten\u00e9, h\u00e1\u010dkovan\u00e9 alebo in\u00e9 \u201epo\u0161koden\u00e9\u201c \u0161trukt\u00fary. H\u013ead\u00e1 autorsk\u00e9 mo\u017enosti ch\u00fdb a dierok, \u010derp\u00e1m z tradi\u010dn\u00fdch vzorov a vytv\u00e1ra vo\u013en\u00fa \u010dipku. Z\u00e1ujem o perif\u00e9rie ju sprev\u00e1dza u\u017e od \u0161t\u00fadia [&hellip;]<\/p>\n","protected":false},"author":3,"featured_media":6048,"comment_status":"closed","ping_status":"closed","sticky":false,"template":"","format":"standard","meta":{"_monsterinsights_skip_tracking":false,"_monsterinsights_sitenote_active":false,"_monsterinsights_sitenote_note":"","_monsterinsights_sitenote_category":0,"ngg_post_thumbnail":0,"footnotes":""},"categories":[30,31],"tags":[7,5,34,24,133,509,511,510],"class_list":["post-6010","post","type-post","status-publish","format-standard","has-post-thumbnail","hentry","category-cerstve-ovocie","category-novinky","tag-cerstve-ovocie_fm","tag-dizajn","tag-efemko","tag-moda","tag-odev","tag-pletenie","tag-tradicne-techniky","tag-udrzatelna-moda-2"],"yoast_head":"<!-- This site is optimized with the Yoast SEO plugin v26.8 - https:\/\/yoast.com\/product\/yoast-seo-wordpress\/ -->\n<title>Kombinuje tradi\u010dn\u00e9 textiln\u00e9 techniky s ekologick\u00fdmi princ\u00edpmi, \u010d\u00edm vytv\u00e1ra udr\u017eate\u013en\u00fa m\u00f3du in\u0161pirovan\u00fa kult\u00farnymi a osobn\u00fdmi pr\u00edbehmi - \u010cerstv\u00e9 Ovocie<\/title>\n<meta name=\"robots\" content=\"index, follow, max-snippet:-1, max-image-preview:large, max-video-preview:-1\" \/>\n<link rel=\"canonical\" href=\"https:\/\/www.cerstveovocie.sk\/kombinuje-tradicne-textilne-techniky-s-ekologickymi-principmi-cim-vytvara-udrzatelnu-modu-inspirovanu-kulturnymi-a-osobnymi-pribehmi\/\" \/>\n<meta property=\"og:locale\" content=\"sk_SK\" \/>\n<meta property=\"og:type\" content=\"article\" \/>\n<meta property=\"og:title\" content=\"Kombinuje tradi\u010dn\u00e9 textiln\u00e9 techniky s ekologick\u00fdmi princ\u00edpmi, \u010d\u00edm vytv\u00e1ra udr\u017eate\u013en\u00fa m\u00f3du in\u0161pirovan\u00fa kult\u00farnymi a osobn\u00fdmi pr\u00edbehmi - \u010cerstv\u00e9 Ovocie\" \/>\n<meta property=\"og:description\" content=\"Najviac ju bav\u00ed to, \u010do sa nach\u00e1dza na okraji. Zo sk\u00fasenosti perif\u00e9rneho, zabudnut\u00e9ho, ob\u010das nechcen\u00e9ho m\u00f4\u017eu vznikn\u00fa\u0165 najzauj\u00edmavej\u0161ie fenom\u00e9ny. V poslednej dobe sk\u00fama t\u00fato t\u00e9mu cez \u0161trikovan\u00e9, pleten\u00e9, h\u00e1\u010dkovan\u00e9 alebo in\u00e9 \u201epo\u0161koden\u00e9\u201c \u0161trukt\u00fary. H\u013ead\u00e1 autorsk\u00e9 mo\u017enosti ch\u00fdb a dierok, \u010derp\u00e1m z tradi\u010dn\u00fdch vzorov a vytv\u00e1ra vo\u013en\u00fa \u010dipku. Z\u00e1ujem o perif\u00e9rie ju sprev\u00e1dza u\u017e od \u0161t\u00fadia [&hellip;]\" \/>\n<meta property=\"og:url\" content=\"https:\/\/www.cerstveovocie.sk\/kombinuje-tradicne-textilne-techniky-s-ekologickymi-principmi-cim-vytvara-udrzatelnu-modu-inspirovanu-kulturnymi-a-osobnymi-pribehmi\/\" \/>\n<meta property=\"og:site_name\" content=\"\u010cerstv\u00e9 Ovocie\" \/>\n<meta property=\"article:published_time\" content=\"2024-10-06T20:58:25+00:00\" \/>\n<meta property=\"article:modified_time\" content=\"2025-01-13T10:11:42+00:00\" \/>\n<meta property=\"og:image\" content=\"https:\/\/www.cerstveovocie.sk\/wp-content\/uploads\/2024\/10\/Tina-Zsapka_00-scaled.jpg\" \/>\n\t<meta property=\"og:image:width\" content=\"2560\" \/>\n\t<meta property=\"og:image:height\" content=\"1386\" \/>\n\t<meta property=\"og:image:type\" content=\"image\/jpeg\" \/>\n<meta name=\"author\" content=\"Martin Brix\" \/>\n<meta name=\"twitter:card\" content=\"summary_large_image\" \/>\n<meta name=\"twitter:label1\" content=\"Autor\" \/>\n\t<meta name=\"twitter:data1\" content=\"Martin Brix\" \/>\n\t<meta name=\"twitter:label2\" content=\"Predpokladan\u00fd \u010das \u010d\u00edtania\" \/>\n\t<meta name=\"twitter:data2\" content=\"12 min\u00fat\" \/>\n<script type=\"application\/ld+json\" class=\"yoast-schema-graph\">{\"@context\":\"https:\/\/schema.org\",\"@graph\":[{\"@type\":\"Article\",\"@id\":\"https:\/\/www.cerstveovocie.sk\/kombinuje-tradicne-textilne-techniky-s-ekologickymi-principmi-cim-vytvara-udrzatelnu-modu-inspirovanu-kulturnymi-a-osobnymi-pribehmi\/#article\",\"isPartOf\":{\"@id\":\"https:\/\/www.cerstveovocie.sk\/kombinuje-tradicne-textilne-techniky-s-ekologickymi-principmi-cim-vytvara-udrzatelnu-modu-inspirovanu-kulturnymi-a-osobnymi-pribehmi\/\"},\"author\":{\"name\":\"Martin Brix\",\"@id\":\"https:\/\/www.cerstveovocie.sk\/#\/schema\/person\/8e202c9288643a126812bf9c72605646\"},\"headline\":\"Kombinuje tradi\u010dn\u00e9 textiln\u00e9 techniky s ekologick\u00fdmi princ\u00edpmi, \u010d\u00edm vytv\u00e1ra udr\u017eate\u013en\u00fa m\u00f3du in\u0161pirovan\u00fa kult\u00farnymi a osobn\u00fdmi pr\u00edbehmi\",\"datePublished\":\"2024-10-06T20:58:25+00:00\",\"dateModified\":\"2025-01-13T10:11:42+00:00\",\"mainEntityOfPage\":{\"@id\":\"https:\/\/www.cerstveovocie.sk\/kombinuje-tradicne-textilne-techniky-s-ekologickymi-principmi-cim-vytvara-udrzatelnu-modu-inspirovanu-kulturnymi-a-osobnymi-pribehmi\/\"},\"wordCount\":1922,\"image\":{\"@id\":\"https:\/\/www.cerstveovocie.sk\/kombinuje-tradicne-textilne-techniky-s-ekologickymi-principmi-cim-vytvara-udrzatelnu-modu-inspirovanu-kulturnymi-a-osobnymi-pribehmi\/#primaryimage\"},\"thumbnailUrl\":\"https:\/\/d.r1.wbsprt.com\/cerstveovocie.sk\/wp-content\/uploads\/2024\/10\/Tina-Zsapka_00-scaled.jpg\",\"keywords\":[\"\u010derstv\u00e9 ovocie_fm\",\"dizajn\",\"efemko\",\"m\u00f3da\",\"odev\",\"pletenie\",\"tradi\u010dn\u00e9 techniky\",\"udr\u017eateln\u00e1 m\u00f3da\"],\"articleSection\":[\"\u010cerstv\u00e9 Ovocie\",\"Novinky\"],\"inLanguage\":\"sk-SK\"},{\"@type\":\"WebPage\",\"@id\":\"https:\/\/www.cerstveovocie.sk\/kombinuje-tradicne-textilne-techniky-s-ekologickymi-principmi-cim-vytvara-udrzatelnu-modu-inspirovanu-kulturnymi-a-osobnymi-pribehmi\/\",\"url\":\"https:\/\/www.cerstveovocie.sk\/kombinuje-tradicne-textilne-techniky-s-ekologickymi-principmi-cim-vytvara-udrzatelnu-modu-inspirovanu-kulturnymi-a-osobnymi-pribehmi\/\",\"name\":\"Kombinuje tradi\u010dn\u00e9 textiln\u00e9 techniky s ekologick\u00fdmi princ\u00edpmi, \u010d\u00edm vytv\u00e1ra udr\u017eate\u013en\u00fa m\u00f3du in\u0161pirovan\u00fa kult\u00farnymi a osobn\u00fdmi pr\u00edbehmi - \u010cerstv\u00e9 Ovocie\",\"isPartOf\":{\"@id\":\"https:\/\/www.cerstveovocie.sk\/#website\"},\"primaryImageOfPage\":{\"@id\":\"https:\/\/www.cerstveovocie.sk\/kombinuje-tradicne-textilne-techniky-s-ekologickymi-principmi-cim-vytvara-udrzatelnu-modu-inspirovanu-kulturnymi-a-osobnymi-pribehmi\/#primaryimage\"},\"image\":{\"@id\":\"https:\/\/www.cerstveovocie.sk\/kombinuje-tradicne-textilne-techniky-s-ekologickymi-principmi-cim-vytvara-udrzatelnu-modu-inspirovanu-kulturnymi-a-osobnymi-pribehmi\/#primaryimage\"},\"thumbnailUrl\":\"https:\/\/d.r1.wbsprt.com\/cerstveovocie.sk\/wp-content\/uploads\/2024\/10\/Tina-Zsapka_00-scaled.jpg\",\"datePublished\":\"2024-10-06T20:58:25+00:00\",\"dateModified\":\"2025-01-13T10:11:42+00:00\",\"author\":{\"@id\":\"https:\/\/www.cerstveovocie.sk\/#\/schema\/person\/8e202c9288643a126812bf9c72605646\"},\"breadcrumb\":{\"@id\":\"https:\/\/www.cerstveovocie.sk\/kombinuje-tradicne-textilne-techniky-s-ekologickymi-principmi-cim-vytvara-udrzatelnu-modu-inspirovanu-kulturnymi-a-osobnymi-pribehmi\/#breadcrumb\"},\"inLanguage\":\"sk-SK\",\"potentialAction\":[{\"@type\":\"ReadAction\",\"target\":[\"https:\/\/www.cerstveovocie.sk\/kombinuje-tradicne-textilne-techniky-s-ekologickymi-principmi-cim-vytvara-udrzatelnu-modu-inspirovanu-kulturnymi-a-osobnymi-pribehmi\/\"]}]},{\"@type\":\"ImageObject\",\"inLanguage\":\"sk-SK\",\"@id\":\"https:\/\/www.cerstveovocie.sk\/kombinuje-tradicne-textilne-techniky-s-ekologickymi-principmi-cim-vytvara-udrzatelnu-modu-inspirovanu-kulturnymi-a-osobnymi-pribehmi\/#primaryimage\",\"url\":\"https:\/\/d.r1.wbsprt.com\/cerstveovocie.sk\/wp-content\/uploads\/2024\/10\/Tina-Zsapka_00-scaled.jpg\",\"contentUrl\":\"https:\/\/d.r1.wbsprt.com\/cerstveovocie.sk\/wp-content\/uploads\/2024\/10\/Tina-Zsapka_00-scaled.jpg\",\"width\":2560,\"height\":1386},{\"@type\":\"BreadcrumbList\",\"@id\":\"https:\/\/www.cerstveovocie.sk\/kombinuje-tradicne-textilne-techniky-s-ekologickymi-principmi-cim-vytvara-udrzatelnu-modu-inspirovanu-kulturnymi-a-osobnymi-pribehmi\/#breadcrumb\",\"itemListElement\":[{\"@type\":\"ListItem\",\"position\":1,\"name\":\"Home\",\"item\":\"https:\/\/www.cerstveovocie.sk\/\"},{\"@type\":\"ListItem\",\"position\":2,\"name\":\"Kombinuje tradi\u010dn\u00e9 textiln\u00e9 techniky s ekologick\u00fdmi princ\u00edpmi, \u010d\u00edm vytv\u00e1ra udr\u017eate\u013en\u00fa m\u00f3du in\u0161pirovan\u00fa kult\u00farnymi a osobn\u00fdmi pr\u00edbehmi\"}]},{\"@type\":\"WebSite\",\"@id\":\"https:\/\/www.cerstveovocie.sk\/#website\",\"url\":\"https:\/\/www.cerstveovocie.sk\/\",\"name\":\"\u010cerstv\u00e9 Ovocie\",\"description\":\"V\u00fd\u017eivn\u00e1 porcia lok\u00e1lnej tvorby.\",\"potentialAction\":[{\"@type\":\"SearchAction\",\"target\":{\"@type\":\"EntryPoint\",\"urlTemplate\":\"https:\/\/www.cerstveovocie.sk\/?s={search_term_string}\"},\"query-input\":{\"@type\":\"PropertyValueSpecification\",\"valueRequired\":true,\"valueName\":\"search_term_string\"}}],\"inLanguage\":\"sk-SK\"},{\"@type\":\"Person\",\"@id\":\"https:\/\/www.cerstveovocie.sk\/#\/schema\/person\/8e202c9288643a126812bf9c72605646\",\"name\":\"Martin Brix\",\"image\":{\"@type\":\"ImageObject\",\"inLanguage\":\"sk-SK\",\"@id\":\"https:\/\/www.cerstveovocie.sk\/#\/schema\/person\/image\/\",\"url\":\"https:\/\/secure.gravatar.com\/avatar\/6af874eeaf8969d475094f41c59f338c12819f2025832a5aa203c0d29ad36294?s=96&d=mm&r=g\",\"contentUrl\":\"https:\/\/secure.gravatar.com\/avatar\/6af874eeaf8969d475094f41c59f338c12819f2025832a5aa203c0d29ad36294?s=96&d=mm&r=g\",\"caption\":\"Martin Brix\"},\"url\":\"https:\/\/d.r1.wbsprt.com\/cerstveovocie.sk\/author\/brix\/\"}]}<\/script>\n<!-- \/ Yoast SEO plugin. -->","yoast_head_json":{"title":"Kombinuje tradi\u010dn\u00e9 textiln\u00e9 techniky s ekologick\u00fdmi princ\u00edpmi, \u010d\u00edm vytv\u00e1ra udr\u017eate\u013en\u00fa m\u00f3du in\u0161pirovan\u00fa kult\u00farnymi a osobn\u00fdmi pr\u00edbehmi - \u010cerstv\u00e9 Ovocie","robots":{"index":"index","follow":"follow","max-snippet":"max-snippet:-1","max-image-preview":"max-image-preview:large","max-video-preview":"max-video-preview:-1"},"canonical":"https:\/\/www.cerstveovocie.sk\/kombinuje-tradicne-textilne-techniky-s-ekologickymi-principmi-cim-vytvara-udrzatelnu-modu-inspirovanu-kulturnymi-a-osobnymi-pribehmi\/","og_locale":"sk_SK","og_type":"article","og_title":"Kombinuje tradi\u010dn\u00e9 textiln\u00e9 techniky s ekologick\u00fdmi princ\u00edpmi, \u010d\u00edm vytv\u00e1ra udr\u017eate\u013en\u00fa m\u00f3du in\u0161pirovan\u00fa kult\u00farnymi a osobn\u00fdmi pr\u00edbehmi - \u010cerstv\u00e9 Ovocie","og_description":"Najviac ju bav\u00ed to, \u010do sa nach\u00e1dza na okraji. Zo sk\u00fasenosti perif\u00e9rneho, zabudnut\u00e9ho, ob\u010das nechcen\u00e9ho m\u00f4\u017eu vznikn\u00fa\u0165 najzauj\u00edmavej\u0161ie fenom\u00e9ny. V poslednej dobe sk\u00fama t\u00fato t\u00e9mu cez \u0161trikovan\u00e9, pleten\u00e9, h\u00e1\u010dkovan\u00e9 alebo in\u00e9 \u201epo\u0161koden\u00e9\u201c \u0161trukt\u00fary. H\u013ead\u00e1 autorsk\u00e9 mo\u017enosti ch\u00fdb a dierok, \u010derp\u00e1m z tradi\u010dn\u00fdch vzorov a vytv\u00e1ra vo\u013en\u00fa \u010dipku. Z\u00e1ujem o perif\u00e9rie ju sprev\u00e1dza u\u017e od \u0161t\u00fadia [&hellip;]","og_url":"https:\/\/www.cerstveovocie.sk\/kombinuje-tradicne-textilne-techniky-s-ekologickymi-principmi-cim-vytvara-udrzatelnu-modu-inspirovanu-kulturnymi-a-osobnymi-pribehmi\/","og_site_name":"\u010cerstv\u00e9 Ovocie","article_published_time":"2024-10-06T20:58:25+00:00","article_modified_time":"2025-01-13T10:11:42+00:00","og_image":[{"width":2560,"height":1386,"url":"https:\/\/www.cerstveovocie.sk\/wp-content\/uploads\/2024\/10\/Tina-Zsapka_00-scaled.jpg","type":"image\/jpeg"}],"author":"Martin Brix","twitter_card":"summary_large_image","twitter_misc":{"Autor":"Martin Brix","Predpokladan\u00fd \u010das \u010d\u00edtania":"12 min\u00fat"},"schema":{"@context":"https:\/\/schema.org","@graph":[{"@type":"Article","@id":"https:\/\/www.cerstveovocie.sk\/kombinuje-tradicne-textilne-techniky-s-ekologickymi-principmi-cim-vytvara-udrzatelnu-modu-inspirovanu-kulturnymi-a-osobnymi-pribehmi\/#article","isPartOf":{"@id":"https:\/\/www.cerstveovocie.sk\/kombinuje-tradicne-textilne-techniky-s-ekologickymi-principmi-cim-vytvara-udrzatelnu-modu-inspirovanu-kulturnymi-a-osobnymi-pribehmi\/"},"author":{"name":"Martin Brix","@id":"https:\/\/www.cerstveovocie.sk\/#\/schema\/person\/8e202c9288643a126812bf9c72605646"},"headline":"Kombinuje tradi\u010dn\u00e9 textiln\u00e9 techniky s ekologick\u00fdmi princ\u00edpmi, \u010d\u00edm vytv\u00e1ra udr\u017eate\u013en\u00fa m\u00f3du in\u0161pirovan\u00fa kult\u00farnymi a osobn\u00fdmi pr\u00edbehmi","datePublished":"2024-10-06T20:58:25+00:00","dateModified":"2025-01-13T10:11:42+00:00","mainEntityOfPage":{"@id":"https:\/\/www.cerstveovocie.sk\/kombinuje-tradicne-textilne-techniky-s-ekologickymi-principmi-cim-vytvara-udrzatelnu-modu-inspirovanu-kulturnymi-a-osobnymi-pribehmi\/"},"wordCount":1922,"image":{"@id":"https:\/\/www.cerstveovocie.sk\/kombinuje-tradicne-textilne-techniky-s-ekologickymi-principmi-cim-vytvara-udrzatelnu-modu-inspirovanu-kulturnymi-a-osobnymi-pribehmi\/#primaryimage"},"thumbnailUrl":"https:\/\/d.r1.wbsprt.com\/cerstveovocie.sk\/wp-content\/uploads\/2024\/10\/Tina-Zsapka_00-scaled.jpg","keywords":["\u010derstv\u00e9 ovocie_fm","dizajn","efemko","m\u00f3da","odev","pletenie","tradi\u010dn\u00e9 techniky","udr\u017eateln\u00e1 m\u00f3da"],"articleSection":["\u010cerstv\u00e9 Ovocie","Novinky"],"inLanguage":"sk-SK"},{"@type":"WebPage","@id":"https:\/\/www.cerstveovocie.sk\/kombinuje-tradicne-textilne-techniky-s-ekologickymi-principmi-cim-vytvara-udrzatelnu-modu-inspirovanu-kulturnymi-a-osobnymi-pribehmi\/","url":"https:\/\/www.cerstveovocie.sk\/kombinuje-tradicne-textilne-techniky-s-ekologickymi-principmi-cim-vytvara-udrzatelnu-modu-inspirovanu-kulturnymi-a-osobnymi-pribehmi\/","name":"Kombinuje tradi\u010dn\u00e9 textiln\u00e9 techniky s ekologick\u00fdmi princ\u00edpmi, \u010d\u00edm vytv\u00e1ra udr\u017eate\u013en\u00fa m\u00f3du in\u0161pirovan\u00fa kult\u00farnymi a osobn\u00fdmi pr\u00edbehmi - \u010cerstv\u00e9 Ovocie","isPartOf":{"@id":"https:\/\/www.cerstveovocie.sk\/#website"},"primaryImageOfPage":{"@id":"https:\/\/www.cerstveovocie.sk\/kombinuje-tradicne-textilne-techniky-s-ekologickymi-principmi-cim-vytvara-udrzatelnu-modu-inspirovanu-kulturnymi-a-osobnymi-pribehmi\/#primaryimage"},"image":{"@id":"https:\/\/www.cerstveovocie.sk\/kombinuje-tradicne-textilne-techniky-s-ekologickymi-principmi-cim-vytvara-udrzatelnu-modu-inspirovanu-kulturnymi-a-osobnymi-pribehmi\/#primaryimage"},"thumbnailUrl":"https:\/\/d.r1.wbsprt.com\/cerstveovocie.sk\/wp-content\/uploads\/2024\/10\/Tina-Zsapka_00-scaled.jpg","datePublished":"2024-10-06T20:58:25+00:00","dateModified":"2025-01-13T10:11:42+00:00","author":{"@id":"https:\/\/www.cerstveovocie.sk\/#\/schema\/person\/8e202c9288643a126812bf9c72605646"},"breadcrumb":{"@id":"https:\/\/www.cerstveovocie.sk\/kombinuje-tradicne-textilne-techniky-s-ekologickymi-principmi-cim-vytvara-udrzatelnu-modu-inspirovanu-kulturnymi-a-osobnymi-pribehmi\/#breadcrumb"},"inLanguage":"sk-SK","potentialAction":[{"@type":"ReadAction","target":["https:\/\/www.cerstveovocie.sk\/kombinuje-tradicne-textilne-techniky-s-ekologickymi-principmi-cim-vytvara-udrzatelnu-modu-inspirovanu-kulturnymi-a-osobnymi-pribehmi\/"]}]},{"@type":"ImageObject","inLanguage":"sk-SK","@id":"https:\/\/www.cerstveovocie.sk\/kombinuje-tradicne-textilne-techniky-s-ekologickymi-principmi-cim-vytvara-udrzatelnu-modu-inspirovanu-kulturnymi-a-osobnymi-pribehmi\/#primaryimage","url":"https:\/\/d.r1.wbsprt.com\/cerstveovocie.sk\/wp-content\/uploads\/2024\/10\/Tina-Zsapka_00-scaled.jpg","contentUrl":"https:\/\/d.r1.wbsprt.com\/cerstveovocie.sk\/wp-content\/uploads\/2024\/10\/Tina-Zsapka_00-scaled.jpg","width":2560,"height":1386},{"@type":"BreadcrumbList","@id":"https:\/\/www.cerstveovocie.sk\/kombinuje-tradicne-textilne-techniky-s-ekologickymi-principmi-cim-vytvara-udrzatelnu-modu-inspirovanu-kulturnymi-a-osobnymi-pribehmi\/#breadcrumb","itemListElement":[{"@type":"ListItem","position":1,"name":"Home","item":"https:\/\/www.cerstveovocie.sk\/"},{"@type":"ListItem","position":2,"name":"Kombinuje tradi\u010dn\u00e9 textiln\u00e9 techniky s ekologick\u00fdmi princ\u00edpmi, \u010d\u00edm vytv\u00e1ra udr\u017eate\u013en\u00fa m\u00f3du in\u0161pirovan\u00fa kult\u00farnymi a osobn\u00fdmi pr\u00edbehmi"}]},{"@type":"WebSite","@id":"https:\/\/www.cerstveovocie.sk\/#website","url":"https:\/\/www.cerstveovocie.sk\/","name":"\u010cerstv\u00e9 Ovocie","description":"V\u00fd\u017eivn\u00e1 porcia lok\u00e1lnej tvorby.","potentialAction":[{"@type":"SearchAction","target":{"@type":"EntryPoint","urlTemplate":"https:\/\/www.cerstveovocie.sk\/?s={search_term_string}"},"query-input":{"@type":"PropertyValueSpecification","valueRequired":true,"valueName":"search_term_string"}}],"inLanguage":"sk-SK"},{"@type":"Person","@id":"https:\/\/www.cerstveovocie.sk\/#\/schema\/person\/8e202c9288643a126812bf9c72605646","name":"Martin Brix","image":{"@type":"ImageObject","inLanguage":"sk-SK","@id":"https:\/\/www.cerstveovocie.sk\/#\/schema\/person\/image\/","url":"https:\/\/secure.gravatar.com\/avatar\/6af874eeaf8969d475094f41c59f338c12819f2025832a5aa203c0d29ad36294?s=96&d=mm&r=g","contentUrl":"https:\/\/secure.gravatar.com\/avatar\/6af874eeaf8969d475094f41c59f338c12819f2025832a5aa203c0d29ad36294?s=96&d=mm&r=g","caption":"Martin Brix"},"url":"https:\/\/d.r1.wbsprt.com\/cerstveovocie.sk\/author\/brix\/"}]}},"_links":{"self":[{"href":"https:\/\/d.r1.wbsprt.com\/cerstveovocie.sk\/wp-json\/wp\/v2\/posts\/6010","targetHints":{"allow":["GET"]}}],"collection":[{"href":"https:\/\/d.r1.wbsprt.com\/cerstveovocie.sk\/wp-json\/wp\/v2\/posts"}],"about":[{"href":"https:\/\/d.r1.wbsprt.com\/cerstveovocie.sk\/wp-json\/wp\/v2\/types\/post"}],"author":[{"embeddable":true,"href":"https:\/\/d.r1.wbsprt.com\/cerstveovocie.sk\/wp-json\/wp\/v2\/users\/3"}],"replies":[{"embeddable":true,"href":"https:\/\/d.r1.wbsprt.com\/cerstveovocie.sk\/wp-json\/wp\/v2\/comments?post=6010"}],"version-history":[{"count":2,"href":"https:\/\/d.r1.wbsprt.com\/cerstveovocie.sk\/wp-json\/wp\/v2\/posts\/6010\/revisions"}],"predecessor-version":[{"id":6454,"href":"https:\/\/d.r1.wbsprt.com\/cerstveovocie.sk\/wp-json\/wp\/v2\/posts\/6010\/revisions\/6454"}],"wp:featuredmedia":[{"embeddable":true,"href":"https:\/\/d.r1.wbsprt.com\/cerstveovocie.sk\/wp-json\/wp\/v2\/media\/6048"}],"wp:attachment":[{"href":"https:\/\/d.r1.wbsprt.com\/cerstveovocie.sk\/wp-json\/wp\/v2\/media?parent=6010"}],"wp:term":[{"taxonomy":"category","embeddable":true,"href":"https:\/\/d.r1.wbsprt.com\/cerstveovocie.sk\/wp-json\/wp\/v2\/categories?post=6010"},{"taxonomy":"post_tag","embeddable":true,"href":"https:\/\/d.r1.wbsprt.com\/cerstveovocie.sk\/wp-json\/wp\/v2\/tags?post=6010"}],"curies":[{"name":"wp","href":"https:\/\/api.w.org\/{rel}","templated":true}]}}